{"id":38382,"date":"2023-01-21T11:08:32","date_gmt":"2023-01-21T11:08:32","guid":{"rendered":"https:\/\/www.africa-press.net\/senegal\/politique\/la-visite-de-janet-l-yellen-et-la-decision-du-conseil-constitutionnel-sur-la-saisine-de-deux-deputes-en-exergue"},"modified":"2023-01-21T11:46:25","modified_gmt":"2023-01-21T11:46:25","slug":"la-visite-de-janet-l-yellen-et-la-decision-du-conseil-constitutionnel-sur-la-saisine-de-deux-deputes-en-exergue","status":"publish","type":"post","link":"https:\/\/www.africa-press.net\/senegal\/politique\/la-visite-de-janet-l-yellen-et-la-decision-du-conseil-constitutionnel-sur-la-saisine-de-deux-deputes-en-exergue","title":{"rendered":"La visite de Janet L. Yellen et la d\u00e9cision du Conseil Constitutionnel sur la saisine de deux d\u00e9put\u00e9s en exergue"},"content":{"rendered":"<p><span style=\"color: #ff6600\"><strong>Africa-Press &#8211; Senegal. <\/strong><\/span>Plusieurs journaux rec\u0327us ce samedi a\u0300 l\u2019APS ont mis le focus sur la visite a\u0300 Dakar de la Secre\u0301taire ame\u0301ricaine au Tre\u0301sor, Janet L. Yellen, la\u0300 ou\u0300 d&rsquo;autres se sont inte\u0301resse\u0301s au rejet par le Conseil Constitutionnel d\u2019une saisine des de\u0301pute\u0301s se\u0301ne\u0301galais, Aminata Toure\u0301 et Guy Marius Sagna, aux fins d\u2019arbitrage pour conflit de compe\u0301tence entre le pouvoir exe\u0301cutif et le pouvoir le\u0301gislatif.<\/p>\n<p>La capitale se\u0301ne\u0301galaise, Dakar, est la premie\u0300re e\u0301tape de la tourne\u0301e africaine (17- 28 janvier) de Janet L. Yellen, la Secre\u0301taire ame\u0301ricaine au Tre\u0301sor. Apre\u0300s l\u2019e\u0301tape du Se\u0301ne\u0301gal, elle se rendra en Zambie et en Afrique du Sud, selon plusieurs sources.<\/p>\n<p>\u2018\u2019Visite de la Secre\u0301taire au Tre\u0301sor des Etats-Unis au Se\u0301ne\u0301gal : Janet L. Yellen a foi en l\u2019Afrique\u2019\u2019, affiche le Soleil.<\/p>\n<p>Selon ce journal : \u2018\u2019rec\u0327ue hier apre\u0300s-midi par le pre\u0301sident Macky Sall, Janet L. Yellen soutient que le Se\u0301ne\u0301gal est un partenaire de choix des Etats-Unis\u2019\u2019.<\/p>\n<p>La publication indique : \u2018\u2019Dakar a e\u0301te\u0301 le cadre de la pre\u0301sentation du nouvel engagement des Etats-Unis en Afrique\u2019\u2019. Selon le journal, Mme Janet L. Yellen a pre\u0301sente\u0301 le cadre d\u2019une coope\u0301ration qui, a-t-elle pre\u0301cise\u0301 \u2018\u2019doit s\u2019adapter a\u0300 un contexte international volatil, mais avec l\u2019ambition de tirer profit de la croissance de\u0301mographique du continent\u2019\u2019.<\/p>\n<p>Le Quotidien aussi s\u2019est inte\u0301resse\u0301 a\u0300 cette visite au Se\u0301ne\u0301gal, de Janet L. Yellen, en mettant notamment l\u2019accent sur le volet re\u0301habilitation du chemin de fer sur l\u2019axe Dakar-Bamako. En ce sens, e\u0301crit la publication : \u2018\u2019Re\u0301habilitation du Dakar-Bamako : les ame\u0301ricains sur les rails\u2019\u2019.<\/p>\n<p>Selon ce journal, le ministre se\u0301ne\u0301galais de l\u2019Economie et des Finances, Mamadou Moustapha Ba\u0302 qui venait de rencontrer la Secre\u0301taire au Tre\u0301sor ame\u0301ricain, Janet L. Yellen, a annonce\u0301 a\u0300 la presse que \u2018\u2019la partie se\u0301ne\u0301galaise a soumis a\u0300 ses partenaires ame\u0301ricains, une reque\u0302te pour le financement du chemin de fer Dakar-Bamako\u2019\u2019.<\/p>\n<p>\u2018\u2019Une reque\u0302te importante qui a retenu leur attention pour pouvoir e\u0302tre finance\u0301 dans le cadre du Compact re\u0301gional, c\u2019est la ligne du chemin de fer du corridor Dakar-Bamako-Niamey et surtout le tronc\u0327on Dakar-Tambacounda qui fait, a\u0300 peu pre\u0300s 500 Km\u2019\u2019, ajoute le Quotidien, citant le ministre des Finances et du Budget.<\/p>\n<p>Cette question de re\u0301habilitation de ce corridor, avec l&rsquo;appui ame\u0301ricain est e\u0301galement aborde\u0301e par Walf quotidien qui indique : \u2018\u2019Financement du Compact re\u0301gional : la ligne ferroviaire Dakar-Tamba attire les Ame\u0301ricains\u2019\u2019.<\/p>\n<p>\u2018\u2019Pour sortir les Se\u0301ne\u0301galais de la vie dure dans le transport inter-re\u0301gional, le gouvernement a soumis a\u0300 la Secre\u0301taire d\u2019Etat au Tre\u0301sor ame\u0301ricain, Janet L. Yellen, en visite au Se\u0301ne\u0301gal, une reque\u0302te pour le financement, dans le cadre du Compact re\u0301gional, de la ligne du chemin de fer Dakar-Bamako, soit sur pre\u0300s de 500 Km, sur le corridor Dakar-Bamako-Niamey\u2019\u2019, rele\u0300ve Walf.<\/p>\n<p>D\u2019autres journaux ont mis en exergue, le rejet vendredi soir par le Conseil constitutionnel, de la saisine le 02 janvier 2023, des de\u0301pute\u0301s se\u0301ne\u0301galais, Aminata Toure\u0301 et Guy Marius Sagna, aux fins d\u2019arbitrage pour conflit de compe\u0301tence entre le pouvoir exe\u0301cutif et le pouvoir le\u0301gislatif.<\/p>\n<p>\u2018\u2019Reque\u0302te aux fins d\u2019arbitrage pour conflit de compe\u0301tence entre le pouvoir exe\u0301cutif et le pouvoir le\u0301gislatif : Le Conseil constitutionnel de\u0301boute Mimi Toure\u0301 et Guy Marius\u2019\u2019, affiche, Vox Populi qui explique \u2018\u2019pourquoi les 7 sages ont de\u0301clare\u0301 irrecevable la saisine des deux de\u0301pute\u0301s\u2019\u2019.<\/p>\n<p>Selon ce journal, \u2018\u2019l\u2019instance de de\u0301cision supre\u0302me (Conseil constitutionnel) a le\u0301gitime\u0301 l\u2019irrecevabilite\u0301 de cette saisine par le fait que les deux parlementaires ne sont pas habilete\u0301s a\u0300 le faire\u2019\u2019.<\/p>\n<p>\u2018\u2019Conflit de compe\u0301tence entre exe\u0301cutif et le\u0301gislatif : Le Conseil constitutionnel rejette Mimi-GMS\u2019\u2019, souligne pour sa part, l\u2019AS. Le journal ajoute : \u2019\u2019exigeant une question d\u2019actualite\u0301 sur les rapports de la Cours des Comptes : Guy et Mimi de\u0301savoue\u0301s\u2019\u2019.<\/p>\n<p>La publication informe que \u2018\u2019le Gouvernement a carre\u0301ment refuse\u0301 de donner suite favorable a\u0300 la question d\u2019actualite\u0301 souleve\u0301e par les de\u0301pute\u0301s Guy Marius Sagna et Aminata Toure\u0301. Face a\u0300 une telle situation, le duo avait saisi le Conseil constitutionnel pour un arbitrage pour le conflit de compe\u0301tence entre le pouvoir exe\u0301cutif et le pouvoir le\u0301gislatif\u2019\u2019.<\/p>\n<p>\u2018\u2019Malheureusement pour Guy et Mimi, la Juridiction a juge\u0301 la reque\u0302te irrecevable\u2019\u2019, conclut l\u2019AS.<\/p>\n<p><strong>Pour plus d&rsquo;informations et d&rsquo;analyses sur la <a href=\"https:\/\/www.africa-press.net\/senegal\">Senegal<\/a>, suivez <a href=\"https:\/\/www.africa-press.net\/\">Africa-Press<\/a><\/strong><\/p>\n","protected":false},"excerpt":{"rendered":"<p>Africa-Press &#8211; Senegal. Plusieurs journaux rec\u0327us ce samedi a\u0300 l\u2019APS ont mis le focus sur la visite a\u0300 Dakar de la Secre\u0301taire ame\u0301ricaine au Tre\u0301sor, Janet L. Yellen, la\u0300 ou\u0300 d&rsquo;autres se sont inte\u0301resse\u0301s au rejet par le Conseil Constitutionnel d\u2019une saisine des de\u0301pute\u0301s se\u0301ne\u0301galais, Aminata Toure\u0301 et Guy Marius Sagna, aux fins d\u2019arbitrage pour [&hellip;]<\/p>\n","protected":false},"author":82,"featured_media":38380,"comment_status":"open","ping_status":"closed","sticky":false,"template":"","format":"standard","meta":{"footnotes":""},"categories":[2,10],"tags":[43,47,44],"class_list":["post-38382","post","type-post","status-publish","format-standard","has-post-thumbnail","hentry","category-politique","category-toutes-les-actualites","tag-africa-press-2","tag-africa-press-senegal","tag-senegal-2"],"yoast_head":"<!-- This site is optimized with the Yoast SEO Premium plugin v26.1 (Yoast SEO v27.0) - https:\/\/yoast.com\/product\/yoast-seo-premium-wordpress\/ -->\n<title>La visite de Janet L. Yellen et la d\u00e9cision du Conseil Constitutionnel sur la saisine de deux d\u00e9put\u00e9s en exergue - Senegal<\/title>\n<meta name=\"description\" content=\"Plusieurs journaux rec\u0327us ce samedi a\u0300 l\u2019APS ont mis le focus sur la visite a\u0300 Dakar de la Secre\u0301taire ame\u0301ricaine au Tr ...\" \/>\n<meta name=\"robots\" content=\"index, follow, max-snippet:-1, max-image-preview:large, max-video-preview:-1\" \/>\n<link rel=\"canonical\" href=\"https:\/\/www.africa-press.net\/senegal\/politique\/la-visite-de-janet-l-yellen-et-la-decision-du-conseil-constitutionnel-sur-la-saisine-de-deux-deputes-en-exergue\" \/>\n<meta property=\"og:locale\" content=\"fr_FR\" \/>\n<meta property=\"og:type\" content=\"article\" \/>\n<meta property=\"og:title\" content=\"La visite de Janet L. Yellen et la d\u00e9cision du Conseil Constitutionnel sur la saisine de deux d\u00e9put\u00e9s en exergue\" \/>\n<meta property=\"og:description\" content=\"Plusieurs journaux rec\u0327us ce samedi a\u0300 l\u2019APS ont mis le focus sur la visite a\u0300 Dakar de la Secre\u0301taire ame\u0301ricaine au Tr ...\" \/>\n<meta property=\"og:url\" content=\"https:\/\/www.africa-press.net\/senegal\/politique\/la-visite-de-janet-l-yellen-et-la-decision-du-conseil-constitutionnel-sur-la-saisine-de-deux-deputes-en-exergue\" \/>\n<meta property=\"og:site_name\" content=\"Senegal\" \/>\n<meta property=\"article:published_time\" content=\"2023-01-21T11:08:32+00:00\" \/>\n<meta property=\"article:modified_time\" content=\"2023-01-21T11:46:25+00:00\" \/>\n<meta property=\"og:image\" content=\"https:\/\/static.africa-press.net\/senegal\/sites\/13\/2023\/01\/postQueueImg_1674288521.20.jpg\" \/>\n\t<meta property=\"og:image:width\" content=\"1280\" \/>\n\t<meta property=\"og:image:height\" content=\"720\" \/>\n\t<meta property=\"og:image:type\" content=\"image\/jpeg\" \/>\n<meta name=\"author\" content=\"cfeditorfr\" \/>\n<meta name=\"twitter:card\" content=\"summary_large_image\" \/>\n<meta name=\"twitter:label1\" content=\"\u00c9crit par\" \/>\n\t<meta name=\"twitter:data1\" content=\"cfeditorfr\" \/>\n\t<meta name=\"twitter:label2\" content=\"Dur\u00e9e de lecture estim\u00e9e\" \/>\n\t<meta name=\"twitter:data2\" content=\"4 minutes\" \/>\n<script type=\"application\/ld+json\" class=\"yoast-schema-graph\">{\"@context\":\"https:\/\/schema.org\",\"@graph\":[{\"@type\":\"Article\",\"@id\":\"https:\/\/www.africa-press.net\/senegal\/politique\/la-visite-de-janet-l-yellen-et-la-decision-du-conseil-constitutionnel-sur-la-saisine-de-deux-deputes-en-exergue#article\",\"isPartOf\":{\"@id\":\"https:\/\/www.africa-press.net\/senegal\/politique\/la-visite-de-janet-l-yellen-et-la-decision-du-conseil-constitutionnel-sur-la-saisine-de-deux-deputes-en-exergue\"},\"author\":{\"name\":\"cfeditorfr\",\"@id\":\"https:\/\/www.africa-press.net\/senegal\/#\/schema\/person\/2b1cf3cd81a31e3cd26889ca66d677f1\"},\"headline\":\"La visite de Janet L. Yellen et la d\u00e9cision du Conseil Constitutionnel sur la saisine de deux d\u00e9put\u00e9s en exergue\",\"datePublished\":\"2023-01-21T11:08:32+00:00\",\"dateModified\":\"2023-01-21T11:46:25+00:00\",\"mainEntityOfPage\":{\"@id\":\"https:\/\/www.africa-press.net\/senegal\/politique\/la-visite-de-janet-l-yellen-et-la-decision-du-conseil-constitutionnel-sur-la-saisine-de-deux-deputes-en-exergue\"},\"wordCount\":826,\"commentCount\":0,\"image\":{\"@id\":\"https:\/\/www.africa-press.net\/senegal\/politique\/la-visite-de-janet-l-yellen-et-la-decision-du-conseil-constitutionnel-sur-la-saisine-de-deux-deputes-en-exergue#primaryimage\"},\"thumbnailUrl\":\"https:\/\/static.africa-press.net\/senegal\/sites\/13\/2023\/01\/postQueueImg_1674288521.20.jpg\",\"keywords\":[\"Africa Press\",\"Africa Press-Senegal\",\"Senegal\"],\"articleSection\":[\"Politique\",\"Toutes les actualit\u00e9s\"],\"inLanguage\":\"fr-FR\",\"potentialAction\":[{\"@type\":\"CommentAction\",\"name\":\"Comment\",\"target\":[\"https:\/\/www.africa-press.net\/senegal\/politique\/la-visite-de-janet-l-yellen-et-la-decision-du-conseil-constitutionnel-sur-la-saisine-de-deux-deputes-en-exergue#respond\"]}]},{\"@type\":\"WebPage\",\"@id\":\"https:\/\/www.africa-press.net\/senegal\/politique\/la-visite-de-janet-l-yellen-et-la-decision-du-conseil-constitutionnel-sur-la-saisine-de-deux-deputes-en-exergue\",\"url\":\"https:\/\/www.africa-press.net\/senegal\/politique\/la-visite-de-janet-l-yellen-et-la-decision-du-conseil-constitutionnel-sur-la-saisine-de-deux-deputes-en-exergue\",\"name\":\"La visite de Janet L. Yellen et la d\u00e9cision du Conseil Constitutionnel sur la saisine de deux d\u00e9put\u00e9s en exergue - Senegal\",\"isPartOf\":{\"@id\":\"https:\/\/www.africa-press.net\/senegal\/#website\"},\"primaryImageOfPage\":{\"@id\":\"https:\/\/www.africa-press.net\/senegal\/politique\/la-visite-de-janet-l-yellen-et-la-decision-du-conseil-constitutionnel-sur-la-saisine-de-deux-deputes-en-exergue#primaryimage\"},\"image\":{\"@id\":\"https:\/\/www.africa-press.net\/senegal\/politique\/la-visite-de-janet-l-yellen-et-la-decision-du-conseil-constitutionnel-sur-la-saisine-de-deux-deputes-en-exergue#primaryimage\"},\"thumbnailUrl\":\"https:\/\/static.africa-press.net\/senegal\/sites\/13\/2023\/01\/postQueueImg_1674288521.20.jpg\",\"datePublished\":\"2023-01-21T11:08:32+00:00\",\"dateModified\":\"2023-01-21T11:46:25+00:00\",\"author\":{\"@id\":\"https:\/\/www.africa-press.net\/senegal\/#\/schema\/person\/2b1cf3cd81a31e3cd26889ca66d677f1\"},\"description\":\"Plusieurs journaux rec\u0327us ce samedi a\u0300 l\u2019APS ont mis le focus sur la visite a\u0300 Dakar de la Secre\u0301taire ame\u0301ricaine au Tr ...\",\"breadcrumb\":{\"@id\":\"https:\/\/www.africa-press.net\/senegal\/politique\/la-visite-de-janet-l-yellen-et-la-decision-du-conseil-constitutionnel-sur-la-saisine-de-deux-deputes-en-exergue#breadcrumb\"},\"inLanguage\":\"fr-FR\",\"potentialAction\":[{\"@type\":\"ReadAction\",\"target\":[\"https:\/\/www.africa-press.net\/senegal\/politique\/la-visite-de-janet-l-yellen-et-la-decision-du-conseil-constitutionnel-sur-la-saisine-de-deux-deputes-en-exergue\"]}]},{\"@type\":\"ImageObject\",\"inLanguage\":\"fr-FR\",\"@id\":\"https:\/\/www.africa-press.net\/senegal\/politique\/la-visite-de-janet-l-yellen-et-la-decision-du-conseil-constitutionnel-sur-la-saisine-de-deux-deputes-en-exergue#primaryimage\",\"url\":\"https:\/\/static.africa-press.net\/senegal\/sites\/13\/2023\/01\/postQueueImg_1674288521.20.jpg\",\"contentUrl\":\"https:\/\/static.africa-press.net\/senegal\/sites\/13\/2023\/01\/postQueueImg_1674288521.20.jpg\",\"width\":1280,\"height\":720,\"caption\":\"La visite de Janet L. Yellen et la d\u00e9cision du Conseil Constitutionnel sur la saisine de deux d\u00e9put\u00e9s en exergue\"},{\"@type\":\"BreadcrumbList\",\"@id\":\"https:\/\/www.africa-press.net\/senegal\/politique\/la-visite-de-janet-l-yellen-et-la-decision-du-conseil-constitutionnel-sur-la-saisine-de-deux-deputes-en-exergue#breadcrumb\",\"itemListElement\":[{\"@type\":\"ListItem\",\"position\":1,\"name\":\"Accueil\",\"item\":\"https:\/\/www.africa-press.net\/senegal\/\"},{\"@type\":\"ListItem\",\"position\":2,\"name\":\"La visite de Janet L. Yellen et la d\u00e9cision du Conseil Constitutionnel sur la saisine de deux d\u00e9put\u00e9s en exergue\"}]},{\"@type\":\"WebSite\",\"@id\":\"https:\/\/www.africa-press.net\/senegal\/#website\",\"url\":\"https:\/\/www.africa-press.net\/senegal\/\",\"name\":\"Africa Press | Senegal | Homepage\",\"description\":\"Just another Africa News Agency Sites site\",\"potentialAction\":[{\"@type\":\"SearchAction\",\"target\":{\"@type\":\"EntryPoint\",\"urlTemplate\":\"https:\/\/www.africa-press.net\/senegal\/?s={search_term_string}\"},\"query-input\":{\"@type\":\"PropertyValueSpecification\",\"valueRequired\":true,\"valueName\":\"search_term_string\"}}],\"inLanguage\":\"fr-FR\"},{\"@type\":\"Person\",\"@id\":\"https:\/\/www.africa-press.net\/senegal\/#\/schema\/person\/2b1cf3cd81a31e3cd26889ca66d677f1\",\"name\":\"cfeditorfr\",\"url\":\"https:\/\/www.africa-press.net\/senegal\/author\/cfeditorfr\"}]}<\/script>\n<!-- \/ Yoast SEO Premium plugin. -->","yoast_head_json":{"title":"La visite de Janet L. Yellen et la d\u00e9cision du Conseil Constitutionnel sur la saisine de deux d\u00e9put\u00e9s en exergue - Senegal","description":"Plusieurs journaux rec\u0327us ce samedi a\u0300 l\u2019APS ont mis le focus sur la visite a\u0300 Dakar de la Secre\u0301taire ame\u0301ricaine au Tr ...","robots":{"index":"index","follow":"follow","max-snippet":"max-snippet:-1","max-image-preview":"max-image-preview:large","max-video-preview":"max-video-preview:-1"},"canonical":"https:\/\/www.africa-press.net\/senegal\/politique\/la-visite-de-janet-l-yellen-et-la-decision-du-conseil-constitutionnel-sur-la-saisine-de-deux-deputes-en-exergue","og_locale":"fr_FR","og_type":"article","og_title":"La visite de Janet L. Yellen et la d\u00e9cision du Conseil Constitutionnel sur la saisine de deux d\u00e9put\u00e9s en exergue","og_description":"Plusieurs journaux rec\u0327us ce samedi a\u0300 l\u2019APS ont mis le focus sur la visite a\u0300 Dakar de la Secre\u0301taire ame\u0301ricaine au Tr ...","og_url":"https:\/\/www.africa-press.net\/senegal\/politique\/la-visite-de-janet-l-yellen-et-la-decision-du-conseil-constitutionnel-sur-la-saisine-de-deux-deputes-en-exergue","og_site_name":"Senegal","article_published_time":"2023-01-21T11:08:32+00:00","article_modified_time":"2023-01-21T11:46:25+00:00","og_image":[{"width":1280,"height":720,"url":"https:\/\/static.africa-press.net\/senegal\/sites\/13\/2023\/01\/postQueueImg_1674288521.20.jpg","type":"image\/jpeg"}],"author":"cfeditorfr","twitter_card":"summary_large_image","twitter_misc":{"\u00c9crit par":"cfeditorfr","Dur\u00e9e de lecture estim\u00e9e":"4 minutes"},"schema":{"@context":"https:\/\/schema.org","@graph":[{"@type":"Article","@id":"https:\/\/www.africa-press.net\/senegal\/politique\/la-visite-de-janet-l-yellen-et-la-decision-du-conseil-constitutionnel-sur-la-saisine-de-deux-deputes-en-exergue#article","isPartOf":{"@id":"https:\/\/www.africa-press.net\/senegal\/politique\/la-visite-de-janet-l-yellen-et-la-decision-du-conseil-constitutionnel-sur-la-saisine-de-deux-deputes-en-exergue"},"author":{"name":"cfeditorfr","@id":"https:\/\/www.africa-press.net\/senegal\/#\/schema\/person\/2b1cf3cd81a31e3cd26889ca66d677f1"},"headline":"La visite de Janet L. Yellen et la d\u00e9cision du Conseil Constitutionnel sur la saisine de deux d\u00e9put\u00e9s en exergue","datePublished":"2023-01-21T11:08:32+00:00","dateModified":"2023-01-21T11:46:25+00:00","mainEntityOfPage":{"@id":"https:\/\/www.africa-press.net\/senegal\/politique\/la-visite-de-janet-l-yellen-et-la-decision-du-conseil-constitutionnel-sur-la-saisine-de-deux-deputes-en-exergue"},"wordCount":826,"commentCount":0,"image":{"@id":"https:\/\/www.africa-press.net\/senegal\/politique\/la-visite-de-janet-l-yellen-et-la-decision-du-conseil-constitutionnel-sur-la-saisine-de-deux-deputes-en-exergue#primaryimage"},"thumbnailUrl":"https:\/\/static.africa-press.net\/senegal\/sites\/13\/2023\/01\/postQueueImg_1674288521.20.jpg","keywords":["Africa Press","Africa Press-Senegal","Senegal"],"articleSection":["Politique","Toutes les actualit\u00e9s"],"inLanguage":"fr-FR","potentialAction":[{"@type":"CommentAction","name":"Comment","target":["https:\/\/www.africa-press.net\/senegal\/politique\/la-visite-de-janet-l-yellen-et-la-decision-du-conseil-constitutionnel-sur-la-saisine-de-deux-deputes-en-exergue#respond"]}]},{"@type":"WebPage","@id":"https:\/\/www.africa-press.net\/senegal\/politique\/la-visite-de-janet-l-yellen-et-la-decision-du-conseil-constitutionnel-sur-la-saisine-de-deux-deputes-en-exergue","url":"https:\/\/www.africa-press.net\/senegal\/politique\/la-visite-de-janet-l-yellen-et-la-decision-du-conseil-constitutionnel-sur-la-saisine-de-deux-deputes-en-exergue","name":"La visite de Janet L. Yellen et la d\u00e9cision du Conseil Constitutionnel sur la saisine de deux d\u00e9put\u00e9s en exergue - Senegal","isPartOf":{"@id":"https:\/\/www.africa-press.net\/senegal\/#website"},"primaryImageOfPage":{"@id":"https:\/\/www.africa-press.net\/senegal\/politique\/la-visite-de-janet-l-yellen-et-la-decision-du-conseil-constitutionnel-sur-la-saisine-de-deux-deputes-en-exergue#primaryimage"},"image":{"@id":"https:\/\/www.africa-press.net\/senegal\/politique\/la-visite-de-janet-l-yellen-et-la-decision-du-conseil-constitutionnel-sur-la-saisine-de-deux-deputes-en-exergue#primaryimage"},"thumbnailUrl":"https:\/\/static.africa-press.net\/senegal\/sites\/13\/2023\/01\/postQueueImg_1674288521.20.jpg","datePublished":"2023-01-21T11:08:32+00:00","dateModified":"2023-01-21T11:46:25+00:00","author":{"@id":"https:\/\/www.africa-press.net\/senegal\/#\/schema\/person\/2b1cf3cd81a31e3cd26889ca66d677f1"},"description":"Plusieurs journaux rec\u0327us ce samedi a\u0300 l\u2019APS ont mis le focus sur la visite a\u0300 Dakar de la Secre\u0301taire ame\u0301ricaine au Tr ...","breadcrumb":{"@id":"https:\/\/www.africa-press.net\/senegal\/politique\/la-visite-de-janet-l-yellen-et-la-decision-du-conseil-constitutionnel-sur-la-saisine-de-deux-deputes-en-exergue#breadcrumb"},"inLanguage":"fr-FR","potentialAction":[{"@type":"ReadAction","target":["https:\/\/www.africa-press.net\/senegal\/politique\/la-visite-de-janet-l-yellen-et-la-decision-du-conseil-constitutionnel-sur-la-saisine-de-deux-deputes-en-exergue"]}]},{"@type":"ImageObject","inLanguage":"fr-FR","@id":"https:\/\/www.africa-press.net\/senegal\/politique\/la-visite-de-janet-l-yellen-et-la-decision-du-conseil-constitutionnel-sur-la-saisine-de-deux-deputes-en-exergue#primaryimage","url":"https:\/\/static.africa-press.net\/senegal\/sites\/13\/2023\/01\/postQueueImg_1674288521.20.jpg","contentUrl":"https:\/\/static.africa-press.net\/senegal\/sites\/13\/2023\/01\/postQueueImg_1674288521.20.jpg","width":1280,"height":720,"caption":"La visite de Janet L. Yellen et la d\u00e9cision du Conseil Constitutionnel sur la saisine de deux d\u00e9put\u00e9s en exergue"},{"@type":"BreadcrumbList","@id":"https:\/\/www.africa-press.net\/senegal\/politique\/la-visite-de-janet-l-yellen-et-la-decision-du-conseil-constitutionnel-sur-la-saisine-de-deux-deputes-en-exergue#breadcrumb","itemListElement":[{"@type":"ListItem","position":1,"name":"Accueil","item":"https:\/\/www.africa-press.net\/senegal\/"},{"@type":"ListItem","position":2,"name":"La visite de Janet L. Yellen et la d\u00e9cision du Conseil Constitutionnel sur la saisine de deux d\u00e9put\u00e9s en exergue"}]},{"@type":"WebSite","@id":"https:\/\/www.africa-press.net\/senegal\/#website","url":"https:\/\/www.africa-press.net\/senegal\/","name":"Africa Press | Senegal | Homepage","description":"Just another Africa News Agency Sites site","potentialAction":[{"@type":"SearchAction","target":{"@type":"EntryPoint","urlTemplate":"https:\/\/www.africa-press.net\/senegal\/?s={search_term_string}"},"query-input":{"@type":"PropertyValueSpecification","valueRequired":true,"valueName":"search_term_string"}}],"inLanguage":"fr-FR"},{"@type":"Person","@id":"https:\/\/www.africa-press.net\/senegal\/#\/schema\/person\/2b1cf3cd81a31e3cd26889ca66d677f1","name":"cfeditorfr","url":"https:\/\/www.africa-press.net\/senegal\/author\/cfeditorfr"}]}},"_links":{"self":[{"href":"https:\/\/www.africa-press.net\/senegal\/wp-json\/wp\/v2\/posts\/38382","targetHints":{"allow":["GET"]}}],"collection":[{"href":"https:\/\/www.africa-press.net\/senegal\/wp-json\/wp\/v2\/posts"}],"about":[{"href":"https:\/\/www.africa-press.net\/senegal\/wp-json\/wp\/v2\/types\/post"}],"author":[{"embeddable":true,"href":"https:\/\/www.africa-press.net\/senegal\/wp-json\/wp\/v2\/users\/82"}],"replies":[{"embeddable":true,"href":"https:\/\/www.africa-press.net\/senegal\/wp-json\/wp\/v2\/comments?post=38382"}],"version-history":[{"count":0,"href":"https:\/\/www.africa-press.net\/senegal\/wp-json\/wp\/v2\/posts\/38382\/revisions"}],"wp:featuredmedia":[{"embeddable":true,"href":"https:\/\/www.africa-press.net\/senegal\/wp-json\/wp\/v2\/media\/38380"}],"wp:attachment":[{"href":"https:\/\/www.africa-press.net\/senegal\/wp-json\/wp\/v2\/media?parent=38382"}],"wp:term":[{"taxonomy":"category","embeddable":true,"href":"https:\/\/www.africa-press.net\/senegal\/wp-json\/wp\/v2\/categories?post=38382"},{"taxonomy":"post_tag","embeddable":true,"href":"https:\/\/www.africa-press.net\/senegal\/wp-json\/wp\/v2\/tags?post=38382"}],"curies":[{"name":"wp","href":"https:\/\/api.w.org\/{rel}","templated":true}]}}