{"id":38388,"date":"2023-01-21T12:05:21","date_gmt":"2023-01-21T12:05:21","guid":{"rendered":"https:\/\/www.africa-press.net\/senegal\/politique\/dethie-fall-macky-sall-ne-peut-plus-continuer-a-choisir-a-la-place-des-senegalais-les-candidats-a-une-election-presidentielle"},"modified":"2023-01-21T12:05:21","modified_gmt":"2023-01-21T12:05:21","slug":"dethie-fall-macky-sall-ne-peut-plus-continuer-a-choisir-a-la-place-des-senegalais-les-candidats-a-une-election-presidentielle","status":"publish","type":"post","link":"https:\/\/www.africa-press.net\/senegal\/politique\/dethie-fall-macky-sall-ne-peut-plus-continuer-a-choisir-a-la-place-des-senegalais-les-candidats-a-une-election-presidentielle","title":{"rendered":"D\u00e9thi\u00e9 Fall : \u00ab\u00a0Macky Sall ne peut plus continuer \u00e0 choisir \u00e0 la place des S\u00e9n\u00e9galais les candidats \u00e0 une \u00e9lection pr\u00e9sidentielle\u00a0\u00bb"},"content":{"rendered":"<p><span style=\"color: #ff6600\"><strong>Africa-Press &#8211; Senegal. <\/strong><\/span>J\u2019apporte mon total soutien a\u0300 mon ami et fre\u0300re le leader de Pastef le Pre\u0301sident Ousmane Sonko\u00a0\u00bb. Ainsi s&rsquo;exprime le leader du Parti re\u0301publicain pour le progre\u0300s (PrP), De\u0301thie\u0301 Fall dans le dossier judiciaire qui oppose le \u00ab\u00a0Patriote\u00a0\u00bb en chef a\u0300 la masseuse Adji Sarr.<\/p>\n<p>Il voit derrie\u0300re le proce\u0300s qui annonce, une volonte\u0301 d&#8217;empe\u0302cher Ousmane Sonko d&rsquo;e\u0302tre candidat en 2024.<\/p>\n<p>\u00ab\u00a0Le Pre\u0301sident Macky Sall ne peut plus continuer a\u0300 choisir a\u0300 la place des Se\u0301ne\u0301galais les candidats a\u0300 une e\u0301lection pre\u0301sidentielle. Cette pratique d&rsquo;un a\u0302ge de\u0301passe\u0301 doit e\u0302tre combattu avec tout l&rsquo;engagement que cela ne\u0301cessite\u00a0\u00bb insiste l&rsquo;ancien parlementaire dans une note rec\u0327ue.<\/p>\n<p>\u00ab\u00a0Je demande aussi a\u0300 tous les responsables, militants et sympathisants du PRP se trouvant dans les diffe\u0301rentes coordinations au Se\u0301ne\u0301gal comme dans la diaspora de se mobiliser ; de se tenir pre\u0302ts et de\u0301termine\u0301s pour la pre\u0301servation de la de\u0301mocratie et des liberte\u0301s dans ce pays\u00a0\u00bb, appelle-t-il.<\/p>\n<p><strong>Pour plus d&rsquo;informations et d&rsquo;analyses sur la <a href=\"https:\/\/www.africa-press.net\/senegal\">Senegal<\/a>, suivez <a href=\"https:\/\/www.africa-press.net\/\">Africa-Press<\/a><\/strong><\/p>\n","protected":false},"excerpt":{"rendered":"<p>Africa-Press &#8211; Senegal. J\u2019apporte mon total soutien a\u0300 mon ami et fre\u0300re le leader de Pastef le Pre\u0301sident Ousmane Sonko\u00a0\u00bb. Ainsi s&rsquo;exprime le leader du Parti re\u0301publicain pour le progre\u0300s (PrP), De\u0301thie\u0301 Fall dans le dossier judiciaire qui oppose le \u00ab\u00a0Patriote\u00a0\u00bb en chef a\u0300 la masseuse Adji Sarr. Il voit derrie\u0300re le proce\u0300s qui annonce, [&hellip;]<\/p>\n","protected":false},"author":82,"featured_media":38387,"comment_status":"open","ping_status":"closed","sticky":false,"template":"","format":"standard","meta":{"footnotes":""},"categories":[2,20,10],"tags":[43,47,44],"class_list":["post-38388","post","type-post","status-publish","format-standard","has-post-thumbnail","hentry","category-politique","category-top-nouvelles","category-toutes-les-actualites","tag-africa-press-2","tag-africa-press-senegal","tag-senegal-2"],"yoast_head":"<!-- This site is optimized with the Yoast SEO Premium plugin v26.1 (Yoast SEO v27.0) - https:\/\/yoast.com\/product\/yoast-seo-premium-wordpress\/ -->\n<title>D\u00e9thi\u00e9 Fall : &quot;Macky Sall ne peut plus continuer \u00e0 choisir \u00e0 la place des S\u00e9n\u00e9galais les candidats \u00e0 une \u00e9lection pr\u00e9sidentielle&quot; - Senegal<\/title>\n<meta name=\"robots\" content=\"index, follow, max-snippet:-1, max-image-preview:large, max-video-preview:-1\" \/>\n<link rel=\"canonical\" href=\"https:\/\/www.africa-press.net\/senegal\/politique\/dethie-fall-macky-sall-ne-peut-plus-continuer-a-choisir-a-la-place-des-senegalais-les-candidats-a-une-election-presidentielle\" \/>\n<meta property=\"og:locale\" content=\"fr_FR\" \/>\n<meta property=\"og:type\" content=\"article\" \/>\n<meta property=\"og:title\" content=\"D\u00e9thi\u00e9 Fall : &quot;Macky Sall ne peut plus continuer \u00e0 choisir \u00e0 la place des S\u00e9n\u00e9galais les candidats \u00e0 une \u00e9lection pr\u00e9sidentielle&quot;\" \/>\n<meta property=\"og:description\" content=\"Africa-Press &#8211; Senegal. J\u2019apporte mon total soutien a\u0300 mon ami et fre\u0300re le leader de Pastef le Pre\u0301sident Ousmane Sonko\u00a0\u00bb. Ainsi s&rsquo;exprime le leader du Parti re\u0301publicain pour le progre\u0300s (PrP), De\u0301thie\u0301 Fall dans le dossier judiciaire qui oppose le \u00ab\u00a0Patriote\u00a0\u00bb en chef a\u0300 la masseuse Adji Sarr. Il voit derrie\u0300re le proce\u0300s qui annonce, [&hellip;]\" \/>\n<meta property=\"og:url\" content=\"https:\/\/www.africa-press.net\/senegal\/politique\/dethie-fall-macky-sall-ne-peut-plus-continuer-a-choisir-a-la-place-des-senegalais-les-candidats-a-une-election-presidentielle\" \/>\n<meta property=\"og:site_name\" content=\"Senegal\" \/>\n<meta property=\"article:published_time\" content=\"2023-01-21T12:05:21+00:00\" \/>\n<meta name=\"author\" content=\"cfeditorfr\" \/>\n<meta name=\"twitter:card\" content=\"summary_large_image\" \/>\n<meta name=\"twitter:label1\" content=\"\u00c9crit par\" \/>\n\t<meta name=\"twitter:data1\" content=\"cfeditorfr\" \/>\n\t<meta name=\"twitter:label2\" content=\"Dur\u00e9e de lecture estim\u00e9e\" \/>\n\t<meta name=\"twitter:data2\" content=\"1 minute\" \/>\n<script type=\"application\/ld+json\" class=\"yoast-schema-graph\">{\"@context\":\"https:\/\/schema.org\",\"@graph\":[{\"@type\":\"Article\",\"@id\":\"https:\/\/www.africa-press.net\/senegal\/politique\/dethie-fall-macky-sall-ne-peut-plus-continuer-a-choisir-a-la-place-des-senegalais-les-candidats-a-une-election-presidentielle#article\",\"isPartOf\":{\"@id\":\"https:\/\/www.africa-press.net\/senegal\/politique\/dethie-fall-macky-sall-ne-peut-plus-continuer-a-choisir-a-la-place-des-senegalais-les-candidats-a-une-election-presidentielle\"},\"author\":{\"name\":\"cfeditorfr\",\"@id\":\"https:\/\/www.africa-press.net\/senegal\/#\/schema\/person\/2b1cf3cd81a31e3cd26889ca66d677f1\"},\"headline\":\"D\u00e9thi\u00e9 Fall : \u00ab\u00a0Macky Sall ne peut plus continuer \u00e0 choisir \u00e0 la place des S\u00e9n\u00e9galais les candidats \u00e0 une \u00e9lection pr\u00e9sidentielle\u00a0\u00bb\",\"datePublished\":\"2023-01-21T12:05:21+00:00\",\"mainEntityOfPage\":{\"@id\":\"https:\/\/www.africa-press.net\/senegal\/politique\/dethie-fall-macky-sall-ne-peut-plus-continuer-a-choisir-a-la-place-des-senegalais-les-candidats-a-une-election-presidentielle\"},\"wordCount\":220,\"commentCount\":0,\"image\":{\"@id\":\"https:\/\/www.africa-press.net\/senegal\/politique\/dethie-fall-macky-sall-ne-peut-plus-continuer-a-choisir-a-la-place-des-senegalais-les-candidats-a-une-election-presidentielle#primaryimage\"},\"thumbnailUrl\":\"https:\/\/static.africa-press.net\/senegal\/sites\/13\/2023\/01\/postQueueImg_1674290133.08.jpg\",\"keywords\":[\"Africa Press\",\"Africa Press-Senegal\",\"Senegal\"],\"articleSection\":[\"Politique\",\"Top Nouvelles\",\"Toutes les actualit\u00e9s\"],\"inLanguage\":\"fr-FR\",\"potentialAction\":[{\"@type\":\"CommentAction\",\"name\":\"Comment\",\"target\":[\"https:\/\/www.africa-press.net\/senegal\/politique\/dethie-fall-macky-sall-ne-peut-plus-continuer-a-choisir-a-la-place-des-senegalais-les-candidats-a-une-election-presidentielle#respond\"]}]},{\"@type\":\"WebPage\",\"@id\":\"https:\/\/www.africa-press.net\/senegal\/politique\/dethie-fall-macky-sall-ne-peut-plus-continuer-a-choisir-a-la-place-des-senegalais-les-candidats-a-une-election-presidentielle\",\"url\":\"https:\/\/www.africa-press.net\/senegal\/politique\/dethie-fall-macky-sall-ne-peut-plus-continuer-a-choisir-a-la-place-des-senegalais-les-candidats-a-une-election-presidentielle\",\"name\":\"D\u00e9thi\u00e9 Fall : \\\"Macky Sall ne peut plus continuer \u00e0 choisir \u00e0 la place des S\u00e9n\u00e9galais les candidats \u00e0 une \u00e9lection pr\u00e9sidentielle\\\" - Senegal\",\"isPartOf\":{\"@id\":\"https:\/\/www.africa-press.net\/senegal\/#website\"},\"primaryImageOfPage\":{\"@id\":\"https:\/\/www.africa-press.net\/senegal\/politique\/dethie-fall-macky-sall-ne-peut-plus-continuer-a-choisir-a-la-place-des-senegalais-les-candidats-a-une-election-presidentielle#primaryimage\"},\"image\":{\"@id\":\"https:\/\/www.africa-press.net\/senegal\/politique\/dethie-fall-macky-sall-ne-peut-plus-continuer-a-choisir-a-la-place-des-senegalais-les-candidats-a-une-election-presidentielle#primaryimage\"},\"thumbnailUrl\":\"https:\/\/static.africa-press.net\/senegal\/sites\/13\/2023\/01\/postQueueImg_1674290133.08.jpg\",\"datePublished\":\"2023-01-21T12:05:21+00:00\",\"author\":{\"@id\":\"https:\/\/www.africa-press.net\/senegal\/#\/schema\/person\/2b1cf3cd81a31e3cd26889ca66d677f1\"},\"breadcrumb\":{\"@id\":\"https:\/\/www.africa-press.net\/senegal\/politique\/dethie-fall-macky-sall-ne-peut-plus-continuer-a-choisir-a-la-place-des-senegalais-les-candidats-a-une-election-presidentielle#breadcrumb\"},\"inLanguage\":\"fr-FR\",\"potentialAction\":[{\"@type\":\"ReadAction\",\"target\":[\"https:\/\/www.africa-press.net\/senegal\/politique\/dethie-fall-macky-sall-ne-peut-plus-continuer-a-choisir-a-la-place-des-senegalais-les-candidats-a-une-election-presidentielle\"]}]},{\"@type\":\"ImageObject\",\"inLanguage\":\"fr-FR\",\"@id\":\"https:\/\/www.africa-press.net\/senegal\/politique\/dethie-fall-macky-sall-ne-peut-plus-continuer-a-choisir-a-la-place-des-senegalais-les-candidats-a-une-election-presidentielle#primaryimage\",\"url\":\"https:\/\/static.africa-press.net\/senegal\/sites\/13\/2023\/01\/postQueueImg_1674290133.08.jpg\",\"contentUrl\":\"https:\/\/static.africa-press.net\/senegal\/sites\/13\/2023\/01\/postQueueImg_1674290133.08.jpg\",\"width\":720,\"height\":350,\"caption\":\"D\u00e9thi\u00e9 Fall : \\\"Macky Sall ne peut plus continuer \u00e0 choisir \u00e0 la place des S\u00e9n\u00e9galais les candidats \u00e0 une \u00e9lection pr\u00e9sidentielle\\\"\"},{\"@type\":\"BreadcrumbList\",\"@id\":\"https:\/\/www.africa-press.net\/senegal\/politique\/dethie-fall-macky-sall-ne-peut-plus-continuer-a-choisir-a-la-place-des-senegalais-les-candidats-a-une-election-presidentielle#breadcrumb\",\"itemListElement\":[{\"@type\":\"ListItem\",\"position\":1,\"name\":\"Accueil\",\"item\":\"https:\/\/www.africa-press.net\/senegal\/\"},{\"@type\":\"ListItem\",\"position\":2,\"name\":\"D\u00e9thi\u00e9 Fall : \u00ab\u00a0Macky Sall ne peut plus continuer \u00e0 choisir \u00e0 la place des S\u00e9n\u00e9galais les candidats \u00e0 une \u00e9lection pr\u00e9sidentielle\u00a0\u00bb\"}]},{\"@type\":\"WebSite\",\"@id\":\"https:\/\/www.africa-press.net\/senegal\/#website\",\"url\":\"https:\/\/www.africa-press.net\/senegal\/\",\"name\":\"Africa Press | Senegal | Homepage\",\"description\":\"Just another Africa News Agency Sites site\",\"potentialAction\":[{\"@type\":\"SearchAction\",\"target\":{\"@type\":\"EntryPoint\",\"urlTemplate\":\"https:\/\/www.africa-press.net\/senegal\/?s={search_term_string}\"},\"query-input\":{\"@type\":\"PropertyValueSpecification\",\"valueRequired\":true,\"valueName\":\"search_term_string\"}}],\"inLanguage\":\"fr-FR\"},{\"@type\":\"Person\",\"@id\":\"https:\/\/www.africa-press.net\/senegal\/#\/schema\/person\/2b1cf3cd81a31e3cd26889ca66d677f1\",\"name\":\"cfeditorfr\",\"url\":\"https:\/\/www.africa-press.net\/senegal\/author\/cfeditorfr\"}]}<\/script>\n<!-- \/ Yoast SEO Premium plugin. -->","yoast_head_json":{"title":"D\u00e9thi\u00e9 Fall : \"Macky Sall ne peut plus continuer \u00e0 choisir \u00e0 la place des S\u00e9n\u00e9galais les candidats \u00e0 une \u00e9lection pr\u00e9sidentielle\" - Senegal","robots":{"index":"index","follow":"follow","max-snippet":"max-snippet:-1","max-image-preview":"max-image-preview:large","max-video-preview":"max-video-preview:-1"},"canonical":"https:\/\/www.africa-press.net\/senegal\/politique\/dethie-fall-macky-sall-ne-peut-plus-continuer-a-choisir-a-la-place-des-senegalais-les-candidats-a-une-election-presidentielle","og_locale":"fr_FR","og_type":"article","og_title":"D\u00e9thi\u00e9 Fall : \"Macky Sall ne peut plus continuer \u00e0 choisir \u00e0 la place des S\u00e9n\u00e9galais les candidats \u00e0 une \u00e9lection pr\u00e9sidentielle\"","og_description":"Africa-Press &#8211; Senegal. J\u2019apporte mon total soutien a\u0300 mon ami et fre\u0300re le leader de Pastef le Pre\u0301sident Ousmane Sonko\u00a0\u00bb. Ainsi s&rsquo;exprime le leader du Parti re\u0301publicain pour le progre\u0300s (PrP), De\u0301thie\u0301 Fall dans le dossier judiciaire qui oppose le \u00ab\u00a0Patriote\u00a0\u00bb en chef a\u0300 la masseuse Adji Sarr. Il voit derrie\u0300re le proce\u0300s qui annonce, [&hellip;]","og_url":"https:\/\/www.africa-press.net\/senegal\/politique\/dethie-fall-macky-sall-ne-peut-plus-continuer-a-choisir-a-la-place-des-senegalais-les-candidats-a-une-election-presidentielle","og_site_name":"Senegal","article_published_time":"2023-01-21T12:05:21+00:00","author":"cfeditorfr","twitter_card":"summary_large_image","twitter_misc":{"\u00c9crit par":"cfeditorfr","Dur\u00e9e de lecture estim\u00e9e":"1 minute"},"schema":{"@context":"https:\/\/schema.org","@graph":[{"@type":"Article","@id":"https:\/\/www.africa-press.net\/senegal\/politique\/dethie-fall-macky-sall-ne-peut-plus-continuer-a-choisir-a-la-place-des-senegalais-les-candidats-a-une-election-presidentielle#article","isPartOf":{"@id":"https:\/\/www.africa-press.net\/senegal\/politique\/dethie-fall-macky-sall-ne-peut-plus-continuer-a-choisir-a-la-place-des-senegalais-les-candidats-a-une-election-presidentielle"},"author":{"name":"cfeditorfr","@id":"https:\/\/www.africa-press.net\/senegal\/#\/schema\/person\/2b1cf3cd81a31e3cd26889ca66d677f1"},"headline":"D\u00e9thi\u00e9 Fall : \u00ab\u00a0Macky Sall ne peut plus continuer \u00e0 choisir \u00e0 la place des S\u00e9n\u00e9galais les candidats \u00e0 une \u00e9lection pr\u00e9sidentielle\u00a0\u00bb","datePublished":"2023-01-21T12:05:21+00:00","mainEntityOfPage":{"@id":"https:\/\/www.africa-press.net\/senegal\/politique\/dethie-fall-macky-sall-ne-peut-plus-continuer-a-choisir-a-la-place-des-senegalais-les-candidats-a-une-election-presidentielle"},"wordCount":220,"commentCount":0,"image":{"@id":"https:\/\/www.africa-press.net\/senegal\/politique\/dethie-fall-macky-sall-ne-peut-plus-continuer-a-choisir-a-la-place-des-senegalais-les-candidats-a-une-election-presidentielle#primaryimage"},"thumbnailUrl":"https:\/\/static.africa-press.net\/senegal\/sites\/13\/2023\/01\/postQueueImg_1674290133.08.jpg","keywords":["Africa Press","Africa Press-Senegal","Senegal"],"articleSection":["Politique","Top Nouvelles","Toutes les actualit\u00e9s"],"inLanguage":"fr-FR","potentialAction":[{"@type":"CommentAction","name":"Comment","target":["https:\/\/www.africa-press.net\/senegal\/politique\/dethie-fall-macky-sall-ne-peut-plus-continuer-a-choisir-a-la-place-des-senegalais-les-candidats-a-une-election-presidentielle#respond"]}]},{"@type":"WebPage","@id":"https:\/\/www.africa-press.net\/senegal\/politique\/dethie-fall-macky-sall-ne-peut-plus-continuer-a-choisir-a-la-place-des-senegalais-les-candidats-a-une-election-presidentielle","url":"https:\/\/www.africa-press.net\/senegal\/politique\/dethie-fall-macky-sall-ne-peut-plus-continuer-a-choisir-a-la-place-des-senegalais-les-candidats-a-une-election-presidentielle","name":"D\u00e9thi\u00e9 Fall : \"Macky Sall ne peut plus continuer \u00e0 choisir \u00e0 la place des S\u00e9n\u00e9galais les candidats \u00e0 une \u00e9lection pr\u00e9sidentielle\" - Senegal","isPartOf":{"@id":"https:\/\/www.africa-press.net\/senegal\/#website"},"primaryImageOfPage":{"@id":"https:\/\/www.africa-press.net\/senegal\/politique\/dethie-fall-macky-sall-ne-peut-plus-continuer-a-choisir-a-la-place-des-senegalais-les-candidats-a-une-election-presidentielle#primaryimage"},"image":{"@id":"https:\/\/www.africa-press.net\/senegal\/politique\/dethie-fall-macky-sall-ne-peut-plus-continuer-a-choisir-a-la-place-des-senegalais-les-candidats-a-une-election-presidentielle#primaryimage"},"thumbnailUrl":"https:\/\/static.africa-press.net\/senegal\/sites\/13\/2023\/01\/postQueueImg_1674290133.08.jpg","datePublished":"2023-01-21T12:05:21+00:00","author":{"@id":"https:\/\/www.africa-press.net\/senegal\/#\/schema\/person\/2b1cf3cd81a31e3cd26889ca66d677f1"},"breadcrumb":{"@id":"https:\/\/www.africa-press.net\/senegal\/politique\/dethie-fall-macky-sall-ne-peut-plus-continuer-a-choisir-a-la-place-des-senegalais-les-candidats-a-une-election-presidentielle#breadcrumb"},"inLanguage":"fr-FR","potentialAction":[{"@type":"ReadAction","target":["https:\/\/www.africa-press.net\/senegal\/politique\/dethie-fall-macky-sall-ne-peut-plus-continuer-a-choisir-a-la-place-des-senegalais-les-candidats-a-une-election-presidentielle"]}]},{"@type":"ImageObject","inLanguage":"fr-FR","@id":"https:\/\/www.africa-press.net\/senegal\/politique\/dethie-fall-macky-sall-ne-peut-plus-continuer-a-choisir-a-la-place-des-senegalais-les-candidats-a-une-election-presidentielle#primaryimage","url":"https:\/\/static.africa-press.net\/senegal\/sites\/13\/2023\/01\/postQueueImg_1674290133.08.jpg","contentUrl":"https:\/\/static.africa-press.net\/senegal\/sites\/13\/2023\/01\/postQueueImg_1674290133.08.jpg","width":720,"height":350,"caption":"D\u00e9thi\u00e9 Fall : \"Macky Sall ne peut plus continuer \u00e0 choisir \u00e0 la place des S\u00e9n\u00e9galais les candidats \u00e0 une \u00e9lection pr\u00e9sidentielle\""},{"@type":"BreadcrumbList","@id":"https:\/\/www.africa-press.net\/senegal\/politique\/dethie-fall-macky-sall-ne-peut-plus-continuer-a-choisir-a-la-place-des-senegalais-les-candidats-a-une-election-presidentielle#breadcrumb","itemListElement":[{"@type":"ListItem","position":1,"name":"Accueil","item":"https:\/\/www.africa-press.net\/senegal\/"},{"@type":"ListItem","position":2,"name":"D\u00e9thi\u00e9 Fall : \u00ab\u00a0Macky Sall ne peut plus continuer \u00e0 choisir \u00e0 la place des S\u00e9n\u00e9galais les candidats \u00e0 une \u00e9lection pr\u00e9sidentielle\u00a0\u00bb"}]},{"@type":"WebSite","@id":"https:\/\/www.africa-press.net\/senegal\/#website","url":"https:\/\/www.africa-press.net\/senegal\/","name":"Africa Press | Senegal | Homepage","description":"Just another Africa News Agency Sites site","potentialAction":[{"@type":"SearchAction","target":{"@type":"EntryPoint","urlTemplate":"https:\/\/www.africa-press.net\/senegal\/?s={search_term_string}"},"query-input":{"@type":"PropertyValueSpecification","valueRequired":true,"valueName":"search_term_string"}}],"inLanguage":"fr-FR"},{"@type":"Person","@id":"https:\/\/www.africa-press.net\/senegal\/#\/schema\/person\/2b1cf3cd81a31e3cd26889ca66d677f1","name":"cfeditorfr","url":"https:\/\/www.africa-press.net\/senegal\/author\/cfeditorfr"}]}},"_links":{"self":[{"href":"https:\/\/www.africa-press.net\/senegal\/wp-json\/wp\/v2\/posts\/38388","targetHints":{"allow":["GET"]}}],"collection":[{"href":"https:\/\/www.africa-press.net\/senegal\/wp-json\/wp\/v2\/posts"}],"about":[{"href":"https:\/\/www.africa-press.net\/senegal\/wp-json\/wp\/v2\/types\/post"}],"author":[{"embeddable":true,"href":"https:\/\/www.africa-press.net\/senegal\/wp-json\/wp\/v2\/users\/82"}],"replies":[{"embeddable":true,"href":"https:\/\/www.africa-press.net\/senegal\/wp-json\/wp\/v2\/comments?post=38388"}],"version-history":[{"count":0,"href":"https:\/\/www.africa-press.net\/senegal\/wp-json\/wp\/v2\/posts\/38388\/revisions"}],"wp:featuredmedia":[{"embeddable":true,"href":"https:\/\/www.africa-press.net\/senegal\/wp-json\/wp\/v2\/media\/38387"}],"wp:attachment":[{"href":"https:\/\/www.africa-press.net\/senegal\/wp-json\/wp\/v2\/media?parent=38388"}],"wp:term":[{"taxonomy":"category","embeddable":true,"href":"https:\/\/www.africa-press.net\/senegal\/wp-json\/wp\/v2\/categories?post=38388"},{"taxonomy":"post_tag","embeddable":true,"href":"https:\/\/www.africa-press.net\/senegal\/wp-json\/wp\/v2\/tags?post=38388"}],"curies":[{"name":"wp","href":"https:\/\/api.w.org\/{rel}","templated":true}]}}