{"id":38390,"date":"2023-01-21T12:06:12","date_gmt":"2023-01-21T12:06:12","guid":{"rendered":"https:\/\/www.africa-press.net\/senegal\/politique\/soham-wardini-reprend-service-aupres-de"},"modified":"2023-01-21T12:06:12","modified_gmt":"2023-01-21T12:06:12","slug":"soham-wardini-reprend-service-aupres-de","status":"publish","type":"post","link":"https:\/\/www.africa-press.net\/senegal\/politique\/soham-wardini-reprend-service-aupres-de","title":{"rendered":"Soham Wardini reprend service aupr\u00e8s de \u2026"},"content":{"rendered":"<p><span style=\"color: #ff6600\"><strong>Africa-Press &#8211; Senegal. <\/strong><\/span>D\u2019apre\u0300s Be\u0300s Bi Le jour, l\u2019ancienne responsable de l\u2019Afp a repris du service aupre\u0300s de Khalifa Sall et participe activement a\u0300 la tourne\u0301e du leader de Taxawu Se\u0301ne\u0301gal, candidat de\u0301clare\u0301 a\u0300 la Pre\u0301sidentielle de 2024.<\/p>\n<p>D\u2019ailleurs, pre\u0301cise le journal, l\u2019ancienne mairesse de Dakar e\u0301tait aux co\u0302te\u0301s de son pre\u0301de\u0301cesseur, lors de l\u2019activite\u0301 Mottali Yeene\u0301, a\u0300 Rufisque, tenu le week-end dernier.<\/p>\n<p>Contacte\u0301e par Be\u0301s bi, elle n\u2019a pas voulu commenter l\u2019information, confirme\u0301e par de hauts responsables de Taxawu Se\u0301ne\u0301gal.<\/p>\n<p>Non choisie par Yewwi askan wi pour la candidature a\u0300 la Ville de Dakar, lors des Locales du 23 janvier 2022, Soham Wardini avait pris ses distances avec son pre\u0301de\u0301cesseur, a\u0300 la te\u0302te de la Ville, pour monter une liste paralle\u0300le sous la bannie\u0300re de Bunt-bi.<\/p>\n<p>A la veille des Le\u0301gislatives, interroge\u0301e par Le Quotidien, Soham El Wardini affirmait re\u0301fle\u0301chir a\u0300 quitter la politique. Il n\u2019en est rien.<\/p>\n<p><strong>Pour plus d&rsquo;informations et d&rsquo;analyses sur la <a href=\"https:\/\/www.africa-press.net\/senegal\">Senegal<\/a>, suivez <a href=\"https:\/\/www.africa-press.net\/\">Africa-Press<\/a><\/strong><\/p>\n","protected":false},"excerpt":{"rendered":"<p>Africa-Press &#8211; Senegal. D\u2019apre\u0300s Be\u0300s Bi Le jour, l\u2019ancienne responsable de l\u2019Afp a repris du service aupre\u0300s de Khalifa Sall et participe activement a\u0300 la tourne\u0301e du leader de Taxawu Se\u0301ne\u0301gal, candidat de\u0301clare\u0301 a\u0300 la Pre\u0301sidentielle de 2024. D\u2019ailleurs, pre\u0301cise le journal, l\u2019ancienne mairesse de Dakar e\u0301tait aux co\u0302te\u0301s de son pre\u0301de\u0301cesseur, lors de l\u2019activite\u0301 [&hellip;]<\/p>\n","protected":false},"author":82,"featured_media":38389,"comment_status":"open","ping_status":"closed","sticky":false,"template":"","format":"standard","meta":{"footnotes":""},"categories":[2,10],"tags":[43,47,44],"class_list":["post-38390","post","type-post","status-publish","format-standard","has-post-thumbnail","hentry","category-politique","category-toutes-les-actualites","tag-africa-press-2","tag-africa-press-senegal","tag-senegal-2"],"yoast_head":"<!-- This site is optimized with the Yoast SEO Premium plugin v26.1 (Yoast SEO v27.0) - https:\/\/yoast.com\/product\/yoast-seo-premium-wordpress\/ -->\n<title>Soham Wardini reprend service aupr\u00e8s de \u2026 - Senegal<\/title>\n<meta name=\"robots\" content=\"index, follow, max-snippet:-1, max-image-preview:large, max-video-preview:-1\" \/>\n<link rel=\"canonical\" href=\"https:\/\/www.africa-press.net\/senegal\/politique\/soham-wardini-reprend-service-aupres-de\" \/>\n<meta property=\"og:locale\" content=\"fr_FR\" \/>\n<meta property=\"og:type\" content=\"article\" \/>\n<meta property=\"og:title\" content=\"Soham Wardini reprend service aupr\u00e8s de \u2026\" \/>\n<meta property=\"og:description\" content=\"Africa-Press &#8211; Senegal. D\u2019apre\u0300s Be\u0300s Bi Le jour, l\u2019ancienne responsable de l\u2019Afp a repris du service aupre\u0300s de Khalifa Sall et participe activement a\u0300 la tourne\u0301e du leader de Taxawu Se\u0301ne\u0301gal, candidat de\u0301clare\u0301 a\u0300 la Pre\u0301sidentielle de 2024. D\u2019ailleurs, pre\u0301cise le journal, l\u2019ancienne mairesse de Dakar e\u0301tait aux co\u0302te\u0301s de son pre\u0301de\u0301cesseur, lors de l\u2019activite\u0301 [&hellip;]\" \/>\n<meta property=\"og:url\" content=\"https:\/\/www.africa-press.net\/senegal\/politique\/soham-wardini-reprend-service-aupres-de\" \/>\n<meta property=\"og:site_name\" content=\"Senegal\" \/>\n<meta property=\"article:published_time\" content=\"2023-01-21T12:06:12+00:00\" \/>\n<meta name=\"author\" content=\"cfeditorfr\" \/>\n<meta name=\"twitter:card\" content=\"summary_large_image\" \/>\n<meta name=\"twitter:label1\" content=\"\u00c9crit par\" \/>\n\t<meta name=\"twitter:data1\" content=\"cfeditorfr\" \/>\n\t<meta name=\"twitter:label2\" content=\"Dur\u00e9e de lecture estim\u00e9e\" \/>\n\t<meta name=\"twitter:data2\" content=\"1 minute\" \/>\n<script type=\"application\/ld+json\" class=\"yoast-schema-graph\">{\"@context\":\"https:\/\/schema.org\",\"@graph\":[{\"@type\":\"Article\",\"@id\":\"https:\/\/www.africa-press.net\/senegal\/politique\/soham-wardini-reprend-service-aupres-de#article\",\"isPartOf\":{\"@id\":\"https:\/\/www.africa-press.net\/senegal\/politique\/soham-wardini-reprend-service-aupres-de\"},\"author\":{\"name\":\"cfeditorfr\",\"@id\":\"https:\/\/www.africa-press.net\/senegal\/#\/schema\/person\/2b1cf3cd81a31e3cd26889ca66d677f1\"},\"headline\":\"Soham Wardini reprend service aupr\u00e8s de \u2026\",\"datePublished\":\"2023-01-21T12:06:12+00:00\",\"mainEntityOfPage\":{\"@id\":\"https:\/\/www.africa-press.net\/senegal\/politique\/soham-wardini-reprend-service-aupres-de\"},\"wordCount\":202,\"commentCount\":0,\"image\":{\"@id\":\"https:\/\/www.africa-press.net\/senegal\/politique\/soham-wardini-reprend-service-aupres-de#primaryimage\"},\"thumbnailUrl\":\"https:\/\/static.africa-press.net\/senegal\/sites\/13\/2023\/01\/postQueueImg_1674290180.38.jpg\",\"keywords\":[\"Africa Press\",\"Africa Press-Senegal\",\"Senegal\"],\"articleSection\":[\"Politique\",\"Toutes les actualit\u00e9s\"],\"inLanguage\":\"fr-FR\",\"potentialAction\":[{\"@type\":\"CommentAction\",\"name\":\"Comment\",\"target\":[\"https:\/\/www.africa-press.net\/senegal\/politique\/soham-wardini-reprend-service-aupres-de#respond\"]}]},{\"@type\":\"WebPage\",\"@id\":\"https:\/\/www.africa-press.net\/senegal\/politique\/soham-wardini-reprend-service-aupres-de\",\"url\":\"https:\/\/www.africa-press.net\/senegal\/politique\/soham-wardini-reprend-service-aupres-de\",\"name\":\"Soham Wardini reprend service aupr\u00e8s de \u2026 - Senegal\",\"isPartOf\":{\"@id\":\"https:\/\/www.africa-press.net\/senegal\/#website\"},\"primaryImageOfPage\":{\"@id\":\"https:\/\/www.africa-press.net\/senegal\/politique\/soham-wardini-reprend-service-aupres-de#primaryimage\"},\"image\":{\"@id\":\"https:\/\/www.africa-press.net\/senegal\/politique\/soham-wardini-reprend-service-aupres-de#primaryimage\"},\"thumbnailUrl\":\"https:\/\/static.africa-press.net\/senegal\/sites\/13\/2023\/01\/postQueueImg_1674290180.38.jpg\",\"datePublished\":\"2023-01-21T12:06:12+00:00\",\"author\":{\"@id\":\"https:\/\/www.africa-press.net\/senegal\/#\/schema\/person\/2b1cf3cd81a31e3cd26889ca66d677f1\"},\"breadcrumb\":{\"@id\":\"https:\/\/www.africa-press.net\/senegal\/politique\/soham-wardini-reprend-service-aupres-de#breadcrumb\"},\"inLanguage\":\"fr-FR\",\"potentialAction\":[{\"@type\":\"ReadAction\",\"target\":[\"https:\/\/www.africa-press.net\/senegal\/politique\/soham-wardini-reprend-service-aupres-de\"]}]},{\"@type\":\"ImageObject\",\"inLanguage\":\"fr-FR\",\"@id\":\"https:\/\/www.africa-press.net\/senegal\/politique\/soham-wardini-reprend-service-aupres-de#primaryimage\",\"url\":\"https:\/\/static.africa-press.net\/senegal\/sites\/13\/2023\/01\/postQueueImg_1674290180.38.jpg\",\"contentUrl\":\"https:\/\/static.africa-press.net\/senegal\/sites\/13\/2023\/01\/postQueueImg_1674290180.38.jpg\",\"width\":720,\"height\":350,\"caption\":\"Soham Wardini reprend service aupr\u00e8s de \u2026\"},{\"@type\":\"BreadcrumbList\",\"@id\":\"https:\/\/www.africa-press.net\/senegal\/politique\/soham-wardini-reprend-service-aupres-de#breadcrumb\",\"itemListElement\":[{\"@type\":\"ListItem\",\"position\":1,\"name\":\"Accueil\",\"item\":\"https:\/\/www.africa-press.net\/senegal\/\"},{\"@type\":\"ListItem\",\"position\":2,\"name\":\"Soham Wardini reprend service aupr\u00e8s de \u2026\"}]},{\"@type\":\"WebSite\",\"@id\":\"https:\/\/www.africa-press.net\/senegal\/#website\",\"url\":\"https:\/\/www.africa-press.net\/senegal\/\",\"name\":\"Africa Press | Senegal | Homepage\",\"description\":\"Just another Africa News Agency Sites site\",\"potentialAction\":[{\"@type\":\"SearchAction\",\"target\":{\"@type\":\"EntryPoint\",\"urlTemplate\":\"https:\/\/www.africa-press.net\/senegal\/?s={search_term_string}\"},\"query-input\":{\"@type\":\"PropertyValueSpecification\",\"valueRequired\":true,\"valueName\":\"search_term_string\"}}],\"inLanguage\":\"fr-FR\"},{\"@type\":\"Person\",\"@id\":\"https:\/\/www.africa-press.net\/senegal\/#\/schema\/person\/2b1cf3cd81a31e3cd26889ca66d677f1\",\"name\":\"cfeditorfr\",\"url\":\"https:\/\/www.africa-press.net\/senegal\/author\/cfeditorfr\"}]}<\/script>\n<!-- \/ Yoast SEO Premium plugin. -->","yoast_head_json":{"title":"Soham Wardini reprend service aupr\u00e8s de \u2026 - Senegal","robots":{"index":"index","follow":"follow","max-snippet":"max-snippet:-1","max-image-preview":"max-image-preview:large","max-video-preview":"max-video-preview:-1"},"canonical":"https:\/\/www.africa-press.net\/senegal\/politique\/soham-wardini-reprend-service-aupres-de","og_locale":"fr_FR","og_type":"article","og_title":"Soham Wardini reprend service aupr\u00e8s de \u2026","og_description":"Africa-Press &#8211; Senegal. D\u2019apre\u0300s Be\u0300s Bi Le jour, l\u2019ancienne responsable de l\u2019Afp a repris du service aupre\u0300s de Khalifa Sall et participe activement a\u0300 la tourne\u0301e du leader de Taxawu Se\u0301ne\u0301gal, candidat de\u0301clare\u0301 a\u0300 la Pre\u0301sidentielle de 2024. D\u2019ailleurs, pre\u0301cise le journal, l\u2019ancienne mairesse de Dakar e\u0301tait aux co\u0302te\u0301s de son pre\u0301de\u0301cesseur, lors de l\u2019activite\u0301 [&hellip;]","og_url":"https:\/\/www.africa-press.net\/senegal\/politique\/soham-wardini-reprend-service-aupres-de","og_site_name":"Senegal","article_published_time":"2023-01-21T12:06:12+00:00","author":"cfeditorfr","twitter_card":"summary_large_image","twitter_misc":{"\u00c9crit par":"cfeditorfr","Dur\u00e9e de lecture estim\u00e9e":"1 minute"},"schema":{"@context":"https:\/\/schema.org","@graph":[{"@type":"Article","@id":"https:\/\/www.africa-press.net\/senegal\/politique\/soham-wardini-reprend-service-aupres-de#article","isPartOf":{"@id":"https:\/\/www.africa-press.net\/senegal\/politique\/soham-wardini-reprend-service-aupres-de"},"author":{"name":"cfeditorfr","@id":"https:\/\/www.africa-press.net\/senegal\/#\/schema\/person\/2b1cf3cd81a31e3cd26889ca66d677f1"},"headline":"Soham Wardini reprend service aupr\u00e8s de \u2026","datePublished":"2023-01-21T12:06:12+00:00","mainEntityOfPage":{"@id":"https:\/\/www.africa-press.net\/senegal\/politique\/soham-wardini-reprend-service-aupres-de"},"wordCount":202,"commentCount":0,"image":{"@id":"https:\/\/www.africa-press.net\/senegal\/politique\/soham-wardini-reprend-service-aupres-de#primaryimage"},"thumbnailUrl":"https:\/\/static.africa-press.net\/senegal\/sites\/13\/2023\/01\/postQueueImg_1674290180.38.jpg","keywords":["Africa Press","Africa Press-Senegal","Senegal"],"articleSection":["Politique","Toutes les actualit\u00e9s"],"inLanguage":"fr-FR","potentialAction":[{"@type":"CommentAction","name":"Comment","target":["https:\/\/www.africa-press.net\/senegal\/politique\/soham-wardini-reprend-service-aupres-de#respond"]}]},{"@type":"WebPage","@id":"https:\/\/www.africa-press.net\/senegal\/politique\/soham-wardini-reprend-service-aupres-de","url":"https:\/\/www.africa-press.net\/senegal\/politique\/soham-wardini-reprend-service-aupres-de","name":"Soham Wardini reprend service aupr\u00e8s de \u2026 - Senegal","isPartOf":{"@id":"https:\/\/www.africa-press.net\/senegal\/#website"},"primaryImageOfPage":{"@id":"https:\/\/www.africa-press.net\/senegal\/politique\/soham-wardini-reprend-service-aupres-de#primaryimage"},"image":{"@id":"https:\/\/www.africa-press.net\/senegal\/politique\/soham-wardini-reprend-service-aupres-de#primaryimage"},"thumbnailUrl":"https:\/\/static.africa-press.net\/senegal\/sites\/13\/2023\/01\/postQueueImg_1674290180.38.jpg","datePublished":"2023-01-21T12:06:12+00:00","author":{"@id":"https:\/\/www.africa-press.net\/senegal\/#\/schema\/person\/2b1cf3cd81a31e3cd26889ca66d677f1"},"breadcrumb":{"@id":"https:\/\/www.africa-press.net\/senegal\/politique\/soham-wardini-reprend-service-aupres-de#breadcrumb"},"inLanguage":"fr-FR","potentialAction":[{"@type":"ReadAction","target":["https:\/\/www.africa-press.net\/senegal\/politique\/soham-wardini-reprend-service-aupres-de"]}]},{"@type":"ImageObject","inLanguage":"fr-FR","@id":"https:\/\/www.africa-press.net\/senegal\/politique\/soham-wardini-reprend-service-aupres-de#primaryimage","url":"https:\/\/static.africa-press.net\/senegal\/sites\/13\/2023\/01\/postQueueImg_1674290180.38.jpg","contentUrl":"https:\/\/static.africa-press.net\/senegal\/sites\/13\/2023\/01\/postQueueImg_1674290180.38.jpg","width":720,"height":350,"caption":"Soham Wardini reprend service aupr\u00e8s de \u2026"},{"@type":"BreadcrumbList","@id":"https:\/\/www.africa-press.net\/senegal\/politique\/soham-wardini-reprend-service-aupres-de#breadcrumb","itemListElement":[{"@type":"ListItem","position":1,"name":"Accueil","item":"https:\/\/www.africa-press.net\/senegal\/"},{"@type":"ListItem","position":2,"name":"Soham Wardini reprend service aupr\u00e8s de \u2026"}]},{"@type":"WebSite","@id":"https:\/\/www.africa-press.net\/senegal\/#website","url":"https:\/\/www.africa-press.net\/senegal\/","name":"Africa Press | Senegal | Homepage","description":"Just another Africa News Agency Sites site","potentialAction":[{"@type":"SearchAction","target":{"@type":"EntryPoint","urlTemplate":"https:\/\/www.africa-press.net\/senegal\/?s={search_term_string}"},"query-input":{"@type":"PropertyValueSpecification","valueRequired":true,"valueName":"search_term_string"}}],"inLanguage":"fr-FR"},{"@type":"Person","@id":"https:\/\/www.africa-press.net\/senegal\/#\/schema\/person\/2b1cf3cd81a31e3cd26889ca66d677f1","name":"cfeditorfr","url":"https:\/\/www.africa-press.net\/senegal\/author\/cfeditorfr"}]}},"_links":{"self":[{"href":"https:\/\/www.africa-press.net\/senegal\/wp-json\/wp\/v2\/posts\/38390","targetHints":{"allow":["GET"]}}],"collection":[{"href":"https:\/\/www.africa-press.net\/senegal\/wp-json\/wp\/v2\/posts"}],"about":[{"href":"https:\/\/www.africa-press.net\/senegal\/wp-json\/wp\/v2\/types\/post"}],"author":[{"embeddable":true,"href":"https:\/\/www.africa-press.net\/senegal\/wp-json\/wp\/v2\/users\/82"}],"replies":[{"embeddable":true,"href":"https:\/\/www.africa-press.net\/senegal\/wp-json\/wp\/v2\/comments?post=38390"}],"version-history":[{"count":0,"href":"https:\/\/www.africa-press.net\/senegal\/wp-json\/wp\/v2\/posts\/38390\/revisions"}],"wp:featuredmedia":[{"embeddable":true,"href":"https:\/\/www.africa-press.net\/senegal\/wp-json\/wp\/v2\/media\/38389"}],"wp:attachment":[{"href":"https:\/\/www.africa-press.net\/senegal\/wp-json\/wp\/v2\/media?parent=38390"}],"wp:term":[{"taxonomy":"category","embeddable":true,"href":"https:\/\/www.africa-press.net\/senegal\/wp-json\/wp\/v2\/categories?post=38390"},{"taxonomy":"post_tag","embeddable":true,"href":"https:\/\/www.africa-press.net\/senegal\/wp-json\/wp\/v2\/tags?post=38390"}],"curies":[{"name":"wp","href":"https:\/\/api.w.org\/{rel}","templated":true}]}}