{"id":38392,"date":"2023-01-21T12:07:24","date_gmt":"2023-01-21T12:07:24","guid":{"rendered":"https:\/\/www.africa-press.net\/senegal\/politique\/afp-la-section-des-sicap-favorable-a-une-candidature-du-parti-en-2024"},"modified":"2023-01-21T12:07:24","modified_gmt":"2023-01-21T12:07:24","slug":"afp-la-section-des-sicap-favorable-a-une-candidature-du-parti-en-2024","status":"publish","type":"post","link":"https:\/\/www.africa-press.net\/senegal\/parties\/afp-la-section-des-sicap-favorable-a-une-candidature-du-parti-en-2024","title":{"rendered":"AFP : la section des Sicap favorable \u00e0 une candidature du parti en 2024"},"content":{"rendered":"<p><span style=\"color: #ff6600\"><strong>Africa-Press &#8211; Senegal. <\/strong><\/span>Dans une re\u0301cente sortie, le ministre des pe\u0302ches Pape Sagna Mbaye, par ailleurs responsable progressiste, re\u0301pute\u0301 tre\u0300s proche de Moustapha Niasse avait laisse\u0301 entendre que l\u2019AFP est favorable pour porter et soutenir la troisie\u0300me candidature du Pre\u0301sident Macky Sall en 2024. Me\u0302me s\u2019il a mis de l\u2019eau dans son vin, pour soutenir que c\u2019est son opinion personnelle, la contestation des responsables progressistes a\u0300 la base s\u2019amplifie de jour en jour.<\/p>\n<p>Apre\u0300s les sorties muscle\u0301es du Groupe de Re\u0301flexion qui regroupe plus de 400 responsables a\u0300 la base de l\u2019AFP c\u2019est au tour de la section progressiste des Sicap , qui au terme d\u2019une assemble\u0301e ge\u0301ne\u0301ral tenue le mardi 17 janvier 2023, sous la pre\u0301sidence de Santy Agne ancien maire de ladite commune, a pris la de\u0301cision souveraine de soutenir un candidat de l&rsquo;AFP pour la pre\u0301sidentielle de 2024 et en exhortant les instances du parti a\u0300 se re\u0301unir pour confirmer cet engagements pris en 2014 et re\u0301ite\u0301rer en 2017 par la voix de Moustapha Niasse. Ainsi un PV est de\u0301ja\u0300 e\u0301tabli et envoye\u0301 a\u0300 la direction du parti, nous souffle \u2013t-on. A noter, que les Sicap avec le Saloum sont les bastions les plus importantes de la formation de Moustapha Niasse.<\/p>\n<p>Toutes ces de\u0301clarations se font les e\u0301chos des responsables a\u0300 la base de l\u2019AFP qui demande depuis un certain temps a\u0300 la direction du parti d\u2019ouvrir dans les meilleurs de\u0301lais une concertation large et inclusive entre les diffe\u0301rentes sensibilite\u0301s de l\u2019Alliance des Forces du Progre\u0300s pour d\u2019une part engager le processus de renouvellement des instances et l\u2019organisation d\u2019un congre\u0300s de\u0301mocratique et ouvert tout en exigeant la mise en \u0153uvre sans condition des de\u0301libe\u0301rations des instances du parti notamment la de\u0301cision collective et plusieurs fois re\u0301affirme\u0301es de pre\u0301senter un candidat de l\u2019AFP a\u0300 la pre\u0301sidentielle de 2024.<\/p>\n<p>Certains ont me\u0302me de\u0301ja\u0300 porte\u0301 leur choix sur Alioune Sarr, l\u2019ancien ministre du commerce et du tourisme et maire de Notto Diobasse pour e\u0302tre le candidat de l\u2019AFP en 2024. A noter jusqu\u2019a\u0300 ce jour, ce dernier ne s\u2019est pas encore prononce\u0301 sue la question.<\/p>\n<p>Sur la question du congre\u0300s, Moustapha Niasse avait de\u0301clare\u0301 au mois de De\u0301cembre dernier, en marge d\u2019une re\u0301union de la coalition Benno Bokk Yaakaar, qu\u2019il se tiendrait au mois de Janvier 2023. Seulement a\u0300 10 jours de la fin du mois de janvier, les militants tre\u0300s remonte\u0301s nous renseignent qu\u2019aucune initiative n\u2019est entreprise dans le parti dans ce sens. Ce qui risque de creuser d\u2019avantage le fosse\u0301 entre la direction de l\u2019AFP et l\u2019e\u0301crasante majorite\u0301 de ses bases militantes.<\/p>\n<p><strong>Pour plus d&rsquo;informations et d&rsquo;analyses sur la <a href=\"https:\/\/www.africa-press.net\/senegal\">Senegal<\/a>, suivez <a href=\"https:\/\/www.africa-press.net\/\">Africa-Press<\/a><\/strong><\/p>\n","protected":false},"excerpt":{"rendered":"<p>Africa-Press &#8211; Senegal. Dans une re\u0301cente sortie, le ministre des pe\u0302ches Pape Sagna Mbaye, par ailleurs responsable progressiste, re\u0301pute\u0301 tre\u0300s proche de Moustapha Niasse avait laisse\u0301 entendre que l\u2019AFP est favorable pour porter et soutenir la troisie\u0300me candidature du Pre\u0301sident Macky Sall en 2024. Me\u0302me s\u2019il a mis de l\u2019eau dans son vin, pour soutenir [&hellip;]<\/p>\n","protected":false},"author":82,"featured_media":38391,"comment_status":"open","ping_status":"closed","sticky":false,"template":"","format":"standard","meta":{"footnotes":""},"categories":[4,10],"tags":[43,47,44],"class_list":["post-38392","post","type-post","status-publish","format-standard","has-post-thumbnail","hentry","category-parties","category-toutes-les-actualites","tag-africa-press-2","tag-africa-press-senegal","tag-senegal-2"],"yoast_head":"<!-- This site is optimized with the Yoast SEO Premium plugin v26.1 (Yoast SEO v27.0) - https:\/\/yoast.com\/product\/yoast-seo-premium-wordpress\/ -->\n<title>AFP : la section des Sicap favorable \u00e0 une candidature du parti en 2024 - Senegal<\/title>\n<meta name=\"robots\" content=\"index, follow, max-snippet:-1, max-image-preview:large, max-video-preview:-1\" \/>\n<link rel=\"canonical\" href=\"https:\/\/www.africa-press.net\/senegal\/politique\/afp-la-section-des-sicap-favorable-a-une-candidature-du-parti-en-2024\" \/>\n<meta property=\"og:locale\" content=\"fr_FR\" \/>\n<meta property=\"og:type\" content=\"article\" \/>\n<meta property=\"og:title\" content=\"AFP : la section des Sicap favorable \u00e0 une candidature du parti en 2024\" \/>\n<meta property=\"og:description\" content=\"Africa-Press &#8211; Senegal. Dans une re\u0301cente sortie, le ministre des pe\u0302ches Pape Sagna Mbaye, par ailleurs responsable progressiste, re\u0301pute\u0301 tre\u0300s proche de Moustapha Niasse avait laisse\u0301 entendre que l\u2019AFP est favorable pour porter et soutenir la troisie\u0300me candidature du Pre\u0301sident Macky Sall en 2024. Me\u0302me s\u2019il a mis de l\u2019eau dans son vin, pour soutenir [&hellip;]\" \/>\n<meta property=\"og:url\" content=\"https:\/\/www.africa-press.net\/senegal\/politique\/afp-la-section-des-sicap-favorable-a-une-candidature-du-parti-en-2024\" \/>\n<meta property=\"og:site_name\" content=\"Senegal\" \/>\n<meta property=\"article:published_time\" content=\"2023-01-21T12:07:24+00:00\" \/>\n<meta name=\"author\" content=\"cfeditorfr\" \/>\n<meta name=\"twitter:card\" content=\"summary_large_image\" \/>\n<meta name=\"twitter:label1\" content=\"\u00c9crit par\" \/>\n\t<meta name=\"twitter:data1\" content=\"cfeditorfr\" \/>\n\t<meta name=\"twitter:label2\" content=\"Dur\u00e9e de lecture estim\u00e9e\" \/>\n\t<meta name=\"twitter:data2\" content=\"2 minutes\" \/>\n<script type=\"application\/ld+json\" class=\"yoast-schema-graph\">{\"@context\":\"https:\/\/schema.org\",\"@graph\":[{\"@type\":\"Article\",\"@id\":\"https:\/\/www.africa-press.net\/senegal\/politique\/afp-la-section-des-sicap-favorable-a-une-candidature-du-parti-en-2024#article\",\"isPartOf\":{\"@id\":\"https:\/\/www.africa-press.net\/senegal\/politique\/afp-la-section-des-sicap-favorable-a-une-candidature-du-parti-en-2024\"},\"author\":{\"name\":\"cfeditorfr\",\"@id\":\"https:\/\/www.africa-press.net\/senegal\/#\/schema\/person\/2b1cf3cd81a31e3cd26889ca66d677f1\"},\"headline\":\"AFP : la section des Sicap favorable \u00e0 une candidature du parti en 2024\",\"datePublished\":\"2023-01-21T12:07:24+00:00\",\"mainEntityOfPage\":{\"@id\":\"https:\/\/www.africa-press.net\/senegal\/politique\/afp-la-section-des-sicap-favorable-a-une-candidature-du-parti-en-2024\"},\"wordCount\":508,\"commentCount\":0,\"image\":{\"@id\":\"https:\/\/www.africa-press.net\/senegal\/politique\/afp-la-section-des-sicap-favorable-a-une-candidature-du-parti-en-2024#primaryimage\"},\"thumbnailUrl\":\"https:\/\/static.africa-press.net\/senegal\/sites\/13\/2023\/01\/postQueueImg_1674290262.70.jpg\",\"keywords\":[\"Africa Press\",\"Africa Press-Senegal\",\"Senegal\"],\"articleSection\":[\"Parties\",\"Toutes les actualit\u00e9s\"],\"inLanguage\":\"fr-FR\",\"potentialAction\":[{\"@type\":\"CommentAction\",\"name\":\"Comment\",\"target\":[\"https:\/\/www.africa-press.net\/senegal\/politique\/afp-la-section-des-sicap-favorable-a-une-candidature-du-parti-en-2024#respond\"]}]},{\"@type\":\"WebPage\",\"@id\":\"https:\/\/www.africa-press.net\/senegal\/politique\/afp-la-section-des-sicap-favorable-a-une-candidature-du-parti-en-2024\",\"url\":\"https:\/\/www.africa-press.net\/senegal\/politique\/afp-la-section-des-sicap-favorable-a-une-candidature-du-parti-en-2024\",\"name\":\"AFP : la section des Sicap favorable \u00e0 une candidature du parti en 2024 - Senegal\",\"isPartOf\":{\"@id\":\"https:\/\/www.africa-press.net\/senegal\/#website\"},\"primaryImageOfPage\":{\"@id\":\"https:\/\/www.africa-press.net\/senegal\/politique\/afp-la-section-des-sicap-favorable-a-une-candidature-du-parti-en-2024#primaryimage\"},\"image\":{\"@id\":\"https:\/\/www.africa-press.net\/senegal\/politique\/afp-la-section-des-sicap-favorable-a-une-candidature-du-parti-en-2024#primaryimage\"},\"thumbnailUrl\":\"https:\/\/static.africa-press.net\/senegal\/sites\/13\/2023\/01\/postQueueImg_1674290262.70.jpg\",\"datePublished\":\"2023-01-21T12:07:24+00:00\",\"author\":{\"@id\":\"https:\/\/www.africa-press.net\/senegal\/#\/schema\/person\/2b1cf3cd81a31e3cd26889ca66d677f1\"},\"breadcrumb\":{\"@id\":\"https:\/\/www.africa-press.net\/senegal\/politique\/afp-la-section-des-sicap-favorable-a-une-candidature-du-parti-en-2024#breadcrumb\"},\"inLanguage\":\"fr-FR\",\"potentialAction\":[{\"@type\":\"ReadAction\",\"target\":[\"https:\/\/www.africa-press.net\/senegal\/politique\/afp-la-section-des-sicap-favorable-a-une-candidature-du-parti-en-2024\"]}]},{\"@type\":\"ImageObject\",\"inLanguage\":\"fr-FR\",\"@id\":\"https:\/\/www.africa-press.net\/senegal\/politique\/afp-la-section-des-sicap-favorable-a-une-candidature-du-parti-en-2024#primaryimage\",\"url\":\"https:\/\/static.africa-press.net\/senegal\/sites\/13\/2023\/01\/postQueueImg_1674290262.70.jpg\",\"contentUrl\":\"https:\/\/static.africa-press.net\/senegal\/sites\/13\/2023\/01\/postQueueImg_1674290262.70.jpg\",\"width\":720,\"height\":350,\"caption\":\"AFP : la section des Sicap favorable \u00e0 une candidature du parti en 2024\"},{\"@type\":\"BreadcrumbList\",\"@id\":\"https:\/\/www.africa-press.net\/senegal\/politique\/afp-la-section-des-sicap-favorable-a-une-candidature-du-parti-en-2024#breadcrumb\",\"itemListElement\":[{\"@type\":\"ListItem\",\"position\":1,\"name\":\"Accueil\",\"item\":\"https:\/\/www.africa-press.net\/senegal\/\"},{\"@type\":\"ListItem\",\"position\":2,\"name\":\"AFP : la section des Sicap favorable \u00e0 une candidature du parti en 2024\"}]},{\"@type\":\"WebSite\",\"@id\":\"https:\/\/www.africa-press.net\/senegal\/#website\",\"url\":\"https:\/\/www.africa-press.net\/senegal\/\",\"name\":\"Africa Press | Senegal | Homepage\",\"description\":\"Just another Africa News Agency Sites site\",\"potentialAction\":[{\"@type\":\"SearchAction\",\"target\":{\"@type\":\"EntryPoint\",\"urlTemplate\":\"https:\/\/www.africa-press.net\/senegal\/?s={search_term_string}\"},\"query-input\":{\"@type\":\"PropertyValueSpecification\",\"valueRequired\":true,\"valueName\":\"search_term_string\"}}],\"inLanguage\":\"fr-FR\"},{\"@type\":\"Person\",\"@id\":\"https:\/\/www.africa-press.net\/senegal\/#\/schema\/person\/2b1cf3cd81a31e3cd26889ca66d677f1\",\"name\":\"cfeditorfr\",\"url\":\"https:\/\/www.africa-press.net\/senegal\/author\/cfeditorfr\"}]}<\/script>\n<!-- \/ Yoast SEO Premium plugin. -->","yoast_head_json":{"title":"AFP : la section des Sicap favorable \u00e0 une candidature du parti en 2024 - Senegal","robots":{"index":"index","follow":"follow","max-snippet":"max-snippet:-1","max-image-preview":"max-image-preview:large","max-video-preview":"max-video-preview:-1"},"canonical":"https:\/\/www.africa-press.net\/senegal\/politique\/afp-la-section-des-sicap-favorable-a-une-candidature-du-parti-en-2024","og_locale":"fr_FR","og_type":"article","og_title":"AFP : la section des Sicap favorable \u00e0 une candidature du parti en 2024","og_description":"Africa-Press &#8211; Senegal. Dans une re\u0301cente sortie, le ministre des pe\u0302ches Pape Sagna Mbaye, par ailleurs responsable progressiste, re\u0301pute\u0301 tre\u0300s proche de Moustapha Niasse avait laisse\u0301 entendre que l\u2019AFP est favorable pour porter et soutenir la troisie\u0300me candidature du Pre\u0301sident Macky Sall en 2024. Me\u0302me s\u2019il a mis de l\u2019eau dans son vin, pour soutenir [&hellip;]","og_url":"https:\/\/www.africa-press.net\/senegal\/politique\/afp-la-section-des-sicap-favorable-a-une-candidature-du-parti-en-2024","og_site_name":"Senegal","article_published_time":"2023-01-21T12:07:24+00:00","author":"cfeditorfr","twitter_card":"summary_large_image","twitter_misc":{"\u00c9crit par":"cfeditorfr","Dur\u00e9e de lecture estim\u00e9e":"2 minutes"},"schema":{"@context":"https:\/\/schema.org","@graph":[{"@type":"Article","@id":"https:\/\/www.africa-press.net\/senegal\/politique\/afp-la-section-des-sicap-favorable-a-une-candidature-du-parti-en-2024#article","isPartOf":{"@id":"https:\/\/www.africa-press.net\/senegal\/politique\/afp-la-section-des-sicap-favorable-a-une-candidature-du-parti-en-2024"},"author":{"name":"cfeditorfr","@id":"https:\/\/www.africa-press.net\/senegal\/#\/schema\/person\/2b1cf3cd81a31e3cd26889ca66d677f1"},"headline":"AFP : la section des Sicap favorable \u00e0 une candidature du parti en 2024","datePublished":"2023-01-21T12:07:24+00:00","mainEntityOfPage":{"@id":"https:\/\/www.africa-press.net\/senegal\/politique\/afp-la-section-des-sicap-favorable-a-une-candidature-du-parti-en-2024"},"wordCount":508,"commentCount":0,"image":{"@id":"https:\/\/www.africa-press.net\/senegal\/politique\/afp-la-section-des-sicap-favorable-a-une-candidature-du-parti-en-2024#primaryimage"},"thumbnailUrl":"https:\/\/static.africa-press.net\/senegal\/sites\/13\/2023\/01\/postQueueImg_1674290262.70.jpg","keywords":["Africa Press","Africa Press-Senegal","Senegal"],"articleSection":["Parties","Toutes les actualit\u00e9s"],"inLanguage":"fr-FR","potentialAction":[{"@type":"CommentAction","name":"Comment","target":["https:\/\/www.africa-press.net\/senegal\/politique\/afp-la-section-des-sicap-favorable-a-une-candidature-du-parti-en-2024#respond"]}]},{"@type":"WebPage","@id":"https:\/\/www.africa-press.net\/senegal\/politique\/afp-la-section-des-sicap-favorable-a-une-candidature-du-parti-en-2024","url":"https:\/\/www.africa-press.net\/senegal\/politique\/afp-la-section-des-sicap-favorable-a-une-candidature-du-parti-en-2024","name":"AFP : la section des Sicap favorable \u00e0 une candidature du parti en 2024 - Senegal","isPartOf":{"@id":"https:\/\/www.africa-press.net\/senegal\/#website"},"primaryImageOfPage":{"@id":"https:\/\/www.africa-press.net\/senegal\/politique\/afp-la-section-des-sicap-favorable-a-une-candidature-du-parti-en-2024#primaryimage"},"image":{"@id":"https:\/\/www.africa-press.net\/senegal\/politique\/afp-la-section-des-sicap-favorable-a-une-candidature-du-parti-en-2024#primaryimage"},"thumbnailUrl":"https:\/\/static.africa-press.net\/senegal\/sites\/13\/2023\/01\/postQueueImg_1674290262.70.jpg","datePublished":"2023-01-21T12:07:24+00:00","author":{"@id":"https:\/\/www.africa-press.net\/senegal\/#\/schema\/person\/2b1cf3cd81a31e3cd26889ca66d677f1"},"breadcrumb":{"@id":"https:\/\/www.africa-press.net\/senegal\/politique\/afp-la-section-des-sicap-favorable-a-une-candidature-du-parti-en-2024#breadcrumb"},"inLanguage":"fr-FR","potentialAction":[{"@type":"ReadAction","target":["https:\/\/www.africa-press.net\/senegal\/politique\/afp-la-section-des-sicap-favorable-a-une-candidature-du-parti-en-2024"]}]},{"@type":"ImageObject","inLanguage":"fr-FR","@id":"https:\/\/www.africa-press.net\/senegal\/politique\/afp-la-section-des-sicap-favorable-a-une-candidature-du-parti-en-2024#primaryimage","url":"https:\/\/static.africa-press.net\/senegal\/sites\/13\/2023\/01\/postQueueImg_1674290262.70.jpg","contentUrl":"https:\/\/static.africa-press.net\/senegal\/sites\/13\/2023\/01\/postQueueImg_1674290262.70.jpg","width":720,"height":350,"caption":"AFP : la section des Sicap favorable \u00e0 une candidature du parti en 2024"},{"@type":"BreadcrumbList","@id":"https:\/\/www.africa-press.net\/senegal\/politique\/afp-la-section-des-sicap-favorable-a-une-candidature-du-parti-en-2024#breadcrumb","itemListElement":[{"@type":"ListItem","position":1,"name":"Accueil","item":"https:\/\/www.africa-press.net\/senegal\/"},{"@type":"ListItem","position":2,"name":"AFP : la section des Sicap favorable \u00e0 une candidature du parti en 2024"}]},{"@type":"WebSite","@id":"https:\/\/www.africa-press.net\/senegal\/#website","url":"https:\/\/www.africa-press.net\/senegal\/","name":"Africa Press | Senegal | Homepage","description":"Just another Africa News Agency Sites site","potentialAction":[{"@type":"SearchAction","target":{"@type":"EntryPoint","urlTemplate":"https:\/\/www.africa-press.net\/senegal\/?s={search_term_string}"},"query-input":{"@type":"PropertyValueSpecification","valueRequired":true,"valueName":"search_term_string"}}],"inLanguage":"fr-FR"},{"@type":"Person","@id":"https:\/\/www.africa-press.net\/senegal\/#\/schema\/person\/2b1cf3cd81a31e3cd26889ca66d677f1","name":"cfeditorfr","url":"https:\/\/www.africa-press.net\/senegal\/author\/cfeditorfr"}]}},"_links":{"self":[{"href":"https:\/\/www.africa-press.net\/senegal\/wp-json\/wp\/v2\/posts\/38392","targetHints":{"allow":["GET"]}}],"collection":[{"href":"https:\/\/www.africa-press.net\/senegal\/wp-json\/wp\/v2\/posts"}],"about":[{"href":"https:\/\/www.africa-press.net\/senegal\/wp-json\/wp\/v2\/types\/post"}],"author":[{"embeddable":true,"href":"https:\/\/www.africa-press.net\/senegal\/wp-json\/wp\/v2\/users\/82"}],"replies":[{"embeddable":true,"href":"https:\/\/www.africa-press.net\/senegal\/wp-json\/wp\/v2\/comments?post=38392"}],"version-history":[{"count":0,"href":"https:\/\/www.africa-press.net\/senegal\/wp-json\/wp\/v2\/posts\/38392\/revisions"}],"wp:featuredmedia":[{"embeddable":true,"href":"https:\/\/www.africa-press.net\/senegal\/wp-json\/wp\/v2\/media\/38391"}],"wp:attachment":[{"href":"https:\/\/www.africa-press.net\/senegal\/wp-json\/wp\/v2\/media?parent=38392"}],"wp:term":[{"taxonomy":"category","embeddable":true,"href":"https:\/\/www.africa-press.net\/senegal\/wp-json\/wp\/v2\/categories?post=38392"},{"taxonomy":"post_tag","embeddable":true,"href":"https:\/\/www.africa-press.net\/senegal\/wp-json\/wp\/v2\/tags?post=38392"}],"curies":[{"name":"wp","href":"https:\/\/api.w.org\/{rel}","templated":true}]}}