{"id":38394,"date":"2023-01-21T12:08:27","date_gmt":"2023-01-21T12:08:27","guid":{"rendered":"https:\/\/www.africa-press.net\/senegal\/politique\/marine-le-pen-le-president-macky-sall-et-moi-avons-parle-le-meme-langage"},"modified":"2023-01-21T12:08:27","modified_gmt":"2023-01-21T12:08:27","slug":"marine-le-pen-le-president-macky-sall-et-moi-avons-parle-le-meme-langage","status":"publish","type":"post","link":"https:\/\/www.africa-press.net\/senegal\/politique\/marine-le-pen-le-president-macky-sall-et-moi-avons-parle-le-meme-langage","title":{"rendered":"Marine Le Pen : \u00ab Le Pr\u00e9sident Macky Sall et moi avons parl\u00e9 le m\u00eame langage \u00bb"},"content":{"rendered":"<p><span style=\"color: #ff6600\"><strong>Africa-Press &#8211; Senegal. <\/strong><\/span>Dans un entretien accorde\u0301 a\u0300 Mamoudou Ibra Kane, en marge de sa visite au Se\u0301ne\u0301gal, la pre\u0301sidente du Rassemblement national (RN), Marine Le Pen, a confirme\u0301 l\u2019audience avec le Pre\u0301sident Macky Sall.<\/p>\n<p>\u00ab Oui, j\u2019ai pu rencontrer le Pre\u0301sident (Macky Sall) avec qui j\u2019ai e\u0301change\u0301 de la tribune que j\u2019ai faite publier il y a quelques jours sur la place de l\u2019Afrique, et particulie\u0300rement le Se\u0301ne\u0301gal dans le concert des nations, dans les instances internationales \u00bb, a-t-elle confie\u0301.<\/p>\n<p>Il s\u2019agissait e\u0301galement pour elle d\u2019\u00ab exprimer la vision (qu\u2019elle) avait des relations qui devraient e\u0302tre celles de la France et du Se\u0301ne\u0301gal \u00bb, a-t-elle pre\u0301cise\u0301. Avant de plaider pour une place de l\u2019Afrique au Conseil de se\u0301curite\u0301 de l\u2019ONU. Parce que, justifie-t-elle : \u00ab Je conside\u0300re qu\u2019il est aujourd\u2019hui totalement anormal que le continent africain ne soit pas repre\u0301sente\u0301 au Conseil de se\u0301curite\u0301 des Nations Unies. Et qu\u2019en y e\u0301tant par de\u0301finition, son poids serait beaucoup plus important aupre\u0300s d\u2019autres institutions internationales y compris financie\u0300res. \u00bb<\/p>\n<p>Marine Le Pen en conclut que \u00ab le Pre\u0301sident Macky Sall et (elle) ont parle\u0301 le me\u0302me langage. \u00bb D\u2019autant plus qu\u2019a-t-elle souligne\u0301 : \u00ab Ce qui est su\u0302r, c\u2019est que le Pre\u0301sident Macky Sall souhaite que les relations entre la France et le Se\u0301ne\u0301gal soient en me\u0302me temps plus riche, peut-e\u0302tre plus amicales et plus fre\u0301quentes. Ce que je sais, c\u2019est qu\u2019il (Macky Sall) est attache\u0301 a\u0300 la souverainete\u0301 du Se\u0301ne\u0301gal. Donc, entre souverainistes, on ne peut apre\u0300s tout que trouver des points de convergence \u00bb.<\/p>\n<p><strong>Pour plus d&rsquo;informations et d&rsquo;analyses sur la <a href=\"https:\/\/www.africa-press.net\/senegal\">Senegal<\/a>, suivez <a href=\"https:\/\/www.africa-press.net\/\">Africa-Press<\/a><\/strong><\/p>\n","protected":false},"excerpt":{"rendered":"<p>Africa-Press &#8211; Senegal. Dans un entretien accorde\u0301 a\u0300 Mamoudou Ibra Kane, en marge de sa visite au Se\u0301ne\u0301gal, la pre\u0301sidente du Rassemblement national (RN), Marine Le Pen, a confirme\u0301 l\u2019audience avec le Pre\u0301sident Macky Sall. \u00ab Oui, j\u2019ai pu rencontrer le Pre\u0301sident (Macky Sall) avec qui j\u2019ai e\u0301change\u0301 de la tribune que j\u2019ai faite publier [&hellip;]<\/p>\n","protected":false},"author":82,"featured_media":38393,"comment_status":"open","ping_status":"closed","sticky":false,"template":"","format":"standard","meta":{"footnotes":""},"categories":[2,20,10],"tags":[43,47,44],"class_list":["post-38394","post","type-post","status-publish","format-standard","has-post-thumbnail","hentry","category-politique","category-top-nouvelles","category-toutes-les-actualites","tag-africa-press-2","tag-africa-press-senegal","tag-senegal-2"],"yoast_head":"<!-- This site is optimized with the Yoast SEO Premium plugin v26.1 (Yoast SEO v27.0) - https:\/\/yoast.com\/product\/yoast-seo-premium-wordpress\/ -->\n<title>Marine Le Pen : \u00ab Le Pr\u00e9sident Macky Sall et moi avons parl\u00e9 le m\u00eame langage \u00bb - Senegal<\/title>\n<meta name=\"robots\" content=\"index, follow, max-snippet:-1, max-image-preview:large, max-video-preview:-1\" \/>\n<link rel=\"canonical\" href=\"https:\/\/www.africa-press.net\/senegal\/politique\/marine-le-pen-le-president-macky-sall-et-moi-avons-parle-le-meme-langage\" \/>\n<meta property=\"og:locale\" content=\"fr_FR\" \/>\n<meta property=\"og:type\" content=\"article\" \/>\n<meta property=\"og:title\" content=\"Marine Le Pen : \u00ab Le Pr\u00e9sident Macky Sall et moi avons parl\u00e9 le m\u00eame langage \u00bb\" \/>\n<meta property=\"og:description\" content=\"Africa-Press &#8211; Senegal. Dans un entretien accorde\u0301 a\u0300 Mamoudou Ibra Kane, en marge de sa visite au Se\u0301ne\u0301gal, la pre\u0301sidente du Rassemblement national (RN), Marine Le Pen, a confirme\u0301 l\u2019audience avec le Pre\u0301sident Macky Sall. \u00ab Oui, j\u2019ai pu rencontrer le Pre\u0301sident (Macky Sall) avec qui j\u2019ai e\u0301change\u0301 de la tribune que j\u2019ai faite publier [&hellip;]\" \/>\n<meta property=\"og:url\" content=\"https:\/\/www.africa-press.net\/senegal\/politique\/marine-le-pen-le-president-macky-sall-et-moi-avons-parle-le-meme-langage\" \/>\n<meta property=\"og:site_name\" content=\"Senegal\" \/>\n<meta property=\"article:published_time\" content=\"2023-01-21T12:08:27+00:00\" \/>\n<meta name=\"author\" content=\"cfeditorfr\" \/>\n<meta name=\"twitter:card\" content=\"summary_large_image\" \/>\n<meta name=\"twitter:label1\" content=\"\u00c9crit par\" \/>\n\t<meta name=\"twitter:data1\" content=\"cfeditorfr\" \/>\n\t<meta name=\"twitter:label2\" content=\"Dur\u00e9e de lecture estim\u00e9e\" \/>\n\t<meta name=\"twitter:data2\" content=\"2 minutes\" \/>\n<script type=\"application\/ld+json\" class=\"yoast-schema-graph\">{\"@context\":\"https:\/\/schema.org\",\"@graph\":[{\"@type\":\"Article\",\"@id\":\"https:\/\/www.africa-press.net\/senegal\/politique\/marine-le-pen-le-president-macky-sall-et-moi-avons-parle-le-meme-langage#article\",\"isPartOf\":{\"@id\":\"https:\/\/www.africa-press.net\/senegal\/politique\/marine-le-pen-le-president-macky-sall-et-moi-avons-parle-le-meme-langage\"},\"author\":{\"name\":\"cfeditorfr\",\"@id\":\"https:\/\/www.africa-press.net\/senegal\/#\/schema\/person\/2b1cf3cd81a31e3cd26889ca66d677f1\"},\"headline\":\"Marine Le Pen : \u00ab Le Pr\u00e9sident Macky Sall et moi avons parl\u00e9 le m\u00eame langage \u00bb\",\"datePublished\":\"2023-01-21T12:08:27+00:00\",\"mainEntityOfPage\":{\"@id\":\"https:\/\/www.africa-press.net\/senegal\/politique\/marine-le-pen-le-president-macky-sall-et-moi-avons-parle-le-meme-langage\"},\"wordCount\":324,\"commentCount\":0,\"image\":{\"@id\":\"https:\/\/www.africa-press.net\/senegal\/politique\/marine-le-pen-le-president-macky-sall-et-moi-avons-parle-le-meme-langage#primaryimage\"},\"thumbnailUrl\":\"https:\/\/static.africa-press.net\/senegal\/sites\/13\/2023\/01\/postQueueImg_1674290319.90.jpg\",\"keywords\":[\"Africa Press\",\"Africa Press-Senegal\",\"Senegal\"],\"articleSection\":[\"Politique\",\"Top Nouvelles\",\"Toutes les actualit\u00e9s\"],\"inLanguage\":\"fr-FR\",\"potentialAction\":[{\"@type\":\"CommentAction\",\"name\":\"Comment\",\"target\":[\"https:\/\/www.africa-press.net\/senegal\/politique\/marine-le-pen-le-president-macky-sall-et-moi-avons-parle-le-meme-langage#respond\"]}]},{\"@type\":\"WebPage\",\"@id\":\"https:\/\/www.africa-press.net\/senegal\/politique\/marine-le-pen-le-president-macky-sall-et-moi-avons-parle-le-meme-langage\",\"url\":\"https:\/\/www.africa-press.net\/senegal\/politique\/marine-le-pen-le-president-macky-sall-et-moi-avons-parle-le-meme-langage\",\"name\":\"Marine Le Pen : \u00ab Le Pr\u00e9sident Macky Sall et moi avons parl\u00e9 le m\u00eame langage \u00bb - Senegal\",\"isPartOf\":{\"@id\":\"https:\/\/www.africa-press.net\/senegal\/#website\"},\"primaryImageOfPage\":{\"@id\":\"https:\/\/www.africa-press.net\/senegal\/politique\/marine-le-pen-le-president-macky-sall-et-moi-avons-parle-le-meme-langage#primaryimage\"},\"image\":{\"@id\":\"https:\/\/www.africa-press.net\/senegal\/politique\/marine-le-pen-le-president-macky-sall-et-moi-avons-parle-le-meme-langage#primaryimage\"},\"thumbnailUrl\":\"https:\/\/static.africa-press.net\/senegal\/sites\/13\/2023\/01\/postQueueImg_1674290319.90.jpg\",\"datePublished\":\"2023-01-21T12:08:27+00:00\",\"author\":{\"@id\":\"https:\/\/www.africa-press.net\/senegal\/#\/schema\/person\/2b1cf3cd81a31e3cd26889ca66d677f1\"},\"breadcrumb\":{\"@id\":\"https:\/\/www.africa-press.net\/senegal\/politique\/marine-le-pen-le-president-macky-sall-et-moi-avons-parle-le-meme-langage#breadcrumb\"},\"inLanguage\":\"fr-FR\",\"potentialAction\":[{\"@type\":\"ReadAction\",\"target\":[\"https:\/\/www.africa-press.net\/senegal\/politique\/marine-le-pen-le-president-macky-sall-et-moi-avons-parle-le-meme-langage\"]}]},{\"@type\":\"ImageObject\",\"inLanguage\":\"fr-FR\",\"@id\":\"https:\/\/www.africa-press.net\/senegal\/politique\/marine-le-pen-le-president-macky-sall-et-moi-avons-parle-le-meme-langage#primaryimage\",\"url\":\"https:\/\/static.africa-press.net\/senegal\/sites\/13\/2023\/01\/postQueueImg_1674290319.90.jpg\",\"contentUrl\":\"https:\/\/static.africa-press.net\/senegal\/sites\/13\/2023\/01\/postQueueImg_1674290319.90.jpg\",\"width\":720,\"height\":350,\"caption\":\"Marine Le Pen : \u00ab Le Pr\u00e9sident Macky Sall et moi avons parl\u00e9 le m\u00eame langage \u00bb\"},{\"@type\":\"BreadcrumbList\",\"@id\":\"https:\/\/www.africa-press.net\/senegal\/politique\/marine-le-pen-le-president-macky-sall-et-moi-avons-parle-le-meme-langage#breadcrumb\",\"itemListElement\":[{\"@type\":\"ListItem\",\"position\":1,\"name\":\"Accueil\",\"item\":\"https:\/\/www.africa-press.net\/senegal\/\"},{\"@type\":\"ListItem\",\"position\":2,\"name\":\"Marine Le Pen : \u00ab Le Pr\u00e9sident Macky Sall et moi avons parl\u00e9 le m\u00eame langage \u00bb\"}]},{\"@type\":\"WebSite\",\"@id\":\"https:\/\/www.africa-press.net\/senegal\/#website\",\"url\":\"https:\/\/www.africa-press.net\/senegal\/\",\"name\":\"Africa Press | Senegal | Homepage\",\"description\":\"Just another Africa News Agency Sites site\",\"potentialAction\":[{\"@type\":\"SearchAction\",\"target\":{\"@type\":\"EntryPoint\",\"urlTemplate\":\"https:\/\/www.africa-press.net\/senegal\/?s={search_term_string}\"},\"query-input\":{\"@type\":\"PropertyValueSpecification\",\"valueRequired\":true,\"valueName\":\"search_term_string\"}}],\"inLanguage\":\"fr-FR\"},{\"@type\":\"Person\",\"@id\":\"https:\/\/www.africa-press.net\/senegal\/#\/schema\/person\/2b1cf3cd81a31e3cd26889ca66d677f1\",\"name\":\"cfeditorfr\",\"url\":\"https:\/\/www.africa-press.net\/senegal\/author\/cfeditorfr\"}]}<\/script>\n<!-- \/ Yoast SEO Premium plugin. -->","yoast_head_json":{"title":"Marine Le Pen : \u00ab Le Pr\u00e9sident Macky Sall et moi avons parl\u00e9 le m\u00eame langage \u00bb - Senegal","robots":{"index":"index","follow":"follow","max-snippet":"max-snippet:-1","max-image-preview":"max-image-preview:large","max-video-preview":"max-video-preview:-1"},"canonical":"https:\/\/www.africa-press.net\/senegal\/politique\/marine-le-pen-le-president-macky-sall-et-moi-avons-parle-le-meme-langage","og_locale":"fr_FR","og_type":"article","og_title":"Marine Le Pen : \u00ab Le Pr\u00e9sident Macky Sall et moi avons parl\u00e9 le m\u00eame langage \u00bb","og_description":"Africa-Press &#8211; Senegal. Dans un entretien accorde\u0301 a\u0300 Mamoudou Ibra Kane, en marge de sa visite au Se\u0301ne\u0301gal, la pre\u0301sidente du Rassemblement national (RN), Marine Le Pen, a confirme\u0301 l\u2019audience avec le Pre\u0301sident Macky Sall. \u00ab Oui, j\u2019ai pu rencontrer le Pre\u0301sident (Macky Sall) avec qui j\u2019ai e\u0301change\u0301 de la tribune que j\u2019ai faite publier [&hellip;]","og_url":"https:\/\/www.africa-press.net\/senegal\/politique\/marine-le-pen-le-president-macky-sall-et-moi-avons-parle-le-meme-langage","og_site_name":"Senegal","article_published_time":"2023-01-21T12:08:27+00:00","author":"cfeditorfr","twitter_card":"summary_large_image","twitter_misc":{"\u00c9crit par":"cfeditorfr","Dur\u00e9e de lecture estim\u00e9e":"2 minutes"},"schema":{"@context":"https:\/\/schema.org","@graph":[{"@type":"Article","@id":"https:\/\/www.africa-press.net\/senegal\/politique\/marine-le-pen-le-president-macky-sall-et-moi-avons-parle-le-meme-langage#article","isPartOf":{"@id":"https:\/\/www.africa-press.net\/senegal\/politique\/marine-le-pen-le-president-macky-sall-et-moi-avons-parle-le-meme-langage"},"author":{"name":"cfeditorfr","@id":"https:\/\/www.africa-press.net\/senegal\/#\/schema\/person\/2b1cf3cd81a31e3cd26889ca66d677f1"},"headline":"Marine Le Pen : \u00ab Le Pr\u00e9sident Macky Sall et moi avons parl\u00e9 le m\u00eame langage \u00bb","datePublished":"2023-01-21T12:08:27+00:00","mainEntityOfPage":{"@id":"https:\/\/www.africa-press.net\/senegal\/politique\/marine-le-pen-le-president-macky-sall-et-moi-avons-parle-le-meme-langage"},"wordCount":324,"commentCount":0,"image":{"@id":"https:\/\/www.africa-press.net\/senegal\/politique\/marine-le-pen-le-president-macky-sall-et-moi-avons-parle-le-meme-langage#primaryimage"},"thumbnailUrl":"https:\/\/static.africa-press.net\/senegal\/sites\/13\/2023\/01\/postQueueImg_1674290319.90.jpg","keywords":["Africa Press","Africa Press-Senegal","Senegal"],"articleSection":["Politique","Top Nouvelles","Toutes les actualit\u00e9s"],"inLanguage":"fr-FR","potentialAction":[{"@type":"CommentAction","name":"Comment","target":["https:\/\/www.africa-press.net\/senegal\/politique\/marine-le-pen-le-president-macky-sall-et-moi-avons-parle-le-meme-langage#respond"]}]},{"@type":"WebPage","@id":"https:\/\/www.africa-press.net\/senegal\/politique\/marine-le-pen-le-president-macky-sall-et-moi-avons-parle-le-meme-langage","url":"https:\/\/www.africa-press.net\/senegal\/politique\/marine-le-pen-le-president-macky-sall-et-moi-avons-parle-le-meme-langage","name":"Marine Le Pen : \u00ab Le Pr\u00e9sident Macky Sall et moi avons parl\u00e9 le m\u00eame langage \u00bb - Senegal","isPartOf":{"@id":"https:\/\/www.africa-press.net\/senegal\/#website"},"primaryImageOfPage":{"@id":"https:\/\/www.africa-press.net\/senegal\/politique\/marine-le-pen-le-president-macky-sall-et-moi-avons-parle-le-meme-langage#primaryimage"},"image":{"@id":"https:\/\/www.africa-press.net\/senegal\/politique\/marine-le-pen-le-president-macky-sall-et-moi-avons-parle-le-meme-langage#primaryimage"},"thumbnailUrl":"https:\/\/static.africa-press.net\/senegal\/sites\/13\/2023\/01\/postQueueImg_1674290319.90.jpg","datePublished":"2023-01-21T12:08:27+00:00","author":{"@id":"https:\/\/www.africa-press.net\/senegal\/#\/schema\/person\/2b1cf3cd81a31e3cd26889ca66d677f1"},"breadcrumb":{"@id":"https:\/\/www.africa-press.net\/senegal\/politique\/marine-le-pen-le-president-macky-sall-et-moi-avons-parle-le-meme-langage#breadcrumb"},"inLanguage":"fr-FR","potentialAction":[{"@type":"ReadAction","target":["https:\/\/www.africa-press.net\/senegal\/politique\/marine-le-pen-le-president-macky-sall-et-moi-avons-parle-le-meme-langage"]}]},{"@type":"ImageObject","inLanguage":"fr-FR","@id":"https:\/\/www.africa-press.net\/senegal\/politique\/marine-le-pen-le-president-macky-sall-et-moi-avons-parle-le-meme-langage#primaryimage","url":"https:\/\/static.africa-press.net\/senegal\/sites\/13\/2023\/01\/postQueueImg_1674290319.90.jpg","contentUrl":"https:\/\/static.africa-press.net\/senegal\/sites\/13\/2023\/01\/postQueueImg_1674290319.90.jpg","width":720,"height":350,"caption":"Marine Le Pen : \u00ab Le Pr\u00e9sident Macky Sall et moi avons parl\u00e9 le m\u00eame langage \u00bb"},{"@type":"BreadcrumbList","@id":"https:\/\/www.africa-press.net\/senegal\/politique\/marine-le-pen-le-president-macky-sall-et-moi-avons-parle-le-meme-langage#breadcrumb","itemListElement":[{"@type":"ListItem","position":1,"name":"Accueil","item":"https:\/\/www.africa-press.net\/senegal\/"},{"@type":"ListItem","position":2,"name":"Marine Le Pen : \u00ab Le Pr\u00e9sident Macky Sall et moi avons parl\u00e9 le m\u00eame langage \u00bb"}]},{"@type":"WebSite","@id":"https:\/\/www.africa-press.net\/senegal\/#website","url":"https:\/\/www.africa-press.net\/senegal\/","name":"Africa Press | Senegal | Homepage","description":"Just another Africa News Agency Sites site","potentialAction":[{"@type":"SearchAction","target":{"@type":"EntryPoint","urlTemplate":"https:\/\/www.africa-press.net\/senegal\/?s={search_term_string}"},"query-input":{"@type":"PropertyValueSpecification","valueRequired":true,"valueName":"search_term_string"}}],"inLanguage":"fr-FR"},{"@type":"Person","@id":"https:\/\/www.africa-press.net\/senegal\/#\/schema\/person\/2b1cf3cd81a31e3cd26889ca66d677f1","name":"cfeditorfr","url":"https:\/\/www.africa-press.net\/senegal\/author\/cfeditorfr"}]}},"_links":{"self":[{"href":"https:\/\/www.africa-press.net\/senegal\/wp-json\/wp\/v2\/posts\/38394","targetHints":{"allow":["GET"]}}],"collection":[{"href":"https:\/\/www.africa-press.net\/senegal\/wp-json\/wp\/v2\/posts"}],"about":[{"href":"https:\/\/www.africa-press.net\/senegal\/wp-json\/wp\/v2\/types\/post"}],"author":[{"embeddable":true,"href":"https:\/\/www.africa-press.net\/senegal\/wp-json\/wp\/v2\/users\/82"}],"replies":[{"embeddable":true,"href":"https:\/\/www.africa-press.net\/senegal\/wp-json\/wp\/v2\/comments?post=38394"}],"version-history":[{"count":0,"href":"https:\/\/www.africa-press.net\/senegal\/wp-json\/wp\/v2\/posts\/38394\/revisions"}],"wp:featuredmedia":[{"embeddable":true,"href":"https:\/\/www.africa-press.net\/senegal\/wp-json\/wp\/v2\/media\/38393"}],"wp:attachment":[{"href":"https:\/\/www.africa-press.net\/senegal\/wp-json\/wp\/v2\/media?parent=38394"}],"wp:term":[{"taxonomy":"category","embeddable":true,"href":"https:\/\/www.africa-press.net\/senegal\/wp-json\/wp\/v2\/categories?post=38394"},{"taxonomy":"post_tag","embeddable":true,"href":"https:\/\/www.africa-press.net\/senegal\/wp-json\/wp\/v2\/tags?post=38394"}],"curies":[{"name":"wp","href":"https:\/\/api.w.org\/{rel}","templated":true}]}}