{"id":38398,"date":"2023-01-21T12:09:53","date_gmt":"2023-01-21T12:09:53","guid":{"rendered":"https:\/\/www.africa-press.net\/senegal\/politique\/cng-yankhoba-diattara-prolonge-le-mandat-de-bira-sene"},"modified":"2023-01-21T12:09:53","modified_gmt":"2023-01-21T12:09:53","slug":"cng-yankhoba-diattara-prolonge-le-mandat-de-bira-sene","status":"publish","type":"post","link":"https:\/\/www.africa-press.net\/senegal\/sports\/cng-yankhoba-diattara-prolonge-le-mandat-de-bira-sene","title":{"rendered":"CNG : Yankhoba Diattara prolonge le mandat de Bira S\u00e8ne"},"content":{"rendered":"<p><span style=\"color: #ff6600\"><strong>Africa-Press &#8211; Senegal. <\/strong><\/span>Le mandat du Comite\u0301 national de gestion (CNG) de lutte est prolonge\u0301 jusqu\u2019au 15 septembre 2023, soit 8 mois de plus, par arre\u0302te\u0301 signe\u0301 par le ministre des Sports, Yankhoba Diattara.<\/p>\n<p>Le journal spe\u0301cialise\u0301, Sunu Lamb, qui donne l\u2019information, rappelle que le dernier bureau de l\u2019instance fai\u0302tie\u0300re avait e\u0301te\u0301 mis en place en novembre 2020, succe\u0301dant au docteur Alioune Sarr et son e\u0301quipe.<\/p>\n<p>L\u2019article 2 de l\u2019arre\u0302te\u0301 ministe\u0301riel stipule que \u00ab le CNG a pour mission principale de mettre en place la Fe\u0301de\u0301ration se\u0301ne\u0301galaise de lutte de\u0300s la fin de son mandat \u00bb.<\/p>\n<p>Bira Se\u0300ne et son e\u0301quipe devront e\u0301galement, entre autres, \u00ab organiser, de\u0301velopper et promouvoir la pratique de la lutte sous toutes ses formes, en particulier la lutte olympique sur l\u2019e\u0301tendue du territoire national, programmer et re\u0301aliser des activite\u0301s de formation et de coope\u0301ration pour le de\u0301veloppement de la lutte aux plan national et international, ge\u0301ne\u0301raliser dans le moyen terme la mise en place de comite\u0301s re\u0301gionaux&#8230;\u00bb.<\/p>\n<p><strong>Pour plus d&rsquo;informations et d&rsquo;analyses sur la <a href=\"https:\/\/www.africa-press.net\/senegal\">Senegal<\/a>, suivez <a href=\"https:\/\/www.africa-press.net\/\">Africa-Press<\/a><\/strong><\/p>\n","protected":false},"excerpt":{"rendered":"<p>Africa-Press &#8211; Senegal. Le mandat du Comite\u0301 national de gestion (CNG) de lutte est prolonge\u0301 jusqu\u2019au 15 septembre 2023, soit 8 mois de plus, par arre\u0302te\u0301 signe\u0301 par le ministre des Sports, Yankhoba Diattara. Le journal spe\u0301cialise\u0301, Sunu Lamb, qui donne l\u2019information, rappelle que le dernier bureau de l\u2019instance fai\u0302tie\u0300re avait e\u0301te\u0301 mis en place [&hellip;]<\/p>\n","protected":false},"author":82,"featured_media":38397,"comment_status":"open","ping_status":"closed","sticky":false,"template":"","format":"standard","meta":{"footnotes":""},"categories":[6,10],"tags":[43,47,44],"class_list":["post-38398","post","type-post","status-publish","format-standard","has-post-thumbnail","hentry","category-sports","category-toutes-les-actualites","tag-africa-press-2","tag-africa-press-senegal","tag-senegal-2"],"yoast_head":"<!-- This site is optimized with the Yoast SEO Premium plugin v26.1 (Yoast SEO v27.0) - https:\/\/yoast.com\/product\/yoast-seo-premium-wordpress\/ -->\n<title>CNG : Yankhoba Diattara prolonge le mandat de Bira S\u00e8ne - Senegal<\/title>\n<meta name=\"robots\" content=\"index, follow, max-snippet:-1, max-image-preview:large, max-video-preview:-1\" \/>\n<link rel=\"canonical\" href=\"https:\/\/www.africa-press.net\/senegal\/politique\/cng-yankhoba-diattara-prolonge-le-mandat-de-bira-sene\" \/>\n<meta property=\"og:locale\" content=\"fr_FR\" \/>\n<meta property=\"og:type\" content=\"article\" \/>\n<meta property=\"og:title\" content=\"CNG : Yankhoba Diattara prolonge le mandat de Bira S\u00e8ne\" \/>\n<meta property=\"og:description\" content=\"Africa-Press &#8211; Senegal. Le mandat du Comite\u0301 national de gestion (CNG) de lutte est prolonge\u0301 jusqu\u2019au 15 septembre 2023, soit 8 mois de plus, par arre\u0302te\u0301 signe\u0301 par le ministre des Sports, Yankhoba Diattara. Le journal spe\u0301cialise\u0301, Sunu Lamb, qui donne l\u2019information, rappelle que le dernier bureau de l\u2019instance fai\u0302tie\u0300re avait e\u0301te\u0301 mis en place [&hellip;]\" \/>\n<meta property=\"og:url\" content=\"https:\/\/www.africa-press.net\/senegal\/politique\/cng-yankhoba-diattara-prolonge-le-mandat-de-bira-sene\" \/>\n<meta property=\"og:site_name\" content=\"Senegal\" \/>\n<meta property=\"article:published_time\" content=\"2023-01-21T12:09:53+00:00\" \/>\n<meta name=\"author\" content=\"cfeditorfr\" \/>\n<meta name=\"twitter:card\" content=\"summary_large_image\" \/>\n<meta name=\"twitter:label1\" content=\"\u00c9crit par\" \/>\n\t<meta name=\"twitter:data1\" content=\"cfeditorfr\" \/>\n\t<meta name=\"twitter:label2\" content=\"Dur\u00e9e de lecture estim\u00e9e\" \/>\n\t<meta name=\"twitter:data2\" content=\"1 minute\" \/>\n<script type=\"application\/ld+json\" class=\"yoast-schema-graph\">{\"@context\":\"https:\/\/schema.org\",\"@graph\":[{\"@type\":\"Article\",\"@id\":\"https:\/\/www.africa-press.net\/senegal\/politique\/cng-yankhoba-diattara-prolonge-le-mandat-de-bira-sene#article\",\"isPartOf\":{\"@id\":\"https:\/\/www.africa-press.net\/senegal\/politique\/cng-yankhoba-diattara-prolonge-le-mandat-de-bira-sene\"},\"author\":{\"name\":\"cfeditorfr\",\"@id\":\"https:\/\/www.africa-press.net\/senegal\/#\/schema\/person\/2b1cf3cd81a31e3cd26889ca66d677f1\"},\"headline\":\"CNG : Yankhoba Diattara prolonge le mandat de Bira S\u00e8ne\",\"datePublished\":\"2023-01-21T12:09:53+00:00\",\"mainEntityOfPage\":{\"@id\":\"https:\/\/www.africa-press.net\/senegal\/politique\/cng-yankhoba-diattara-prolonge-le-mandat-de-bira-sene\"},\"wordCount\":209,\"commentCount\":0,\"image\":{\"@id\":\"https:\/\/www.africa-press.net\/senegal\/politique\/cng-yankhoba-diattara-prolonge-le-mandat-de-bira-sene#primaryimage\"},\"thumbnailUrl\":\"https:\/\/static.africa-press.net\/senegal\/sites\/13\/2023\/01\/postQueueImg_1674290399.62.jpg\",\"keywords\":[\"Africa Press\",\"Africa Press-Senegal\",\"Senegal\"],\"articleSection\":[\"Sports\",\"Toutes les actualit\u00e9s\"],\"inLanguage\":\"fr-FR\",\"potentialAction\":[{\"@type\":\"CommentAction\",\"name\":\"Comment\",\"target\":[\"https:\/\/www.africa-press.net\/senegal\/politique\/cng-yankhoba-diattara-prolonge-le-mandat-de-bira-sene#respond\"]}]},{\"@type\":\"WebPage\",\"@id\":\"https:\/\/www.africa-press.net\/senegal\/politique\/cng-yankhoba-diattara-prolonge-le-mandat-de-bira-sene\",\"url\":\"https:\/\/www.africa-press.net\/senegal\/politique\/cng-yankhoba-diattara-prolonge-le-mandat-de-bira-sene\",\"name\":\"CNG : Yankhoba Diattara prolonge le mandat de Bira S\u00e8ne - Senegal\",\"isPartOf\":{\"@id\":\"https:\/\/www.africa-press.net\/senegal\/#website\"},\"primaryImageOfPage\":{\"@id\":\"https:\/\/www.africa-press.net\/senegal\/politique\/cng-yankhoba-diattara-prolonge-le-mandat-de-bira-sene#primaryimage\"},\"image\":{\"@id\":\"https:\/\/www.africa-press.net\/senegal\/politique\/cng-yankhoba-diattara-prolonge-le-mandat-de-bira-sene#primaryimage\"},\"thumbnailUrl\":\"https:\/\/static.africa-press.net\/senegal\/sites\/13\/2023\/01\/postQueueImg_1674290399.62.jpg\",\"datePublished\":\"2023-01-21T12:09:53+00:00\",\"author\":{\"@id\":\"https:\/\/www.africa-press.net\/senegal\/#\/schema\/person\/2b1cf3cd81a31e3cd26889ca66d677f1\"},\"breadcrumb\":{\"@id\":\"https:\/\/www.africa-press.net\/senegal\/politique\/cng-yankhoba-diattara-prolonge-le-mandat-de-bira-sene#breadcrumb\"},\"inLanguage\":\"fr-FR\",\"potentialAction\":[{\"@type\":\"ReadAction\",\"target\":[\"https:\/\/www.africa-press.net\/senegal\/politique\/cng-yankhoba-diattara-prolonge-le-mandat-de-bira-sene\"]}]},{\"@type\":\"ImageObject\",\"inLanguage\":\"fr-FR\",\"@id\":\"https:\/\/www.africa-press.net\/senegal\/politique\/cng-yankhoba-diattara-prolonge-le-mandat-de-bira-sene#primaryimage\",\"url\":\"https:\/\/static.africa-press.net\/senegal\/sites\/13\/2023\/01\/postQueueImg_1674290399.62.jpg\",\"contentUrl\":\"https:\/\/static.africa-press.net\/senegal\/sites\/13\/2023\/01\/postQueueImg_1674290399.62.jpg\",\"width\":720,\"height\":350,\"caption\":\"CNG : Yankhoba Diattara prolonge le mandat de Bira S\u00e8ne\"},{\"@type\":\"BreadcrumbList\",\"@id\":\"https:\/\/www.africa-press.net\/senegal\/politique\/cng-yankhoba-diattara-prolonge-le-mandat-de-bira-sene#breadcrumb\",\"itemListElement\":[{\"@type\":\"ListItem\",\"position\":1,\"name\":\"Accueil\",\"item\":\"https:\/\/www.africa-press.net\/senegal\/\"},{\"@type\":\"ListItem\",\"position\":2,\"name\":\"CNG : Yankhoba Diattara prolonge le mandat de Bira S\u00e8ne\"}]},{\"@type\":\"WebSite\",\"@id\":\"https:\/\/www.africa-press.net\/senegal\/#website\",\"url\":\"https:\/\/www.africa-press.net\/senegal\/\",\"name\":\"Africa Press | Senegal | Homepage\",\"description\":\"Just another Africa News Agency Sites site\",\"potentialAction\":[{\"@type\":\"SearchAction\",\"target\":{\"@type\":\"EntryPoint\",\"urlTemplate\":\"https:\/\/www.africa-press.net\/senegal\/?s={search_term_string}\"},\"query-input\":{\"@type\":\"PropertyValueSpecification\",\"valueRequired\":true,\"valueName\":\"search_term_string\"}}],\"inLanguage\":\"fr-FR\"},{\"@type\":\"Person\",\"@id\":\"https:\/\/www.africa-press.net\/senegal\/#\/schema\/person\/2b1cf3cd81a31e3cd26889ca66d677f1\",\"name\":\"cfeditorfr\",\"url\":\"https:\/\/www.africa-press.net\/senegal\/author\/cfeditorfr\"}]}<\/script>\n<!-- \/ Yoast SEO Premium plugin. -->","yoast_head_json":{"title":"CNG : Yankhoba Diattara prolonge le mandat de Bira S\u00e8ne - Senegal","robots":{"index":"index","follow":"follow","max-snippet":"max-snippet:-1","max-image-preview":"max-image-preview:large","max-video-preview":"max-video-preview:-1"},"canonical":"https:\/\/www.africa-press.net\/senegal\/politique\/cng-yankhoba-diattara-prolonge-le-mandat-de-bira-sene","og_locale":"fr_FR","og_type":"article","og_title":"CNG : Yankhoba Diattara prolonge le mandat de Bira S\u00e8ne","og_description":"Africa-Press &#8211; Senegal. Le mandat du Comite\u0301 national de gestion (CNG) de lutte est prolonge\u0301 jusqu\u2019au 15 septembre 2023, soit 8 mois de plus, par arre\u0302te\u0301 signe\u0301 par le ministre des Sports, Yankhoba Diattara. Le journal spe\u0301cialise\u0301, Sunu Lamb, qui donne l\u2019information, rappelle que le dernier bureau de l\u2019instance fai\u0302tie\u0300re avait e\u0301te\u0301 mis en place [&hellip;]","og_url":"https:\/\/www.africa-press.net\/senegal\/politique\/cng-yankhoba-diattara-prolonge-le-mandat-de-bira-sene","og_site_name":"Senegal","article_published_time":"2023-01-21T12:09:53+00:00","author":"cfeditorfr","twitter_card":"summary_large_image","twitter_misc":{"\u00c9crit par":"cfeditorfr","Dur\u00e9e de lecture estim\u00e9e":"1 minute"},"schema":{"@context":"https:\/\/schema.org","@graph":[{"@type":"Article","@id":"https:\/\/www.africa-press.net\/senegal\/politique\/cng-yankhoba-diattara-prolonge-le-mandat-de-bira-sene#article","isPartOf":{"@id":"https:\/\/www.africa-press.net\/senegal\/politique\/cng-yankhoba-diattara-prolonge-le-mandat-de-bira-sene"},"author":{"name":"cfeditorfr","@id":"https:\/\/www.africa-press.net\/senegal\/#\/schema\/person\/2b1cf3cd81a31e3cd26889ca66d677f1"},"headline":"CNG : Yankhoba Diattara prolonge le mandat de Bira S\u00e8ne","datePublished":"2023-01-21T12:09:53+00:00","mainEntityOfPage":{"@id":"https:\/\/www.africa-press.net\/senegal\/politique\/cng-yankhoba-diattara-prolonge-le-mandat-de-bira-sene"},"wordCount":209,"commentCount":0,"image":{"@id":"https:\/\/www.africa-press.net\/senegal\/politique\/cng-yankhoba-diattara-prolonge-le-mandat-de-bira-sene#primaryimage"},"thumbnailUrl":"https:\/\/static.africa-press.net\/senegal\/sites\/13\/2023\/01\/postQueueImg_1674290399.62.jpg","keywords":["Africa Press","Africa Press-Senegal","Senegal"],"articleSection":["Sports","Toutes les actualit\u00e9s"],"inLanguage":"fr-FR","potentialAction":[{"@type":"CommentAction","name":"Comment","target":["https:\/\/www.africa-press.net\/senegal\/politique\/cng-yankhoba-diattara-prolonge-le-mandat-de-bira-sene#respond"]}]},{"@type":"WebPage","@id":"https:\/\/www.africa-press.net\/senegal\/politique\/cng-yankhoba-diattara-prolonge-le-mandat-de-bira-sene","url":"https:\/\/www.africa-press.net\/senegal\/politique\/cng-yankhoba-diattara-prolonge-le-mandat-de-bira-sene","name":"CNG : Yankhoba Diattara prolonge le mandat de Bira S\u00e8ne - Senegal","isPartOf":{"@id":"https:\/\/www.africa-press.net\/senegal\/#website"},"primaryImageOfPage":{"@id":"https:\/\/www.africa-press.net\/senegal\/politique\/cng-yankhoba-diattara-prolonge-le-mandat-de-bira-sene#primaryimage"},"image":{"@id":"https:\/\/www.africa-press.net\/senegal\/politique\/cng-yankhoba-diattara-prolonge-le-mandat-de-bira-sene#primaryimage"},"thumbnailUrl":"https:\/\/static.africa-press.net\/senegal\/sites\/13\/2023\/01\/postQueueImg_1674290399.62.jpg","datePublished":"2023-01-21T12:09:53+00:00","author":{"@id":"https:\/\/www.africa-press.net\/senegal\/#\/schema\/person\/2b1cf3cd81a31e3cd26889ca66d677f1"},"breadcrumb":{"@id":"https:\/\/www.africa-press.net\/senegal\/politique\/cng-yankhoba-diattara-prolonge-le-mandat-de-bira-sene#breadcrumb"},"inLanguage":"fr-FR","potentialAction":[{"@type":"ReadAction","target":["https:\/\/www.africa-press.net\/senegal\/politique\/cng-yankhoba-diattara-prolonge-le-mandat-de-bira-sene"]}]},{"@type":"ImageObject","inLanguage":"fr-FR","@id":"https:\/\/www.africa-press.net\/senegal\/politique\/cng-yankhoba-diattara-prolonge-le-mandat-de-bira-sene#primaryimage","url":"https:\/\/static.africa-press.net\/senegal\/sites\/13\/2023\/01\/postQueueImg_1674290399.62.jpg","contentUrl":"https:\/\/static.africa-press.net\/senegal\/sites\/13\/2023\/01\/postQueueImg_1674290399.62.jpg","width":720,"height":350,"caption":"CNG : Yankhoba Diattara prolonge le mandat de Bira S\u00e8ne"},{"@type":"BreadcrumbList","@id":"https:\/\/www.africa-press.net\/senegal\/politique\/cng-yankhoba-diattara-prolonge-le-mandat-de-bira-sene#breadcrumb","itemListElement":[{"@type":"ListItem","position":1,"name":"Accueil","item":"https:\/\/www.africa-press.net\/senegal\/"},{"@type":"ListItem","position":2,"name":"CNG : Yankhoba Diattara prolonge le mandat de Bira S\u00e8ne"}]},{"@type":"WebSite","@id":"https:\/\/www.africa-press.net\/senegal\/#website","url":"https:\/\/www.africa-press.net\/senegal\/","name":"Africa Press | Senegal | Homepage","description":"Just another Africa News Agency Sites site","potentialAction":[{"@type":"SearchAction","target":{"@type":"EntryPoint","urlTemplate":"https:\/\/www.africa-press.net\/senegal\/?s={search_term_string}"},"query-input":{"@type":"PropertyValueSpecification","valueRequired":true,"valueName":"search_term_string"}}],"inLanguage":"fr-FR"},{"@type":"Person","@id":"https:\/\/www.africa-press.net\/senegal\/#\/schema\/person\/2b1cf3cd81a31e3cd26889ca66d677f1","name":"cfeditorfr","url":"https:\/\/www.africa-press.net\/senegal\/author\/cfeditorfr"}]}},"_links":{"self":[{"href":"https:\/\/www.africa-press.net\/senegal\/wp-json\/wp\/v2\/posts\/38398","targetHints":{"allow":["GET"]}}],"collection":[{"href":"https:\/\/www.africa-press.net\/senegal\/wp-json\/wp\/v2\/posts"}],"about":[{"href":"https:\/\/www.africa-press.net\/senegal\/wp-json\/wp\/v2\/types\/post"}],"author":[{"embeddable":true,"href":"https:\/\/www.africa-press.net\/senegal\/wp-json\/wp\/v2\/users\/82"}],"replies":[{"embeddable":true,"href":"https:\/\/www.africa-press.net\/senegal\/wp-json\/wp\/v2\/comments?post=38398"}],"version-history":[{"count":0,"href":"https:\/\/www.africa-press.net\/senegal\/wp-json\/wp\/v2\/posts\/38398\/revisions"}],"wp:featuredmedia":[{"embeddable":true,"href":"https:\/\/www.africa-press.net\/senegal\/wp-json\/wp\/v2\/media\/38397"}],"wp:attachment":[{"href":"https:\/\/www.africa-press.net\/senegal\/wp-json\/wp\/v2\/media?parent=38398"}],"wp:term":[{"taxonomy":"category","embeddable":true,"href":"https:\/\/www.africa-press.net\/senegal\/wp-json\/wp\/v2\/categories?post=38398"},{"taxonomy":"post_tag","embeddable":true,"href":"https:\/\/www.africa-press.net\/senegal\/wp-json\/wp\/v2\/tags?post=38398"}],"curies":[{"name":"wp","href":"https:\/\/api.w.org\/{rel}","templated":true}]}}