{"id":38400,"date":"2023-01-21T19:06:47","date_gmt":"2023-01-21T19:06:47","guid":{"rendered":"https:\/\/www.africa-press.net\/senegal\/politique\/meeting-de-keur-massar-pastef-mobilise-ses-troupes-et-met-en-garde-le-pouvoir"},"modified":"2023-01-21T19:20:39","modified_gmt":"2023-01-21T19:20:39","slug":"meeting-de-keur-massar-pastef-mobilise-ses-troupes-et-met-en-garde-le-pouvoir","status":"publish","type":"post","link":"https:\/\/www.africa-press.net\/senegal\/politique\/meeting-de-keur-massar-pastef-mobilise-ses-troupes-et-met-en-garde-le-pouvoir","title":{"rendered":"Meeting de Keur Massar: Pastef mobilise ses troupes et met en garde le pouvoir"},"content":{"rendered":"<p><span style=\"color: #ff6600\"><strong>Africa-Press &#8211; Senegal. <\/strong><\/span>Le leader de Parti Pastef Ousmane Sonko est attendu ce dimanche 22 janvier a\u0300 Keur Massar pour un me\u0301ga meeting en vue de l\u2019e\u0301lection pre\u0301sidentielle de 2024. Un rendez-vous pour les \u00ab\u00a0Patriotes\u00a0\u00bb, l\u2019occasion de rendre hommage a\u0300 Mariama Sagna, assassine\u0301 selon eux en 2018. Et la jeunesse patriotique du Se\u0301ne\u0301gal s&rsquo;e\u0301rige en bouclier et sonne de\u0301ja\u0300 la mobilisation.<\/p>\n<p>Pour ces jeunes, le but du pouvoir est de le provoquer a\u0300 ce que les hostilite\u0301s commencent par leur camp et d\u2019organiser des plans pour arre\u0302ter Sonko. Sur ce, les jeunes \u00a0\u00bb patriotes\u00a0\u00bb apportent leur total soutien au leader et pre\u0301sident de Pastef Ousmane Sonko. Ils estiment que le pre\u0301sident Macky Sall ne peut plus continuer a\u0300 e\u0301liminer des candidats une e\u0301lection pre\u0301sidentielle .<\/p>\n<p>\u00a0\u00bb Je commence par lancer un appel solennel a\u0300 l&rsquo;endroit de la jeunesse: venez assez nombreux au me\u0301ga meeting de Pastef a\u0300 Keur Massar. L&rsquo;heure est grave, cette affaire Sweet beauty est loin d&rsquo;e\u0302tre une affaire Adji Sarr vs. Ousmane Sonko. C&rsquo;est un banditisme d&rsquo;E\u0301tat. Le seul but est de liquider le pre\u0301sident de Pastef. Et cela ne passera pas\u00a0\u00bb, de\u0301clarent-ils avant d&rsquo;ajouter que dans ce contexte, le combat sera ine\u0301vitable. \u00ab\u00a0Le pre\u0301sident Ousmane Sonko sera le successeur de Macky Sall en 2024. En ce qui concerne la tenue du proce\u0300s, nous sommes cate\u0301goriques : notre leader ne va re\u0301pondre a\u0300 ce deux poids, deux mesures. Le certificat me\u0301dical a blanchi l&rsquo;accuse\u0301. Ousmane Sonko ne sera pas l&rsquo;agneau du sacrifice. Nous sommes pre\u0302ts a\u0300 y laisser nos vies. Il faut que c\u0327a soit clair\u00a0\u00bb, ont-ils re\u0301ve\u0301le\u0301.<\/p>\n<p>Les jeunes \u00ab\u00a0patriotes\u00a0\u00bb appellent a\u0300 la re\u0301sistance pour \u00ab\u00a0prote\u0301ger Ousmane Sonko contre toute e\u0301ventuelle tentative de liquidation venant du pouvoir\u00a0\u00bb. Ainsi, ils re\u0301ve\u0300lent que \u00a0\u00bb l&rsquo;escalade est ine\u0301vitable car le chef de l&rsquo;opposition ne se sera jamais l&rsquo;agneau du sacrifice dans un proce\u0300s politique \u00ab\u00a0.<\/p>\n<p><strong>Pour plus d&rsquo;informations et d&rsquo;analyses sur la <a href=\"https:\/\/www.africa-press.net\/senegal\">Senegal<\/a>, suivez <a href=\"https:\/\/www.africa-press.net\/\">Africa-Press<\/a><\/strong><\/p>\n","protected":false},"excerpt":{"rendered":"<p>Africa-Press &#8211; Senegal. Le leader de Parti Pastef Ousmane Sonko est attendu ce dimanche 22 janvier a\u0300 Keur Massar pour un me\u0301ga meeting en vue de l\u2019e\u0301lection pre\u0301sidentielle de 2024. Un rendez-vous pour les \u00ab\u00a0Patriotes\u00a0\u00bb, l\u2019occasion de rendre hommage a\u0300 Mariama Sagna, assassine\u0301 selon eux en 2018. Et la jeunesse patriotique du Se\u0301ne\u0301gal s&rsquo;e\u0301rige en [&hellip;]<\/p>\n","protected":false},"author":82,"featured_media":38399,"comment_status":"open","ping_status":"closed","sticky":false,"template":"","format":"standard","meta":{"footnotes":""},"categories":[2,20,10],"tags":[43,47,44],"class_list":["post-38400","post","type-post","status-publish","format-standard","has-post-thumbnail","hentry","category-politique","category-top-nouvelles","category-toutes-les-actualites","tag-africa-press-2","tag-africa-press-senegal","tag-senegal-2"],"yoast_head":"<!-- This site is optimized with the Yoast SEO Premium plugin v26.1 (Yoast SEO v27.0) - https:\/\/yoast.com\/product\/yoast-seo-premium-wordpress\/ -->\n<title>Meeting de Keur Massar: Pastef mobilise ses troupes et met en garde le pouvoir - Senegal<\/title>\n<meta name=\"description\" content=\"Le leader de Parti Pastef Ousmane Sonko est attendu ce dimanche 22 janvier a\u0300 Keur Massar pour un me\u0301ga meeting en vue d ...\" \/>\n<meta name=\"robots\" content=\"index, follow, max-snippet:-1, max-image-preview:large, max-video-preview:-1\" \/>\n<link rel=\"canonical\" href=\"https:\/\/www.africa-press.net\/senegal\/politique\/meeting-de-keur-massar-pastef-mobilise-ses-troupes-et-met-en-garde-le-pouvoir\" \/>\n<meta property=\"og:locale\" content=\"fr_FR\" \/>\n<meta property=\"og:type\" content=\"article\" \/>\n<meta property=\"og:title\" content=\"Meeting de Keur Massar: Pastef mobilise ses troupes et met en garde le pouvoir\" \/>\n<meta property=\"og:description\" content=\"Le leader de Parti Pastef Ousmane Sonko est attendu ce dimanche 22 janvier a\u0300 Keur Massar pour un me\u0301ga meeting en vue d ...\" \/>\n<meta property=\"og:url\" content=\"https:\/\/www.africa-press.net\/senegal\/politique\/meeting-de-keur-massar-pastef-mobilise-ses-troupes-et-met-en-garde-le-pouvoir\" \/>\n<meta property=\"og:site_name\" content=\"Senegal\" \/>\n<meta property=\"article:published_time\" content=\"2023-01-21T19:06:47+00:00\" \/>\n<meta property=\"article:modified_time\" content=\"2023-01-21T19:20:39+00:00\" \/>\n<meta property=\"og:image\" content=\"https:\/\/static.africa-press.net\/senegal\/sites\/13\/2023\/01\/postQueueImg_1674315415.62.jpg\" \/>\n\t<meta property=\"og:image:width\" content=\"720\" \/>\n\t<meta property=\"og:image:height\" content=\"350\" \/>\n\t<meta property=\"og:image:type\" content=\"image\/jpeg\" \/>\n<meta name=\"author\" content=\"cfeditorfr\" \/>\n<meta name=\"twitter:card\" content=\"summary_large_image\" \/>\n<meta name=\"twitter:label1\" content=\"\u00c9crit par\" \/>\n\t<meta name=\"twitter:data1\" content=\"cfeditorfr\" \/>\n\t<meta name=\"twitter:label2\" content=\"Dur\u00e9e de lecture estim\u00e9e\" \/>\n\t<meta name=\"twitter:data2\" content=\"2 minutes\" \/>\n<script type=\"application\/ld+json\" class=\"yoast-schema-graph\">{\"@context\":\"https:\/\/schema.org\",\"@graph\":[{\"@type\":\"Article\",\"@id\":\"https:\/\/www.africa-press.net\/senegal\/politique\/meeting-de-keur-massar-pastef-mobilise-ses-troupes-et-met-en-garde-le-pouvoir#article\",\"isPartOf\":{\"@id\":\"https:\/\/www.africa-press.net\/senegal\/politique\/meeting-de-keur-massar-pastef-mobilise-ses-troupes-et-met-en-garde-le-pouvoir\"},\"author\":{\"name\":\"cfeditorfr\",\"@id\":\"https:\/\/www.africa-press.net\/senegal\/#\/schema\/person\/2b1cf3cd81a31e3cd26889ca66d677f1\"},\"headline\":\"Meeting de Keur Massar: Pastef mobilise ses troupes et met en garde le pouvoir\",\"datePublished\":\"2023-01-21T19:06:47+00:00\",\"dateModified\":\"2023-01-21T19:20:39+00:00\",\"mainEntityOfPage\":{\"@id\":\"https:\/\/www.africa-press.net\/senegal\/politique\/meeting-de-keur-massar-pastef-mobilise-ses-troupes-et-met-en-garde-le-pouvoir\"},\"wordCount\":373,\"commentCount\":0,\"image\":{\"@id\":\"https:\/\/www.africa-press.net\/senegal\/politique\/meeting-de-keur-massar-pastef-mobilise-ses-troupes-et-met-en-garde-le-pouvoir#primaryimage\"},\"thumbnailUrl\":\"https:\/\/static.africa-press.net\/senegal\/sites\/13\/2023\/01\/postQueueImg_1674315415.62.jpg\",\"keywords\":[\"Africa Press\",\"Africa Press-Senegal\",\"Senegal\"],\"articleSection\":[\"Politique\",\"Top Nouvelles\",\"Toutes les actualit\u00e9s\"],\"inLanguage\":\"fr-FR\",\"potentialAction\":[{\"@type\":\"CommentAction\",\"name\":\"Comment\",\"target\":[\"https:\/\/www.africa-press.net\/senegal\/politique\/meeting-de-keur-massar-pastef-mobilise-ses-troupes-et-met-en-garde-le-pouvoir#respond\"]}]},{\"@type\":\"WebPage\",\"@id\":\"https:\/\/www.africa-press.net\/senegal\/politique\/meeting-de-keur-massar-pastef-mobilise-ses-troupes-et-met-en-garde-le-pouvoir\",\"url\":\"https:\/\/www.africa-press.net\/senegal\/politique\/meeting-de-keur-massar-pastef-mobilise-ses-troupes-et-met-en-garde-le-pouvoir\",\"name\":\"Meeting de Keur Massar: Pastef mobilise ses troupes et met en garde le pouvoir - Senegal\",\"isPartOf\":{\"@id\":\"https:\/\/www.africa-press.net\/senegal\/#website\"},\"primaryImageOfPage\":{\"@id\":\"https:\/\/www.africa-press.net\/senegal\/politique\/meeting-de-keur-massar-pastef-mobilise-ses-troupes-et-met-en-garde-le-pouvoir#primaryimage\"},\"image\":{\"@id\":\"https:\/\/www.africa-press.net\/senegal\/politique\/meeting-de-keur-massar-pastef-mobilise-ses-troupes-et-met-en-garde-le-pouvoir#primaryimage\"},\"thumbnailUrl\":\"https:\/\/static.africa-press.net\/senegal\/sites\/13\/2023\/01\/postQueueImg_1674315415.62.jpg\",\"datePublished\":\"2023-01-21T19:06:47+00:00\",\"dateModified\":\"2023-01-21T19:20:39+00:00\",\"author\":{\"@id\":\"https:\/\/www.africa-press.net\/senegal\/#\/schema\/person\/2b1cf3cd81a31e3cd26889ca66d677f1\"},\"description\":\"Le leader de Parti Pastef Ousmane Sonko est attendu ce dimanche 22 janvier a\u0300 Keur Massar pour un me\u0301ga meeting en vue d ...\",\"breadcrumb\":{\"@id\":\"https:\/\/www.africa-press.net\/senegal\/politique\/meeting-de-keur-massar-pastef-mobilise-ses-troupes-et-met-en-garde-le-pouvoir#breadcrumb\"},\"inLanguage\":\"fr-FR\",\"potentialAction\":[{\"@type\":\"ReadAction\",\"target\":[\"https:\/\/www.africa-press.net\/senegal\/politique\/meeting-de-keur-massar-pastef-mobilise-ses-troupes-et-met-en-garde-le-pouvoir\"]}]},{\"@type\":\"ImageObject\",\"inLanguage\":\"fr-FR\",\"@id\":\"https:\/\/www.africa-press.net\/senegal\/politique\/meeting-de-keur-massar-pastef-mobilise-ses-troupes-et-met-en-garde-le-pouvoir#primaryimage\",\"url\":\"https:\/\/static.africa-press.net\/senegal\/sites\/13\/2023\/01\/postQueueImg_1674315415.62.jpg\",\"contentUrl\":\"https:\/\/static.africa-press.net\/senegal\/sites\/13\/2023\/01\/postQueueImg_1674315415.62.jpg\",\"width\":720,\"height\":350,\"caption\":\"Meeting de Keur Massar: Pastef mobilise ses troupes et met en garde le pouvoir\"},{\"@type\":\"BreadcrumbList\",\"@id\":\"https:\/\/www.africa-press.net\/senegal\/politique\/meeting-de-keur-massar-pastef-mobilise-ses-troupes-et-met-en-garde-le-pouvoir#breadcrumb\",\"itemListElement\":[{\"@type\":\"ListItem\",\"position\":1,\"name\":\"Accueil\",\"item\":\"https:\/\/www.africa-press.net\/senegal\/\"},{\"@type\":\"ListItem\",\"position\":2,\"name\":\"Meeting de Keur Massar: Pastef mobilise ses troupes et met en garde le pouvoir\"}]},{\"@type\":\"WebSite\",\"@id\":\"https:\/\/www.africa-press.net\/senegal\/#website\",\"url\":\"https:\/\/www.africa-press.net\/senegal\/\",\"name\":\"Africa Press | Senegal | Homepage\",\"description\":\"Just another Africa News Agency Sites site\",\"potentialAction\":[{\"@type\":\"SearchAction\",\"target\":{\"@type\":\"EntryPoint\",\"urlTemplate\":\"https:\/\/www.africa-press.net\/senegal\/?s={search_term_string}\"},\"query-input\":{\"@type\":\"PropertyValueSpecification\",\"valueRequired\":true,\"valueName\":\"search_term_string\"}}],\"inLanguage\":\"fr-FR\"},{\"@type\":\"Person\",\"@id\":\"https:\/\/www.africa-press.net\/senegal\/#\/schema\/person\/2b1cf3cd81a31e3cd26889ca66d677f1\",\"name\":\"cfeditorfr\",\"url\":\"https:\/\/www.africa-press.net\/senegal\/author\/cfeditorfr\"}]}<\/script>\n<!-- \/ Yoast SEO Premium plugin. -->","yoast_head_json":{"title":"Meeting de Keur Massar: Pastef mobilise ses troupes et met en garde le pouvoir - Senegal","description":"Le leader de Parti Pastef Ousmane Sonko est attendu ce dimanche 22 janvier a\u0300 Keur Massar pour un me\u0301ga meeting en vue d ...","robots":{"index":"index","follow":"follow","max-snippet":"max-snippet:-1","max-image-preview":"max-image-preview:large","max-video-preview":"max-video-preview:-1"},"canonical":"https:\/\/www.africa-press.net\/senegal\/politique\/meeting-de-keur-massar-pastef-mobilise-ses-troupes-et-met-en-garde-le-pouvoir","og_locale":"fr_FR","og_type":"article","og_title":"Meeting de Keur Massar: Pastef mobilise ses troupes et met en garde le pouvoir","og_description":"Le leader de Parti Pastef Ousmane Sonko est attendu ce dimanche 22 janvier a\u0300 Keur Massar pour un me\u0301ga meeting en vue d ...","og_url":"https:\/\/www.africa-press.net\/senegal\/politique\/meeting-de-keur-massar-pastef-mobilise-ses-troupes-et-met-en-garde-le-pouvoir","og_site_name":"Senegal","article_published_time":"2023-01-21T19:06:47+00:00","article_modified_time":"2023-01-21T19:20:39+00:00","og_image":[{"width":720,"height":350,"url":"https:\/\/static.africa-press.net\/senegal\/sites\/13\/2023\/01\/postQueueImg_1674315415.62.jpg","type":"image\/jpeg"}],"author":"cfeditorfr","twitter_card":"summary_large_image","twitter_misc":{"\u00c9crit par":"cfeditorfr","Dur\u00e9e de lecture estim\u00e9e":"2 minutes"},"schema":{"@context":"https:\/\/schema.org","@graph":[{"@type":"Article","@id":"https:\/\/www.africa-press.net\/senegal\/politique\/meeting-de-keur-massar-pastef-mobilise-ses-troupes-et-met-en-garde-le-pouvoir#article","isPartOf":{"@id":"https:\/\/www.africa-press.net\/senegal\/politique\/meeting-de-keur-massar-pastef-mobilise-ses-troupes-et-met-en-garde-le-pouvoir"},"author":{"name":"cfeditorfr","@id":"https:\/\/www.africa-press.net\/senegal\/#\/schema\/person\/2b1cf3cd81a31e3cd26889ca66d677f1"},"headline":"Meeting de Keur Massar: Pastef mobilise ses troupes et met en garde le pouvoir","datePublished":"2023-01-21T19:06:47+00:00","dateModified":"2023-01-21T19:20:39+00:00","mainEntityOfPage":{"@id":"https:\/\/www.africa-press.net\/senegal\/politique\/meeting-de-keur-massar-pastef-mobilise-ses-troupes-et-met-en-garde-le-pouvoir"},"wordCount":373,"commentCount":0,"image":{"@id":"https:\/\/www.africa-press.net\/senegal\/politique\/meeting-de-keur-massar-pastef-mobilise-ses-troupes-et-met-en-garde-le-pouvoir#primaryimage"},"thumbnailUrl":"https:\/\/static.africa-press.net\/senegal\/sites\/13\/2023\/01\/postQueueImg_1674315415.62.jpg","keywords":["Africa Press","Africa Press-Senegal","Senegal"],"articleSection":["Politique","Top Nouvelles","Toutes les actualit\u00e9s"],"inLanguage":"fr-FR","potentialAction":[{"@type":"CommentAction","name":"Comment","target":["https:\/\/www.africa-press.net\/senegal\/politique\/meeting-de-keur-massar-pastef-mobilise-ses-troupes-et-met-en-garde-le-pouvoir#respond"]}]},{"@type":"WebPage","@id":"https:\/\/www.africa-press.net\/senegal\/politique\/meeting-de-keur-massar-pastef-mobilise-ses-troupes-et-met-en-garde-le-pouvoir","url":"https:\/\/www.africa-press.net\/senegal\/politique\/meeting-de-keur-massar-pastef-mobilise-ses-troupes-et-met-en-garde-le-pouvoir","name":"Meeting de Keur Massar: Pastef mobilise ses troupes et met en garde le pouvoir - Senegal","isPartOf":{"@id":"https:\/\/www.africa-press.net\/senegal\/#website"},"primaryImageOfPage":{"@id":"https:\/\/www.africa-press.net\/senegal\/politique\/meeting-de-keur-massar-pastef-mobilise-ses-troupes-et-met-en-garde-le-pouvoir#primaryimage"},"image":{"@id":"https:\/\/www.africa-press.net\/senegal\/politique\/meeting-de-keur-massar-pastef-mobilise-ses-troupes-et-met-en-garde-le-pouvoir#primaryimage"},"thumbnailUrl":"https:\/\/static.africa-press.net\/senegal\/sites\/13\/2023\/01\/postQueueImg_1674315415.62.jpg","datePublished":"2023-01-21T19:06:47+00:00","dateModified":"2023-01-21T19:20:39+00:00","author":{"@id":"https:\/\/www.africa-press.net\/senegal\/#\/schema\/person\/2b1cf3cd81a31e3cd26889ca66d677f1"},"description":"Le leader de Parti Pastef Ousmane Sonko est attendu ce dimanche 22 janvier a\u0300 Keur Massar pour un me\u0301ga meeting en vue d ...","breadcrumb":{"@id":"https:\/\/www.africa-press.net\/senegal\/politique\/meeting-de-keur-massar-pastef-mobilise-ses-troupes-et-met-en-garde-le-pouvoir#breadcrumb"},"inLanguage":"fr-FR","potentialAction":[{"@type":"ReadAction","target":["https:\/\/www.africa-press.net\/senegal\/politique\/meeting-de-keur-massar-pastef-mobilise-ses-troupes-et-met-en-garde-le-pouvoir"]}]},{"@type":"ImageObject","inLanguage":"fr-FR","@id":"https:\/\/www.africa-press.net\/senegal\/politique\/meeting-de-keur-massar-pastef-mobilise-ses-troupes-et-met-en-garde-le-pouvoir#primaryimage","url":"https:\/\/static.africa-press.net\/senegal\/sites\/13\/2023\/01\/postQueueImg_1674315415.62.jpg","contentUrl":"https:\/\/static.africa-press.net\/senegal\/sites\/13\/2023\/01\/postQueueImg_1674315415.62.jpg","width":720,"height":350,"caption":"Meeting de Keur Massar: Pastef mobilise ses troupes et met en garde le pouvoir"},{"@type":"BreadcrumbList","@id":"https:\/\/www.africa-press.net\/senegal\/politique\/meeting-de-keur-massar-pastef-mobilise-ses-troupes-et-met-en-garde-le-pouvoir#breadcrumb","itemListElement":[{"@type":"ListItem","position":1,"name":"Accueil","item":"https:\/\/www.africa-press.net\/senegal\/"},{"@type":"ListItem","position":2,"name":"Meeting de Keur Massar: Pastef mobilise ses troupes et met en garde le pouvoir"}]},{"@type":"WebSite","@id":"https:\/\/www.africa-press.net\/senegal\/#website","url":"https:\/\/www.africa-press.net\/senegal\/","name":"Africa Press | Senegal | Homepage","description":"Just another Africa News Agency Sites site","potentialAction":[{"@type":"SearchAction","target":{"@type":"EntryPoint","urlTemplate":"https:\/\/www.africa-press.net\/senegal\/?s={search_term_string}"},"query-input":{"@type":"PropertyValueSpecification","valueRequired":true,"valueName":"search_term_string"}}],"inLanguage":"fr-FR"},{"@type":"Person","@id":"https:\/\/www.africa-press.net\/senegal\/#\/schema\/person\/2b1cf3cd81a31e3cd26889ca66d677f1","name":"cfeditorfr","url":"https:\/\/www.africa-press.net\/senegal\/author\/cfeditorfr"}]}},"_links":{"self":[{"href":"https:\/\/www.africa-press.net\/senegal\/wp-json\/wp\/v2\/posts\/38400","targetHints":{"allow":["GET"]}}],"collection":[{"href":"https:\/\/www.africa-press.net\/senegal\/wp-json\/wp\/v2\/posts"}],"about":[{"href":"https:\/\/www.africa-press.net\/senegal\/wp-json\/wp\/v2\/types\/post"}],"author":[{"embeddable":true,"href":"https:\/\/www.africa-press.net\/senegal\/wp-json\/wp\/v2\/users\/82"}],"replies":[{"embeddable":true,"href":"https:\/\/www.africa-press.net\/senegal\/wp-json\/wp\/v2\/comments?post=38400"}],"version-history":[{"count":0,"href":"https:\/\/www.africa-press.net\/senegal\/wp-json\/wp\/v2\/posts\/38400\/revisions"}],"wp:featuredmedia":[{"embeddable":true,"href":"https:\/\/www.africa-press.net\/senegal\/wp-json\/wp\/v2\/media\/38399"}],"wp:attachment":[{"href":"https:\/\/www.africa-press.net\/senegal\/wp-json\/wp\/v2\/media?parent=38400"}],"wp:term":[{"taxonomy":"category","embeddable":true,"href":"https:\/\/www.africa-press.net\/senegal\/wp-json\/wp\/v2\/categories?post=38400"},{"taxonomy":"post_tag","embeddable":true,"href":"https:\/\/www.africa-press.net\/senegal\/wp-json\/wp\/v2\/tags?post=38400"}],"curies":[{"name":"wp","href":"https:\/\/api.w.org\/{rel}","templated":true}]}}