{"id":38957,"date":"2023-02-02T08:12:28","date_gmt":"2023-02-02T08:12:28","guid":{"rendered":"https:\/\/www.africa-press.net\/senegal\/politique\/maleye-diagne-signe-au-riga-fc"},"modified":"2023-02-02T08:12:28","modified_gmt":"2023-02-02T08:12:28","slug":"maleye-diagne-signe-au-riga-fc","status":"publish","type":"post","link":"https:\/\/www.africa-press.net\/senegal\/sports\/maleye-diagne-signe-au-riga-fc","title":{"rendered":"Mal\u00e8ye Diagne signe au Riga FC"},"content":{"rendered":"<p><span style=\"color: #ff6600\"><strong>Africa-Press &#8211; Senegal. <\/strong><\/span>Le jeune attaquant se\u0301ne\u0301galais, natif du de\u0301partement de Mbacke\u0301 (centre) Male\u0300ye Diagne, s\u2019est engage\u0301 mercredi pour les trois prochaines saisons avec le Riga FC, un club letton qui e\u0301volue en premie\u0300re division, a annonce\u0301 le me\u0302me jour le joueur.<\/p>\n<p>Ancien pensionnaire de l\u2019institut Diambars, Male\u0300ye Diagne, 20 ans, signe ainsi son tout premier contrat avec un club professionnel en Europe. \u2018\u2019 (&#8230;) Heureux de vous annoncer mon premier contrat professionnel avec Riga FC. Un grand merci a\u0300 ma famille, mes amis et Diambars et a\u0300 tous ceux qui ont cru en moi (&#8230;)\u2019\u2019, a poste\u0301 le joueur forme\u0301 a\u0300 Diambars sur les re\u0301seaux sociaux.<\/p>\n<p>Le joueur qui a fait sa pre\u0301formation a\u0300 l\u2019e\u0301cole de football Fierte\u0301 FC va de\u0301couvrir le championnat de Lettonie de football aussi appele\u0301 Virsliga. Son nouveau club, Riga FC, qui e\u0301volue depuis 2016 dans l\u2019e\u0301lite a e\u0301te\u0301 vice-champion de Lettonie la saison dernie\u0300re.<\/p>\n<p>Male\u0300ye Diagne avait inscrit le but victorieux du Se\u0301ne\u0301gal face a\u0300 la Guine\u0301e (1-0) au stade du pre\u0301sident Abdoulaye Wade, en match aller comptant pour le dernier tour des e\u0301liminatoires du Championnat d\u2019Afrique des nations (CHAN 2022) qui se dispute actuellement en Alge\u0301rie.<\/p>\n<p>Malgre\u0301 ses belles prestations avec l\u2019e\u0301quipe nationale locale, le jeune Lion n\u2019a pas e\u0301te\u0301 retenu dans la liste des joueurs convoque\u0301s par le se\u0301lectionneur Pape Thiaw pour prendre part a\u0300 cette compe\u0301tition re\u0301serve\u0301e aux joueurs qui e\u0301voluent dans les championnats nationaux.<\/p>\n<p><strong>Pour plus d&rsquo;informations et d&rsquo;analyses sur la <a href=\"https:\/\/www.africa-press.net\/senegal\">Senegal<\/a>, suivez <a href=\"https:\/\/www.africa-press.net\/\">Africa-Press<\/a><\/strong><\/p>\n","protected":false},"excerpt":{"rendered":"<p>Africa-Press &#8211; Senegal. Le jeune attaquant se\u0301ne\u0301galais, natif du de\u0301partement de Mbacke\u0301 (centre) Male\u0300ye Diagne, s\u2019est engage\u0301 mercredi pour les trois prochaines saisons avec le Riga FC, un club letton qui e\u0301volue en premie\u0300re division, a annonce\u0301 le me\u0302me jour le joueur. Ancien pensionnaire de l\u2019institut Diambars, Male\u0300ye Diagne, 20 ans, signe ainsi son tout [&hellip;]<\/p>\n","protected":false},"author":82,"featured_media":38956,"comment_status":"open","ping_status":"closed","sticky":false,"template":"","format":"standard","meta":{"footnotes":""},"categories":[6,10],"tags":[43,47,44],"class_list":["post-38957","post","type-post","status-publish","format-standard","has-post-thumbnail","hentry","category-sports","category-toutes-les-actualites","tag-africa-press-2","tag-africa-press-senegal","tag-senegal-2"],"yoast_head":"<!-- This site is optimized with the Yoast SEO Premium plugin v26.1 (Yoast SEO v27.0) - https:\/\/yoast.com\/product\/yoast-seo-premium-wordpress\/ -->\n<title>Mal\u00e8ye Diagne signe au Riga FC - Senegal<\/title>\n<meta name=\"robots\" content=\"index, follow, max-snippet:-1, max-image-preview:large, max-video-preview:-1\" \/>\n<link rel=\"canonical\" href=\"https:\/\/www.africa-press.net\/senegal\/politique\/maleye-diagne-signe-au-riga-fc\" \/>\n<meta property=\"og:locale\" content=\"fr_FR\" \/>\n<meta property=\"og:type\" content=\"article\" \/>\n<meta property=\"og:title\" content=\"Mal\u00e8ye Diagne signe au Riga FC\" \/>\n<meta property=\"og:description\" content=\"Africa-Press &#8211; Senegal. Le jeune attaquant se\u0301ne\u0301galais, natif du de\u0301partement de Mbacke\u0301 (centre) Male\u0300ye Diagne, s\u2019est engage\u0301 mercredi pour les trois prochaines saisons avec le Riga FC, un club letton qui e\u0301volue en premie\u0300re division, a annonce\u0301 le me\u0302me jour le joueur. Ancien pensionnaire de l\u2019institut Diambars, Male\u0300ye Diagne, 20 ans, signe ainsi son tout [&hellip;]\" \/>\n<meta property=\"og:url\" content=\"https:\/\/www.africa-press.net\/senegal\/politique\/maleye-diagne-signe-au-riga-fc\" \/>\n<meta property=\"og:site_name\" content=\"Senegal\" \/>\n<meta property=\"article:published_time\" content=\"2023-02-02T08:12:28+00:00\" \/>\n<meta name=\"author\" content=\"cfeditorfr\" \/>\n<meta name=\"twitter:card\" content=\"summary_large_image\" \/>\n<meta name=\"twitter:label1\" content=\"\u00c9crit par\" \/>\n\t<meta name=\"twitter:data1\" content=\"cfeditorfr\" \/>\n\t<meta name=\"twitter:label2\" content=\"Dur\u00e9e de lecture estim\u00e9e\" \/>\n\t<meta name=\"twitter:data2\" content=\"1 minute\" \/>\n<script type=\"application\/ld+json\" class=\"yoast-schema-graph\">{\"@context\":\"https:\/\/schema.org\",\"@graph\":[{\"@type\":\"Article\",\"@id\":\"https:\/\/www.africa-press.net\/senegal\/politique\/maleye-diagne-signe-au-riga-fc#article\",\"isPartOf\":{\"@id\":\"https:\/\/www.africa-press.net\/senegal\/politique\/maleye-diagne-signe-au-riga-fc\"},\"author\":{\"name\":\"cfeditorfr\",\"@id\":\"https:\/\/www.africa-press.net\/senegal\/#\/schema\/person\/2b1cf3cd81a31e3cd26889ca66d677f1\"},\"headline\":\"Mal\u00e8ye Diagne signe au Riga FC\",\"datePublished\":\"2023-02-02T08:12:28+00:00\",\"mainEntityOfPage\":{\"@id\":\"https:\/\/www.africa-press.net\/senegal\/politique\/maleye-diagne-signe-au-riga-fc\"},\"wordCount\":285,\"commentCount\":0,\"image\":{\"@id\":\"https:\/\/www.africa-press.net\/senegal\/politique\/maleye-diagne-signe-au-riga-fc#primaryimage\"},\"thumbnailUrl\":\"https:\/\/static.africa-press.net\/senegal\/sites\/13\/2023\/02\/postQueueImg_1675313034.51.jpg\",\"keywords\":[\"Africa Press\",\"Africa Press-Senegal\",\"Senegal\"],\"articleSection\":[\"Sports\",\"Toutes les actualit\u00e9s\"],\"inLanguage\":\"fr-FR\",\"potentialAction\":[{\"@type\":\"CommentAction\",\"name\":\"Comment\",\"target\":[\"https:\/\/www.africa-press.net\/senegal\/politique\/maleye-diagne-signe-au-riga-fc#respond\"]}]},{\"@type\":\"WebPage\",\"@id\":\"https:\/\/www.africa-press.net\/senegal\/politique\/maleye-diagne-signe-au-riga-fc\",\"url\":\"https:\/\/www.africa-press.net\/senegal\/politique\/maleye-diagne-signe-au-riga-fc\",\"name\":\"Mal\u00e8ye Diagne signe au Riga FC - Senegal\",\"isPartOf\":{\"@id\":\"https:\/\/www.africa-press.net\/senegal\/#website\"},\"primaryImageOfPage\":{\"@id\":\"https:\/\/www.africa-press.net\/senegal\/politique\/maleye-diagne-signe-au-riga-fc#primaryimage\"},\"image\":{\"@id\":\"https:\/\/www.africa-press.net\/senegal\/politique\/maleye-diagne-signe-au-riga-fc#primaryimage\"},\"thumbnailUrl\":\"https:\/\/static.africa-press.net\/senegal\/sites\/13\/2023\/02\/postQueueImg_1675313034.51.jpg\",\"datePublished\":\"2023-02-02T08:12:28+00:00\",\"author\":{\"@id\":\"https:\/\/www.africa-press.net\/senegal\/#\/schema\/person\/2b1cf3cd81a31e3cd26889ca66d677f1\"},\"breadcrumb\":{\"@id\":\"https:\/\/www.africa-press.net\/senegal\/politique\/maleye-diagne-signe-au-riga-fc#breadcrumb\"},\"inLanguage\":\"fr-FR\",\"potentialAction\":[{\"@type\":\"ReadAction\",\"target\":[\"https:\/\/www.africa-press.net\/senegal\/politique\/maleye-diagne-signe-au-riga-fc\"]}]},{\"@type\":\"ImageObject\",\"inLanguage\":\"fr-FR\",\"@id\":\"https:\/\/www.africa-press.net\/senegal\/politique\/maleye-diagne-signe-au-riga-fc#primaryimage\",\"url\":\"https:\/\/static.africa-press.net\/senegal\/sites\/13\/2023\/02\/postQueueImg_1675313034.51.jpg\",\"contentUrl\":\"https:\/\/static.africa-press.net\/senegal\/sites\/13\/2023\/02\/postQueueImg_1675313034.51.jpg\",\"width\":1280,\"height\":720,\"caption\":\"Mal\u00e8ye Diagne signe au Riga FC\"},{\"@type\":\"BreadcrumbList\",\"@id\":\"https:\/\/www.africa-press.net\/senegal\/politique\/maleye-diagne-signe-au-riga-fc#breadcrumb\",\"itemListElement\":[{\"@type\":\"ListItem\",\"position\":1,\"name\":\"Accueil\",\"item\":\"https:\/\/www.africa-press.net\/senegal\/\"},{\"@type\":\"ListItem\",\"position\":2,\"name\":\"Mal\u00e8ye Diagne signe au Riga FC\"}]},{\"@type\":\"WebSite\",\"@id\":\"https:\/\/www.africa-press.net\/senegal\/#website\",\"url\":\"https:\/\/www.africa-press.net\/senegal\/\",\"name\":\"Africa Press | Senegal | Homepage\",\"description\":\"Just another Africa News Agency Sites site\",\"potentialAction\":[{\"@type\":\"SearchAction\",\"target\":{\"@type\":\"EntryPoint\",\"urlTemplate\":\"https:\/\/www.africa-press.net\/senegal\/?s={search_term_string}\"},\"query-input\":{\"@type\":\"PropertyValueSpecification\",\"valueRequired\":true,\"valueName\":\"search_term_string\"}}],\"inLanguage\":\"fr-FR\"},{\"@type\":\"Person\",\"@id\":\"https:\/\/www.africa-press.net\/senegal\/#\/schema\/person\/2b1cf3cd81a31e3cd26889ca66d677f1\",\"name\":\"cfeditorfr\",\"url\":\"https:\/\/www.africa-press.net\/senegal\/author\/cfeditorfr\"}]}<\/script>\n<!-- \/ Yoast SEO Premium plugin. -->","yoast_head_json":{"title":"Mal\u00e8ye Diagne signe au Riga FC - Senegal","robots":{"index":"index","follow":"follow","max-snippet":"max-snippet:-1","max-image-preview":"max-image-preview:large","max-video-preview":"max-video-preview:-1"},"canonical":"https:\/\/www.africa-press.net\/senegal\/politique\/maleye-diagne-signe-au-riga-fc","og_locale":"fr_FR","og_type":"article","og_title":"Mal\u00e8ye Diagne signe au Riga FC","og_description":"Africa-Press &#8211; Senegal. Le jeune attaquant se\u0301ne\u0301galais, natif du de\u0301partement de Mbacke\u0301 (centre) Male\u0300ye Diagne, s\u2019est engage\u0301 mercredi pour les trois prochaines saisons avec le Riga FC, un club letton qui e\u0301volue en premie\u0300re division, a annonce\u0301 le me\u0302me jour le joueur. Ancien pensionnaire de l\u2019institut Diambars, Male\u0300ye Diagne, 20 ans, signe ainsi son tout [&hellip;]","og_url":"https:\/\/www.africa-press.net\/senegal\/politique\/maleye-diagne-signe-au-riga-fc","og_site_name":"Senegal","article_published_time":"2023-02-02T08:12:28+00:00","author":"cfeditorfr","twitter_card":"summary_large_image","twitter_misc":{"\u00c9crit par":"cfeditorfr","Dur\u00e9e de lecture estim\u00e9e":"1 minute"},"schema":{"@context":"https:\/\/schema.org","@graph":[{"@type":"Article","@id":"https:\/\/www.africa-press.net\/senegal\/politique\/maleye-diagne-signe-au-riga-fc#article","isPartOf":{"@id":"https:\/\/www.africa-press.net\/senegal\/politique\/maleye-diagne-signe-au-riga-fc"},"author":{"name":"cfeditorfr","@id":"https:\/\/www.africa-press.net\/senegal\/#\/schema\/person\/2b1cf3cd81a31e3cd26889ca66d677f1"},"headline":"Mal\u00e8ye Diagne signe au Riga FC","datePublished":"2023-02-02T08:12:28+00:00","mainEntityOfPage":{"@id":"https:\/\/www.africa-press.net\/senegal\/politique\/maleye-diagne-signe-au-riga-fc"},"wordCount":285,"commentCount":0,"image":{"@id":"https:\/\/www.africa-press.net\/senegal\/politique\/maleye-diagne-signe-au-riga-fc#primaryimage"},"thumbnailUrl":"https:\/\/static.africa-press.net\/senegal\/sites\/13\/2023\/02\/postQueueImg_1675313034.51.jpg","keywords":["Africa Press","Africa Press-Senegal","Senegal"],"articleSection":["Sports","Toutes les actualit\u00e9s"],"inLanguage":"fr-FR","potentialAction":[{"@type":"CommentAction","name":"Comment","target":["https:\/\/www.africa-press.net\/senegal\/politique\/maleye-diagne-signe-au-riga-fc#respond"]}]},{"@type":"WebPage","@id":"https:\/\/www.africa-press.net\/senegal\/politique\/maleye-diagne-signe-au-riga-fc","url":"https:\/\/www.africa-press.net\/senegal\/politique\/maleye-diagne-signe-au-riga-fc","name":"Mal\u00e8ye Diagne signe au Riga FC - Senegal","isPartOf":{"@id":"https:\/\/www.africa-press.net\/senegal\/#website"},"primaryImageOfPage":{"@id":"https:\/\/www.africa-press.net\/senegal\/politique\/maleye-diagne-signe-au-riga-fc#primaryimage"},"image":{"@id":"https:\/\/www.africa-press.net\/senegal\/politique\/maleye-diagne-signe-au-riga-fc#primaryimage"},"thumbnailUrl":"https:\/\/static.africa-press.net\/senegal\/sites\/13\/2023\/02\/postQueueImg_1675313034.51.jpg","datePublished":"2023-02-02T08:12:28+00:00","author":{"@id":"https:\/\/www.africa-press.net\/senegal\/#\/schema\/person\/2b1cf3cd81a31e3cd26889ca66d677f1"},"breadcrumb":{"@id":"https:\/\/www.africa-press.net\/senegal\/politique\/maleye-diagne-signe-au-riga-fc#breadcrumb"},"inLanguage":"fr-FR","potentialAction":[{"@type":"ReadAction","target":["https:\/\/www.africa-press.net\/senegal\/politique\/maleye-diagne-signe-au-riga-fc"]}]},{"@type":"ImageObject","inLanguage":"fr-FR","@id":"https:\/\/www.africa-press.net\/senegal\/politique\/maleye-diagne-signe-au-riga-fc#primaryimage","url":"https:\/\/static.africa-press.net\/senegal\/sites\/13\/2023\/02\/postQueueImg_1675313034.51.jpg","contentUrl":"https:\/\/static.africa-press.net\/senegal\/sites\/13\/2023\/02\/postQueueImg_1675313034.51.jpg","width":1280,"height":720,"caption":"Mal\u00e8ye Diagne signe au Riga FC"},{"@type":"BreadcrumbList","@id":"https:\/\/www.africa-press.net\/senegal\/politique\/maleye-diagne-signe-au-riga-fc#breadcrumb","itemListElement":[{"@type":"ListItem","position":1,"name":"Accueil","item":"https:\/\/www.africa-press.net\/senegal\/"},{"@type":"ListItem","position":2,"name":"Mal\u00e8ye Diagne signe au Riga FC"}]},{"@type":"WebSite","@id":"https:\/\/www.africa-press.net\/senegal\/#website","url":"https:\/\/www.africa-press.net\/senegal\/","name":"Africa Press | Senegal | Homepage","description":"Just another Africa News Agency Sites site","potentialAction":[{"@type":"SearchAction","target":{"@type":"EntryPoint","urlTemplate":"https:\/\/www.africa-press.net\/senegal\/?s={search_term_string}"},"query-input":{"@type":"PropertyValueSpecification","valueRequired":true,"valueName":"search_term_string"}}],"inLanguage":"fr-FR"},{"@type":"Person","@id":"https:\/\/www.africa-press.net\/senegal\/#\/schema\/person\/2b1cf3cd81a31e3cd26889ca66d677f1","name":"cfeditorfr","url":"https:\/\/www.africa-press.net\/senegal\/author\/cfeditorfr"}]}},"_links":{"self":[{"href":"https:\/\/www.africa-press.net\/senegal\/wp-json\/wp\/v2\/posts\/38957","targetHints":{"allow":["GET"]}}],"collection":[{"href":"https:\/\/www.africa-press.net\/senegal\/wp-json\/wp\/v2\/posts"}],"about":[{"href":"https:\/\/www.africa-press.net\/senegal\/wp-json\/wp\/v2\/types\/post"}],"author":[{"embeddable":true,"href":"https:\/\/www.africa-press.net\/senegal\/wp-json\/wp\/v2\/users\/82"}],"replies":[{"embeddable":true,"href":"https:\/\/www.africa-press.net\/senegal\/wp-json\/wp\/v2\/comments?post=38957"}],"version-history":[{"count":0,"href":"https:\/\/www.africa-press.net\/senegal\/wp-json\/wp\/v2\/posts\/38957\/revisions"}],"wp:featuredmedia":[{"embeddable":true,"href":"https:\/\/www.africa-press.net\/senegal\/wp-json\/wp\/v2\/media\/38956"}],"wp:attachment":[{"href":"https:\/\/www.africa-press.net\/senegal\/wp-json\/wp\/v2\/media?parent=38957"}],"wp:term":[{"taxonomy":"category","embeddable":true,"href":"https:\/\/www.africa-press.net\/senegal\/wp-json\/wp\/v2\/categories?post=38957"},{"taxonomy":"post_tag","embeddable":true,"href":"https:\/\/www.africa-press.net\/senegal\/wp-json\/wp\/v2\/tags?post=38957"}],"curies":[{"name":"wp","href":"https:\/\/api.w.org\/{rel}","templated":true}]}}