{"id":39205,"date":"2023-02-06T19:17:14","date_gmt":"2023-02-06T19:17:14","guid":{"rendered":"https:\/\/www.africa-press.net\/senegal\/politique\/vous-devez-etre-sonko-le-marabout-et-le-message-de-verite"},"modified":"2023-02-06T19:55:02","modified_gmt":"2023-02-06T19:55:02","slug":"vous-devez-etre-sonko-le-marabout-et-le-message-de-verite","status":"publish","type":"post","link":"https:\/\/www.africa-press.net\/senegal\/politique\/vous-devez-etre-sonko-le-marabout-et-le-message-de-verite","title":{"rendered":"\u00abVous devez \u00eatre\u2026\u00bb : Sonko, le marabout et le message de v\u00e9rit\u00e9"},"content":{"rendered":"<p><span style=\"color: #ff6600\"><strong>Africa-Press &#8211; Senegal. <\/strong><\/span>Apre\u0300s la confe\u0301rence de presse des leaders de la coalition Yewwi Askan Wi (Yaw), Ousmane Sonko est alle\u0301 voir, a\u0300 Dalifort, le marabout Thierno Mouhamadou Samassa. Le religieux base\u0301 a\u0300 Matam e\u0301tait de passage a\u0300 Dakar.<\/p>\n<p>D\u2019apre\u0300s Source A, qui donne l\u2019information, Thierno Samassa a rec\u0327u le pre\u0301sident de Pastef avec de\u0301fe\u0301rence, mais il n\u2019a pas manque\u0301 de lui de\u0301livrer un message de ve\u0301rite\u0301.<\/p>\n<p>\u00ab Nous avons besoin de vivre dans la paix, a lance\u0301 de marabout a\u0300 l\u2019attention de Sonko. En tant qu\u2019acteur politique, vous devez e\u0302tre un artisan de cette paix sociale. C\u2019est la\u0300 ou\u0300 nous vous attendons. Nous attendons de vous que vous soyez un acteur pour la paix et la stabilite\u0301. \u00bb<\/p>\n<p><strong>Pour plus d&rsquo;informations et d&rsquo;analyses sur la <a href=\"https:\/\/www.africa-press.net\/senegal\">Senegal<\/a>, suivez <a href=\"https:\/\/www.africa-press.net\/\">Africa-Press<\/a><\/strong><\/p>\n","protected":false},"excerpt":{"rendered":"<p>Africa-Press &#8211; Senegal. Apre\u0300s la confe\u0301rence de presse des leaders de la coalition Yewwi Askan Wi (Yaw), Ousmane Sonko est alle\u0301 voir, a\u0300 Dalifort, le marabout Thierno Mouhamadou Samassa. Le religieux base\u0301 a\u0300 Matam e\u0301tait de passage a\u0300 Dakar. D\u2019apre\u0300s Source A, qui donne l\u2019information, Thierno Samassa a rec\u0327u le pre\u0301sident de Pastef avec de\u0301fe\u0301rence, [&hellip;]<\/p>\n","protected":false},"author":82,"featured_media":39204,"comment_status":"open","ping_status":"closed","sticky":false,"template":"","format":"standard","meta":{"footnotes":""},"categories":[2,10],"tags":[43,47,46,44,3595],"class_list":["post-39205","post","type-post","status-publish","format-standard","has-post-thumbnail","hentry","category-politique","category-toutes-les-actualites","tag-africa-press-2","tag-africa-press-senegal","tag-ousmane-sonko","tag-senegal-2","tag-thierno-mouhamadou-samassa"],"yoast_head":"<!-- This site is optimized with the Yoast SEO Premium plugin v26.1 (Yoast SEO v27.0) - https:\/\/yoast.com\/product\/yoast-seo-premium-wordpress\/ -->\n<title>\u00abVous devez \u00eatre\u2026\u00bb : Sonko, le marabout et le message de v\u00e9rit\u00e9 - Senegal<\/title>\n<meta name=\"description\" content=\"Apre\u0300s la confe\u0301rence de presse des leaders de la coalition Yewwi Askan Wi (Yaw), Ousmane Sonko est alle\u0301 voir, a\u0300 Dalif ...\" \/>\n<meta name=\"robots\" content=\"index, follow, max-snippet:-1, max-image-preview:large, max-video-preview:-1\" \/>\n<link rel=\"canonical\" href=\"https:\/\/www.africa-press.net\/senegal\/politique\/vous-devez-etre-sonko-le-marabout-et-le-message-de-verite\" \/>\n<meta property=\"og:locale\" content=\"fr_FR\" \/>\n<meta property=\"og:type\" content=\"article\" \/>\n<meta property=\"og:title\" content=\"\u00abVous devez \u00eatre\u2026\u00bb : Sonko, le marabout et le message de v\u00e9rit\u00e9\" \/>\n<meta property=\"og:description\" content=\"Apre\u0300s la confe\u0301rence de presse des leaders de la coalition Yewwi Askan Wi (Yaw), Ousmane Sonko est alle\u0301 voir, a\u0300 Dalif ...\" \/>\n<meta property=\"og:url\" content=\"https:\/\/www.africa-press.net\/senegal\/politique\/vous-devez-etre-sonko-le-marabout-et-le-message-de-verite\" \/>\n<meta property=\"og:site_name\" content=\"Senegal\" \/>\n<meta property=\"article:published_time\" content=\"2023-02-06T19:17:14+00:00\" \/>\n<meta property=\"article:modified_time\" content=\"2023-02-06T19:55:02+00:00\" \/>\n<meta property=\"og:image\" content=\"https:\/\/static.africa-press.net\/senegal\/sites\/13\/2023\/02\/postQueueImg_1675698453.11.jpg\" \/>\n\t<meta property=\"og:image:width\" content=\"720\" \/>\n\t<meta property=\"og:image:height\" content=\"350\" \/>\n\t<meta property=\"og:image:type\" content=\"image\/jpeg\" \/>\n<meta name=\"author\" content=\"cfeditorfr\" \/>\n<meta name=\"twitter:card\" content=\"summary_large_image\" \/>\n<meta name=\"twitter:label1\" content=\"\u00c9crit par\" \/>\n\t<meta name=\"twitter:data1\" content=\"cfeditorfr\" \/>\n\t<meta name=\"twitter:label2\" content=\"Dur\u00e9e de lecture estim\u00e9e\" \/>\n\t<meta name=\"twitter:data2\" content=\"1 minute\" \/>\n<script type=\"application\/ld+json\" class=\"yoast-schema-graph\">{\"@context\":\"https:\/\/schema.org\",\"@graph\":[{\"@type\":\"Article\",\"@id\":\"https:\/\/www.africa-press.net\/senegal\/politique\/vous-devez-etre-sonko-le-marabout-et-le-message-de-verite#article\",\"isPartOf\":{\"@id\":\"https:\/\/www.africa-press.net\/senegal\/politique\/vous-devez-etre-sonko-le-marabout-et-le-message-de-verite\"},\"author\":{\"name\":\"cfeditorfr\",\"@id\":\"https:\/\/www.africa-press.net\/senegal\/#\/schema\/person\/2b1cf3cd81a31e3cd26889ca66d677f1\"},\"headline\":\"\u00abVous devez \u00eatre\u2026\u00bb : Sonko, le marabout et le message de v\u00e9rit\u00e9\",\"datePublished\":\"2023-02-06T19:17:14+00:00\",\"dateModified\":\"2023-02-06T19:55:02+00:00\",\"mainEntityOfPage\":{\"@id\":\"https:\/\/www.africa-press.net\/senegal\/politique\/vous-devez-etre-sonko-le-marabout-et-le-message-de-verite\"},\"wordCount\":158,\"commentCount\":0,\"image\":{\"@id\":\"https:\/\/www.africa-press.net\/senegal\/politique\/vous-devez-etre-sonko-le-marabout-et-le-message-de-verite#primaryimage\"},\"thumbnailUrl\":\"https:\/\/static.africa-press.net\/senegal\/sites\/13\/2023\/02\/postQueueImg_1675698453.11.jpg\",\"keywords\":[\"Africa Press\",\"Africa Press-Senegal\",\"Ousmane Sonko\",\"Senegal\",\"Thierno Mouhamadou Samassa\"],\"articleSection\":[\"Politique\",\"Toutes les actualit\u00e9s\"],\"inLanguage\":\"fr-FR\",\"potentialAction\":[{\"@type\":\"CommentAction\",\"name\":\"Comment\",\"target\":[\"https:\/\/www.africa-press.net\/senegal\/politique\/vous-devez-etre-sonko-le-marabout-et-le-message-de-verite#respond\"]}]},{\"@type\":\"WebPage\",\"@id\":\"https:\/\/www.africa-press.net\/senegal\/politique\/vous-devez-etre-sonko-le-marabout-et-le-message-de-verite\",\"url\":\"https:\/\/www.africa-press.net\/senegal\/politique\/vous-devez-etre-sonko-le-marabout-et-le-message-de-verite\",\"name\":\"\u00abVous devez \u00eatre\u2026\u00bb : Sonko, le marabout et le message de v\u00e9rit\u00e9 - Senegal\",\"isPartOf\":{\"@id\":\"https:\/\/www.africa-press.net\/senegal\/#website\"},\"primaryImageOfPage\":{\"@id\":\"https:\/\/www.africa-press.net\/senegal\/politique\/vous-devez-etre-sonko-le-marabout-et-le-message-de-verite#primaryimage\"},\"image\":{\"@id\":\"https:\/\/www.africa-press.net\/senegal\/politique\/vous-devez-etre-sonko-le-marabout-et-le-message-de-verite#primaryimage\"},\"thumbnailUrl\":\"https:\/\/static.africa-press.net\/senegal\/sites\/13\/2023\/02\/postQueueImg_1675698453.11.jpg\",\"datePublished\":\"2023-02-06T19:17:14+00:00\",\"dateModified\":\"2023-02-06T19:55:02+00:00\",\"author\":{\"@id\":\"https:\/\/www.africa-press.net\/senegal\/#\/schema\/person\/2b1cf3cd81a31e3cd26889ca66d677f1\"},\"description\":\"Apre\u0300s la confe\u0301rence de presse des leaders de la coalition Yewwi Askan Wi (Yaw), Ousmane Sonko est alle\u0301 voir, a\u0300 Dalif ...\",\"breadcrumb\":{\"@id\":\"https:\/\/www.africa-press.net\/senegal\/politique\/vous-devez-etre-sonko-le-marabout-et-le-message-de-verite#breadcrumb\"},\"inLanguage\":\"fr-FR\",\"potentialAction\":[{\"@type\":\"ReadAction\",\"target\":[\"https:\/\/www.africa-press.net\/senegal\/politique\/vous-devez-etre-sonko-le-marabout-et-le-message-de-verite\"]}]},{\"@type\":\"ImageObject\",\"inLanguage\":\"fr-FR\",\"@id\":\"https:\/\/www.africa-press.net\/senegal\/politique\/vous-devez-etre-sonko-le-marabout-et-le-message-de-verite#primaryimage\",\"url\":\"https:\/\/static.africa-press.net\/senegal\/sites\/13\/2023\/02\/postQueueImg_1675698453.11.jpg\",\"contentUrl\":\"https:\/\/static.africa-press.net\/senegal\/sites\/13\/2023\/02\/postQueueImg_1675698453.11.jpg\",\"width\":720,\"height\":350,\"caption\":\"\u00abVous devez \u00eatre\u2026\u00bb : Sonko, le marabout et le message de v\u00e9rit\u00e9\"},{\"@type\":\"BreadcrumbList\",\"@id\":\"https:\/\/www.africa-press.net\/senegal\/politique\/vous-devez-etre-sonko-le-marabout-et-le-message-de-verite#breadcrumb\",\"itemListElement\":[{\"@type\":\"ListItem\",\"position\":1,\"name\":\"Accueil\",\"item\":\"https:\/\/www.africa-press.net\/senegal\/\"},{\"@type\":\"ListItem\",\"position\":2,\"name\":\"\u00abVous devez \u00eatre\u2026\u00bb : Sonko, le marabout et le message de v\u00e9rit\u00e9\"}]},{\"@type\":\"WebSite\",\"@id\":\"https:\/\/www.africa-press.net\/senegal\/#website\",\"url\":\"https:\/\/www.africa-press.net\/senegal\/\",\"name\":\"Africa Press | Senegal | Homepage\",\"description\":\"Just another Africa News Agency Sites site\",\"potentialAction\":[{\"@type\":\"SearchAction\",\"target\":{\"@type\":\"EntryPoint\",\"urlTemplate\":\"https:\/\/www.africa-press.net\/senegal\/?s={search_term_string}\"},\"query-input\":{\"@type\":\"PropertyValueSpecification\",\"valueRequired\":true,\"valueName\":\"search_term_string\"}}],\"inLanguage\":\"fr-FR\"},{\"@type\":\"Person\",\"@id\":\"https:\/\/www.africa-press.net\/senegal\/#\/schema\/person\/2b1cf3cd81a31e3cd26889ca66d677f1\",\"name\":\"cfeditorfr\",\"url\":\"https:\/\/www.africa-press.net\/senegal\/author\/cfeditorfr\"}]}<\/script>\n<!-- \/ Yoast SEO Premium plugin. -->","yoast_head_json":{"title":"\u00abVous devez \u00eatre\u2026\u00bb : Sonko, le marabout et le message de v\u00e9rit\u00e9 - Senegal","description":"Apre\u0300s la confe\u0301rence de presse des leaders de la coalition Yewwi Askan Wi (Yaw), Ousmane Sonko est alle\u0301 voir, a\u0300 Dalif ...","robots":{"index":"index","follow":"follow","max-snippet":"max-snippet:-1","max-image-preview":"max-image-preview:large","max-video-preview":"max-video-preview:-1"},"canonical":"https:\/\/www.africa-press.net\/senegal\/politique\/vous-devez-etre-sonko-le-marabout-et-le-message-de-verite","og_locale":"fr_FR","og_type":"article","og_title":"\u00abVous devez \u00eatre\u2026\u00bb : Sonko, le marabout et le message de v\u00e9rit\u00e9","og_description":"Apre\u0300s la confe\u0301rence de presse des leaders de la coalition Yewwi Askan Wi (Yaw), Ousmane Sonko est alle\u0301 voir, a\u0300 Dalif ...","og_url":"https:\/\/www.africa-press.net\/senegal\/politique\/vous-devez-etre-sonko-le-marabout-et-le-message-de-verite","og_site_name":"Senegal","article_published_time":"2023-02-06T19:17:14+00:00","article_modified_time":"2023-02-06T19:55:02+00:00","og_image":[{"width":720,"height":350,"url":"https:\/\/static.africa-press.net\/senegal\/sites\/13\/2023\/02\/postQueueImg_1675698453.11.jpg","type":"image\/jpeg"}],"author":"cfeditorfr","twitter_card":"summary_large_image","twitter_misc":{"\u00c9crit par":"cfeditorfr","Dur\u00e9e de lecture estim\u00e9e":"1 minute"},"schema":{"@context":"https:\/\/schema.org","@graph":[{"@type":"Article","@id":"https:\/\/www.africa-press.net\/senegal\/politique\/vous-devez-etre-sonko-le-marabout-et-le-message-de-verite#article","isPartOf":{"@id":"https:\/\/www.africa-press.net\/senegal\/politique\/vous-devez-etre-sonko-le-marabout-et-le-message-de-verite"},"author":{"name":"cfeditorfr","@id":"https:\/\/www.africa-press.net\/senegal\/#\/schema\/person\/2b1cf3cd81a31e3cd26889ca66d677f1"},"headline":"\u00abVous devez \u00eatre\u2026\u00bb : Sonko, le marabout et le message de v\u00e9rit\u00e9","datePublished":"2023-02-06T19:17:14+00:00","dateModified":"2023-02-06T19:55:02+00:00","mainEntityOfPage":{"@id":"https:\/\/www.africa-press.net\/senegal\/politique\/vous-devez-etre-sonko-le-marabout-et-le-message-de-verite"},"wordCount":158,"commentCount":0,"image":{"@id":"https:\/\/www.africa-press.net\/senegal\/politique\/vous-devez-etre-sonko-le-marabout-et-le-message-de-verite#primaryimage"},"thumbnailUrl":"https:\/\/static.africa-press.net\/senegal\/sites\/13\/2023\/02\/postQueueImg_1675698453.11.jpg","keywords":["Africa Press","Africa Press-Senegal","Ousmane Sonko","Senegal","Thierno Mouhamadou Samassa"],"articleSection":["Politique","Toutes les actualit\u00e9s"],"inLanguage":"fr-FR","potentialAction":[{"@type":"CommentAction","name":"Comment","target":["https:\/\/www.africa-press.net\/senegal\/politique\/vous-devez-etre-sonko-le-marabout-et-le-message-de-verite#respond"]}]},{"@type":"WebPage","@id":"https:\/\/www.africa-press.net\/senegal\/politique\/vous-devez-etre-sonko-le-marabout-et-le-message-de-verite","url":"https:\/\/www.africa-press.net\/senegal\/politique\/vous-devez-etre-sonko-le-marabout-et-le-message-de-verite","name":"\u00abVous devez \u00eatre\u2026\u00bb : Sonko, le marabout et le message de v\u00e9rit\u00e9 - Senegal","isPartOf":{"@id":"https:\/\/www.africa-press.net\/senegal\/#website"},"primaryImageOfPage":{"@id":"https:\/\/www.africa-press.net\/senegal\/politique\/vous-devez-etre-sonko-le-marabout-et-le-message-de-verite#primaryimage"},"image":{"@id":"https:\/\/www.africa-press.net\/senegal\/politique\/vous-devez-etre-sonko-le-marabout-et-le-message-de-verite#primaryimage"},"thumbnailUrl":"https:\/\/static.africa-press.net\/senegal\/sites\/13\/2023\/02\/postQueueImg_1675698453.11.jpg","datePublished":"2023-02-06T19:17:14+00:00","dateModified":"2023-02-06T19:55:02+00:00","author":{"@id":"https:\/\/www.africa-press.net\/senegal\/#\/schema\/person\/2b1cf3cd81a31e3cd26889ca66d677f1"},"description":"Apre\u0300s la confe\u0301rence de presse des leaders de la coalition Yewwi Askan Wi (Yaw), Ousmane Sonko est alle\u0301 voir, a\u0300 Dalif ...","breadcrumb":{"@id":"https:\/\/www.africa-press.net\/senegal\/politique\/vous-devez-etre-sonko-le-marabout-et-le-message-de-verite#breadcrumb"},"inLanguage":"fr-FR","potentialAction":[{"@type":"ReadAction","target":["https:\/\/www.africa-press.net\/senegal\/politique\/vous-devez-etre-sonko-le-marabout-et-le-message-de-verite"]}]},{"@type":"ImageObject","inLanguage":"fr-FR","@id":"https:\/\/www.africa-press.net\/senegal\/politique\/vous-devez-etre-sonko-le-marabout-et-le-message-de-verite#primaryimage","url":"https:\/\/static.africa-press.net\/senegal\/sites\/13\/2023\/02\/postQueueImg_1675698453.11.jpg","contentUrl":"https:\/\/static.africa-press.net\/senegal\/sites\/13\/2023\/02\/postQueueImg_1675698453.11.jpg","width":720,"height":350,"caption":"\u00abVous devez \u00eatre\u2026\u00bb : Sonko, le marabout et le message de v\u00e9rit\u00e9"},{"@type":"BreadcrumbList","@id":"https:\/\/www.africa-press.net\/senegal\/politique\/vous-devez-etre-sonko-le-marabout-et-le-message-de-verite#breadcrumb","itemListElement":[{"@type":"ListItem","position":1,"name":"Accueil","item":"https:\/\/www.africa-press.net\/senegal\/"},{"@type":"ListItem","position":2,"name":"\u00abVous devez \u00eatre\u2026\u00bb : Sonko, le marabout et le message de v\u00e9rit\u00e9"}]},{"@type":"WebSite","@id":"https:\/\/www.africa-press.net\/senegal\/#website","url":"https:\/\/www.africa-press.net\/senegal\/","name":"Africa Press | Senegal | Homepage","description":"Just another Africa News Agency Sites site","potentialAction":[{"@type":"SearchAction","target":{"@type":"EntryPoint","urlTemplate":"https:\/\/www.africa-press.net\/senegal\/?s={search_term_string}"},"query-input":{"@type":"PropertyValueSpecification","valueRequired":true,"valueName":"search_term_string"}}],"inLanguage":"fr-FR"},{"@type":"Person","@id":"https:\/\/www.africa-press.net\/senegal\/#\/schema\/person\/2b1cf3cd81a31e3cd26889ca66d677f1","name":"cfeditorfr","url":"https:\/\/www.africa-press.net\/senegal\/author\/cfeditorfr"}]}},"_links":{"self":[{"href":"https:\/\/www.africa-press.net\/senegal\/wp-json\/wp\/v2\/posts\/39205","targetHints":{"allow":["GET"]}}],"collection":[{"href":"https:\/\/www.africa-press.net\/senegal\/wp-json\/wp\/v2\/posts"}],"about":[{"href":"https:\/\/www.africa-press.net\/senegal\/wp-json\/wp\/v2\/types\/post"}],"author":[{"embeddable":true,"href":"https:\/\/www.africa-press.net\/senegal\/wp-json\/wp\/v2\/users\/82"}],"replies":[{"embeddable":true,"href":"https:\/\/www.africa-press.net\/senegal\/wp-json\/wp\/v2\/comments?post=39205"}],"version-history":[{"count":0,"href":"https:\/\/www.africa-press.net\/senegal\/wp-json\/wp\/v2\/posts\/39205\/revisions"}],"wp:featuredmedia":[{"embeddable":true,"href":"https:\/\/www.africa-press.net\/senegal\/wp-json\/wp\/v2\/media\/39204"}],"wp:attachment":[{"href":"https:\/\/www.africa-press.net\/senegal\/wp-json\/wp\/v2\/media?parent=39205"}],"wp:term":[{"taxonomy":"category","embeddable":true,"href":"https:\/\/www.africa-press.net\/senegal\/wp-json\/wp\/v2\/categories?post=39205"},{"taxonomy":"post_tag","embeddable":true,"href":"https:\/\/www.africa-press.net\/senegal\/wp-json\/wp\/v2\/tags?post=39205"}],"curies":[{"name":"wp","href":"https:\/\/api.w.org\/{rel}","templated":true}]}}