{"id":51385,"date":"2023-10-22T18:05:14","date_gmt":"2023-10-22T18:05:14","guid":{"rendered":"https:\/\/www.africa-press.net\/senegal\/politique\/accueil-populaire-a-louga-le-mouvement-dolly-macky-deroule-le-tapis-rouge-a-amadou-ba"},"modified":"2023-10-22T20:35:01","modified_gmt":"2023-10-22T20:35:01","slug":"accueil-populaire-a-louga-le-mouvement-dolly-macky-deroule-le-tapis-rouge-a-amadou-ba","status":"publish","type":"post","link":"https:\/\/www.africa-press.net\/senegal\/politique\/accueil-populaire-a-louga-le-mouvement-dolly-macky-deroule-le-tapis-rouge-a-amadou-ba","title":{"rendered":"Accueil populaire \u00e0 Louga : Le Mouvement Dolly Macky d\u00e9roule le tapis rouge \u00e0 Amadou B\u00e2"},"content":{"rendered":"<p><span style=\"color: #ff6600\"><strong>Africa-Press &#8211; Senegal. <\/strong><\/span>Une mobilisation de grands jours la nuit du samedi a\u0300 Louga pour accueillir le Premier Ministre, Amadou Ba\u0302. Elle est l\u2019\u0153uvre du Mouvement Dolly Macky pre\u0301side\u0301 par Mamadou Mamour Diallo, Directeur Ge\u0301ne\u0301ral de l\u2019Office National du Se\u0301ne\u0301gal (ONAS). Des hommes, des femmes, des jeunes garc\u0327ons et filles, tous les a\u0302ges confondus e\u0301taient pre\u0301sents.<\/p>\n<p>Tous ne voulaient pas rater ce moment historique. Un monde fou e\u0301tait entre\u0301 en effervescence sur tout l\u2019itine\u0301raire du Premier Ministre. Le convoi roule au ralenti. Du haut de sa voiture, le Premier Ministre Amadou Ba\u0302 salue la masse compacte d\u2019hommes, de femmes et de jeunes par le signe de la main. Le sourire qui accompagne ce signe de main tanto\u0302t dirige\u0301 a\u0300 droite, tanto\u0302t a\u0300 gauche. Les rues et les ruelles de Louga virent de plus en plus dans l\u2019effervescence au fur et a\u0300 mesure qu\u2019il poursuivait sa progression a\u0300 l\u2019inte\u0301rieur de la ville. Des jeunes ve\u0302tus de T-shirts blancs scandaient le nom du Premier Ministre.<\/p>\n<p>Des militants et des militantes ont parcouru des kilome\u0300tres pour accompagner l\u2019ho\u0302te de marque. A un moment, le Premier Ministre descend de sa voiture pour saluer la foule. Il a pris le temps d\u2019e\u0301changer avec certaines personnes. En bon chef d\u2019e\u0301quipe, il fait montre de modestie en pre\u0302tant une oreille attentive a\u0300 ce que les uns et les autres formulent a\u0300 son e\u0301gard. Cette forte mobilisation est indicatrice de l\u2019adhe\u0301sion au choix porte\u0301 sur Amadou Ba\u0302 pour poursuivre l\u2019\u0153uvre de construction nationale du Pre\u0301sident de la Re\u0301publique, son Excellence, Macky Sall. Pour l\u2019histoire, le Mouvement Dolly Macky a e\u0301te\u0301 l\u2019une des premie\u0300res organisations qui a magnifie\u0301 le choix du Pre\u0301sident de la Re\u0301publique. \u00ab Je tiens a\u0300 remercier le Pre\u0301sident de la Re\u0301publique, son Excellence, Macky Sall pour son leadership et son esprit rassembleur.<\/p>\n<p>Nous allons travailler avec le Premier Ministre, Amadou Ba. Nous allons l\u2019accompagner et le soutenir afin qu\u2019il poursuive la mise en \u0153uvre du PSE. Amadou Ba\u0302, c\u2019est le choix de la continuite\u0301 et de la stabilite\u0301 \u00bb, s\u2019e\u0301tait exprime\u0301 le Pre\u0301sident du Mouvement Dolly Macky. Pour lui, il ne pouvait pas avoir de de\u0301bat sur son parcours car il un capital d\u2019expe\u0301rience dans l\u2019administration et au plan politique. \u00ab Il a un bon parcours sur le plan professionnel. Il e\u0301tait inspecteur des Impo\u0302ts jusqu\u2019a\u0300 devenir Directeur Ge\u0301ne\u0301ral des Impo\u0302ts et des Domaines, Ministre des Finances, Ministre des Affaires e\u0301trange\u0300res, et Premier Ministre. Il coche toutes les cases. Il remplit tous les crite\u0300res \u00bb, a de\u0301fendu le Directeur Ge\u0301ne\u0301ral de l\u2019ONAS.<\/p>\n<p>Sur le terrain, le Mouvement Dolly Macky me\u0300ne un travail de fond pour la collecte des parrainages. Ses attentes sont largement de\u0301passe\u0301es. Le chemin vers la pre\u0301sidentielle de fe\u0301vrier 2024 est en train d\u2019e\u0302tre balise\u0301.<\/p>\n\r\n                <style type=\"text\/css\">\r\n                    \r\n                    #td_uid_1_69ef938b73517  .td-doubleSlider-2 .td-item1 {\r\n                        background: url(https:\/\/static.africa-press.net\/senegal\/sites\/13\/2023\/10\/sm_1697990567.771618-80x60.jpg) 0 0 no-repeat;\r\n                    }\r\n                    #td_uid_1_69ef938b73517  .td-doubleSlider-2 .td-item2 {\r\n                        background: url(https:\/\/static.africa-press.net\/senegal\/sites\/13\/2023\/10\/sm_1697990581.168374-80x60.jpg) 0 0 no-repeat;\r\n                    }\r\n                    #td_uid_1_69ef938b73517  .td-doubleSlider-2 .td-item3 {\r\n                        background: url(https:\/\/static.africa-press.net\/senegal\/sites\/13\/2023\/10\/sm_1697990592.922669-80x60.jpg) 0 0 no-repeat;\r\n                    }\r\n                <\/style>\r\n\r\n                <div id=\"td_uid_1_69ef938b73517\" class=\"td-gallery td-slide-on-2-columns\">\r\n                    <div class=\"post_td_gallery\">\r\n                        <div class=\"td-gallery-slide-top\">\r\n                           <div class=\"td-gallery-title\"><\/div>\r\n\r\n                            <div class=\"td-gallery-controls-wrapper\">\r\n                                <div class=\"td-gallery-slide-count\"><span class=\"td-gallery-slide-item-focus\">1<\/span> de 3<\/div>\r\n                                <div class=\"td-gallery-slide-prev-next-but\">\r\n                                    <i class = \"td-icon-left doubleSliderPrevButton\"><\/i>\r\n                                    <i class = \"td-icon-right doubleSliderNextButton\"><\/i>\r\n                                <\/div>\r\n                            <\/div>\r\n                        <\/div>\r\n\r\n                        <div class = \"td-doubleSlider-1 \">\r\n                            <div class = \"td-slider\">\r\n                                \r\n                    <div class = \"td-slide-item td-item1\">\r\n                        <figure class=\"td-slide-galery-figure td-slide-popup-gallery\">\r\n                            <a class=\"slide-gallery-image-link\" href=\"https:\/\/static.africa-press.net\/senegal\/sites\/13\/2023\/10\/sm_1697990567.771618.jpg\" title=\"sm_1697990567.771618\"  data-caption=\"\"  data-description=\"\">\r\n                                <img decoding=\"async\" src=\"https:\/\/static.africa-press.net\/senegal\/sites\/13\/2023\/10\/sm_1697990567.771618.jpg\" srcset=\"https:\/\/static.africa-press.net\/senegal\/sites\/13\/2023\/10\/sm_1697990567.771618.jpg 992w, https:\/\/static.africa-press.net\/senegal\/sites\/13\/2023\/10\/sm_1697990567.771618-300x225.jpg 300w, https:\/\/static.africa-press.net\/senegal\/sites\/13\/2023\/10\/sm_1697990567.771618-768x576.jpg 768w, https:\/\/static.africa-press.net\/senegal\/sites\/13\/2023\/10\/sm_1697990567.771618-80x60.jpg 80w\" sizes=\"(max-width: 992px) 100vw, 992px\" alt=\"\">\r\n                            <\/a>\r\n                            \r\n                        <\/figure>\r\n                    <\/div>\r\n                    <div class = \"td-slide-item td-item2\">\r\n                        <figure class=\"td-slide-galery-figure td-slide-popup-gallery\">\r\n                            <a class=\"slide-gallery-image-link\" href=\"https:\/\/static.africa-press.net\/senegal\/sites\/13\/2023\/10\/sm_1697990581.168374.jpg\" title=\"sm_1697990581.168374\"  data-caption=\"\"  data-description=\"\">\r\n                                <img decoding=\"async\" src=\"https:\/\/static.africa-press.net\/senegal\/sites\/13\/2023\/10\/sm_1697990581.168374.jpg\" srcset=\"https:\/\/static.africa-press.net\/senegal\/sites\/13\/2023\/10\/sm_1697990581.168374.jpg 992w, https:\/\/static.africa-press.net\/senegal\/sites\/13\/2023\/10\/sm_1697990581.168374-300x225.jpg 300w, https:\/\/static.africa-press.net\/senegal\/sites\/13\/2023\/10\/sm_1697990581.168374-768x576.jpg 768w, https:\/\/static.africa-press.net\/senegal\/sites\/13\/2023\/10\/sm_1697990581.168374-80x60.jpg 80w\" sizes=\"(max-width: 992px) 100vw, 992px\" alt=\"\">\r\n                            <\/a>\r\n                            \r\n                        <\/figure>\r\n                    <\/div>\r\n                    <div class = \"td-slide-item td-item3\">\r\n                        <figure class=\"td-slide-galery-figure td-slide-popup-gallery\">\r\n                            <a class=\"slide-gallery-image-link\" href=\"https:\/\/static.africa-press.net\/senegal\/sites\/13\/2023\/10\/sm_1697990592.922669.jpg\" title=\"sm_1697990592.922669\"  data-caption=\"\"  data-description=\"\">\r\n                                <img decoding=\"async\" src=\"https:\/\/static.africa-press.net\/senegal\/sites\/13\/2023\/10\/sm_1697990592.922669.jpg\" srcset=\"https:\/\/static.africa-press.net\/senegal\/sites\/13\/2023\/10\/sm_1697990592.922669.jpg 992w, https:\/\/static.africa-press.net\/senegal\/sites\/13\/2023\/10\/sm_1697990592.922669-300x225.jpg 300w, https:\/\/static.africa-press.net\/senegal\/sites\/13\/2023\/10\/sm_1697990592.922669-768x576.jpg 768w, https:\/\/static.africa-press.net\/senegal\/sites\/13\/2023\/10\/sm_1697990592.922669-80x60.jpg 80w\" sizes=\"(max-width: 992px) 100vw, 992px\" alt=\"\">\r\n                            <\/a>\r\n                            \r\n                        <\/figure>\r\n                    <\/div>\r\n                            <\/div>\r\n                        <\/div>\r\n\r\n                        <div class = \"td-doubleSlider-2\">\r\n                            <div class = \"td-slider\">\r\n                                \r\n                    <div class = \"td-button td-item1\">\r\n                        <div class = \"td-border\"><\/div>\r\n                    <\/div>\r\n                    <div class = \"td-button td-item2\">\r\n                        <div class = \"td-border\"><\/div>\r\n                    <\/div>\r\n                    <div class = \"td-button td-item3\">\r\n                        <div class = \"td-border\"><\/div>\r\n                    <\/div>\r\n                            <\/div>\r\n                        <\/div>\r\n\r\n                    <\/div>\r\n\r\n                <\/div>\r\n                \n<p><strong>Pour plus d&rsquo;informations et d&rsquo;analyses sur la <a href=\"https:\/\/www.africa-press.net\/senegal\">Senegal<\/a>, suivez <a href=\"https:\/\/www.africa-press.net\/\">Africa-Press<\/a><\/strong><\/p>\n","protected":false},"excerpt":{"rendered":"<p>Africa-Press &#8211; Senegal. Une mobilisation de grands jours la nuit du samedi a\u0300 Louga pour accueillir le Premier Ministre, Amadou Ba\u0302. Elle est l\u2019\u0153uvre du Mouvement Dolly Macky pre\u0301side\u0301 par Mamadou Mamour Diallo, Directeur Ge\u0301ne\u0301ral de l\u2019Office National du Se\u0301ne\u0301gal (ONAS). Des hommes, des femmes, des jeunes garc\u0327ons et filles, tous les a\u0302ges confondus e\u0301taient [&hellip;]<\/p>\n","protected":false},"author":82,"featured_media":51384,"comment_status":"open","ping_status":"closed","sticky":false,"template":"","format":"standard","meta":{"footnotes":""},"categories":[2,10],"tags":[43,47,44],"class_list":["post-51385","post","type-post","status-publish","format-standard","has-post-thumbnail","hentry","category-politique","category-toutes-les-actualites","tag-africa-press-2","tag-africa-press-senegal","tag-senegal-2"],"yoast_head":"<!-- This site is optimized with the Yoast SEO Premium plugin v26.1 (Yoast SEO v27.0) - https:\/\/yoast.com\/product\/yoast-seo-premium-wordpress\/ -->\n<title>Accueil populaire \u00e0 Louga : Le Mouvement Dolly Macky d\u00e9roule le tapis rouge \u00e0 Amadou B\u00e2 - Senegal<\/title>\n<meta name=\"description\" content=\"Une mobilisation de grands jours la nuit du samedi a\u0300 Louga pour accueillir le Premier Ministre, Amadou Ba\u0302. Elle est l\u2019 ...\" \/>\n<meta name=\"robots\" content=\"index, follow, max-snippet:-1, max-image-preview:large, max-video-preview:-1\" \/>\n<link rel=\"canonical\" href=\"https:\/\/www.africa-press.net\/senegal\/politique\/accueil-populaire-a-louga-le-mouvement-dolly-macky-deroule-le-tapis-rouge-a-amadou-ba\" \/>\n<meta property=\"og:locale\" content=\"fr_FR\" \/>\n<meta property=\"og:type\" content=\"article\" \/>\n<meta property=\"og:title\" content=\"Accueil populaire \u00e0 Louga : Le Mouvement Dolly Macky d\u00e9roule le tapis rouge \u00e0 Amadou B\u00e2\" \/>\n<meta property=\"og:description\" content=\"Une mobilisation de grands jours la nuit du samedi a\u0300 Louga pour accueillir le Premier Ministre, Amadou Ba\u0302. Elle est l\u2019 ...\" \/>\n<meta property=\"og:url\" content=\"https:\/\/www.africa-press.net\/senegal\/politique\/accueil-populaire-a-louga-le-mouvement-dolly-macky-deroule-le-tapis-rouge-a-amadou-ba\" \/>\n<meta property=\"og:site_name\" content=\"Senegal\" \/>\n<meta property=\"article:published_time\" content=\"2023-10-22T18:05:14+00:00\" \/>\n<meta property=\"article:modified_time\" content=\"2023-10-22T20:35:01+00:00\" \/>\n<meta property=\"og:image\" content=\"https:\/\/static.africa-press.net\/senegal\/sites\/13\/2023\/10\/sm_1697990602.643902.jpg\" \/>\n\t<meta property=\"og:image:width\" content=\"612\" \/>\n\t<meta property=\"og:image:height\" content=\"298\" \/>\n\t<meta property=\"og:image:type\" content=\"image\/jpeg\" \/>\n<meta name=\"author\" content=\"cfeditorfr\" \/>\n<meta name=\"twitter:card\" content=\"summary_large_image\" \/>\n<meta name=\"twitter:label1\" content=\"\u00c9crit par\" \/>\n\t<meta name=\"twitter:data1\" content=\"cfeditorfr\" \/>\n\t<meta name=\"twitter:label2\" content=\"Dur\u00e9e de lecture estim\u00e9e\" \/>\n\t<meta name=\"twitter:data2\" content=\"3 minutes\" \/>\n<script type=\"application\/ld+json\" class=\"yoast-schema-graph\">{\"@context\":\"https:\/\/schema.org\",\"@graph\":[{\"@type\":\"Article\",\"@id\":\"https:\/\/www.africa-press.net\/senegal\/politique\/accueil-populaire-a-louga-le-mouvement-dolly-macky-deroule-le-tapis-rouge-a-amadou-ba#article\",\"isPartOf\":{\"@id\":\"https:\/\/www.africa-press.net\/senegal\/politique\/accueil-populaire-a-louga-le-mouvement-dolly-macky-deroule-le-tapis-rouge-a-amadou-ba\"},\"author\":{\"name\":\"cfeditorfr\",\"@id\":\"https:\/\/www.africa-press.net\/senegal\/#\/schema\/person\/2b1cf3cd81a31e3cd26889ca66d677f1\"},\"headline\":\"Accueil populaire \u00e0 Louga : Le Mouvement Dolly Macky d\u00e9roule le tapis rouge \u00e0 Amadou B\u00e2\",\"datePublished\":\"2023-10-22T18:05:14+00:00\",\"dateModified\":\"2023-10-22T20:35:01+00:00\",\"mainEntityOfPage\":{\"@id\":\"https:\/\/www.africa-press.net\/senegal\/politique\/accueil-populaire-a-louga-le-mouvement-dolly-macky-deroule-le-tapis-rouge-a-amadou-ba\"},\"wordCount\":557,\"commentCount\":0,\"image\":{\"@id\":\"https:\/\/www.africa-press.net\/senegal\/politique\/accueil-populaire-a-louga-le-mouvement-dolly-macky-deroule-le-tapis-rouge-a-amadou-ba#primaryimage\"},\"thumbnailUrl\":\"https:\/\/static.africa-press.net\/senegal\/sites\/13\/2023\/10\/sm_1697990602.643902.jpg\",\"keywords\":[\"Africa Press\",\"Africa Press-Senegal\",\"Senegal\"],\"articleSection\":[\"Politique\",\"Toutes les actualit\u00e9s\"],\"inLanguage\":\"fr-FR\",\"potentialAction\":[{\"@type\":\"CommentAction\",\"name\":\"Comment\",\"target\":[\"https:\/\/www.africa-press.net\/senegal\/politique\/accueil-populaire-a-louga-le-mouvement-dolly-macky-deroule-le-tapis-rouge-a-amadou-ba#respond\"]}]},{\"@type\":\"WebPage\",\"@id\":\"https:\/\/www.africa-press.net\/senegal\/politique\/accueil-populaire-a-louga-le-mouvement-dolly-macky-deroule-le-tapis-rouge-a-amadou-ba\",\"url\":\"https:\/\/www.africa-press.net\/senegal\/politique\/accueil-populaire-a-louga-le-mouvement-dolly-macky-deroule-le-tapis-rouge-a-amadou-ba\",\"name\":\"Accueil populaire \u00e0 Louga : Le Mouvement Dolly Macky d\u00e9roule le tapis rouge \u00e0 Amadou B\u00e2 - Senegal\",\"isPartOf\":{\"@id\":\"https:\/\/www.africa-press.net\/senegal\/#website\"},\"primaryImageOfPage\":{\"@id\":\"https:\/\/www.africa-press.net\/senegal\/politique\/accueil-populaire-a-louga-le-mouvement-dolly-macky-deroule-le-tapis-rouge-a-amadou-ba#primaryimage\"},\"image\":{\"@id\":\"https:\/\/www.africa-press.net\/senegal\/politique\/accueil-populaire-a-louga-le-mouvement-dolly-macky-deroule-le-tapis-rouge-a-amadou-ba#primaryimage\"},\"thumbnailUrl\":\"https:\/\/static.africa-press.net\/senegal\/sites\/13\/2023\/10\/sm_1697990602.643902.jpg\",\"datePublished\":\"2023-10-22T18:05:14+00:00\",\"dateModified\":\"2023-10-22T20:35:01+00:00\",\"author\":{\"@id\":\"https:\/\/www.africa-press.net\/senegal\/#\/schema\/person\/2b1cf3cd81a31e3cd26889ca66d677f1\"},\"description\":\"Une mobilisation de grands jours la nuit du samedi a\u0300 Louga pour accueillir le Premier Ministre, Amadou Ba\u0302. Elle est l\u2019 ...\",\"breadcrumb\":{\"@id\":\"https:\/\/www.africa-press.net\/senegal\/politique\/accueil-populaire-a-louga-le-mouvement-dolly-macky-deroule-le-tapis-rouge-a-amadou-ba#breadcrumb\"},\"inLanguage\":\"fr-FR\",\"potentialAction\":[{\"@type\":\"ReadAction\",\"target\":[\"https:\/\/www.africa-press.net\/senegal\/politique\/accueil-populaire-a-louga-le-mouvement-dolly-macky-deroule-le-tapis-rouge-a-amadou-ba\"]}]},{\"@type\":\"ImageObject\",\"inLanguage\":\"fr-FR\",\"@id\":\"https:\/\/www.africa-press.net\/senegal\/politique\/accueil-populaire-a-louga-le-mouvement-dolly-macky-deroule-le-tapis-rouge-a-amadou-ba#primaryimage\",\"url\":\"https:\/\/static.africa-press.net\/senegal\/sites\/13\/2023\/10\/sm_1697990602.643902.jpg\",\"contentUrl\":\"https:\/\/static.africa-press.net\/senegal\/sites\/13\/2023\/10\/sm_1697990602.643902.jpg\",\"width\":612,\"height\":298,\"caption\":\"Accueil populaire \u00e0 Louga : Le Mouvement Dolly Macky d\u00e9roule le tapis rouge \u00e0 Amadou B\u00e2\"},{\"@type\":\"BreadcrumbList\",\"@id\":\"https:\/\/www.africa-press.net\/senegal\/politique\/accueil-populaire-a-louga-le-mouvement-dolly-macky-deroule-le-tapis-rouge-a-amadou-ba#breadcrumb\",\"itemListElement\":[{\"@type\":\"ListItem\",\"position\":1,\"name\":\"Accueil\",\"item\":\"https:\/\/www.africa-press.net\/senegal\/\"},{\"@type\":\"ListItem\",\"position\":2,\"name\":\"Accueil populaire \u00e0 Louga : Le Mouvement Dolly Macky d\u00e9roule le tapis rouge \u00e0 Amadou B\u00e2\"}]},{\"@type\":\"WebSite\",\"@id\":\"https:\/\/www.africa-press.net\/senegal\/#website\",\"url\":\"https:\/\/www.africa-press.net\/senegal\/\",\"name\":\"Africa Press | Senegal | Homepage\",\"description\":\"Just another Africa News Agency Sites site\",\"potentialAction\":[{\"@type\":\"SearchAction\",\"target\":{\"@type\":\"EntryPoint\",\"urlTemplate\":\"https:\/\/www.africa-press.net\/senegal\/?s={search_term_string}\"},\"query-input\":{\"@type\":\"PropertyValueSpecification\",\"valueRequired\":true,\"valueName\":\"search_term_string\"}}],\"inLanguage\":\"fr-FR\"},{\"@type\":\"Person\",\"@id\":\"https:\/\/www.africa-press.net\/senegal\/#\/schema\/person\/2b1cf3cd81a31e3cd26889ca66d677f1\",\"name\":\"cfeditorfr\",\"url\":\"https:\/\/www.africa-press.net\/senegal\/author\/cfeditorfr\"}]}<\/script>\n<!-- \/ Yoast SEO Premium plugin. -->","yoast_head_json":{"title":"Accueil populaire \u00e0 Louga : Le Mouvement Dolly Macky d\u00e9roule le tapis rouge \u00e0 Amadou B\u00e2 - Senegal","description":"Une mobilisation de grands jours la nuit du samedi a\u0300 Louga pour accueillir le Premier Ministre, Amadou Ba\u0302. Elle est l\u2019 ...","robots":{"index":"index","follow":"follow","max-snippet":"max-snippet:-1","max-image-preview":"max-image-preview:large","max-video-preview":"max-video-preview:-1"},"canonical":"https:\/\/www.africa-press.net\/senegal\/politique\/accueil-populaire-a-louga-le-mouvement-dolly-macky-deroule-le-tapis-rouge-a-amadou-ba","og_locale":"fr_FR","og_type":"article","og_title":"Accueil populaire \u00e0 Louga : Le Mouvement Dolly Macky d\u00e9roule le tapis rouge \u00e0 Amadou B\u00e2","og_description":"Une mobilisation de grands jours la nuit du samedi a\u0300 Louga pour accueillir le Premier Ministre, Amadou Ba\u0302. Elle est l\u2019 ...","og_url":"https:\/\/www.africa-press.net\/senegal\/politique\/accueil-populaire-a-louga-le-mouvement-dolly-macky-deroule-le-tapis-rouge-a-amadou-ba","og_site_name":"Senegal","article_published_time":"2023-10-22T18:05:14+00:00","article_modified_time":"2023-10-22T20:35:01+00:00","og_image":[{"width":612,"height":298,"url":"https:\/\/static.africa-press.net\/senegal\/sites\/13\/2023\/10\/sm_1697990602.643902.jpg","type":"image\/jpeg"}],"author":"cfeditorfr","twitter_card":"summary_large_image","twitter_misc":{"\u00c9crit par":"cfeditorfr","Dur\u00e9e de lecture estim\u00e9e":"3 minutes"},"schema":{"@context":"https:\/\/schema.org","@graph":[{"@type":"Article","@id":"https:\/\/www.africa-press.net\/senegal\/politique\/accueil-populaire-a-louga-le-mouvement-dolly-macky-deroule-le-tapis-rouge-a-amadou-ba#article","isPartOf":{"@id":"https:\/\/www.africa-press.net\/senegal\/politique\/accueil-populaire-a-louga-le-mouvement-dolly-macky-deroule-le-tapis-rouge-a-amadou-ba"},"author":{"name":"cfeditorfr","@id":"https:\/\/www.africa-press.net\/senegal\/#\/schema\/person\/2b1cf3cd81a31e3cd26889ca66d677f1"},"headline":"Accueil populaire \u00e0 Louga : Le Mouvement Dolly Macky d\u00e9roule le tapis rouge \u00e0 Amadou B\u00e2","datePublished":"2023-10-22T18:05:14+00:00","dateModified":"2023-10-22T20:35:01+00:00","mainEntityOfPage":{"@id":"https:\/\/www.africa-press.net\/senegal\/politique\/accueil-populaire-a-louga-le-mouvement-dolly-macky-deroule-le-tapis-rouge-a-amadou-ba"},"wordCount":557,"commentCount":0,"image":{"@id":"https:\/\/www.africa-press.net\/senegal\/politique\/accueil-populaire-a-louga-le-mouvement-dolly-macky-deroule-le-tapis-rouge-a-amadou-ba#primaryimage"},"thumbnailUrl":"https:\/\/static.africa-press.net\/senegal\/sites\/13\/2023\/10\/sm_1697990602.643902.jpg","keywords":["Africa Press","Africa Press-Senegal","Senegal"],"articleSection":["Politique","Toutes les actualit\u00e9s"],"inLanguage":"fr-FR","potentialAction":[{"@type":"CommentAction","name":"Comment","target":["https:\/\/www.africa-press.net\/senegal\/politique\/accueil-populaire-a-louga-le-mouvement-dolly-macky-deroule-le-tapis-rouge-a-amadou-ba#respond"]}]},{"@type":"WebPage","@id":"https:\/\/www.africa-press.net\/senegal\/politique\/accueil-populaire-a-louga-le-mouvement-dolly-macky-deroule-le-tapis-rouge-a-amadou-ba","url":"https:\/\/www.africa-press.net\/senegal\/politique\/accueil-populaire-a-louga-le-mouvement-dolly-macky-deroule-le-tapis-rouge-a-amadou-ba","name":"Accueil populaire \u00e0 Louga : Le Mouvement Dolly Macky d\u00e9roule le tapis rouge \u00e0 Amadou B\u00e2 - Senegal","isPartOf":{"@id":"https:\/\/www.africa-press.net\/senegal\/#website"},"primaryImageOfPage":{"@id":"https:\/\/www.africa-press.net\/senegal\/politique\/accueil-populaire-a-louga-le-mouvement-dolly-macky-deroule-le-tapis-rouge-a-amadou-ba#primaryimage"},"image":{"@id":"https:\/\/www.africa-press.net\/senegal\/politique\/accueil-populaire-a-louga-le-mouvement-dolly-macky-deroule-le-tapis-rouge-a-amadou-ba#primaryimage"},"thumbnailUrl":"https:\/\/static.africa-press.net\/senegal\/sites\/13\/2023\/10\/sm_1697990602.643902.jpg","datePublished":"2023-10-22T18:05:14+00:00","dateModified":"2023-10-22T20:35:01+00:00","author":{"@id":"https:\/\/www.africa-press.net\/senegal\/#\/schema\/person\/2b1cf3cd81a31e3cd26889ca66d677f1"},"description":"Une mobilisation de grands jours la nuit du samedi a\u0300 Louga pour accueillir le Premier Ministre, Amadou Ba\u0302. Elle est l\u2019 ...","breadcrumb":{"@id":"https:\/\/www.africa-press.net\/senegal\/politique\/accueil-populaire-a-louga-le-mouvement-dolly-macky-deroule-le-tapis-rouge-a-amadou-ba#breadcrumb"},"inLanguage":"fr-FR","potentialAction":[{"@type":"ReadAction","target":["https:\/\/www.africa-press.net\/senegal\/politique\/accueil-populaire-a-louga-le-mouvement-dolly-macky-deroule-le-tapis-rouge-a-amadou-ba"]}]},{"@type":"ImageObject","inLanguage":"fr-FR","@id":"https:\/\/www.africa-press.net\/senegal\/politique\/accueil-populaire-a-louga-le-mouvement-dolly-macky-deroule-le-tapis-rouge-a-amadou-ba#primaryimage","url":"https:\/\/static.africa-press.net\/senegal\/sites\/13\/2023\/10\/sm_1697990602.643902.jpg","contentUrl":"https:\/\/static.africa-press.net\/senegal\/sites\/13\/2023\/10\/sm_1697990602.643902.jpg","width":612,"height":298,"caption":"Accueil populaire \u00e0 Louga : Le Mouvement Dolly Macky d\u00e9roule le tapis rouge \u00e0 Amadou B\u00e2"},{"@type":"BreadcrumbList","@id":"https:\/\/www.africa-press.net\/senegal\/politique\/accueil-populaire-a-louga-le-mouvement-dolly-macky-deroule-le-tapis-rouge-a-amadou-ba#breadcrumb","itemListElement":[{"@type":"ListItem","position":1,"name":"Accueil","item":"https:\/\/www.africa-press.net\/senegal\/"},{"@type":"ListItem","position":2,"name":"Accueil populaire \u00e0 Louga : Le Mouvement Dolly Macky d\u00e9roule le tapis rouge \u00e0 Amadou B\u00e2"}]},{"@type":"WebSite","@id":"https:\/\/www.africa-press.net\/senegal\/#website","url":"https:\/\/www.africa-press.net\/senegal\/","name":"Africa Press | Senegal | Homepage","description":"Just another Africa News Agency Sites site","potentialAction":[{"@type":"SearchAction","target":{"@type":"EntryPoint","urlTemplate":"https:\/\/www.africa-press.net\/senegal\/?s={search_term_string}"},"query-input":{"@type":"PropertyValueSpecification","valueRequired":true,"valueName":"search_term_string"}}],"inLanguage":"fr-FR"},{"@type":"Person","@id":"https:\/\/www.africa-press.net\/senegal\/#\/schema\/person\/2b1cf3cd81a31e3cd26889ca66d677f1","name":"cfeditorfr","url":"https:\/\/www.africa-press.net\/senegal\/author\/cfeditorfr"}]}},"_links":{"self":[{"href":"https:\/\/www.africa-press.net\/senegal\/wp-json\/wp\/v2\/posts\/51385","targetHints":{"allow":["GET"]}}],"collection":[{"href":"https:\/\/www.africa-press.net\/senegal\/wp-json\/wp\/v2\/posts"}],"about":[{"href":"https:\/\/www.africa-press.net\/senegal\/wp-json\/wp\/v2\/types\/post"}],"author":[{"embeddable":true,"href":"https:\/\/www.africa-press.net\/senegal\/wp-json\/wp\/v2\/users\/82"}],"replies":[{"embeddable":true,"href":"https:\/\/www.africa-press.net\/senegal\/wp-json\/wp\/v2\/comments?post=51385"}],"version-history":[{"count":0,"href":"https:\/\/www.africa-press.net\/senegal\/wp-json\/wp\/v2\/posts\/51385\/revisions"}],"wp:featuredmedia":[{"embeddable":true,"href":"https:\/\/www.africa-press.net\/senegal\/wp-json\/wp\/v2\/media\/51384"}],"wp:attachment":[{"href":"https:\/\/www.africa-press.net\/senegal\/wp-json\/wp\/v2\/media?parent=51385"}],"wp:term":[{"taxonomy":"category","embeddable":true,"href":"https:\/\/www.africa-press.net\/senegal\/wp-json\/wp\/v2\/categories?post=51385"},{"taxonomy":"post_tag","embeddable":true,"href":"https:\/\/www.africa-press.net\/senegal\/wp-json\/wp\/v2\/tags?post=51385"}],"curies":[{"name":"wp","href":"https:\/\/api.w.org\/{rel}","templated":true}]}}