{"id":55695,"date":"2024-02-13T11:19:00","date_gmt":"2024-02-13T11:19:00","guid":{"rendered":"https:\/\/www.africa-press.net\/senegal\/politique\/birahim-seck-nous-avons-lobligation-de-defendre-la-liberte-de-la-presse"},"modified":"2024-02-13T12:41:15","modified_gmt":"2024-02-13T12:41:15","slug":"birahim-seck-nous-avons-lobligation-de-defendre-la-liberte-de-la-presse","status":"publish","type":"post","link":"https:\/\/www.africa-press.net\/senegal\/politique\/birahim-seck-nous-avons-lobligation-de-defendre-la-liberte-de-la-presse","title":{"rendered":"Birahim Seck: \u00ab\u00a0Nous avons l&rsquo;obligation de d\u00e9fendre la libert\u00e9 de la presse\u00a0\u00bb"},"content":{"rendered":"<p><span style=\"color: #ff6600\"><strong>Africa-Press &#8211; Senegal. <\/strong><\/span>La presse nationale s&rsquo;est donne\u0301e rendez-vous a\u0300 la Maison de la presse la nuit du lundi pour la de\u0301fense de la liberte\u0301 d&rsquo;expression. Prenant part a\u0300 la rencontre, Birahim Seck du Forum Civil a souligne\u0301 que \u2018\u2019la liberte\u0301 de la presse et des journalistes est un combat que tout le monde doit mener.\u00a0\u00bb Par la suite, il a de\u0301nonce\u0301 le comportement des forces de l&rsquo;ordre qui ont violente\u0301 des journalistes notamment des femmes. Leur unique faute, c\u2019est de faire correctement leur travail. \u00ab\u00a0J&rsquo;ose espe\u0301rer que la hie\u0301rarchie de la police n&rsquo;est pas et ne devrait pas e\u0302tre satisfaite du comportement des forces de de\u0301fense et de se\u0301curite\u0301, non seulement a\u0300 l&rsquo;endroit des populations mais aussi des journalistes\u00a0\u00bb dit-il d&#8217;emble\u0301e.<\/p>\n<p>Leurs actes de violence sont d\u2019autant plus incompre\u0301hensibles que les journalistes ont arbore\u0301 leur gilet avec la mention presse.<\/p>\n<p>D&rsquo;ailleurs, il pre\u0301cise que c&rsquo;est pour que des actes de cette nature ne se reproduisent plus que: \u00ab\u00a0nous avons l&rsquo;obligation de de\u0301fendre la de\u0301mocratie et nous allons la de\u0301fendre, il en est de me\u0302me pour la liberte\u0301 d&rsquo;expression \u00ab\u00a0.<\/p>\n<p>La protection des hommes des me\u0301dias incombe aux autorite\u0301s selon Birahim Seck qui a invite\u0301 les journalistes a\u0300 s&rsquo;unir et a\u0300 de\u0301fendre leurs droits pour que la pre\u0301carite\u0301 soit e\u0301radique\u0301e dans des re\u0301dactions.<\/p>\n<p><strong>Pour plus d&rsquo;informations et d&rsquo;analyses sur la <a href=\"https:\/\/www.africa-press.net\/senegal\">Senegal<\/a>, suivez <a href=\"https:\/\/www.africa-press.net\/\">Africa-Press<\/a><\/strong><\/p>\n","protected":false},"excerpt":{"rendered":"<p>Africa-Press &#8211; Senegal. La presse nationale s&rsquo;est donne\u0301e rendez-vous a\u0300 la Maison de la presse la nuit du lundi pour la de\u0301fense de la liberte\u0301 d&rsquo;expression. Prenant part a\u0300 la rencontre, Birahim Seck du Forum Civil a souligne\u0301 que \u2018\u2019la liberte\u0301 de la presse et des journalistes est un combat que tout le monde doit [&hellip;]<\/p>\n","protected":false},"author":82,"featured_media":55694,"comment_status":"open","ping_status":"closed","sticky":false,"template":"","format":"standard","meta":{"footnotes":""},"categories":[2,10],"tags":[43,47,44],"class_list":["post-55695","post","type-post","status-publish","format-standard","has-post-thumbnail","hentry","category-politique","category-toutes-les-actualites","tag-africa-press-2","tag-africa-press-senegal","tag-senegal-2"],"yoast_head":"<!-- This site is optimized with the Yoast SEO Premium plugin v26.1 (Yoast SEO v27.0) - https:\/\/yoast.com\/product\/yoast-seo-premium-wordpress\/ -->\n<title>Birahim Seck: &quot;Nous avons l&#039;obligation de d\u00e9fendre la libert\u00e9 de la presse&quot; - Senegal<\/title>\n<meta name=\"description\" content=\"La presse nationale s&#039;est donne\u0301e rendez-vous a\u0300 la Maison de la presse la nuit du lundi pour la de\u0301fense de la liberte\u0301 ...\" \/>\n<meta name=\"robots\" content=\"index, follow, max-snippet:-1, max-image-preview:large, max-video-preview:-1\" \/>\n<link rel=\"canonical\" href=\"https:\/\/www.africa-press.net\/senegal\/politique\/birahim-seck-nous-avons-lobligation-de-defendre-la-liberte-de-la-presse\" \/>\n<meta property=\"og:locale\" content=\"fr_FR\" \/>\n<meta property=\"og:type\" content=\"article\" \/>\n<meta property=\"og:title\" content=\"Birahim Seck: &quot;Nous avons l&#039;obligation de d\u00e9fendre la libert\u00e9 de la presse&quot;\" \/>\n<meta property=\"og:description\" content=\"La presse nationale s&#039;est donne\u0301e rendez-vous a\u0300 la Maison de la presse la nuit du lundi pour la de\u0301fense de la liberte\u0301 ...\" \/>\n<meta property=\"og:url\" content=\"https:\/\/www.africa-press.net\/senegal\/politique\/birahim-seck-nous-avons-lobligation-de-defendre-la-liberte-de-la-presse\" \/>\n<meta property=\"og:site_name\" content=\"Senegal\" \/>\n<meta property=\"article:published_time\" content=\"2024-02-13T11:19:00+00:00\" \/>\n<meta property=\"article:modified_time\" content=\"2024-02-13T12:41:15+00:00\" \/>\n<meta property=\"og:image\" content=\"https:\/\/static.africa-press.net\/senegal\/sites\/13\/2024\/02\/sm_1707811762.114922.jpg\" \/>\n\t<meta property=\"og:image:width\" content=\"1297\" \/>\n\t<meta property=\"og:image:height\" content=\"635\" \/>\n\t<meta property=\"og:image:type\" content=\"image\/jpeg\" \/>\n<meta name=\"author\" content=\"cfeditorfr\" \/>\n<meta name=\"twitter:card\" content=\"summary_large_image\" \/>\n<meta name=\"twitter:label1\" content=\"\u00c9crit par\" \/>\n\t<meta name=\"twitter:data1\" content=\"cfeditorfr\" \/>\n\t<meta name=\"twitter:label2\" content=\"Dur\u00e9e de lecture estim\u00e9e\" \/>\n\t<meta name=\"twitter:data2\" content=\"1 minute\" \/>\n<script type=\"application\/ld+json\" class=\"yoast-schema-graph\">{\"@context\":\"https:\/\/schema.org\",\"@graph\":[{\"@type\":\"Article\",\"@id\":\"https:\/\/www.africa-press.net\/senegal\/politique\/birahim-seck-nous-avons-lobligation-de-defendre-la-liberte-de-la-presse#article\",\"isPartOf\":{\"@id\":\"https:\/\/www.africa-press.net\/senegal\/politique\/birahim-seck-nous-avons-lobligation-de-defendre-la-liberte-de-la-presse\"},\"author\":{\"name\":\"cfeditorfr\",\"@id\":\"https:\/\/www.africa-press.net\/senegal\/#\/schema\/person\/2b1cf3cd81a31e3cd26889ca66d677f1\"},\"headline\":\"Birahim Seck: \u00ab\u00a0Nous avons l&rsquo;obligation de d\u00e9fendre la libert\u00e9 de la presse\u00a0\u00bb\",\"datePublished\":\"2024-02-13T11:19:00+00:00\",\"dateModified\":\"2024-02-13T12:41:15+00:00\",\"mainEntityOfPage\":{\"@id\":\"https:\/\/www.africa-press.net\/senegal\/politique\/birahim-seck-nous-avons-lobligation-de-defendre-la-liberte-de-la-presse\"},\"wordCount\":274,\"commentCount\":0,\"image\":{\"@id\":\"https:\/\/www.africa-press.net\/senegal\/politique\/birahim-seck-nous-avons-lobligation-de-defendre-la-liberte-de-la-presse#primaryimage\"},\"thumbnailUrl\":\"https:\/\/static.africa-press.net\/senegal\/sites\/13\/2024\/02\/sm_1707811762.114922.jpg\",\"keywords\":[\"Africa Press\",\"Africa Press-Senegal\",\"Senegal\"],\"articleSection\":[\"Politique\",\"Toutes les actualit\u00e9s\"],\"inLanguage\":\"fr-FR\",\"potentialAction\":[{\"@type\":\"CommentAction\",\"name\":\"Comment\",\"target\":[\"https:\/\/www.africa-press.net\/senegal\/politique\/birahim-seck-nous-avons-lobligation-de-defendre-la-liberte-de-la-presse#respond\"]}]},{\"@type\":\"WebPage\",\"@id\":\"https:\/\/www.africa-press.net\/senegal\/politique\/birahim-seck-nous-avons-lobligation-de-defendre-la-liberte-de-la-presse\",\"url\":\"https:\/\/www.africa-press.net\/senegal\/politique\/birahim-seck-nous-avons-lobligation-de-defendre-la-liberte-de-la-presse\",\"name\":\"Birahim Seck: \\\"Nous avons l'obligation de d\u00e9fendre la libert\u00e9 de la presse\\\" - Senegal\",\"isPartOf\":{\"@id\":\"https:\/\/www.africa-press.net\/senegal\/#website\"},\"primaryImageOfPage\":{\"@id\":\"https:\/\/www.africa-press.net\/senegal\/politique\/birahim-seck-nous-avons-lobligation-de-defendre-la-liberte-de-la-presse#primaryimage\"},\"image\":{\"@id\":\"https:\/\/www.africa-press.net\/senegal\/politique\/birahim-seck-nous-avons-lobligation-de-defendre-la-liberte-de-la-presse#primaryimage\"},\"thumbnailUrl\":\"https:\/\/static.africa-press.net\/senegal\/sites\/13\/2024\/02\/sm_1707811762.114922.jpg\",\"datePublished\":\"2024-02-13T11:19:00+00:00\",\"dateModified\":\"2024-02-13T12:41:15+00:00\",\"author\":{\"@id\":\"https:\/\/www.africa-press.net\/senegal\/#\/schema\/person\/2b1cf3cd81a31e3cd26889ca66d677f1\"},\"description\":\"La presse nationale s'est donne\u0301e rendez-vous a\u0300 la Maison de la presse la nuit du lundi pour la de\u0301fense de la liberte\u0301 ...\",\"breadcrumb\":{\"@id\":\"https:\/\/www.africa-press.net\/senegal\/politique\/birahim-seck-nous-avons-lobligation-de-defendre-la-liberte-de-la-presse#breadcrumb\"},\"inLanguage\":\"fr-FR\",\"potentialAction\":[{\"@type\":\"ReadAction\",\"target\":[\"https:\/\/www.africa-press.net\/senegal\/politique\/birahim-seck-nous-avons-lobligation-de-defendre-la-liberte-de-la-presse\"]}]},{\"@type\":\"ImageObject\",\"inLanguage\":\"fr-FR\",\"@id\":\"https:\/\/www.africa-press.net\/senegal\/politique\/birahim-seck-nous-avons-lobligation-de-defendre-la-liberte-de-la-presse#primaryimage\",\"url\":\"https:\/\/static.africa-press.net\/senegal\/sites\/13\/2024\/02\/sm_1707811762.114922.jpg\",\"contentUrl\":\"https:\/\/static.africa-press.net\/senegal\/sites\/13\/2024\/02\/sm_1707811762.114922.jpg\",\"width\":1297,\"height\":635,\"caption\":\"Birahim Seck: \\\"Nous avons l'obligation de d\u00e9fendre la libert\u00e9 de la presse\\\"\"},{\"@type\":\"BreadcrumbList\",\"@id\":\"https:\/\/www.africa-press.net\/senegal\/politique\/birahim-seck-nous-avons-lobligation-de-defendre-la-liberte-de-la-presse#breadcrumb\",\"itemListElement\":[{\"@type\":\"ListItem\",\"position\":1,\"name\":\"Accueil\",\"item\":\"https:\/\/www.africa-press.net\/senegal\/\"},{\"@type\":\"ListItem\",\"position\":2,\"name\":\"Birahim Seck: &#8220;Nous avons l&#8217;obligation de d\u00e9fendre la libert\u00e9 de la presse&#8221;\"}]},{\"@type\":\"WebSite\",\"@id\":\"https:\/\/www.africa-press.net\/senegal\/#website\",\"url\":\"https:\/\/www.africa-press.net\/senegal\/\",\"name\":\"Africa Press | Senegal | Homepage\",\"description\":\"Just another Africa News Agency Sites site\",\"potentialAction\":[{\"@type\":\"SearchAction\",\"target\":{\"@type\":\"EntryPoint\",\"urlTemplate\":\"https:\/\/www.africa-press.net\/senegal\/?s={search_term_string}\"},\"query-input\":{\"@type\":\"PropertyValueSpecification\",\"valueRequired\":true,\"valueName\":\"search_term_string\"}}],\"inLanguage\":\"fr-FR\"},{\"@type\":\"Person\",\"@id\":\"https:\/\/www.africa-press.net\/senegal\/#\/schema\/person\/2b1cf3cd81a31e3cd26889ca66d677f1\",\"name\":\"cfeditorfr\",\"url\":\"https:\/\/www.africa-press.net\/senegal\/author\/cfeditorfr\"}]}<\/script>\n<!-- \/ Yoast SEO Premium plugin. -->","yoast_head_json":{"title":"Birahim Seck: \"Nous avons l'obligation de d\u00e9fendre la libert\u00e9 de la presse\" - Senegal","description":"La presse nationale s'est donne\u0301e rendez-vous a\u0300 la Maison de la presse la nuit du lundi pour la de\u0301fense de la liberte\u0301 ...","robots":{"index":"index","follow":"follow","max-snippet":"max-snippet:-1","max-image-preview":"max-image-preview:large","max-video-preview":"max-video-preview:-1"},"canonical":"https:\/\/www.africa-press.net\/senegal\/politique\/birahim-seck-nous-avons-lobligation-de-defendre-la-liberte-de-la-presse","og_locale":"fr_FR","og_type":"article","og_title":"Birahim Seck: \"Nous avons l'obligation de d\u00e9fendre la libert\u00e9 de la presse\"","og_description":"La presse nationale s'est donne\u0301e rendez-vous a\u0300 la Maison de la presse la nuit du lundi pour la de\u0301fense de la liberte\u0301 ...","og_url":"https:\/\/www.africa-press.net\/senegal\/politique\/birahim-seck-nous-avons-lobligation-de-defendre-la-liberte-de-la-presse","og_site_name":"Senegal","article_published_time":"2024-02-13T11:19:00+00:00","article_modified_time":"2024-02-13T12:41:15+00:00","og_image":[{"width":1297,"height":635,"url":"https:\/\/static.africa-press.net\/senegal\/sites\/13\/2024\/02\/sm_1707811762.114922.jpg","type":"image\/jpeg"}],"author":"cfeditorfr","twitter_card":"summary_large_image","twitter_misc":{"\u00c9crit par":"cfeditorfr","Dur\u00e9e de lecture estim\u00e9e":"1 minute"},"schema":{"@context":"https:\/\/schema.org","@graph":[{"@type":"Article","@id":"https:\/\/www.africa-press.net\/senegal\/politique\/birahim-seck-nous-avons-lobligation-de-defendre-la-liberte-de-la-presse#article","isPartOf":{"@id":"https:\/\/www.africa-press.net\/senegal\/politique\/birahim-seck-nous-avons-lobligation-de-defendre-la-liberte-de-la-presse"},"author":{"name":"cfeditorfr","@id":"https:\/\/www.africa-press.net\/senegal\/#\/schema\/person\/2b1cf3cd81a31e3cd26889ca66d677f1"},"headline":"Birahim Seck: \u00ab\u00a0Nous avons l&rsquo;obligation de d\u00e9fendre la libert\u00e9 de la presse\u00a0\u00bb","datePublished":"2024-02-13T11:19:00+00:00","dateModified":"2024-02-13T12:41:15+00:00","mainEntityOfPage":{"@id":"https:\/\/www.africa-press.net\/senegal\/politique\/birahim-seck-nous-avons-lobligation-de-defendre-la-liberte-de-la-presse"},"wordCount":274,"commentCount":0,"image":{"@id":"https:\/\/www.africa-press.net\/senegal\/politique\/birahim-seck-nous-avons-lobligation-de-defendre-la-liberte-de-la-presse#primaryimage"},"thumbnailUrl":"https:\/\/static.africa-press.net\/senegal\/sites\/13\/2024\/02\/sm_1707811762.114922.jpg","keywords":["Africa Press","Africa Press-Senegal","Senegal"],"articleSection":["Politique","Toutes les actualit\u00e9s"],"inLanguage":"fr-FR","potentialAction":[{"@type":"CommentAction","name":"Comment","target":["https:\/\/www.africa-press.net\/senegal\/politique\/birahim-seck-nous-avons-lobligation-de-defendre-la-liberte-de-la-presse#respond"]}]},{"@type":"WebPage","@id":"https:\/\/www.africa-press.net\/senegal\/politique\/birahim-seck-nous-avons-lobligation-de-defendre-la-liberte-de-la-presse","url":"https:\/\/www.africa-press.net\/senegal\/politique\/birahim-seck-nous-avons-lobligation-de-defendre-la-liberte-de-la-presse","name":"Birahim Seck: \"Nous avons l'obligation de d\u00e9fendre la libert\u00e9 de la presse\" - Senegal","isPartOf":{"@id":"https:\/\/www.africa-press.net\/senegal\/#website"},"primaryImageOfPage":{"@id":"https:\/\/www.africa-press.net\/senegal\/politique\/birahim-seck-nous-avons-lobligation-de-defendre-la-liberte-de-la-presse#primaryimage"},"image":{"@id":"https:\/\/www.africa-press.net\/senegal\/politique\/birahim-seck-nous-avons-lobligation-de-defendre-la-liberte-de-la-presse#primaryimage"},"thumbnailUrl":"https:\/\/static.africa-press.net\/senegal\/sites\/13\/2024\/02\/sm_1707811762.114922.jpg","datePublished":"2024-02-13T11:19:00+00:00","dateModified":"2024-02-13T12:41:15+00:00","author":{"@id":"https:\/\/www.africa-press.net\/senegal\/#\/schema\/person\/2b1cf3cd81a31e3cd26889ca66d677f1"},"description":"La presse nationale s'est donne\u0301e rendez-vous a\u0300 la Maison de la presse la nuit du lundi pour la de\u0301fense de la liberte\u0301 ...","breadcrumb":{"@id":"https:\/\/www.africa-press.net\/senegal\/politique\/birahim-seck-nous-avons-lobligation-de-defendre-la-liberte-de-la-presse#breadcrumb"},"inLanguage":"fr-FR","potentialAction":[{"@type":"ReadAction","target":["https:\/\/www.africa-press.net\/senegal\/politique\/birahim-seck-nous-avons-lobligation-de-defendre-la-liberte-de-la-presse"]}]},{"@type":"ImageObject","inLanguage":"fr-FR","@id":"https:\/\/www.africa-press.net\/senegal\/politique\/birahim-seck-nous-avons-lobligation-de-defendre-la-liberte-de-la-presse#primaryimage","url":"https:\/\/static.africa-press.net\/senegal\/sites\/13\/2024\/02\/sm_1707811762.114922.jpg","contentUrl":"https:\/\/static.africa-press.net\/senegal\/sites\/13\/2024\/02\/sm_1707811762.114922.jpg","width":1297,"height":635,"caption":"Birahim Seck: \"Nous avons l'obligation de d\u00e9fendre la libert\u00e9 de la presse\""},{"@type":"BreadcrumbList","@id":"https:\/\/www.africa-press.net\/senegal\/politique\/birahim-seck-nous-avons-lobligation-de-defendre-la-liberte-de-la-presse#breadcrumb","itemListElement":[{"@type":"ListItem","position":1,"name":"Accueil","item":"https:\/\/www.africa-press.net\/senegal\/"},{"@type":"ListItem","position":2,"name":"Birahim Seck: &#8220;Nous avons l&#8217;obligation de d\u00e9fendre la libert\u00e9 de la presse&#8221;"}]},{"@type":"WebSite","@id":"https:\/\/www.africa-press.net\/senegal\/#website","url":"https:\/\/www.africa-press.net\/senegal\/","name":"Africa Press | Senegal | Homepage","description":"Just another Africa News Agency Sites site","potentialAction":[{"@type":"SearchAction","target":{"@type":"EntryPoint","urlTemplate":"https:\/\/www.africa-press.net\/senegal\/?s={search_term_string}"},"query-input":{"@type":"PropertyValueSpecification","valueRequired":true,"valueName":"search_term_string"}}],"inLanguage":"fr-FR"},{"@type":"Person","@id":"https:\/\/www.africa-press.net\/senegal\/#\/schema\/person\/2b1cf3cd81a31e3cd26889ca66d677f1","name":"cfeditorfr","url":"https:\/\/www.africa-press.net\/senegal\/author\/cfeditorfr"}]}},"_links":{"self":[{"href":"https:\/\/www.africa-press.net\/senegal\/wp-json\/wp\/v2\/posts\/55695","targetHints":{"allow":["GET"]}}],"collection":[{"href":"https:\/\/www.africa-press.net\/senegal\/wp-json\/wp\/v2\/posts"}],"about":[{"href":"https:\/\/www.africa-press.net\/senegal\/wp-json\/wp\/v2\/types\/post"}],"author":[{"embeddable":true,"href":"https:\/\/www.africa-press.net\/senegal\/wp-json\/wp\/v2\/users\/82"}],"replies":[{"embeddable":true,"href":"https:\/\/www.africa-press.net\/senegal\/wp-json\/wp\/v2\/comments?post=55695"}],"version-history":[{"count":0,"href":"https:\/\/www.africa-press.net\/senegal\/wp-json\/wp\/v2\/posts\/55695\/revisions"}],"wp:featuredmedia":[{"embeddable":true,"href":"https:\/\/www.africa-press.net\/senegal\/wp-json\/wp\/v2\/media\/55694"}],"wp:attachment":[{"href":"https:\/\/www.africa-press.net\/senegal\/wp-json\/wp\/v2\/media?parent=55695"}],"wp:term":[{"taxonomy":"category","embeddable":true,"href":"https:\/\/www.africa-press.net\/senegal\/wp-json\/wp\/v2\/categories?post=55695"},{"taxonomy":"post_tag","embeddable":true,"href":"https:\/\/www.africa-press.net\/senegal\/wp-json\/wp\/v2\/tags?post=55695"}],"curies":[{"name":"wp","href":"https:\/\/api.w.org\/{rel}","templated":true}]}}