{"id":55698,"date":"2024-02-13T11:20:41","date_gmt":"2024-02-13T11:20:41","guid":{"rendered":"https:\/\/www.africa-press.net\/senegal\/politique\/un-projet-loi-damnistie-generale-sera-adopte-mercredi-ousmane-sonko-bientot-libre"},"modified":"2024-02-13T12:42:03","modified_gmt":"2024-02-13T12:42:03","slug":"un-projet-loi-damnistie-generale-sera-adopte-mercredi-ousmane-sonko-bientot-libre","status":"publish","type":"post","link":"https:\/\/www.africa-press.net\/senegal\/politique\/un-projet-loi-damnistie-generale-sera-adopte-mercredi-ousmane-sonko-bientot-libre","title":{"rendered":"Un projet Loi d\u2019amnistie g\u00e9n\u00e9rale sera adopt\u00e9 mercredi : Ousmane Sonko bient\u00f4t libre"},"content":{"rendered":"<p><span style=\"color: #ff6600\"><strong>Africa-Press &#8211; Senegal. <\/strong><\/span>Une mesure d&rsquo;amnistie ge\u0301ne\u0301rale devrait e\u0302tre adopte\u0301e incessamment et conduire a\u0300 la libe\u0301ration d&rsquo;Ousmane Sonko et compagnie; Le Pre\u0301sident de la Re\u0301publique a instruit le ministre de la Justice lors du pre\u0301ce\u0301dent Conseil des ministres, de pre\u0301parer un projet dans ce sens, qui devrait e\u0302tre adopte\u0301 lors du Conseil des ministres de ce mercredi.<\/p>\n<p>Au-dela\u0300 des personnes arre\u0302te\u0301es en marge des manifestations, la mesure devrait concerner des faits plus anciens notamment ceux lie\u0301s aux condamnations de Karim Wade et Khalifa Sall.<\/p>\n<p>Le Pre\u0301sident Macky Sall veut ainsi donner a\u0300 chaque acteur la chance de participer au dialogue national et pour ceux qui le souhaitent, a\u0300 la Pre\u0301sidentielle qui vient d&rsquo;e\u0302tre reporte\u0301e a\u0300 une autre date.<\/p>\n<p>Il s&rsquo;agit d&rsquo;acter son souhait de\u0301ja\u0300 exprime\u0301 de laisser un Se\u0301ne\u0301gal apaise\u0301 et stable a\u0300 l&rsquo;issue de ce dialogue qu&rsquo;il veut inclusif.<\/p>\n<p>Cette loi d\u2019amnistie va passer par le Parlement et \u201cainsi marquer la premie\u0300re e\u0301tape vers une entente cordiale pour un dialogue inclusif\u201d, nous glisse une source.<\/p>\n<p>Le re\u0301tablissement du signal de Walf entre dans le cadre de cette volonte\u0301 d&rsquo;apaisement.<\/p>\n<p><strong>Pour plus d&rsquo;informations et d&rsquo;analyses sur la <a href=\"https:\/\/www.africa-press.net\/senegal\">Senegal<\/a>, suivez <a href=\"https:\/\/www.africa-press.net\/\">Africa-Press<\/a><\/strong><\/p>\n","protected":false},"excerpt":{"rendered":"<p>Africa-Press &#8211; Senegal. Une mesure d&rsquo;amnistie ge\u0301ne\u0301rale devrait e\u0302tre adopte\u0301e incessamment et conduire a\u0300 la libe\u0301ration d&rsquo;Ousmane Sonko et compagnie; Le Pre\u0301sident de la Re\u0301publique a instruit le ministre de la Justice lors du pre\u0301ce\u0301dent Conseil des ministres, de pre\u0301parer un projet dans ce sens, qui devrait e\u0302tre adopte\u0301 lors du Conseil des ministres de [&hellip;]<\/p>\n","protected":false},"author":82,"featured_media":55696,"comment_status":"open","ping_status":"closed","sticky":false,"template":"","format":"standard","meta":{"footnotes":""},"categories":[2,10],"tags":[43,47,44],"class_list":["post-55698","post","type-post","status-publish","format-standard","has-post-thumbnail","hentry","category-politique","category-toutes-les-actualites","tag-africa-press-2","tag-africa-press-senegal","tag-senegal-2"],"yoast_head":"<!-- This site is optimized with the Yoast SEO Premium plugin v26.1 (Yoast SEO v27.0) - https:\/\/yoast.com\/product\/yoast-seo-premium-wordpress\/ -->\n<title>Un projet Loi d\u2019amnistie g\u00e9n\u00e9rale sera adopt\u00e9 mercredi : Ousmane Sonko bient\u00f4t libre - Senegal<\/title>\n<meta name=\"description\" content=\"Une mesure d&#039;amnistie ge\u0301ne\u0301rale devrait e\u0302tre adopte\u0301e incessamment et conduire a\u0300 la libe\u0301ration d&#039;Ousmane Sonko et co ...\" \/>\n<meta name=\"robots\" content=\"index, follow, max-snippet:-1, max-image-preview:large, max-video-preview:-1\" \/>\n<link rel=\"canonical\" href=\"https:\/\/www.africa-press.net\/senegal\/politique\/un-projet-loi-damnistie-generale-sera-adopte-mercredi-ousmane-sonko-bientot-libre\" \/>\n<meta property=\"og:locale\" content=\"fr_FR\" \/>\n<meta property=\"og:type\" content=\"article\" \/>\n<meta property=\"og:title\" content=\"Un projet Loi d\u2019amnistie g\u00e9n\u00e9rale sera adopt\u00e9 mercredi : Ousmane Sonko bient\u00f4t libre\" \/>\n<meta property=\"og:description\" content=\"Une mesure d&#039;amnistie ge\u0301ne\u0301rale devrait e\u0302tre adopte\u0301e incessamment et conduire a\u0300 la libe\u0301ration d&#039;Ousmane Sonko et co ...\" \/>\n<meta property=\"og:url\" content=\"https:\/\/www.africa-press.net\/senegal\/politique\/un-projet-loi-damnistie-generale-sera-adopte-mercredi-ousmane-sonko-bientot-libre\" \/>\n<meta property=\"og:site_name\" content=\"Senegal\" \/>\n<meta property=\"article:published_time\" content=\"2024-02-13T11:20:41+00:00\" \/>\n<meta property=\"article:modified_time\" content=\"2024-02-13T12:42:03+00:00\" \/>\n<meta property=\"og:image\" content=\"https:\/\/static.africa-press.net\/senegal\/sites\/13\/2024\/02\/sm_1707811780.81691.jpg\" \/>\n\t<meta property=\"og:image:width\" content=\"1301\" \/>\n\t<meta property=\"og:image:height\" content=\"635\" \/>\n\t<meta property=\"og:image:type\" content=\"image\/jpeg\" \/>\n<meta name=\"author\" content=\"cfeditorfr\" \/>\n<meta name=\"twitter:card\" content=\"summary_large_image\" \/>\n<meta name=\"twitter:label1\" content=\"\u00c9crit par\" \/>\n\t<meta name=\"twitter:data1\" content=\"cfeditorfr\" \/>\n\t<meta name=\"twitter:label2\" content=\"Dur\u00e9e de lecture estim\u00e9e\" \/>\n\t<meta name=\"twitter:data2\" content=\"1 minute\" \/>\n<script type=\"application\/ld+json\" class=\"yoast-schema-graph\">{\"@context\":\"https:\/\/schema.org\",\"@graph\":[{\"@type\":\"Article\",\"@id\":\"https:\/\/www.africa-press.net\/senegal\/politique\/un-projet-loi-damnistie-generale-sera-adopte-mercredi-ousmane-sonko-bientot-libre#article\",\"isPartOf\":{\"@id\":\"https:\/\/www.africa-press.net\/senegal\/politique\/un-projet-loi-damnistie-generale-sera-adopte-mercredi-ousmane-sonko-bientot-libre\"},\"author\":{\"name\":\"cfeditorfr\",\"@id\":\"https:\/\/www.africa-press.net\/senegal\/#\/schema\/person\/2b1cf3cd81a31e3cd26889ca66d677f1\"},\"headline\":\"Un projet Loi d\u2019amnistie g\u00e9n\u00e9rale sera adopt\u00e9 mercredi : Ousmane Sonko bient\u00f4t libre\",\"datePublished\":\"2024-02-13T11:20:41+00:00\",\"dateModified\":\"2024-02-13T12:42:03+00:00\",\"mainEntityOfPage\":{\"@id\":\"https:\/\/www.africa-press.net\/senegal\/politique\/un-projet-loi-damnistie-generale-sera-adopte-mercredi-ousmane-sonko-bientot-libre\"},\"wordCount\":241,\"commentCount\":0,\"image\":{\"@id\":\"https:\/\/www.africa-press.net\/senegal\/politique\/un-projet-loi-damnistie-generale-sera-adopte-mercredi-ousmane-sonko-bientot-libre#primaryimage\"},\"thumbnailUrl\":\"https:\/\/static.africa-press.net\/senegal\/sites\/13\/2024\/02\/sm_1707811780.81691.jpg\",\"keywords\":[\"Africa Press\",\"Africa Press-Senegal\",\"Senegal\"],\"articleSection\":[\"Politique\",\"Toutes les actualit\u00e9s\"],\"inLanguage\":\"fr-FR\",\"potentialAction\":[{\"@type\":\"CommentAction\",\"name\":\"Comment\",\"target\":[\"https:\/\/www.africa-press.net\/senegal\/politique\/un-projet-loi-damnistie-generale-sera-adopte-mercredi-ousmane-sonko-bientot-libre#respond\"]}]},{\"@type\":\"WebPage\",\"@id\":\"https:\/\/www.africa-press.net\/senegal\/politique\/un-projet-loi-damnistie-generale-sera-adopte-mercredi-ousmane-sonko-bientot-libre\",\"url\":\"https:\/\/www.africa-press.net\/senegal\/politique\/un-projet-loi-damnistie-generale-sera-adopte-mercredi-ousmane-sonko-bientot-libre\",\"name\":\"Un projet Loi d\u2019amnistie g\u00e9n\u00e9rale sera adopt\u00e9 mercredi : Ousmane Sonko bient\u00f4t libre - Senegal\",\"isPartOf\":{\"@id\":\"https:\/\/www.africa-press.net\/senegal\/#website\"},\"primaryImageOfPage\":{\"@id\":\"https:\/\/www.africa-press.net\/senegal\/politique\/un-projet-loi-damnistie-generale-sera-adopte-mercredi-ousmane-sonko-bientot-libre#primaryimage\"},\"image\":{\"@id\":\"https:\/\/www.africa-press.net\/senegal\/politique\/un-projet-loi-damnistie-generale-sera-adopte-mercredi-ousmane-sonko-bientot-libre#primaryimage\"},\"thumbnailUrl\":\"https:\/\/static.africa-press.net\/senegal\/sites\/13\/2024\/02\/sm_1707811780.81691.jpg\",\"datePublished\":\"2024-02-13T11:20:41+00:00\",\"dateModified\":\"2024-02-13T12:42:03+00:00\",\"author\":{\"@id\":\"https:\/\/www.africa-press.net\/senegal\/#\/schema\/person\/2b1cf3cd81a31e3cd26889ca66d677f1\"},\"description\":\"Une mesure d'amnistie ge\u0301ne\u0301rale devrait e\u0302tre adopte\u0301e incessamment et conduire a\u0300 la libe\u0301ration d'Ousmane Sonko et co ...\",\"breadcrumb\":{\"@id\":\"https:\/\/www.africa-press.net\/senegal\/politique\/un-projet-loi-damnistie-generale-sera-adopte-mercredi-ousmane-sonko-bientot-libre#breadcrumb\"},\"inLanguage\":\"fr-FR\",\"potentialAction\":[{\"@type\":\"ReadAction\",\"target\":[\"https:\/\/www.africa-press.net\/senegal\/politique\/un-projet-loi-damnistie-generale-sera-adopte-mercredi-ousmane-sonko-bientot-libre\"]}]},{\"@type\":\"ImageObject\",\"inLanguage\":\"fr-FR\",\"@id\":\"https:\/\/www.africa-press.net\/senegal\/politique\/un-projet-loi-damnistie-generale-sera-adopte-mercredi-ousmane-sonko-bientot-libre#primaryimage\",\"url\":\"https:\/\/static.africa-press.net\/senegal\/sites\/13\/2024\/02\/sm_1707811780.81691.jpg\",\"contentUrl\":\"https:\/\/static.africa-press.net\/senegal\/sites\/13\/2024\/02\/sm_1707811780.81691.jpg\",\"width\":1301,\"height\":635,\"caption\":\"Un projet Loi d\u2019amnistie g\u00e9n\u00e9rale sera adopt\u00e9 mercredi : Ousmane Sonko bient\u00f4t libre\"},{\"@type\":\"BreadcrumbList\",\"@id\":\"https:\/\/www.africa-press.net\/senegal\/politique\/un-projet-loi-damnistie-generale-sera-adopte-mercredi-ousmane-sonko-bientot-libre#breadcrumb\",\"itemListElement\":[{\"@type\":\"ListItem\",\"position\":1,\"name\":\"Accueil\",\"item\":\"https:\/\/www.africa-press.net\/senegal\/\"},{\"@type\":\"ListItem\",\"position\":2,\"name\":\"Un projet Loi d\u2019amnistie g\u00e9n\u00e9rale sera adopt\u00e9 mercredi : Ousmane Sonko bient\u00f4t libre\"}]},{\"@type\":\"WebSite\",\"@id\":\"https:\/\/www.africa-press.net\/senegal\/#website\",\"url\":\"https:\/\/www.africa-press.net\/senegal\/\",\"name\":\"Africa Press | Senegal | Homepage\",\"description\":\"Just another Africa News Agency Sites site\",\"potentialAction\":[{\"@type\":\"SearchAction\",\"target\":{\"@type\":\"EntryPoint\",\"urlTemplate\":\"https:\/\/www.africa-press.net\/senegal\/?s={search_term_string}\"},\"query-input\":{\"@type\":\"PropertyValueSpecification\",\"valueRequired\":true,\"valueName\":\"search_term_string\"}}],\"inLanguage\":\"fr-FR\"},{\"@type\":\"Person\",\"@id\":\"https:\/\/www.africa-press.net\/senegal\/#\/schema\/person\/2b1cf3cd81a31e3cd26889ca66d677f1\",\"name\":\"cfeditorfr\",\"url\":\"https:\/\/www.africa-press.net\/senegal\/author\/cfeditorfr\"}]}<\/script>\n<!-- \/ Yoast SEO Premium plugin. -->","yoast_head_json":{"title":"Un projet Loi d\u2019amnistie g\u00e9n\u00e9rale sera adopt\u00e9 mercredi : Ousmane Sonko bient\u00f4t libre - Senegal","description":"Une mesure d'amnistie ge\u0301ne\u0301rale devrait e\u0302tre adopte\u0301e incessamment et conduire a\u0300 la libe\u0301ration d'Ousmane Sonko et co ...","robots":{"index":"index","follow":"follow","max-snippet":"max-snippet:-1","max-image-preview":"max-image-preview:large","max-video-preview":"max-video-preview:-1"},"canonical":"https:\/\/www.africa-press.net\/senegal\/politique\/un-projet-loi-damnistie-generale-sera-adopte-mercredi-ousmane-sonko-bientot-libre","og_locale":"fr_FR","og_type":"article","og_title":"Un projet Loi d\u2019amnistie g\u00e9n\u00e9rale sera adopt\u00e9 mercredi : Ousmane Sonko bient\u00f4t libre","og_description":"Une mesure d'amnistie ge\u0301ne\u0301rale devrait e\u0302tre adopte\u0301e incessamment et conduire a\u0300 la libe\u0301ration d'Ousmane Sonko et co ...","og_url":"https:\/\/www.africa-press.net\/senegal\/politique\/un-projet-loi-damnistie-generale-sera-adopte-mercredi-ousmane-sonko-bientot-libre","og_site_name":"Senegal","article_published_time":"2024-02-13T11:20:41+00:00","article_modified_time":"2024-02-13T12:42:03+00:00","og_image":[{"width":1301,"height":635,"url":"https:\/\/static.africa-press.net\/senegal\/sites\/13\/2024\/02\/sm_1707811780.81691.jpg","type":"image\/jpeg"}],"author":"cfeditorfr","twitter_card":"summary_large_image","twitter_misc":{"\u00c9crit par":"cfeditorfr","Dur\u00e9e de lecture estim\u00e9e":"1 minute"},"schema":{"@context":"https:\/\/schema.org","@graph":[{"@type":"Article","@id":"https:\/\/www.africa-press.net\/senegal\/politique\/un-projet-loi-damnistie-generale-sera-adopte-mercredi-ousmane-sonko-bientot-libre#article","isPartOf":{"@id":"https:\/\/www.africa-press.net\/senegal\/politique\/un-projet-loi-damnistie-generale-sera-adopte-mercredi-ousmane-sonko-bientot-libre"},"author":{"name":"cfeditorfr","@id":"https:\/\/www.africa-press.net\/senegal\/#\/schema\/person\/2b1cf3cd81a31e3cd26889ca66d677f1"},"headline":"Un projet Loi d\u2019amnistie g\u00e9n\u00e9rale sera adopt\u00e9 mercredi : Ousmane Sonko bient\u00f4t libre","datePublished":"2024-02-13T11:20:41+00:00","dateModified":"2024-02-13T12:42:03+00:00","mainEntityOfPage":{"@id":"https:\/\/www.africa-press.net\/senegal\/politique\/un-projet-loi-damnistie-generale-sera-adopte-mercredi-ousmane-sonko-bientot-libre"},"wordCount":241,"commentCount":0,"image":{"@id":"https:\/\/www.africa-press.net\/senegal\/politique\/un-projet-loi-damnistie-generale-sera-adopte-mercredi-ousmane-sonko-bientot-libre#primaryimage"},"thumbnailUrl":"https:\/\/static.africa-press.net\/senegal\/sites\/13\/2024\/02\/sm_1707811780.81691.jpg","keywords":["Africa Press","Africa Press-Senegal","Senegal"],"articleSection":["Politique","Toutes les actualit\u00e9s"],"inLanguage":"fr-FR","potentialAction":[{"@type":"CommentAction","name":"Comment","target":["https:\/\/www.africa-press.net\/senegal\/politique\/un-projet-loi-damnistie-generale-sera-adopte-mercredi-ousmane-sonko-bientot-libre#respond"]}]},{"@type":"WebPage","@id":"https:\/\/www.africa-press.net\/senegal\/politique\/un-projet-loi-damnistie-generale-sera-adopte-mercredi-ousmane-sonko-bientot-libre","url":"https:\/\/www.africa-press.net\/senegal\/politique\/un-projet-loi-damnistie-generale-sera-adopte-mercredi-ousmane-sonko-bientot-libre","name":"Un projet Loi d\u2019amnistie g\u00e9n\u00e9rale sera adopt\u00e9 mercredi : Ousmane Sonko bient\u00f4t libre - Senegal","isPartOf":{"@id":"https:\/\/www.africa-press.net\/senegal\/#website"},"primaryImageOfPage":{"@id":"https:\/\/www.africa-press.net\/senegal\/politique\/un-projet-loi-damnistie-generale-sera-adopte-mercredi-ousmane-sonko-bientot-libre#primaryimage"},"image":{"@id":"https:\/\/www.africa-press.net\/senegal\/politique\/un-projet-loi-damnistie-generale-sera-adopte-mercredi-ousmane-sonko-bientot-libre#primaryimage"},"thumbnailUrl":"https:\/\/static.africa-press.net\/senegal\/sites\/13\/2024\/02\/sm_1707811780.81691.jpg","datePublished":"2024-02-13T11:20:41+00:00","dateModified":"2024-02-13T12:42:03+00:00","author":{"@id":"https:\/\/www.africa-press.net\/senegal\/#\/schema\/person\/2b1cf3cd81a31e3cd26889ca66d677f1"},"description":"Une mesure d'amnistie ge\u0301ne\u0301rale devrait e\u0302tre adopte\u0301e incessamment et conduire a\u0300 la libe\u0301ration d'Ousmane Sonko et co ...","breadcrumb":{"@id":"https:\/\/www.africa-press.net\/senegal\/politique\/un-projet-loi-damnistie-generale-sera-adopte-mercredi-ousmane-sonko-bientot-libre#breadcrumb"},"inLanguage":"fr-FR","potentialAction":[{"@type":"ReadAction","target":["https:\/\/www.africa-press.net\/senegal\/politique\/un-projet-loi-damnistie-generale-sera-adopte-mercredi-ousmane-sonko-bientot-libre"]}]},{"@type":"ImageObject","inLanguage":"fr-FR","@id":"https:\/\/www.africa-press.net\/senegal\/politique\/un-projet-loi-damnistie-generale-sera-adopte-mercredi-ousmane-sonko-bientot-libre#primaryimage","url":"https:\/\/static.africa-press.net\/senegal\/sites\/13\/2024\/02\/sm_1707811780.81691.jpg","contentUrl":"https:\/\/static.africa-press.net\/senegal\/sites\/13\/2024\/02\/sm_1707811780.81691.jpg","width":1301,"height":635,"caption":"Un projet Loi d\u2019amnistie g\u00e9n\u00e9rale sera adopt\u00e9 mercredi : Ousmane Sonko bient\u00f4t libre"},{"@type":"BreadcrumbList","@id":"https:\/\/www.africa-press.net\/senegal\/politique\/un-projet-loi-damnistie-generale-sera-adopte-mercredi-ousmane-sonko-bientot-libre#breadcrumb","itemListElement":[{"@type":"ListItem","position":1,"name":"Accueil","item":"https:\/\/www.africa-press.net\/senegal\/"},{"@type":"ListItem","position":2,"name":"Un projet Loi d\u2019amnistie g\u00e9n\u00e9rale sera adopt\u00e9 mercredi : Ousmane Sonko bient\u00f4t libre"}]},{"@type":"WebSite","@id":"https:\/\/www.africa-press.net\/senegal\/#website","url":"https:\/\/www.africa-press.net\/senegal\/","name":"Africa Press | Senegal | Homepage","description":"Just another Africa News Agency Sites site","potentialAction":[{"@type":"SearchAction","target":{"@type":"EntryPoint","urlTemplate":"https:\/\/www.africa-press.net\/senegal\/?s={search_term_string}"},"query-input":{"@type":"PropertyValueSpecification","valueRequired":true,"valueName":"search_term_string"}}],"inLanguage":"fr-FR"},{"@type":"Person","@id":"https:\/\/www.africa-press.net\/senegal\/#\/schema\/person\/2b1cf3cd81a31e3cd26889ca66d677f1","name":"cfeditorfr","url":"https:\/\/www.africa-press.net\/senegal\/author\/cfeditorfr"}]}},"_links":{"self":[{"href":"https:\/\/www.africa-press.net\/senegal\/wp-json\/wp\/v2\/posts\/55698","targetHints":{"allow":["GET"]}}],"collection":[{"href":"https:\/\/www.africa-press.net\/senegal\/wp-json\/wp\/v2\/posts"}],"about":[{"href":"https:\/\/www.africa-press.net\/senegal\/wp-json\/wp\/v2\/types\/post"}],"author":[{"embeddable":true,"href":"https:\/\/www.africa-press.net\/senegal\/wp-json\/wp\/v2\/users\/82"}],"replies":[{"embeddable":true,"href":"https:\/\/www.africa-press.net\/senegal\/wp-json\/wp\/v2\/comments?post=55698"}],"version-history":[{"count":0,"href":"https:\/\/www.africa-press.net\/senegal\/wp-json\/wp\/v2\/posts\/55698\/revisions"}],"wp:featuredmedia":[{"embeddable":true,"href":"https:\/\/www.africa-press.net\/senegal\/wp-json\/wp\/v2\/media\/55696"}],"wp:attachment":[{"href":"https:\/\/www.africa-press.net\/senegal\/wp-json\/wp\/v2\/media?parent=55698"}],"wp:term":[{"taxonomy":"category","embeddable":true,"href":"https:\/\/www.africa-press.net\/senegal\/wp-json\/wp\/v2\/categories?post=55698"},{"taxonomy":"post_tag","embeddable":true,"href":"https:\/\/www.africa-press.net\/senegal\/wp-json\/wp\/v2\/tags?post=55698"}],"curies":[{"name":"wp","href":"https:\/\/api.w.org\/{rel}","templated":true}]}}