{"id":55701,"date":"2024-02-13T11:24:49","date_gmt":"2024-02-13T11:24:49","guid":{"rendered":"https:\/\/www.africa-press.net\/senegal\/politique\/report-de-la-presidentielle-demission-dun-cadre-de-lapr-a-tambacounda"},"modified":"2024-02-13T12:42:38","modified_gmt":"2024-02-13T12:42:38","slug":"report-de-la-presidentielle-demission-dun-cadre-de-lapr-a-tambacounda","status":"publish","type":"post","link":"https:\/\/www.africa-press.net\/senegal\/politique\/report-de-la-presidentielle-demission-dun-cadre-de-lapr-a-tambacounda","title":{"rendered":"Report de la pr\u00e9sidentielle : D\u00e9mission d&rsquo;un cadre de l\u2019APR \u00e0 Tambacounda"},"content":{"rendered":"<p><span style=\"color: #ff6600\"><strong>Africa-Press &#8211; Senegal. <\/strong><\/span>Les rangs de l\u2019APR se desserre a\u0300 Tambacounda. L&rsquo;ancien pre\u0301sident du Conseil re\u0301gional de la jeunesse de Tambacounda a annonce\u0301 sa de\u0301mission de cette formation politique. La raison invoque\u0301e, c\u2019est le report de l\u2019e\u0301lection pre\u0301sidentielle.<\/p>\n<p>\u00a0\u00bb Je voudrais vous informer de ma de\u0301cision de de\u0301missionner de l&rsquo;Alliance pour la Re\u0301publique suite au report de l\u2019e\u0301lection par le Pre\u0301sident Macky Sall\u00a0\u00bb, a indique\u0301 Ibrahima Traore\u0301 lors d\u2019une confe\u0301rence de presse a\u0300 Sare\u0301 Guile\u0301l, son fief e\u0301lectoral.<\/p>\n<p>Ibrahima Traore\u0301 juge inadmissible et inexplicable le report de l&rsquo;e\u0301lection pre\u0301sidentielle a\u0300 quelques heures de l&rsquo;ouverture de la campagne. \u00ab\u00a0Ce qui vient de se passer est inadmissible.<\/p>\n<p>C&rsquo;est inexplicable. On ne peut pas l&rsquo;expliquer. L&rsquo;APR a perdu du terrain avec ce qui vient de se produire\u00a0\u00bb, regrette-t-il. Ce jeune cadre de Tambacounda de retour de l&rsquo;ambassade de la Turquie ou\u0300 il officiait de\u0301nonce avec la dernie\u0300re e\u0301nergie la situation qui pre\u0301vaut actuellement au Se\u0301ne\u0301gal.<\/p>\n<p>\u00ab\u00a0Je suis tre\u0300s peine\u0301 par cette de\u0301cision du Pre\u0301sident qui est une violation flagrante des dispositions de la Constitution.<\/p>\n<p>Une disposition constitutionnelle ne peut pas e\u0302tre aussi remise en cause. La situation est critique et les nerfs sont tendus\u00a0\u00bb a argumente\u0301 M. Traore\u0301 qui a lance\u0301 un appel aux 7 sages les invitant a\u0300 prendre leur responsabilite\u0301.<\/p>\n<p>\u00ab\u00a0J&rsquo;invite les 7 sages a\u0300 dire le droit en prenant leur responsabilite\u0301 devant l&rsquo;histoire\u00a0\u00bb, a de\u0301clare\u0301 le de\u0301sormais ancien Ape\u0301riste qui demande solennellement au Pre\u0301sident Macky Sall de se ressaisir avant que le pire ne se produise.<\/p>\n<p><strong>Pour plus d&rsquo;informations et d&rsquo;analyses sur la <a href=\"https:\/\/www.africa-press.net\/senegal\">Senegal<\/a>, suivez <a href=\"https:\/\/www.africa-press.net\/\">Africa-Press<\/a><\/strong><\/p>\n","protected":false},"excerpt":{"rendered":"<p>Africa-Press &#8211; Senegal. Les rangs de l\u2019APR se desserre a\u0300 Tambacounda. L&rsquo;ancien pre\u0301sident du Conseil re\u0301gional de la jeunesse de Tambacounda a annonce\u0301 sa de\u0301mission de cette formation politique. La raison invoque\u0301e, c\u2019est le report de l\u2019e\u0301lection pre\u0301sidentielle. \u00a0\u00bb Je voudrais vous informer de ma de\u0301cision de de\u0301missionner de l&rsquo;Alliance pour la Re\u0301publique suite au [&hellip;]<\/p>\n","protected":false},"author":82,"featured_media":55699,"comment_status":"open","ping_status":"closed","sticky":false,"template":"","format":"standard","meta":{"footnotes":""},"categories":[2,10],"tags":[43,47,44],"class_list":["post-55701","post","type-post","status-publish","format-standard","has-post-thumbnail","hentry","category-politique","category-toutes-les-actualites","tag-africa-press-2","tag-africa-press-senegal","tag-senegal-2"],"yoast_head":"<!-- This site is optimized with the Yoast SEO Premium plugin v26.1 (Yoast SEO v27.0) - https:\/\/yoast.com\/product\/yoast-seo-premium-wordpress\/ -->\n<title>Report de la pr\u00e9sidentielle : D\u00e9mission d&#039;un cadre de l\u2019APR \u00e0 Tambacounda - Senegal<\/title>\n<meta name=\"description\" content=\"Les rangs de l\u2019APR se desserre a\u0300 Tambacounda. L&#039;ancien pre\u0301sident du Conseil re\u0301gional de la jeunesse de Tambacounda a ...\" \/>\n<meta name=\"robots\" content=\"index, follow, max-snippet:-1, max-image-preview:large, max-video-preview:-1\" \/>\n<link rel=\"canonical\" href=\"https:\/\/www.africa-press.net\/senegal\/politique\/report-de-la-presidentielle-demission-dun-cadre-de-lapr-a-tambacounda\" \/>\n<meta property=\"og:locale\" content=\"fr_FR\" \/>\n<meta property=\"og:type\" content=\"article\" \/>\n<meta property=\"og:title\" content=\"Report de la pr\u00e9sidentielle : D\u00e9mission d&#039;un cadre de l\u2019APR \u00e0 Tambacounda\" \/>\n<meta property=\"og:description\" content=\"Les rangs de l\u2019APR se desserre a\u0300 Tambacounda. L&#039;ancien pre\u0301sident du Conseil re\u0301gional de la jeunesse de Tambacounda a ...\" \/>\n<meta property=\"og:url\" content=\"https:\/\/www.africa-press.net\/senegal\/politique\/report-de-la-presidentielle-demission-dun-cadre-de-lapr-a-tambacounda\" \/>\n<meta property=\"og:site_name\" content=\"Senegal\" \/>\n<meta property=\"article:published_time\" content=\"2024-02-13T11:24:49+00:00\" \/>\n<meta property=\"article:modified_time\" content=\"2024-02-13T12:42:38+00:00\" \/>\n<meta property=\"og:image\" content=\"https:\/\/static.africa-press.net\/senegal\/sites\/13\/2024\/02\/sm_1707811824.419084.jpg\" \/>\n\t<meta property=\"og:image:width\" content=\"1301\" \/>\n\t<meta property=\"og:image:height\" content=\"633\" \/>\n\t<meta property=\"og:image:type\" content=\"image\/jpeg\" \/>\n<meta name=\"author\" content=\"cfeditorfr\" \/>\n<meta name=\"twitter:card\" content=\"summary_large_image\" \/>\n<meta name=\"twitter:label1\" content=\"\u00c9crit par\" \/>\n\t<meta name=\"twitter:data1\" content=\"cfeditorfr\" \/>\n\t<meta name=\"twitter:label2\" content=\"Dur\u00e9e de lecture estim\u00e9e\" \/>\n\t<meta name=\"twitter:data2\" content=\"1 minute\" \/>\n<script type=\"application\/ld+json\" class=\"yoast-schema-graph\">{\"@context\":\"https:\/\/schema.org\",\"@graph\":[{\"@type\":\"Article\",\"@id\":\"https:\/\/www.africa-press.net\/senegal\/politique\/report-de-la-presidentielle-demission-dun-cadre-de-lapr-a-tambacounda#article\",\"isPartOf\":{\"@id\":\"https:\/\/www.africa-press.net\/senegal\/politique\/report-de-la-presidentielle-demission-dun-cadre-de-lapr-a-tambacounda\"},\"author\":{\"name\":\"cfeditorfr\",\"@id\":\"https:\/\/www.africa-press.net\/senegal\/#\/schema\/person\/2b1cf3cd81a31e3cd26889ca66d677f1\"},\"headline\":\"Report de la pr\u00e9sidentielle : D\u00e9mission d&rsquo;un cadre de l\u2019APR \u00e0 Tambacounda\",\"datePublished\":\"2024-02-13T11:24:49+00:00\",\"dateModified\":\"2024-02-13T12:42:38+00:00\",\"mainEntityOfPage\":{\"@id\":\"https:\/\/www.africa-press.net\/senegal\/politique\/report-de-la-presidentielle-demission-dun-cadre-de-lapr-a-tambacounda\"},\"wordCount\":314,\"commentCount\":0,\"image\":{\"@id\":\"https:\/\/www.africa-press.net\/senegal\/politique\/report-de-la-presidentielle-demission-dun-cadre-de-lapr-a-tambacounda#primaryimage\"},\"thumbnailUrl\":\"https:\/\/static.africa-press.net\/senegal\/sites\/13\/2024\/02\/sm_1707811824.419084.jpg\",\"keywords\":[\"Africa Press\",\"Africa Press-Senegal\",\"Senegal\"],\"articleSection\":[\"Politique\",\"Toutes les actualit\u00e9s\"],\"inLanguage\":\"fr-FR\",\"potentialAction\":[{\"@type\":\"CommentAction\",\"name\":\"Comment\",\"target\":[\"https:\/\/www.africa-press.net\/senegal\/politique\/report-de-la-presidentielle-demission-dun-cadre-de-lapr-a-tambacounda#respond\"]}]},{\"@type\":\"WebPage\",\"@id\":\"https:\/\/www.africa-press.net\/senegal\/politique\/report-de-la-presidentielle-demission-dun-cadre-de-lapr-a-tambacounda\",\"url\":\"https:\/\/www.africa-press.net\/senegal\/politique\/report-de-la-presidentielle-demission-dun-cadre-de-lapr-a-tambacounda\",\"name\":\"Report de la pr\u00e9sidentielle : D\u00e9mission d'un cadre de l\u2019APR \u00e0 Tambacounda - Senegal\",\"isPartOf\":{\"@id\":\"https:\/\/www.africa-press.net\/senegal\/#website\"},\"primaryImageOfPage\":{\"@id\":\"https:\/\/www.africa-press.net\/senegal\/politique\/report-de-la-presidentielle-demission-dun-cadre-de-lapr-a-tambacounda#primaryimage\"},\"image\":{\"@id\":\"https:\/\/www.africa-press.net\/senegal\/politique\/report-de-la-presidentielle-demission-dun-cadre-de-lapr-a-tambacounda#primaryimage\"},\"thumbnailUrl\":\"https:\/\/static.africa-press.net\/senegal\/sites\/13\/2024\/02\/sm_1707811824.419084.jpg\",\"datePublished\":\"2024-02-13T11:24:49+00:00\",\"dateModified\":\"2024-02-13T12:42:38+00:00\",\"author\":{\"@id\":\"https:\/\/www.africa-press.net\/senegal\/#\/schema\/person\/2b1cf3cd81a31e3cd26889ca66d677f1\"},\"description\":\"Les rangs de l\u2019APR se desserre a\u0300 Tambacounda. L'ancien pre\u0301sident du Conseil re\u0301gional de la jeunesse de Tambacounda a ...\",\"breadcrumb\":{\"@id\":\"https:\/\/www.africa-press.net\/senegal\/politique\/report-de-la-presidentielle-demission-dun-cadre-de-lapr-a-tambacounda#breadcrumb\"},\"inLanguage\":\"fr-FR\",\"potentialAction\":[{\"@type\":\"ReadAction\",\"target\":[\"https:\/\/www.africa-press.net\/senegal\/politique\/report-de-la-presidentielle-demission-dun-cadre-de-lapr-a-tambacounda\"]}]},{\"@type\":\"ImageObject\",\"inLanguage\":\"fr-FR\",\"@id\":\"https:\/\/www.africa-press.net\/senegal\/politique\/report-de-la-presidentielle-demission-dun-cadre-de-lapr-a-tambacounda#primaryimage\",\"url\":\"https:\/\/static.africa-press.net\/senegal\/sites\/13\/2024\/02\/sm_1707811824.419084.jpg\",\"contentUrl\":\"https:\/\/static.africa-press.net\/senegal\/sites\/13\/2024\/02\/sm_1707811824.419084.jpg\",\"width\":1301,\"height\":633,\"caption\":\"Report de la pr\u00e9sidentielle : D\u00e9mission d'un cadre de l\u2019APR \u00e0 Tambacounda\"},{\"@type\":\"BreadcrumbList\",\"@id\":\"https:\/\/www.africa-press.net\/senegal\/politique\/report-de-la-presidentielle-demission-dun-cadre-de-lapr-a-tambacounda#breadcrumb\",\"itemListElement\":[{\"@type\":\"ListItem\",\"position\":1,\"name\":\"Accueil\",\"item\":\"https:\/\/www.africa-press.net\/senegal\/\"},{\"@type\":\"ListItem\",\"position\":2,\"name\":\"Report de la pr\u00e9sidentielle : D\u00e9mission d&#8217;un cadre de l\u2019APR \u00e0 Tambacounda\"}]},{\"@type\":\"WebSite\",\"@id\":\"https:\/\/www.africa-press.net\/senegal\/#website\",\"url\":\"https:\/\/www.africa-press.net\/senegal\/\",\"name\":\"Africa Press | Senegal | Homepage\",\"description\":\"Just another Africa News Agency Sites site\",\"potentialAction\":[{\"@type\":\"SearchAction\",\"target\":{\"@type\":\"EntryPoint\",\"urlTemplate\":\"https:\/\/www.africa-press.net\/senegal\/?s={search_term_string}\"},\"query-input\":{\"@type\":\"PropertyValueSpecification\",\"valueRequired\":true,\"valueName\":\"search_term_string\"}}],\"inLanguage\":\"fr-FR\"},{\"@type\":\"Person\",\"@id\":\"https:\/\/www.africa-press.net\/senegal\/#\/schema\/person\/2b1cf3cd81a31e3cd26889ca66d677f1\",\"name\":\"cfeditorfr\",\"url\":\"https:\/\/www.africa-press.net\/senegal\/author\/cfeditorfr\"}]}<\/script>\n<!-- \/ Yoast SEO Premium plugin. -->","yoast_head_json":{"title":"Report de la pr\u00e9sidentielle : D\u00e9mission d'un cadre de l\u2019APR \u00e0 Tambacounda - Senegal","description":"Les rangs de l\u2019APR se desserre a\u0300 Tambacounda. L'ancien pre\u0301sident du Conseil re\u0301gional de la jeunesse de Tambacounda a ...","robots":{"index":"index","follow":"follow","max-snippet":"max-snippet:-1","max-image-preview":"max-image-preview:large","max-video-preview":"max-video-preview:-1"},"canonical":"https:\/\/www.africa-press.net\/senegal\/politique\/report-de-la-presidentielle-demission-dun-cadre-de-lapr-a-tambacounda","og_locale":"fr_FR","og_type":"article","og_title":"Report de la pr\u00e9sidentielle : D\u00e9mission d'un cadre de l\u2019APR \u00e0 Tambacounda","og_description":"Les rangs de l\u2019APR se desserre a\u0300 Tambacounda. L'ancien pre\u0301sident du Conseil re\u0301gional de la jeunesse de Tambacounda a ...","og_url":"https:\/\/www.africa-press.net\/senegal\/politique\/report-de-la-presidentielle-demission-dun-cadre-de-lapr-a-tambacounda","og_site_name":"Senegal","article_published_time":"2024-02-13T11:24:49+00:00","article_modified_time":"2024-02-13T12:42:38+00:00","og_image":[{"width":1301,"height":633,"url":"https:\/\/static.africa-press.net\/senegal\/sites\/13\/2024\/02\/sm_1707811824.419084.jpg","type":"image\/jpeg"}],"author":"cfeditorfr","twitter_card":"summary_large_image","twitter_misc":{"\u00c9crit par":"cfeditorfr","Dur\u00e9e de lecture estim\u00e9e":"1 minute"},"schema":{"@context":"https:\/\/schema.org","@graph":[{"@type":"Article","@id":"https:\/\/www.africa-press.net\/senegal\/politique\/report-de-la-presidentielle-demission-dun-cadre-de-lapr-a-tambacounda#article","isPartOf":{"@id":"https:\/\/www.africa-press.net\/senegal\/politique\/report-de-la-presidentielle-demission-dun-cadre-de-lapr-a-tambacounda"},"author":{"name":"cfeditorfr","@id":"https:\/\/www.africa-press.net\/senegal\/#\/schema\/person\/2b1cf3cd81a31e3cd26889ca66d677f1"},"headline":"Report de la pr\u00e9sidentielle : D\u00e9mission d&rsquo;un cadre de l\u2019APR \u00e0 Tambacounda","datePublished":"2024-02-13T11:24:49+00:00","dateModified":"2024-02-13T12:42:38+00:00","mainEntityOfPage":{"@id":"https:\/\/www.africa-press.net\/senegal\/politique\/report-de-la-presidentielle-demission-dun-cadre-de-lapr-a-tambacounda"},"wordCount":314,"commentCount":0,"image":{"@id":"https:\/\/www.africa-press.net\/senegal\/politique\/report-de-la-presidentielle-demission-dun-cadre-de-lapr-a-tambacounda#primaryimage"},"thumbnailUrl":"https:\/\/static.africa-press.net\/senegal\/sites\/13\/2024\/02\/sm_1707811824.419084.jpg","keywords":["Africa Press","Africa Press-Senegal","Senegal"],"articleSection":["Politique","Toutes les actualit\u00e9s"],"inLanguage":"fr-FR","potentialAction":[{"@type":"CommentAction","name":"Comment","target":["https:\/\/www.africa-press.net\/senegal\/politique\/report-de-la-presidentielle-demission-dun-cadre-de-lapr-a-tambacounda#respond"]}]},{"@type":"WebPage","@id":"https:\/\/www.africa-press.net\/senegal\/politique\/report-de-la-presidentielle-demission-dun-cadre-de-lapr-a-tambacounda","url":"https:\/\/www.africa-press.net\/senegal\/politique\/report-de-la-presidentielle-demission-dun-cadre-de-lapr-a-tambacounda","name":"Report de la pr\u00e9sidentielle : D\u00e9mission d'un cadre de l\u2019APR \u00e0 Tambacounda - Senegal","isPartOf":{"@id":"https:\/\/www.africa-press.net\/senegal\/#website"},"primaryImageOfPage":{"@id":"https:\/\/www.africa-press.net\/senegal\/politique\/report-de-la-presidentielle-demission-dun-cadre-de-lapr-a-tambacounda#primaryimage"},"image":{"@id":"https:\/\/www.africa-press.net\/senegal\/politique\/report-de-la-presidentielle-demission-dun-cadre-de-lapr-a-tambacounda#primaryimage"},"thumbnailUrl":"https:\/\/static.africa-press.net\/senegal\/sites\/13\/2024\/02\/sm_1707811824.419084.jpg","datePublished":"2024-02-13T11:24:49+00:00","dateModified":"2024-02-13T12:42:38+00:00","author":{"@id":"https:\/\/www.africa-press.net\/senegal\/#\/schema\/person\/2b1cf3cd81a31e3cd26889ca66d677f1"},"description":"Les rangs de l\u2019APR se desserre a\u0300 Tambacounda. L'ancien pre\u0301sident du Conseil re\u0301gional de la jeunesse de Tambacounda a ...","breadcrumb":{"@id":"https:\/\/www.africa-press.net\/senegal\/politique\/report-de-la-presidentielle-demission-dun-cadre-de-lapr-a-tambacounda#breadcrumb"},"inLanguage":"fr-FR","potentialAction":[{"@type":"ReadAction","target":["https:\/\/www.africa-press.net\/senegal\/politique\/report-de-la-presidentielle-demission-dun-cadre-de-lapr-a-tambacounda"]}]},{"@type":"ImageObject","inLanguage":"fr-FR","@id":"https:\/\/www.africa-press.net\/senegal\/politique\/report-de-la-presidentielle-demission-dun-cadre-de-lapr-a-tambacounda#primaryimage","url":"https:\/\/static.africa-press.net\/senegal\/sites\/13\/2024\/02\/sm_1707811824.419084.jpg","contentUrl":"https:\/\/static.africa-press.net\/senegal\/sites\/13\/2024\/02\/sm_1707811824.419084.jpg","width":1301,"height":633,"caption":"Report de la pr\u00e9sidentielle : D\u00e9mission d'un cadre de l\u2019APR \u00e0 Tambacounda"},{"@type":"BreadcrumbList","@id":"https:\/\/www.africa-press.net\/senegal\/politique\/report-de-la-presidentielle-demission-dun-cadre-de-lapr-a-tambacounda#breadcrumb","itemListElement":[{"@type":"ListItem","position":1,"name":"Accueil","item":"https:\/\/www.africa-press.net\/senegal\/"},{"@type":"ListItem","position":2,"name":"Report de la pr\u00e9sidentielle : D\u00e9mission d&#8217;un cadre de l\u2019APR \u00e0 Tambacounda"}]},{"@type":"WebSite","@id":"https:\/\/www.africa-press.net\/senegal\/#website","url":"https:\/\/www.africa-press.net\/senegal\/","name":"Africa Press | Senegal | Homepage","description":"Just another Africa News Agency Sites site","potentialAction":[{"@type":"SearchAction","target":{"@type":"EntryPoint","urlTemplate":"https:\/\/www.africa-press.net\/senegal\/?s={search_term_string}"},"query-input":{"@type":"PropertyValueSpecification","valueRequired":true,"valueName":"search_term_string"}}],"inLanguage":"fr-FR"},{"@type":"Person","@id":"https:\/\/www.africa-press.net\/senegal\/#\/schema\/person\/2b1cf3cd81a31e3cd26889ca66d677f1","name":"cfeditorfr","url":"https:\/\/www.africa-press.net\/senegal\/author\/cfeditorfr"}]}},"_links":{"self":[{"href":"https:\/\/www.africa-press.net\/senegal\/wp-json\/wp\/v2\/posts\/55701","targetHints":{"allow":["GET"]}}],"collection":[{"href":"https:\/\/www.africa-press.net\/senegal\/wp-json\/wp\/v2\/posts"}],"about":[{"href":"https:\/\/www.africa-press.net\/senegal\/wp-json\/wp\/v2\/types\/post"}],"author":[{"embeddable":true,"href":"https:\/\/www.africa-press.net\/senegal\/wp-json\/wp\/v2\/users\/82"}],"replies":[{"embeddable":true,"href":"https:\/\/www.africa-press.net\/senegal\/wp-json\/wp\/v2\/comments?post=55701"}],"version-history":[{"count":0,"href":"https:\/\/www.africa-press.net\/senegal\/wp-json\/wp\/v2\/posts\/55701\/revisions"}],"wp:featuredmedia":[{"embeddable":true,"href":"https:\/\/www.africa-press.net\/senegal\/wp-json\/wp\/v2\/media\/55699"}],"wp:attachment":[{"href":"https:\/\/www.africa-press.net\/senegal\/wp-json\/wp\/v2\/media?parent=55701"}],"wp:term":[{"taxonomy":"category","embeddable":true,"href":"https:\/\/www.africa-press.net\/senegal\/wp-json\/wp\/v2\/categories?post=55701"},{"taxonomy":"post_tag","embeddable":true,"href":"https:\/\/www.africa-press.net\/senegal\/wp-json\/wp\/v2\/tags?post=55701"}],"curies":[{"name":"wp","href":"https:\/\/api.w.org\/{rel}","templated":true}]}}