{"id":55727,"date":"2024-02-13T21:07:18","date_gmt":"2024-02-13T21:07:18","guid":{"rendered":"https:\/\/www.africa-press.net\/senegal\/politique\/kaffrine-les-responsables-de-bby-approuvent-le-report-de-la-presidentielle-et-invitent-la-classe-politique-a-saisir-la-main-tendue-de-macky-sall"},"modified":"2024-02-13T23:15:37","modified_gmt":"2024-02-13T23:15:37","slug":"kaffrine-les-responsables-de-bby-approuvent-le-report-de-la-presidentielle-et-invitent-la-classe-politique-a-saisir-la-main-tendue-de-macky-sall","status":"publish","type":"post","link":"https:\/\/www.africa-press.net\/senegal\/politique\/kaffrine-les-responsables-de-bby-approuvent-le-report-de-la-presidentielle-et-invitent-la-classe-politique-a-saisir-la-main-tendue-de-macky-sall","title":{"rendered":"Kaffrine : Les responsables de BBY approuvent le report de la pr\u00e9sidentielle et invitent la classe politique \u00e0 saisir la main tendue de Macky Sall"},"content":{"rendered":"<p><span style=\"color: #ff6600\"><strong>Africa-Press &#8211; Senegal. <\/strong><\/span>Dans une re\u0301solution parvenue a\u0300 Seneweb, les responsables politiques de la coalition Benno Bokk Yaakaar de Kaffrine saluent l\u2019initiative du Pre\u0301sident Macky Sall de reporter la pre\u0301sidentielle. Ils invitent par ailleurs l\u2019ensemble de la classe politique a\u0300 re\u0301pondre favorablement a\u0300 l\u2019invitation au dialogue du chef de l\u2019E\u0301tat. Voici l\u2019inte\u0301gralite\u0301 de la re\u0301solution.<\/p>\n<p>\u201cNous responsables, militants et sympathisants de la grande majorite\u0301 pre\u0301sidentielle de la re\u0301gion de Kaffrine nous sommes re\u0301unis en Assemble\u0301e Ge\u0301ne\u0301rale ce lundi 12 Fe\u0301vrier 2024 a\u0300 la permanence de l\u2019Alliance pour la Re\u0301publique<\/p>\n<p>Conside\u0301rant la de\u0301cision ine\u0301dite et historique du Chef de l\u2019Etat son Excellence M. Macky SALL de ne pas se pre\u0301senter pour un second quinquennat auquel il avait droit<\/p>\n<p>Conside\u0301rant la mise en place d\u2019une commission d\u2019enque\u0302te parlementaire sur le processus e\u0301lectoral vote\u0301e par une majorite\u0301 e\u0301crasante des de\u0301pute\u0301s<\/p>\n<p>Conside\u0301rant la proposition de loi propose\u0301e par le groupe parlementaire Liberte\u0301, de\u0301mocratie et changement pour le report de l\u2019e\u0301lection pre\u0301sidentielle adopte\u0301e par l\u2019Assemble\u0301e nationale<\/p>\n<p>Conside\u0301rant l\u2019urgence d\u2019e\u0301clairer la lanterne du peuple se\u0301ne\u0301galais pour une e\u0301lection libre, transparente et inclusive<\/p>\n<p>Conside\u0301rant la ne\u0301cessite\u0301 d\u2019avoir des institutions dynamiques, cre\u0301dibles et respecte\u0301es de tous<\/p>\n<p>Conside\u0301rant que le Pre\u0301sident de la Re\u0301publique est le gardien de la constitution et le garant du bon fonctionnement des institutions<\/p>\n<p><b>Nous nous sommes re\u0301solus a\u0300:<\/b><\/p>\n<p>&#8211; Fe\u0301liciter son Excellence Monsieur Macky SALL pour la de\u0301cision sage et responsable d\u2019abroger le de\u0301cret n\u00b0 2023-2283 du 29 Novembre 2023 portant convocation du corps e\u0301lectoral ;<\/p>\n<p>&#8211; Saluer la responsabilite\u0301 des repre\u0301sentants du peuple d\u2019avoir propose\u0301 le report de l\u2019e\u0301lection pre\u0301sidentielle du 25 fe\u0301vrier au 15 de\u0301cembre 2024, le temps de vider les contentieux souleve\u0301s et de re\u0301tablir la confiance entre les diffe\u0301rents acteurs du processus e\u0301lectoral<\/p>\n<p>&#8211; Appeler toutes les forces vives de la nation a\u0300 re\u0301pondre positivement a\u0300 cette main tendue du Chef de l\u2019Etat pour un dialogue fe\u0301cond dans l\u2019inte\u0301re\u0302t exclusif de la de\u0301mocratie se\u0301ne\u0301galaise<\/p>\n<p>&#8211; Fe\u0301liciter les forces de de\u0301fense et de se\u0301curite\u0301 pour leur professionnalisme dans l\u2019exercice de leur fonction re\u0301galienne de protection des biens et des personnes en toute circonstance<\/p>\n<p>&#8211; En appeler a\u0300 l\u2019unite\u0301 et le sens du devoir de tous les responsables pour nous mettre dans les conditions de poursuivre l\u2019\u0153uvre gigantesque du Pre\u0301sident Sall a\u0300 la te\u0302te du pays, en mettant les inte\u0301re\u0302ts supe\u0301rieurs de la coalition et de la nation au-dessus des inte\u0301re\u0302ts crypto personnels<\/p>\n<p>&#8211; Espe\u0301rer que toute la classe politique saura saisir cette unique occasion de la main tendue du chef de l\u2019Etat pour reconstruire les bases d\u2019une e\u0301lection pre\u0301sidentielle apaise\u0301e, inclusive et transparente avec tous les acteurs de la vie e\u0301conomique et sociale<\/p>\n<p>&#8211; Renouveler notre fide\u0301lite\u0301 et loyaute\u0301 au Pre\u0301sident Macky SALL qui restera immortel et a\u0300 jamais dans nos c\u0153urs au-dela\u0300 me\u0302me de l\u2019exercice du pouvoir.\u201d<\/p>\n<p><img loading=\"lazy\" decoding=\"async\" src=\"bin\/Users\/Kati\/postMediaimg_3_1.jpg\" width=\"480\" height=\"320\" \/><br \/>\n<img loading=\"lazy\" decoding=\"async\" src=\"bin\/Users\/Kati\/postMediaimg_3_2.jpg\" width=\"480\" height=\"320\" \/><\/p>\n\r\n                <style type=\"text\/css\">\r\n                    \r\n                    #td_uid_1_69f5cfac6a1c7  .td-doubleSlider-2 .td-item1 {\r\n                        background: url(https:\/\/static.africa-press.net\/senegal\/sites\/13\/2024\/02\/sm_1707849827.731526-80x60.jpg) 0 0 no-repeat;\r\n                    }\r\n                    #td_uid_1_69f5cfac6a1c7  .td-doubleSlider-2 .td-item2 {\r\n                        background: url(https:\/\/static.africa-press.net\/senegal\/sites\/13\/2024\/02\/sm_1707849842.107155-80x60.jpg) 0 0 no-repeat;\r\n                    }\r\n                    #td_uid_1_69f5cfac6a1c7  .td-doubleSlider-2 .td-item3 {\r\n                        background: url(https:\/\/static.africa-press.net\/senegal\/sites\/13\/2024\/02\/sm_1707849856.160567-80x60.jpg) 0 0 no-repeat;\r\n                    }\r\n                    #td_uid_1_69f5cfac6a1c7  .td-doubleSlider-2 .td-item4 {\r\n                        background: url(https:\/\/static.africa-press.net\/senegal\/sites\/13\/2024\/02\/sm_1707849867.63511-80x60.jpg) 0 0 no-repeat;\r\n                    }\r\n                <\/style>\r\n\r\n                <div id=\"td_uid_1_69f5cfac6a1c7\" class=\"td-gallery td-slide-on-2-columns\">\r\n                    <div class=\"post_td_gallery\">\r\n                        <div class=\"td-gallery-slide-top\">\r\n                           <div class=\"td-gallery-title\"><\/div>\r\n\r\n                            <div class=\"td-gallery-controls-wrapper\">\r\n                                <div class=\"td-gallery-slide-count\"><span class=\"td-gallery-slide-item-focus\">1<\/span> de 4<\/div>\r\n                                <div class=\"td-gallery-slide-prev-next-but\">\r\n                                    <i class = \"td-icon-left doubleSliderPrevButton\"><\/i>\r\n                                    <i class = \"td-icon-right doubleSliderNextButton\"><\/i>\r\n                                <\/div>\r\n                            <\/div>\r\n                        <\/div>\r\n\r\n                        <div class = \"td-doubleSlider-1 \">\r\n                            <div class = \"td-slider\">\r\n                                \r\n                    <div class = \"td-slide-item td-item1\">\r\n                        <figure class=\"td-slide-galery-figure td-slide-popup-gallery\">\r\n                            <a class=\"slide-gallery-image-link\" href=\"https:\/\/static.africa-press.net\/senegal\/sites\/13\/2024\/02\/sm_1707849827.731526.jpg\" title=\"sm_1707849827.731526\"  data-caption=\"\"  data-description=\"\">\r\n                                <img decoding=\"async\" src=\"https:\/\/static.africa-press.net\/senegal\/sites\/13\/2024\/02\/sm_1707849827.731526.jpg\" srcset=\"https:\/\/static.africa-press.net\/senegal\/sites\/13\/2024\/02\/sm_1707849827.731526.jpg 1012w, https:\/\/static.africa-press.net\/senegal\/sites\/13\/2024\/02\/sm_1707849827.731526-300x200.jpg 300w, https:\/\/static.africa-press.net\/senegal\/sites\/13\/2024\/02\/sm_1707849827.731526-768x511.jpg 768w\" sizes=\"(max-width: 1012px) 100vw, 1012px\" alt=\"\">\r\n                            <\/a>\r\n                            \r\n                        <\/figure>\r\n                    <\/div>\r\n                    <div class = \"td-slide-item td-item2\">\r\n                        <figure class=\"td-slide-galery-figure td-slide-popup-gallery\">\r\n                            <a class=\"slide-gallery-image-link\" href=\"https:\/\/static.africa-press.net\/senegal\/sites\/13\/2024\/02\/sm_1707849842.107155.jpg\" title=\"sm_1707849842.107155\"  data-caption=\"\"  data-description=\"\">\r\n                                <img decoding=\"async\" src=\"https:\/\/static.africa-press.net\/senegal\/sites\/13\/2024\/02\/sm_1707849842.107155.jpg\" srcset=\"https:\/\/static.africa-press.net\/senegal\/sites\/13\/2024\/02\/sm_1707849842.107155.jpg 1012w, https:\/\/static.africa-press.net\/senegal\/sites\/13\/2024\/02\/sm_1707849842.107155-300x200.jpg 300w, https:\/\/static.africa-press.net\/senegal\/sites\/13\/2024\/02\/sm_1707849842.107155-768x511.jpg 768w\" sizes=\"(max-width: 1012px) 100vw, 1012px\" alt=\"\">\r\n                            <\/a>\r\n                            \r\n                        <\/figure>\r\n                    <\/div>\r\n                    <div class = \"td-slide-item td-item3\">\r\n                        <figure class=\"td-slide-galery-figure td-slide-popup-gallery\">\r\n                            <a class=\"slide-gallery-image-link\" href=\"https:\/\/static.africa-press.net\/senegal\/sites\/13\/2024\/02\/sm_1707849856.160567.jpg\" title=\"sm_1707849856.160567\"  data-caption=\"\"  data-description=\"\">\r\n                                <img decoding=\"async\" src=\"https:\/\/static.africa-press.net\/senegal\/sites\/13\/2024\/02\/sm_1707849856.160567.jpg\" srcset=\"https:\/\/static.africa-press.net\/senegal\/sites\/13\/2024\/02\/sm_1707849856.160567.jpg 764w, https:\/\/static.africa-press.net\/senegal\/sites\/13\/2024\/02\/sm_1707849856.160567-216x300.jpg 216w, https:\/\/static.africa-press.net\/senegal\/sites\/13\/2024\/02\/sm_1707849856.160567-736x1024.jpg 736w\" sizes=\"(max-width: 764px) 100vw, 764px\" alt=\"\">\r\n                            <\/a>\r\n                            \r\n                        <\/figure>\r\n                    <\/div>\r\n                    <div class = \"td-slide-item td-item4\">\r\n                        <figure class=\"td-slide-galery-figure td-slide-popup-gallery\">\r\n                            <a class=\"slide-gallery-image-link\" href=\"https:\/\/static.africa-press.net\/senegal\/sites\/13\/2024\/02\/sm_1707849867.63511.jpg\" title=\"sm_1707849867.63511\"  data-caption=\"\"  data-description=\"\">\r\n                                <img decoding=\"async\" src=\"https:\/\/static.africa-press.net\/senegal\/sites\/13\/2024\/02\/sm_1707849867.63511.jpg\" srcset=\"https:\/\/static.africa-press.net\/senegal\/sites\/13\/2024\/02\/sm_1707849867.63511.jpg 1275w, https:\/\/static.africa-press.net\/senegal\/sites\/13\/2024\/02\/sm_1707849867.63511-300x222.jpg 300w, https:\/\/static.africa-press.net\/senegal\/sites\/13\/2024\/02\/sm_1707849867.63511-1024x759.jpg 1024w, https:\/\/static.africa-press.net\/senegal\/sites\/13\/2024\/02\/sm_1707849867.63511-768x569.jpg 768w, https:\/\/static.africa-press.net\/senegal\/sites\/13\/2024\/02\/sm_1707849867.63511-80x60.jpg 80w\" sizes=\"(max-width: 1275px) 100vw, 1275px\" alt=\"\">\r\n                            <\/a>\r\n                            \r\n                        <\/figure>\r\n                    <\/div>\r\n                            <\/div>\r\n                        <\/div>\r\n\r\n                        <div class = \"td-doubleSlider-2\">\r\n                            <div class = \"td-slider\">\r\n                                \r\n                    <div class = \"td-button td-item1\">\r\n                        <div class = \"td-border\"><\/div>\r\n                    <\/div>\r\n                    <div class = \"td-button td-item2\">\r\n                        <div class = \"td-border\"><\/div>\r\n                    <\/div>\r\n                    <div class = \"td-button td-item3\">\r\n                        <div class = \"td-border\"><\/div>\r\n                    <\/div>\r\n                    <div class = \"td-button td-item4\">\r\n                        <div class = \"td-border\"><\/div>\r\n                    <\/div>\r\n                            <\/div>\r\n                        <\/div>\r\n\r\n                    <\/div>\r\n\r\n                <\/div>\r\n                \n<p><strong>Pour plus d&rsquo;informations et d&rsquo;analyses sur la <a href=\"https:\/\/www.africa-press.net\/senegal\">Senegal<\/a>, suivez <a href=\"https:\/\/www.africa-press.net\/\">Africa-Press<\/a><\/strong><\/p>\n","protected":false},"excerpt":{"rendered":"<p>Africa-Press &#8211; Senegal. Dans une re\u0301solution parvenue a\u0300 Seneweb, les responsables politiques de la coalition Benno Bokk Yaakaar de Kaffrine saluent l\u2019initiative du Pre\u0301sident Macky Sall de reporter la pre\u0301sidentielle. Ils invitent par ailleurs l\u2019ensemble de la classe politique a\u0300 re\u0301pondre favorablement a\u0300 l\u2019invitation au dialogue du chef de l\u2019E\u0301tat. Voici l\u2019inte\u0301gralite\u0301 de la re\u0301solution. [&hellip;]<\/p>\n","protected":false},"author":82,"featured_media":55726,"comment_status":"open","ping_status":"closed","sticky":false,"template":"","format":"standard","meta":{"footnotes":""},"categories":[8,2,10],"tags":[43,47,44],"class_list":["post-55727","post","type-post","status-publish","format-standard","has-post-thumbnail","hentry","category-photo","category-politique","category-toutes-les-actualites","tag-africa-press-2","tag-africa-press-senegal","tag-senegal-2"],"yoast_head":"<!-- This site is optimized with the Yoast SEO Premium plugin v26.1 (Yoast SEO v27.0) - https:\/\/yoast.com\/product\/yoast-seo-premium-wordpress\/ -->\n<title>Kaffrine : Les responsables de BBY approuvent le report de la pr\u00e9sidentielle et invitent la classe politique \u00e0 saisir la main tendue de Macky Sall - Senegal<\/title>\n<meta name=\"description\" content=\"Dans une re\u0301solution parvenue a\u0300 Seneweb, les responsables politiques de la coalition Benno Bokk Yaakaar de Kaffrine sal ...\" \/>\n<meta name=\"robots\" content=\"index, follow, max-snippet:-1, max-image-preview:large, max-video-preview:-1\" \/>\n<link rel=\"canonical\" href=\"https:\/\/www.africa-press.net\/senegal\/politique\/kaffrine-les-responsables-de-bby-approuvent-le-report-de-la-presidentielle-et-invitent-la-classe-politique-a-saisir-la-main-tendue-de-macky-sall\" \/>\n<meta property=\"og:locale\" content=\"fr_FR\" \/>\n<meta property=\"og:type\" content=\"article\" \/>\n<meta property=\"og:title\" content=\"Kaffrine : Les responsables de BBY approuvent le report de la pr\u00e9sidentielle et invitent la classe politique \u00e0 saisir la main tendue de Macky Sall\" \/>\n<meta property=\"og:description\" content=\"Dans une re\u0301solution parvenue a\u0300 Seneweb, les responsables politiques de la coalition Benno Bokk Yaakaar de Kaffrine sal ...\" \/>\n<meta property=\"og:url\" content=\"https:\/\/www.africa-press.net\/senegal\/politique\/kaffrine-les-responsables-de-bby-approuvent-le-report-de-la-presidentielle-et-invitent-la-classe-politique-a-saisir-la-main-tendue-de-macky-sall\" \/>\n<meta property=\"og:site_name\" content=\"Senegal\" \/>\n<meta property=\"article:published_time\" content=\"2024-02-13T21:07:18+00:00\" \/>\n<meta property=\"article:modified_time\" content=\"2024-02-13T23:15:37+00:00\" \/>\n<meta property=\"og:image\" content=\"https:\/\/static.africa-press.net\/senegal\/sites\/13\/2024\/02\/sm_1707849881.203914.jpg\" \/>\n\t<meta property=\"og:image:width\" content=\"612\" \/>\n\t<meta property=\"og:image:height\" content=\"298\" \/>\n\t<meta property=\"og:image:type\" content=\"image\/jpeg\" \/>\n<meta name=\"author\" content=\"cfeditorfr\" \/>\n<meta name=\"twitter:card\" content=\"summary_large_image\" \/>\n<meta name=\"twitter:label1\" content=\"\u00c9crit par\" \/>\n\t<meta name=\"twitter:data1\" content=\"cfeditorfr\" \/>\n\t<meta name=\"twitter:label2\" content=\"Dur\u00e9e de lecture estim\u00e9e\" \/>\n\t<meta name=\"twitter:data2\" content=\"3 minutes\" \/>\n<script type=\"application\/ld+json\" class=\"yoast-schema-graph\">{\"@context\":\"https:\/\/schema.org\",\"@graph\":[{\"@type\":\"Article\",\"@id\":\"https:\/\/www.africa-press.net\/senegal\/politique\/kaffrine-les-responsables-de-bby-approuvent-le-report-de-la-presidentielle-et-invitent-la-classe-politique-a-saisir-la-main-tendue-de-macky-sall#article\",\"isPartOf\":{\"@id\":\"https:\/\/www.africa-press.net\/senegal\/politique\/kaffrine-les-responsables-de-bby-approuvent-le-report-de-la-presidentielle-et-invitent-la-classe-politique-a-saisir-la-main-tendue-de-macky-sall\"},\"author\":{\"name\":\"cfeditorfr\",\"@id\":\"https:\/\/www.africa-press.net\/senegal\/#\/schema\/person\/2b1cf3cd81a31e3cd26889ca66d677f1\"},\"headline\":\"Kaffrine : Les responsables de BBY approuvent le report de la pr\u00e9sidentielle et invitent la classe politique \u00e0 saisir la main tendue de Macky Sall\",\"datePublished\":\"2024-02-13T21:07:18+00:00\",\"dateModified\":\"2024-02-13T23:15:37+00:00\",\"mainEntityOfPage\":{\"@id\":\"https:\/\/www.africa-press.net\/senegal\/politique\/kaffrine-les-responsables-de-bby-approuvent-le-report-de-la-presidentielle-et-invitent-la-classe-politique-a-saisir-la-main-tendue-de-macky-sall\"},\"wordCount\":606,\"commentCount\":0,\"image\":{\"@id\":\"https:\/\/www.africa-press.net\/senegal\/politique\/kaffrine-les-responsables-de-bby-approuvent-le-report-de-la-presidentielle-et-invitent-la-classe-politique-a-saisir-la-main-tendue-de-macky-sall#primaryimage\"},\"thumbnailUrl\":\"https:\/\/static.africa-press.net\/senegal\/sites\/13\/2024\/02\/sm_1707849881.203914.jpg\",\"keywords\":[\"Africa Press\",\"Africa Press-Senegal\",\"Senegal\"],\"articleSection\":[\"Photo\",\"Politique\",\"Toutes les actualit\u00e9s\"],\"inLanguage\":\"fr-FR\",\"potentialAction\":[{\"@type\":\"CommentAction\",\"name\":\"Comment\",\"target\":[\"https:\/\/www.africa-press.net\/senegal\/politique\/kaffrine-les-responsables-de-bby-approuvent-le-report-de-la-presidentielle-et-invitent-la-classe-politique-a-saisir-la-main-tendue-de-macky-sall#respond\"]}]},{\"@type\":\"WebPage\",\"@id\":\"https:\/\/www.africa-press.net\/senegal\/politique\/kaffrine-les-responsables-de-bby-approuvent-le-report-de-la-presidentielle-et-invitent-la-classe-politique-a-saisir-la-main-tendue-de-macky-sall\",\"url\":\"https:\/\/www.africa-press.net\/senegal\/politique\/kaffrine-les-responsables-de-bby-approuvent-le-report-de-la-presidentielle-et-invitent-la-classe-politique-a-saisir-la-main-tendue-de-macky-sall\",\"name\":\"Kaffrine : Les responsables de BBY approuvent le report de la pr\u00e9sidentielle et invitent la classe politique \u00e0 saisir la main tendue de Macky Sall - Senegal\",\"isPartOf\":{\"@id\":\"https:\/\/www.africa-press.net\/senegal\/#website\"},\"primaryImageOfPage\":{\"@id\":\"https:\/\/www.africa-press.net\/senegal\/politique\/kaffrine-les-responsables-de-bby-approuvent-le-report-de-la-presidentielle-et-invitent-la-classe-politique-a-saisir-la-main-tendue-de-macky-sall#primaryimage\"},\"image\":{\"@id\":\"https:\/\/www.africa-press.net\/senegal\/politique\/kaffrine-les-responsables-de-bby-approuvent-le-report-de-la-presidentielle-et-invitent-la-classe-politique-a-saisir-la-main-tendue-de-macky-sall#primaryimage\"},\"thumbnailUrl\":\"https:\/\/static.africa-press.net\/senegal\/sites\/13\/2024\/02\/sm_1707849881.203914.jpg\",\"datePublished\":\"2024-02-13T21:07:18+00:00\",\"dateModified\":\"2024-02-13T23:15:37+00:00\",\"author\":{\"@id\":\"https:\/\/www.africa-press.net\/senegal\/#\/schema\/person\/2b1cf3cd81a31e3cd26889ca66d677f1\"},\"description\":\"Dans une re\u0301solution parvenue a\u0300 Seneweb, les responsables politiques de la coalition Benno Bokk Yaakaar de Kaffrine sal ...\",\"breadcrumb\":{\"@id\":\"https:\/\/www.africa-press.net\/senegal\/politique\/kaffrine-les-responsables-de-bby-approuvent-le-report-de-la-presidentielle-et-invitent-la-classe-politique-a-saisir-la-main-tendue-de-macky-sall#breadcrumb\"},\"inLanguage\":\"fr-FR\",\"potentialAction\":[{\"@type\":\"ReadAction\",\"target\":[\"https:\/\/www.africa-press.net\/senegal\/politique\/kaffrine-les-responsables-de-bby-approuvent-le-report-de-la-presidentielle-et-invitent-la-classe-politique-a-saisir-la-main-tendue-de-macky-sall\"]}]},{\"@type\":\"ImageObject\",\"inLanguage\":\"fr-FR\",\"@id\":\"https:\/\/www.africa-press.net\/senegal\/politique\/kaffrine-les-responsables-de-bby-approuvent-le-report-de-la-presidentielle-et-invitent-la-classe-politique-a-saisir-la-main-tendue-de-macky-sall#primaryimage\",\"url\":\"https:\/\/static.africa-press.net\/senegal\/sites\/13\/2024\/02\/sm_1707849881.203914.jpg\",\"contentUrl\":\"https:\/\/static.africa-press.net\/senegal\/sites\/13\/2024\/02\/sm_1707849881.203914.jpg\",\"width\":612,\"height\":298,\"caption\":\"Kaffrine : Les responsables de BBY approuvent le report de la pr\u00e9sidentielle et invitent la classe politique \u00e0 saisir la main tendue de Macky Sall\"},{\"@type\":\"BreadcrumbList\",\"@id\":\"https:\/\/www.africa-press.net\/senegal\/politique\/kaffrine-les-responsables-de-bby-approuvent-le-report-de-la-presidentielle-et-invitent-la-classe-politique-a-saisir-la-main-tendue-de-macky-sall#breadcrumb\",\"itemListElement\":[{\"@type\":\"ListItem\",\"position\":1,\"name\":\"Accueil\",\"item\":\"https:\/\/www.africa-press.net\/senegal\/\"},{\"@type\":\"ListItem\",\"position\":2,\"name\":\"Kaffrine : Les responsables de BBY approuvent le report de la pr\u00e9sidentielle et invitent la classe politique \u00e0 saisir la main tendue de Macky Sall\"}]},{\"@type\":\"WebSite\",\"@id\":\"https:\/\/www.africa-press.net\/senegal\/#website\",\"url\":\"https:\/\/www.africa-press.net\/senegal\/\",\"name\":\"Africa Press | Senegal | Homepage\",\"description\":\"Just another Africa News Agency Sites site\",\"potentialAction\":[{\"@type\":\"SearchAction\",\"target\":{\"@type\":\"EntryPoint\",\"urlTemplate\":\"https:\/\/www.africa-press.net\/senegal\/?s={search_term_string}\"},\"query-input\":{\"@type\":\"PropertyValueSpecification\",\"valueRequired\":true,\"valueName\":\"search_term_string\"}}],\"inLanguage\":\"fr-FR\"},{\"@type\":\"Person\",\"@id\":\"https:\/\/www.africa-press.net\/senegal\/#\/schema\/person\/2b1cf3cd81a31e3cd26889ca66d677f1\",\"name\":\"cfeditorfr\",\"url\":\"https:\/\/www.africa-press.net\/senegal\/author\/cfeditorfr\"}]}<\/script>\n<!-- \/ Yoast SEO Premium plugin. -->","yoast_head_json":{"title":"Kaffrine : Les responsables de BBY approuvent le report de la pr\u00e9sidentielle et invitent la classe politique \u00e0 saisir la main tendue de Macky Sall - Senegal","description":"Dans une re\u0301solution parvenue a\u0300 Seneweb, les responsables politiques de la coalition Benno Bokk Yaakaar de Kaffrine sal ...","robots":{"index":"index","follow":"follow","max-snippet":"max-snippet:-1","max-image-preview":"max-image-preview:large","max-video-preview":"max-video-preview:-1"},"canonical":"https:\/\/www.africa-press.net\/senegal\/politique\/kaffrine-les-responsables-de-bby-approuvent-le-report-de-la-presidentielle-et-invitent-la-classe-politique-a-saisir-la-main-tendue-de-macky-sall","og_locale":"fr_FR","og_type":"article","og_title":"Kaffrine : Les responsables de BBY approuvent le report de la pr\u00e9sidentielle et invitent la classe politique \u00e0 saisir la main tendue de Macky Sall","og_description":"Dans une re\u0301solution parvenue a\u0300 Seneweb, les responsables politiques de la coalition Benno Bokk Yaakaar de Kaffrine sal ...","og_url":"https:\/\/www.africa-press.net\/senegal\/politique\/kaffrine-les-responsables-de-bby-approuvent-le-report-de-la-presidentielle-et-invitent-la-classe-politique-a-saisir-la-main-tendue-de-macky-sall","og_site_name":"Senegal","article_published_time":"2024-02-13T21:07:18+00:00","article_modified_time":"2024-02-13T23:15:37+00:00","og_image":[{"width":612,"height":298,"url":"https:\/\/static.africa-press.net\/senegal\/sites\/13\/2024\/02\/sm_1707849881.203914.jpg","type":"image\/jpeg"}],"author":"cfeditorfr","twitter_card":"summary_large_image","twitter_misc":{"\u00c9crit par":"cfeditorfr","Dur\u00e9e de lecture estim\u00e9e":"3 minutes"},"schema":{"@context":"https:\/\/schema.org","@graph":[{"@type":"Article","@id":"https:\/\/www.africa-press.net\/senegal\/politique\/kaffrine-les-responsables-de-bby-approuvent-le-report-de-la-presidentielle-et-invitent-la-classe-politique-a-saisir-la-main-tendue-de-macky-sall#article","isPartOf":{"@id":"https:\/\/www.africa-press.net\/senegal\/politique\/kaffrine-les-responsables-de-bby-approuvent-le-report-de-la-presidentielle-et-invitent-la-classe-politique-a-saisir-la-main-tendue-de-macky-sall"},"author":{"name":"cfeditorfr","@id":"https:\/\/www.africa-press.net\/senegal\/#\/schema\/person\/2b1cf3cd81a31e3cd26889ca66d677f1"},"headline":"Kaffrine : Les responsables de BBY approuvent le report de la pr\u00e9sidentielle et invitent la classe politique \u00e0 saisir la main tendue de Macky Sall","datePublished":"2024-02-13T21:07:18+00:00","dateModified":"2024-02-13T23:15:37+00:00","mainEntityOfPage":{"@id":"https:\/\/www.africa-press.net\/senegal\/politique\/kaffrine-les-responsables-de-bby-approuvent-le-report-de-la-presidentielle-et-invitent-la-classe-politique-a-saisir-la-main-tendue-de-macky-sall"},"wordCount":606,"commentCount":0,"image":{"@id":"https:\/\/www.africa-press.net\/senegal\/politique\/kaffrine-les-responsables-de-bby-approuvent-le-report-de-la-presidentielle-et-invitent-la-classe-politique-a-saisir-la-main-tendue-de-macky-sall#primaryimage"},"thumbnailUrl":"https:\/\/static.africa-press.net\/senegal\/sites\/13\/2024\/02\/sm_1707849881.203914.jpg","keywords":["Africa Press","Africa Press-Senegal","Senegal"],"articleSection":["Photo","Politique","Toutes les actualit\u00e9s"],"inLanguage":"fr-FR","potentialAction":[{"@type":"CommentAction","name":"Comment","target":["https:\/\/www.africa-press.net\/senegal\/politique\/kaffrine-les-responsables-de-bby-approuvent-le-report-de-la-presidentielle-et-invitent-la-classe-politique-a-saisir-la-main-tendue-de-macky-sall#respond"]}]},{"@type":"WebPage","@id":"https:\/\/www.africa-press.net\/senegal\/politique\/kaffrine-les-responsables-de-bby-approuvent-le-report-de-la-presidentielle-et-invitent-la-classe-politique-a-saisir-la-main-tendue-de-macky-sall","url":"https:\/\/www.africa-press.net\/senegal\/politique\/kaffrine-les-responsables-de-bby-approuvent-le-report-de-la-presidentielle-et-invitent-la-classe-politique-a-saisir-la-main-tendue-de-macky-sall","name":"Kaffrine : Les responsables de BBY approuvent le report de la pr\u00e9sidentielle et invitent la classe politique \u00e0 saisir la main tendue de Macky Sall - Senegal","isPartOf":{"@id":"https:\/\/www.africa-press.net\/senegal\/#website"},"primaryImageOfPage":{"@id":"https:\/\/www.africa-press.net\/senegal\/politique\/kaffrine-les-responsables-de-bby-approuvent-le-report-de-la-presidentielle-et-invitent-la-classe-politique-a-saisir-la-main-tendue-de-macky-sall#primaryimage"},"image":{"@id":"https:\/\/www.africa-press.net\/senegal\/politique\/kaffrine-les-responsables-de-bby-approuvent-le-report-de-la-presidentielle-et-invitent-la-classe-politique-a-saisir-la-main-tendue-de-macky-sall#primaryimage"},"thumbnailUrl":"https:\/\/static.africa-press.net\/senegal\/sites\/13\/2024\/02\/sm_1707849881.203914.jpg","datePublished":"2024-02-13T21:07:18+00:00","dateModified":"2024-02-13T23:15:37+00:00","author":{"@id":"https:\/\/www.africa-press.net\/senegal\/#\/schema\/person\/2b1cf3cd81a31e3cd26889ca66d677f1"},"description":"Dans une re\u0301solution parvenue a\u0300 Seneweb, les responsables politiques de la coalition Benno Bokk Yaakaar de Kaffrine sal ...","breadcrumb":{"@id":"https:\/\/www.africa-press.net\/senegal\/politique\/kaffrine-les-responsables-de-bby-approuvent-le-report-de-la-presidentielle-et-invitent-la-classe-politique-a-saisir-la-main-tendue-de-macky-sall#breadcrumb"},"inLanguage":"fr-FR","potentialAction":[{"@type":"ReadAction","target":["https:\/\/www.africa-press.net\/senegal\/politique\/kaffrine-les-responsables-de-bby-approuvent-le-report-de-la-presidentielle-et-invitent-la-classe-politique-a-saisir-la-main-tendue-de-macky-sall"]}]},{"@type":"ImageObject","inLanguage":"fr-FR","@id":"https:\/\/www.africa-press.net\/senegal\/politique\/kaffrine-les-responsables-de-bby-approuvent-le-report-de-la-presidentielle-et-invitent-la-classe-politique-a-saisir-la-main-tendue-de-macky-sall#primaryimage","url":"https:\/\/static.africa-press.net\/senegal\/sites\/13\/2024\/02\/sm_1707849881.203914.jpg","contentUrl":"https:\/\/static.africa-press.net\/senegal\/sites\/13\/2024\/02\/sm_1707849881.203914.jpg","width":612,"height":298,"caption":"Kaffrine : Les responsables de BBY approuvent le report de la pr\u00e9sidentielle et invitent la classe politique \u00e0 saisir la main tendue de Macky Sall"},{"@type":"BreadcrumbList","@id":"https:\/\/www.africa-press.net\/senegal\/politique\/kaffrine-les-responsables-de-bby-approuvent-le-report-de-la-presidentielle-et-invitent-la-classe-politique-a-saisir-la-main-tendue-de-macky-sall#breadcrumb","itemListElement":[{"@type":"ListItem","position":1,"name":"Accueil","item":"https:\/\/www.africa-press.net\/senegal\/"},{"@type":"ListItem","position":2,"name":"Kaffrine : Les responsables de BBY approuvent le report de la pr\u00e9sidentielle et invitent la classe politique \u00e0 saisir la main tendue de Macky Sall"}]},{"@type":"WebSite","@id":"https:\/\/www.africa-press.net\/senegal\/#website","url":"https:\/\/www.africa-press.net\/senegal\/","name":"Africa Press | Senegal | Homepage","description":"Just another Africa News Agency Sites site","potentialAction":[{"@type":"SearchAction","target":{"@type":"EntryPoint","urlTemplate":"https:\/\/www.africa-press.net\/senegal\/?s={search_term_string}"},"query-input":{"@type":"PropertyValueSpecification","valueRequired":true,"valueName":"search_term_string"}}],"inLanguage":"fr-FR"},{"@type":"Person","@id":"https:\/\/www.africa-press.net\/senegal\/#\/schema\/person\/2b1cf3cd81a31e3cd26889ca66d677f1","name":"cfeditorfr","url":"https:\/\/www.africa-press.net\/senegal\/author\/cfeditorfr"}]}},"_links":{"self":[{"href":"https:\/\/www.africa-press.net\/senegal\/wp-json\/wp\/v2\/posts\/55727","targetHints":{"allow":["GET"]}}],"collection":[{"href":"https:\/\/www.africa-press.net\/senegal\/wp-json\/wp\/v2\/posts"}],"about":[{"href":"https:\/\/www.africa-press.net\/senegal\/wp-json\/wp\/v2\/types\/post"}],"author":[{"embeddable":true,"href":"https:\/\/www.africa-press.net\/senegal\/wp-json\/wp\/v2\/users\/82"}],"replies":[{"embeddable":true,"href":"https:\/\/www.africa-press.net\/senegal\/wp-json\/wp\/v2\/comments?post=55727"}],"version-history":[{"count":0,"href":"https:\/\/www.africa-press.net\/senegal\/wp-json\/wp\/v2\/posts\/55727\/revisions"}],"wp:featuredmedia":[{"embeddable":true,"href":"https:\/\/www.africa-press.net\/senegal\/wp-json\/wp\/v2\/media\/55726"}],"wp:attachment":[{"href":"https:\/\/www.africa-press.net\/senegal\/wp-json\/wp\/v2\/media?parent=55727"}],"wp:term":[{"taxonomy":"category","embeddable":true,"href":"https:\/\/www.africa-press.net\/senegal\/wp-json\/wp\/v2\/categories?post=55727"},{"taxonomy":"post_tag","embeddable":true,"href":"https:\/\/www.africa-press.net\/senegal\/wp-json\/wp\/v2\/tags?post=55727"}],"curies":[{"name":"wp","href":"https:\/\/api.w.org\/{rel}","templated":true}]}}