{"id":55729,"date":"2024-02-13T21:12:40","date_gmt":"2024-02-13T21:12:40","guid":{"rendered":"https:\/\/www.africa-press.net\/senegal\/politique\/situations-socio-politique-au-senegal-les-4-recommandations-de-la-delegation-parlementaire-de-la-cedeao"},"modified":"2024-02-13T23:16:05","modified_gmt":"2024-02-13T23:16:05","slug":"situations-socio-politique-au-senegal-les-4-recommandations-de-la-delegation-parlementaire-de-la-cedeao","status":"publish","type":"post","link":"https:\/\/www.africa-press.net\/senegal\/politique\/situations-socio-politique-au-senegal-les-4-recommandations-de-la-delegation-parlementaire-de-la-cedeao","title":{"rendered":"Situations socio-politique au S\u00e9n\u00e9gal: Les 4 recommandations de la d\u00e9l\u00e9gation parlementaire de la CEDEAO"},"content":{"rendered":"<p><span style=\"color: #ff6600\"><strong>Africa-Press &#8211; Senegal. <\/strong><\/span>En mission depuis le 10 fe\u0301vrier au Se\u0301ne\u0301gal, la de\u0301le\u0301gation parlementaire de la CEDEAO a clo\u0302ture\u0301 son dialogue avec Pre\u0301sident de l\u2019Assemble\u0301e nationale, Amadou Mame Diop. Ceci, sur les enjeux de la loi constitutionnelle portant de\u0301calage de la date du scrutin de l\u2019e\u0301lection pre\u0301sidentielle.<\/p>\n<p>\u00abAu terme de des consultations, la mission de diplomatie parlementaire s&rsquo;est fe\u0301licite\u0301e d&rsquo;avoir une meilleure compre\u0301hension de la situation sociopolitique pre\u0301valant au Se\u0301ne\u0301gal ainsi qu&rsquo;une bonne connaissance des actions et initiatives prises par la classe politique dans le cadre de l&rsquo;organisation de le\u0301lection pre\u0301sidentielle de 2024 \u00bb, a d\u2019emble\u0301e fait savoir ladite de\u0301le\u0301gation, ce mardi, a\u0300 l\u2019Assemble\u0301e, au cours d\u2019un point de presse.<\/p>\n<p>Conduite par leur Mohamed Tunis Sidie, elle a fait des recommandations pour une sortie de crise.<\/p>\n<p>\u00ab La mission de diplomatie parlementaire lance un appel pressant au calme et a\u0300 la retenue et invite tous les acteurs politiques a\u0300 s&rsquo;abstenir de toute forme d&rsquo;expression qui incite a\u0300 la violence et attise un climat de tension dans le pays. Elle invite toutes les parties prenantes a\u0300 privile\u0301gier les inte\u0301re\u0302ts fondamentaux de la Nation se\u0301ne\u0301galaise que sont la paix et la stabilite\u0301 ainsi que le respect de la Constitution, la promotion de la de\u0301mocratie, de l&rsquo;e\u0301tat de droit et de la cohe\u0301sion sociale \u00bb, de\u0301clare-t-elle.<\/p>\n<p>Avant de poursuivre: \u00abElle prie instamment tous les acteurs sociopolitiques d&rsquo;entamer dans l&rsquo;urgence un dialogue politique national inclusif et fraternel inte\u0301grant l&rsquo;ensemble des acteurs politiques et sociaux pertinents et inte\u0301resse\u0301s afin de parvenir a\u0300 des solutions consensuelles et creer les conditions favorables a\u0300 la tenue d&rsquo;une e\u0301lection pre\u0301sidentielle ouverte, cre\u0301dible, inclusive et transparente \u00bb.<\/p>\n<p>La mission a aussi demande\u0301 a\u0300 la Commission de la CEDEAO l&rsquo;envoi, de\u0300s la semaine prochaine, d&rsquo;une mission conjointe de la Commission de la CEDEAO et du Parlement de la CEDEAO afin de faciliter, dans les plus brefs de\u0301lais, la tenue du dialogue politique national.<\/p>\n<p>Le pre\u0301sident de l\u2019Assemble\u0301e nationale a dit \u00abprendre toutes les dispositions pour un dialogue entre les diffe\u0301rentes parties \u00bb. \u00abLes conclusions participeront a\u0300 l&rsquo;ame\u0301lioration du climat social \u00bb, souligne Amadou Mame Diop.<\/p>\n<p><strong>Pour plus d&rsquo;informations et d&rsquo;analyses sur la <a href=\"https:\/\/www.africa-press.net\/senegal\">Senegal<\/a>, suivez <a href=\"https:\/\/www.africa-press.net\/\">Africa-Press<\/a><\/strong><\/p>\n","protected":false},"excerpt":{"rendered":"<p>Africa-Press &#8211; Senegal. En mission depuis le 10 fe\u0301vrier au Se\u0301ne\u0301gal, la de\u0301le\u0301gation parlementaire de la CEDEAO a clo\u0302ture\u0301 son dialogue avec Pre\u0301sident de l\u2019Assemble\u0301e nationale, Amadou Mame Diop. Ceci, sur les enjeux de la loi constitutionnelle portant de\u0301calage de la date du scrutin de l\u2019e\u0301lection pre\u0301sidentielle. \u00abAu terme de des consultations, la mission de [&hellip;]<\/p>\n","protected":false},"author":82,"featured_media":55728,"comment_status":"open","ping_status":"closed","sticky":false,"template":"","format":"standard","meta":{"footnotes":""},"categories":[2,10],"tags":[43,47,44],"class_list":["post-55729","post","type-post","status-publish","format-standard","has-post-thumbnail","hentry","category-politique","category-toutes-les-actualites","tag-africa-press-2","tag-africa-press-senegal","tag-senegal-2"],"yoast_head":"<!-- This site is optimized with the Yoast SEO Premium plugin v26.1 (Yoast SEO v27.0) - https:\/\/yoast.com\/product\/yoast-seo-premium-wordpress\/ -->\n<title>Situations socio-politique au S\u00e9n\u00e9gal: Les 4 recommandations de la d\u00e9l\u00e9gation parlementaire de la CEDEAO - Senegal<\/title>\n<meta name=\"description\" content=\"En mission depuis le 10 fe\u0301vrier au Se\u0301ne\u0301gal, la de\u0301le\u0301gation parlementaire de la CEDEAO a clo\u0302ture\u0301 son dialogue avec ...\" \/>\n<meta name=\"robots\" content=\"index, follow, max-snippet:-1, max-image-preview:large, max-video-preview:-1\" \/>\n<link rel=\"canonical\" href=\"https:\/\/www.africa-press.net\/senegal\/politique\/situations-socio-politique-au-senegal-les-4-recommandations-de-la-delegation-parlementaire-de-la-cedeao\" \/>\n<meta property=\"og:locale\" content=\"fr_FR\" \/>\n<meta property=\"og:type\" content=\"article\" \/>\n<meta property=\"og:title\" content=\"Situations socio-politique au S\u00e9n\u00e9gal: Les 4 recommandations de la d\u00e9l\u00e9gation parlementaire de la CEDEAO\" \/>\n<meta property=\"og:description\" content=\"En mission depuis le 10 fe\u0301vrier au Se\u0301ne\u0301gal, la de\u0301le\u0301gation parlementaire de la CEDEAO a clo\u0302ture\u0301 son dialogue avec ...\" \/>\n<meta property=\"og:url\" content=\"https:\/\/www.africa-press.net\/senegal\/politique\/situations-socio-politique-au-senegal-les-4-recommandations-de-la-delegation-parlementaire-de-la-cedeao\" \/>\n<meta property=\"og:site_name\" content=\"Senegal\" \/>\n<meta property=\"article:published_time\" content=\"2024-02-13T21:12:40+00:00\" \/>\n<meta property=\"article:modified_time\" content=\"2024-02-13T23:16:05+00:00\" \/>\n<meta property=\"og:image\" content=\"https:\/\/static.africa-press.net\/senegal\/sites\/13\/2024\/02\/sm_1707849913.333267.jpg\" \/>\n\t<meta property=\"og:image:width\" content=\"1304\" \/>\n\t<meta property=\"og:image:height\" content=\"631\" \/>\n\t<meta property=\"og:image:type\" content=\"image\/jpeg\" \/>\n<meta name=\"author\" content=\"cfeditorfr\" \/>\n<meta name=\"twitter:card\" content=\"summary_large_image\" \/>\n<meta name=\"twitter:label1\" content=\"\u00c9crit par\" \/>\n\t<meta name=\"twitter:data1\" content=\"cfeditorfr\" \/>\n\t<meta name=\"twitter:label2\" content=\"Dur\u00e9e de lecture estim\u00e9e\" \/>\n\t<meta name=\"twitter:data2\" content=\"2 minutes\" \/>\n<script type=\"application\/ld+json\" class=\"yoast-schema-graph\">{\"@context\":\"https:\/\/schema.org\",\"@graph\":[{\"@type\":\"Article\",\"@id\":\"https:\/\/www.africa-press.net\/senegal\/politique\/situations-socio-politique-au-senegal-les-4-recommandations-de-la-delegation-parlementaire-de-la-cedeao#article\",\"isPartOf\":{\"@id\":\"https:\/\/www.africa-press.net\/senegal\/politique\/situations-socio-politique-au-senegal-les-4-recommandations-de-la-delegation-parlementaire-de-la-cedeao\"},\"author\":{\"name\":\"cfeditorfr\",\"@id\":\"https:\/\/www.africa-press.net\/senegal\/#\/schema\/person\/2b1cf3cd81a31e3cd26889ca66d677f1\"},\"headline\":\"Situations socio-politique au S\u00e9n\u00e9gal: Les 4 recommandations de la d\u00e9l\u00e9gation parlementaire de la CEDEAO\",\"datePublished\":\"2024-02-13T21:12:40+00:00\",\"dateModified\":\"2024-02-13T23:16:05+00:00\",\"mainEntityOfPage\":{\"@id\":\"https:\/\/www.africa-press.net\/senegal\/politique\/situations-socio-politique-au-senegal-les-4-recommandations-de-la-delegation-parlementaire-de-la-cedeao\"},\"wordCount\":429,\"commentCount\":0,\"image\":{\"@id\":\"https:\/\/www.africa-press.net\/senegal\/politique\/situations-socio-politique-au-senegal-les-4-recommandations-de-la-delegation-parlementaire-de-la-cedeao#primaryimage\"},\"thumbnailUrl\":\"https:\/\/static.africa-press.net\/senegal\/sites\/13\/2024\/02\/sm_1707849913.333267.jpg\",\"keywords\":[\"Africa Press\",\"Africa Press-Senegal\",\"Senegal\"],\"articleSection\":[\"Politique\",\"Toutes les actualit\u00e9s\"],\"inLanguage\":\"fr-FR\",\"potentialAction\":[{\"@type\":\"CommentAction\",\"name\":\"Comment\",\"target\":[\"https:\/\/www.africa-press.net\/senegal\/politique\/situations-socio-politique-au-senegal-les-4-recommandations-de-la-delegation-parlementaire-de-la-cedeao#respond\"]}]},{\"@type\":\"WebPage\",\"@id\":\"https:\/\/www.africa-press.net\/senegal\/politique\/situations-socio-politique-au-senegal-les-4-recommandations-de-la-delegation-parlementaire-de-la-cedeao\",\"url\":\"https:\/\/www.africa-press.net\/senegal\/politique\/situations-socio-politique-au-senegal-les-4-recommandations-de-la-delegation-parlementaire-de-la-cedeao\",\"name\":\"Situations socio-politique au S\u00e9n\u00e9gal: Les 4 recommandations de la d\u00e9l\u00e9gation parlementaire de la CEDEAO - Senegal\",\"isPartOf\":{\"@id\":\"https:\/\/www.africa-press.net\/senegal\/#website\"},\"primaryImageOfPage\":{\"@id\":\"https:\/\/www.africa-press.net\/senegal\/politique\/situations-socio-politique-au-senegal-les-4-recommandations-de-la-delegation-parlementaire-de-la-cedeao#primaryimage\"},\"image\":{\"@id\":\"https:\/\/www.africa-press.net\/senegal\/politique\/situations-socio-politique-au-senegal-les-4-recommandations-de-la-delegation-parlementaire-de-la-cedeao#primaryimage\"},\"thumbnailUrl\":\"https:\/\/static.africa-press.net\/senegal\/sites\/13\/2024\/02\/sm_1707849913.333267.jpg\",\"datePublished\":\"2024-02-13T21:12:40+00:00\",\"dateModified\":\"2024-02-13T23:16:05+00:00\",\"author\":{\"@id\":\"https:\/\/www.africa-press.net\/senegal\/#\/schema\/person\/2b1cf3cd81a31e3cd26889ca66d677f1\"},\"description\":\"En mission depuis le 10 fe\u0301vrier au Se\u0301ne\u0301gal, la de\u0301le\u0301gation parlementaire de la CEDEAO a clo\u0302ture\u0301 son dialogue avec ...\",\"breadcrumb\":{\"@id\":\"https:\/\/www.africa-press.net\/senegal\/politique\/situations-socio-politique-au-senegal-les-4-recommandations-de-la-delegation-parlementaire-de-la-cedeao#breadcrumb\"},\"inLanguage\":\"fr-FR\",\"potentialAction\":[{\"@type\":\"ReadAction\",\"target\":[\"https:\/\/www.africa-press.net\/senegal\/politique\/situations-socio-politique-au-senegal-les-4-recommandations-de-la-delegation-parlementaire-de-la-cedeao\"]}]},{\"@type\":\"ImageObject\",\"inLanguage\":\"fr-FR\",\"@id\":\"https:\/\/www.africa-press.net\/senegal\/politique\/situations-socio-politique-au-senegal-les-4-recommandations-de-la-delegation-parlementaire-de-la-cedeao#primaryimage\",\"url\":\"https:\/\/static.africa-press.net\/senegal\/sites\/13\/2024\/02\/sm_1707849913.333267.jpg\",\"contentUrl\":\"https:\/\/static.africa-press.net\/senegal\/sites\/13\/2024\/02\/sm_1707849913.333267.jpg\",\"width\":1304,\"height\":631,\"caption\":\"Situations socio-politique au S\u00e9n\u00e9gal: Les 4 recommandations de la d\u00e9l\u00e9gation parlementaire de la CEDEAO\"},{\"@type\":\"BreadcrumbList\",\"@id\":\"https:\/\/www.africa-press.net\/senegal\/politique\/situations-socio-politique-au-senegal-les-4-recommandations-de-la-delegation-parlementaire-de-la-cedeao#breadcrumb\",\"itemListElement\":[{\"@type\":\"ListItem\",\"position\":1,\"name\":\"Accueil\",\"item\":\"https:\/\/www.africa-press.net\/senegal\/\"},{\"@type\":\"ListItem\",\"position\":2,\"name\":\"Situations socio-politique au S\u00e9n\u00e9gal: Les 4 recommandations de la d\u00e9l\u00e9gation parlementaire de la CEDEAO\"}]},{\"@type\":\"WebSite\",\"@id\":\"https:\/\/www.africa-press.net\/senegal\/#website\",\"url\":\"https:\/\/www.africa-press.net\/senegal\/\",\"name\":\"Africa Press | Senegal | Homepage\",\"description\":\"Just another Africa News Agency Sites site\",\"potentialAction\":[{\"@type\":\"SearchAction\",\"target\":{\"@type\":\"EntryPoint\",\"urlTemplate\":\"https:\/\/www.africa-press.net\/senegal\/?s={search_term_string}\"},\"query-input\":{\"@type\":\"PropertyValueSpecification\",\"valueRequired\":true,\"valueName\":\"search_term_string\"}}],\"inLanguage\":\"fr-FR\"},{\"@type\":\"Person\",\"@id\":\"https:\/\/www.africa-press.net\/senegal\/#\/schema\/person\/2b1cf3cd81a31e3cd26889ca66d677f1\",\"name\":\"cfeditorfr\",\"url\":\"https:\/\/www.africa-press.net\/senegal\/author\/cfeditorfr\"}]}<\/script>\n<!-- \/ Yoast SEO Premium plugin. -->","yoast_head_json":{"title":"Situations socio-politique au S\u00e9n\u00e9gal: Les 4 recommandations de la d\u00e9l\u00e9gation parlementaire de la CEDEAO - Senegal","description":"En mission depuis le 10 fe\u0301vrier au Se\u0301ne\u0301gal, la de\u0301le\u0301gation parlementaire de la CEDEAO a clo\u0302ture\u0301 son dialogue avec ...","robots":{"index":"index","follow":"follow","max-snippet":"max-snippet:-1","max-image-preview":"max-image-preview:large","max-video-preview":"max-video-preview:-1"},"canonical":"https:\/\/www.africa-press.net\/senegal\/politique\/situations-socio-politique-au-senegal-les-4-recommandations-de-la-delegation-parlementaire-de-la-cedeao","og_locale":"fr_FR","og_type":"article","og_title":"Situations socio-politique au S\u00e9n\u00e9gal: Les 4 recommandations de la d\u00e9l\u00e9gation parlementaire de la CEDEAO","og_description":"En mission depuis le 10 fe\u0301vrier au Se\u0301ne\u0301gal, la de\u0301le\u0301gation parlementaire de la CEDEAO a clo\u0302ture\u0301 son dialogue avec ...","og_url":"https:\/\/www.africa-press.net\/senegal\/politique\/situations-socio-politique-au-senegal-les-4-recommandations-de-la-delegation-parlementaire-de-la-cedeao","og_site_name":"Senegal","article_published_time":"2024-02-13T21:12:40+00:00","article_modified_time":"2024-02-13T23:16:05+00:00","og_image":[{"width":1304,"height":631,"url":"https:\/\/static.africa-press.net\/senegal\/sites\/13\/2024\/02\/sm_1707849913.333267.jpg","type":"image\/jpeg"}],"author":"cfeditorfr","twitter_card":"summary_large_image","twitter_misc":{"\u00c9crit par":"cfeditorfr","Dur\u00e9e de lecture estim\u00e9e":"2 minutes"},"schema":{"@context":"https:\/\/schema.org","@graph":[{"@type":"Article","@id":"https:\/\/www.africa-press.net\/senegal\/politique\/situations-socio-politique-au-senegal-les-4-recommandations-de-la-delegation-parlementaire-de-la-cedeao#article","isPartOf":{"@id":"https:\/\/www.africa-press.net\/senegal\/politique\/situations-socio-politique-au-senegal-les-4-recommandations-de-la-delegation-parlementaire-de-la-cedeao"},"author":{"name":"cfeditorfr","@id":"https:\/\/www.africa-press.net\/senegal\/#\/schema\/person\/2b1cf3cd81a31e3cd26889ca66d677f1"},"headline":"Situations socio-politique au S\u00e9n\u00e9gal: Les 4 recommandations de la d\u00e9l\u00e9gation parlementaire de la CEDEAO","datePublished":"2024-02-13T21:12:40+00:00","dateModified":"2024-02-13T23:16:05+00:00","mainEntityOfPage":{"@id":"https:\/\/www.africa-press.net\/senegal\/politique\/situations-socio-politique-au-senegal-les-4-recommandations-de-la-delegation-parlementaire-de-la-cedeao"},"wordCount":429,"commentCount":0,"image":{"@id":"https:\/\/www.africa-press.net\/senegal\/politique\/situations-socio-politique-au-senegal-les-4-recommandations-de-la-delegation-parlementaire-de-la-cedeao#primaryimage"},"thumbnailUrl":"https:\/\/static.africa-press.net\/senegal\/sites\/13\/2024\/02\/sm_1707849913.333267.jpg","keywords":["Africa Press","Africa Press-Senegal","Senegal"],"articleSection":["Politique","Toutes les actualit\u00e9s"],"inLanguage":"fr-FR","potentialAction":[{"@type":"CommentAction","name":"Comment","target":["https:\/\/www.africa-press.net\/senegal\/politique\/situations-socio-politique-au-senegal-les-4-recommandations-de-la-delegation-parlementaire-de-la-cedeao#respond"]}]},{"@type":"WebPage","@id":"https:\/\/www.africa-press.net\/senegal\/politique\/situations-socio-politique-au-senegal-les-4-recommandations-de-la-delegation-parlementaire-de-la-cedeao","url":"https:\/\/www.africa-press.net\/senegal\/politique\/situations-socio-politique-au-senegal-les-4-recommandations-de-la-delegation-parlementaire-de-la-cedeao","name":"Situations socio-politique au S\u00e9n\u00e9gal: Les 4 recommandations de la d\u00e9l\u00e9gation parlementaire de la CEDEAO - Senegal","isPartOf":{"@id":"https:\/\/www.africa-press.net\/senegal\/#website"},"primaryImageOfPage":{"@id":"https:\/\/www.africa-press.net\/senegal\/politique\/situations-socio-politique-au-senegal-les-4-recommandations-de-la-delegation-parlementaire-de-la-cedeao#primaryimage"},"image":{"@id":"https:\/\/www.africa-press.net\/senegal\/politique\/situations-socio-politique-au-senegal-les-4-recommandations-de-la-delegation-parlementaire-de-la-cedeao#primaryimage"},"thumbnailUrl":"https:\/\/static.africa-press.net\/senegal\/sites\/13\/2024\/02\/sm_1707849913.333267.jpg","datePublished":"2024-02-13T21:12:40+00:00","dateModified":"2024-02-13T23:16:05+00:00","author":{"@id":"https:\/\/www.africa-press.net\/senegal\/#\/schema\/person\/2b1cf3cd81a31e3cd26889ca66d677f1"},"description":"En mission depuis le 10 fe\u0301vrier au Se\u0301ne\u0301gal, la de\u0301le\u0301gation parlementaire de la CEDEAO a clo\u0302ture\u0301 son dialogue avec ...","breadcrumb":{"@id":"https:\/\/www.africa-press.net\/senegal\/politique\/situations-socio-politique-au-senegal-les-4-recommandations-de-la-delegation-parlementaire-de-la-cedeao#breadcrumb"},"inLanguage":"fr-FR","potentialAction":[{"@type":"ReadAction","target":["https:\/\/www.africa-press.net\/senegal\/politique\/situations-socio-politique-au-senegal-les-4-recommandations-de-la-delegation-parlementaire-de-la-cedeao"]}]},{"@type":"ImageObject","inLanguage":"fr-FR","@id":"https:\/\/www.africa-press.net\/senegal\/politique\/situations-socio-politique-au-senegal-les-4-recommandations-de-la-delegation-parlementaire-de-la-cedeao#primaryimage","url":"https:\/\/static.africa-press.net\/senegal\/sites\/13\/2024\/02\/sm_1707849913.333267.jpg","contentUrl":"https:\/\/static.africa-press.net\/senegal\/sites\/13\/2024\/02\/sm_1707849913.333267.jpg","width":1304,"height":631,"caption":"Situations socio-politique au S\u00e9n\u00e9gal: Les 4 recommandations de la d\u00e9l\u00e9gation parlementaire de la CEDEAO"},{"@type":"BreadcrumbList","@id":"https:\/\/www.africa-press.net\/senegal\/politique\/situations-socio-politique-au-senegal-les-4-recommandations-de-la-delegation-parlementaire-de-la-cedeao#breadcrumb","itemListElement":[{"@type":"ListItem","position":1,"name":"Accueil","item":"https:\/\/www.africa-press.net\/senegal\/"},{"@type":"ListItem","position":2,"name":"Situations socio-politique au S\u00e9n\u00e9gal: Les 4 recommandations de la d\u00e9l\u00e9gation parlementaire de la CEDEAO"}]},{"@type":"WebSite","@id":"https:\/\/www.africa-press.net\/senegal\/#website","url":"https:\/\/www.africa-press.net\/senegal\/","name":"Africa Press | Senegal | Homepage","description":"Just another Africa News Agency Sites site","potentialAction":[{"@type":"SearchAction","target":{"@type":"EntryPoint","urlTemplate":"https:\/\/www.africa-press.net\/senegal\/?s={search_term_string}"},"query-input":{"@type":"PropertyValueSpecification","valueRequired":true,"valueName":"search_term_string"}}],"inLanguage":"fr-FR"},{"@type":"Person","@id":"https:\/\/www.africa-press.net\/senegal\/#\/schema\/person\/2b1cf3cd81a31e3cd26889ca66d677f1","name":"cfeditorfr","url":"https:\/\/www.africa-press.net\/senegal\/author\/cfeditorfr"}]}},"_links":{"self":[{"href":"https:\/\/www.africa-press.net\/senegal\/wp-json\/wp\/v2\/posts\/55729","targetHints":{"allow":["GET"]}}],"collection":[{"href":"https:\/\/www.africa-press.net\/senegal\/wp-json\/wp\/v2\/posts"}],"about":[{"href":"https:\/\/www.africa-press.net\/senegal\/wp-json\/wp\/v2\/types\/post"}],"author":[{"embeddable":true,"href":"https:\/\/www.africa-press.net\/senegal\/wp-json\/wp\/v2\/users\/82"}],"replies":[{"embeddable":true,"href":"https:\/\/www.africa-press.net\/senegal\/wp-json\/wp\/v2\/comments?post=55729"}],"version-history":[{"count":0,"href":"https:\/\/www.africa-press.net\/senegal\/wp-json\/wp\/v2\/posts\/55729\/revisions"}],"wp:featuredmedia":[{"embeddable":true,"href":"https:\/\/www.africa-press.net\/senegal\/wp-json\/wp\/v2\/media\/55728"}],"wp:attachment":[{"href":"https:\/\/www.africa-press.net\/senegal\/wp-json\/wp\/v2\/media?parent=55729"}],"wp:term":[{"taxonomy":"category","embeddable":true,"href":"https:\/\/www.africa-press.net\/senegal\/wp-json\/wp\/v2\/categories?post=55729"},{"taxonomy":"post_tag","embeddable":true,"href":"https:\/\/www.africa-press.net\/senegal\/wp-json\/wp\/v2\/tags?post=55729"}],"curies":[{"name":"wp","href":"https:\/\/api.w.org\/{rel}","templated":true}]}}