{"id":55738,"date":"2024-02-13T21:19:48","date_gmt":"2024-02-13T21:19:48","guid":{"rendered":"https:\/\/www.africa-press.net\/senegal\/politique\/cheikh-tidiane-dieye-macky-sall-a-le-choix-entre-lhonneur-et-le-deshonneur"},"modified":"2024-02-13T23:17:46","modified_gmt":"2024-02-13T23:17:46","slug":"cheikh-tidiane-dieye-macky-sall-a-le-choix-entre-lhonneur-et-le-deshonneur","status":"publish","type":"post","link":"https:\/\/www.africa-press.net\/senegal\/politique\/cheikh-tidiane-dieye-macky-sall-a-le-choix-entre-lhonneur-et-le-deshonneur","title":{"rendered":"Cheikh Tidiane Di\u00e8ye: \u00a0\u00bb Macky Sall a le choix entre l&rsquo;honneur et le d\u00e9shonneur\u00a0\u00bb"},"content":{"rendered":"<p><span style=\"color: #ff6600\"><strong>Africa-Press &#8211; Senegal. <\/strong><\/span>Le mandat du Pre\u0301sident Sall prend fin le 02 Avril. Et selon Cheikh Tidiane Die\u0300ye, candidat a\u0300 la pre\u0301sidentielle \u00a0\u00bb Il ne lui sera laisse\u0301 aucune seconde de plus\u00a0\u00bb. Face a\u0300 la presse avec les leaders de la coalition Yewwi Askan wi, il soutient qu&rsquo;il appartient au Chef de l&rsquo;Etat de choisir entre l&rsquo;honneur et le de\u0301shonneur. \u00ab\u00a0Il a le choix devant lui, il peut encore le faire. Nous lui souhaitons une sortie encore honorable si cela est aujourd&rsquo;hui possible. Il faut dire que Macky a fait tellement de mal, j&rsquo;ai en pense\u0301 ces trois derniers jeunes tombe\u0301s, il y a quelques jours, fauche\u0301s a\u0300 la fleur de l&rsquo;a\u0302ge parce que simplement ils e\u0301taient sortis le drapeau a\u0300 la main pour scander \u00ab\u00a0un peuple un but une fois\u00a0\u00bb se de\u0301sole le candidat.<\/p>\n<p>Selon Cheikh Tidiane Die\u0300ye, jusque-la\u0300, le Se\u0301ne\u0301gal a e\u0301te\u0301 une de\u0301mocratie cite\u0301e en re\u0301fe\u0301rence en Afrique. Malheureusement avance-t-il \u00ab\u00a0pendant les 12 ans de son re\u0300gne, Macky Sall s&rsquo;est attele\u0301 a\u0300 de\u0301manteler la Constitution, a\u0300 torpiller nos lois et re\u0300glements, a\u0300 bafouer nos valeurs, a\u0300 pervertir les m\u0153urs politiques. Macky Sall a cre\u0301e\u0301 un sous-syste\u0300me qui n&rsquo;a rien avoir avec le no\u0302tre ou\u0300 plus rien n&rsquo;est interdit, ou\u0300 on fait ce qu&rsquo;on veut pour rester au pouvoir. C&rsquo;est cela qu&rsquo;il faut arre\u0302ter\u00a0\u00bb. \u00ab\u00a0Pour moins que ce que le pre\u0301sident Macky Sall a fait, en 2012 le peuple se\u0301ne\u0301galais s&rsquo;e\u0301tait dresse\u0301 comme un seul homme pour dire:\u2019\u2019Touche pas a\u0300 ma Constitution\u2019\u2019. Ce peuple est encore la\u0300 et ne donnera pas a\u0300 Macky Sall ce qu&rsquo;il a refuse\u0301 a\u0300 son pre\u0301de\u0301cesseur. Le Chef de l&rsquo;Etat n&rsquo;a pas seulement viole\u0301 la Constitution, il l&rsquo;a simplement de\u0301truite\u00a0\u00bb de\u0301nonce-t-il.<\/p>\n<p>Les limites sont franchies. \u00ab\u00a0Macky a touche\u0301 au fruit interdit. Lorsqu&rsquo;il a tente\u0301 de re\u0301duire son mandat, la Constitution le lui a interdit et il a applique\u0301 a\u0300 la lettre. C&rsquo;est cette me\u0302me Constitution qui lui demande de ne pas reporter l\u2019e\u0301lection\u00a0\u00bb<\/p>\n<p>Cheikh Tidiane Die\u0300ye fait d&rsquo;ailleurs un clin d&rsquo;\u0153il a\u0300 l&rsquo;Union africaine qui tiendra son sommet la semaine prochaine. \u00a0\u00bb Elle n&rsquo;a aucune autre possibilite\u0301 que de se mettre du bon co\u0302te\u0301 de l&rsquo;histoire, celui du peuple qui identifiera ses amis africains qui e\u0301taient a\u0300 ses co\u0302te\u0301s dans les moments difficiles. Ce sommet doit mettre Macky Sall sur la table conforme\u0301ment a\u0300 nos lois communautaires\u2019\u2019 pense Cheikh Tidiane Die\u0300ye. Il interpelle par la me\u0302me occasion la CEDEAO, l&rsquo;union europe\u0301enne entre autres entite\u0301s au niveau International.<\/p>\n<p><strong>Pour plus d&rsquo;informations et d&rsquo;analyses sur la <a href=\"https:\/\/www.africa-press.net\/senegal\">Senegal<\/a>, suivez <a href=\"https:\/\/www.africa-press.net\/\">Africa-Press<\/a><\/strong><\/p>\n","protected":false},"excerpt":{"rendered":"<p>Africa-Press &#8211; Senegal. Le mandat du Pre\u0301sident Sall prend fin le 02 Avril. Et selon Cheikh Tidiane Die\u0300ye, candidat a\u0300 la pre\u0301sidentielle \u00a0\u00bb Il ne lui sera laisse\u0301 aucune seconde de plus\u00a0\u00bb. Face a\u0300 la presse avec les leaders de la coalition Yewwi Askan wi, il soutient qu&rsquo;il appartient au Chef de l&rsquo;Etat de choisir [&hellip;]<\/p>\n","protected":false},"author":82,"featured_media":55736,"comment_status":"open","ping_status":"closed","sticky":false,"template":"","format":"standard","meta":{"footnotes":""},"categories":[2,10],"tags":[43,47,44],"class_list":["post-55738","post","type-post","status-publish","format-standard","has-post-thumbnail","hentry","category-politique","category-toutes-les-actualites","tag-africa-press-2","tag-africa-press-senegal","tag-senegal-2"],"yoast_head":"<!-- This site is optimized with the Yoast SEO Premium plugin v26.1 (Yoast SEO v27.0) - https:\/\/yoast.com\/product\/yoast-seo-premium-wordpress\/ -->\n<title>Cheikh Tidiane Di\u00e8ye: &quot; Macky Sall a le choix entre l&#039;honneur et le d\u00e9shonneur&quot; - Senegal<\/title>\n<meta name=\"description\" content=\"Le mandat du Pre\u0301sident Sall prend fin le 02 Avril. Et selon Cheikh Tidiane Die\u0300ye, candidat a\u0300 la pre\u0301sidentielle &quot; Il ...\" \/>\n<meta name=\"robots\" content=\"index, follow, max-snippet:-1, max-image-preview:large, max-video-preview:-1\" \/>\n<link rel=\"canonical\" href=\"https:\/\/www.africa-press.net\/senegal\/politique\/cheikh-tidiane-dieye-macky-sall-a-le-choix-entre-lhonneur-et-le-deshonneur\" \/>\n<meta property=\"og:locale\" content=\"fr_FR\" \/>\n<meta property=\"og:type\" content=\"article\" \/>\n<meta property=\"og:title\" content=\"Cheikh Tidiane Di\u00e8ye: &quot; Macky Sall a le choix entre l&#039;honneur et le d\u00e9shonneur&quot;\" \/>\n<meta property=\"og:description\" content=\"Le mandat du Pre\u0301sident Sall prend fin le 02 Avril. Et selon Cheikh Tidiane Die\u0300ye, candidat a\u0300 la pre\u0301sidentielle &quot; Il ...\" \/>\n<meta property=\"og:url\" content=\"https:\/\/www.africa-press.net\/senegal\/politique\/cheikh-tidiane-dieye-macky-sall-a-le-choix-entre-lhonneur-et-le-deshonneur\" \/>\n<meta property=\"og:site_name\" content=\"Senegal\" \/>\n<meta property=\"article:published_time\" content=\"2024-02-13T21:19:48+00:00\" \/>\n<meta property=\"article:modified_time\" content=\"2024-02-13T23:17:46+00:00\" \/>\n<meta property=\"og:image\" content=\"https:\/\/static.africa-press.net\/senegal\/sites\/13\/2024\/02\/sm_1707849995.600663.jpg\" \/>\n\t<meta property=\"og:image:width\" content=\"1216\" \/>\n\t<meta property=\"og:image:height\" content=\"634\" \/>\n\t<meta property=\"og:image:type\" content=\"image\/jpeg\" \/>\n<meta name=\"author\" content=\"cfeditorfr\" \/>\n<meta name=\"twitter:card\" content=\"summary_large_image\" \/>\n<meta name=\"twitter:label1\" content=\"\u00c9crit par\" \/>\n\t<meta name=\"twitter:data1\" content=\"cfeditorfr\" \/>\n\t<meta name=\"twitter:label2\" content=\"Dur\u00e9e de lecture estim\u00e9e\" \/>\n\t<meta name=\"twitter:data2\" content=\"2 minutes\" \/>\n<script type=\"application\/ld+json\" class=\"yoast-schema-graph\">{\"@context\":\"https:\/\/schema.org\",\"@graph\":[{\"@type\":\"Article\",\"@id\":\"https:\/\/www.africa-press.net\/senegal\/politique\/cheikh-tidiane-dieye-macky-sall-a-le-choix-entre-lhonneur-et-le-deshonneur#article\",\"isPartOf\":{\"@id\":\"https:\/\/www.africa-press.net\/senegal\/politique\/cheikh-tidiane-dieye-macky-sall-a-le-choix-entre-lhonneur-et-le-deshonneur\"},\"author\":{\"name\":\"cfeditorfr\",\"@id\":\"https:\/\/www.africa-press.net\/senegal\/#\/schema\/person\/2b1cf3cd81a31e3cd26889ca66d677f1\"},\"headline\":\"Cheikh Tidiane Di\u00e8ye: \u00a0\u00bb Macky Sall a le choix entre l&rsquo;honneur et le d\u00e9shonneur\u00a0\u00bb\",\"datePublished\":\"2024-02-13T21:19:48+00:00\",\"dateModified\":\"2024-02-13T23:17:46+00:00\",\"mainEntityOfPage\":{\"@id\":\"https:\/\/www.africa-press.net\/senegal\/politique\/cheikh-tidiane-dieye-macky-sall-a-le-choix-entre-lhonneur-et-le-deshonneur\"},\"wordCount\":500,\"commentCount\":0,\"image\":{\"@id\":\"https:\/\/www.africa-press.net\/senegal\/politique\/cheikh-tidiane-dieye-macky-sall-a-le-choix-entre-lhonneur-et-le-deshonneur#primaryimage\"},\"thumbnailUrl\":\"https:\/\/static.africa-press.net\/senegal\/sites\/13\/2024\/02\/sm_1707849995.600663.jpg\",\"keywords\":[\"Africa Press\",\"Africa Press-Senegal\",\"Senegal\"],\"articleSection\":[\"Politique\",\"Toutes les actualit\u00e9s\"],\"inLanguage\":\"fr-FR\",\"potentialAction\":[{\"@type\":\"CommentAction\",\"name\":\"Comment\",\"target\":[\"https:\/\/www.africa-press.net\/senegal\/politique\/cheikh-tidiane-dieye-macky-sall-a-le-choix-entre-lhonneur-et-le-deshonneur#respond\"]}]},{\"@type\":\"WebPage\",\"@id\":\"https:\/\/www.africa-press.net\/senegal\/politique\/cheikh-tidiane-dieye-macky-sall-a-le-choix-entre-lhonneur-et-le-deshonneur\",\"url\":\"https:\/\/www.africa-press.net\/senegal\/politique\/cheikh-tidiane-dieye-macky-sall-a-le-choix-entre-lhonneur-et-le-deshonneur\",\"name\":\"Cheikh Tidiane Di\u00e8ye: \\\" Macky Sall a le choix entre l'honneur et le d\u00e9shonneur\\\" - Senegal\",\"isPartOf\":{\"@id\":\"https:\/\/www.africa-press.net\/senegal\/#website\"},\"primaryImageOfPage\":{\"@id\":\"https:\/\/www.africa-press.net\/senegal\/politique\/cheikh-tidiane-dieye-macky-sall-a-le-choix-entre-lhonneur-et-le-deshonneur#primaryimage\"},\"image\":{\"@id\":\"https:\/\/www.africa-press.net\/senegal\/politique\/cheikh-tidiane-dieye-macky-sall-a-le-choix-entre-lhonneur-et-le-deshonneur#primaryimage\"},\"thumbnailUrl\":\"https:\/\/static.africa-press.net\/senegal\/sites\/13\/2024\/02\/sm_1707849995.600663.jpg\",\"datePublished\":\"2024-02-13T21:19:48+00:00\",\"dateModified\":\"2024-02-13T23:17:46+00:00\",\"author\":{\"@id\":\"https:\/\/www.africa-press.net\/senegal\/#\/schema\/person\/2b1cf3cd81a31e3cd26889ca66d677f1\"},\"description\":\"Le mandat du Pre\u0301sident Sall prend fin le 02 Avril. Et selon Cheikh Tidiane Die\u0300ye, candidat a\u0300 la pre\u0301sidentielle \\\" Il ...\",\"breadcrumb\":{\"@id\":\"https:\/\/www.africa-press.net\/senegal\/politique\/cheikh-tidiane-dieye-macky-sall-a-le-choix-entre-lhonneur-et-le-deshonneur#breadcrumb\"},\"inLanguage\":\"fr-FR\",\"potentialAction\":[{\"@type\":\"ReadAction\",\"target\":[\"https:\/\/www.africa-press.net\/senegal\/politique\/cheikh-tidiane-dieye-macky-sall-a-le-choix-entre-lhonneur-et-le-deshonneur\"]}]},{\"@type\":\"ImageObject\",\"inLanguage\":\"fr-FR\",\"@id\":\"https:\/\/www.africa-press.net\/senegal\/politique\/cheikh-tidiane-dieye-macky-sall-a-le-choix-entre-lhonneur-et-le-deshonneur#primaryimage\",\"url\":\"https:\/\/static.africa-press.net\/senegal\/sites\/13\/2024\/02\/sm_1707849995.600663.jpg\",\"contentUrl\":\"https:\/\/static.africa-press.net\/senegal\/sites\/13\/2024\/02\/sm_1707849995.600663.jpg\",\"width\":1216,\"height\":634,\"caption\":\"Cheikh Tidiane Di\u00e8ye: \\\" Macky Sall a le choix entre l'honneur et le d\u00e9shonneur\\\"\"},{\"@type\":\"BreadcrumbList\",\"@id\":\"https:\/\/www.africa-press.net\/senegal\/politique\/cheikh-tidiane-dieye-macky-sall-a-le-choix-entre-lhonneur-et-le-deshonneur#breadcrumb\",\"itemListElement\":[{\"@type\":\"ListItem\",\"position\":1,\"name\":\"Accueil\",\"item\":\"https:\/\/www.africa-press.net\/senegal\/\"},{\"@type\":\"ListItem\",\"position\":2,\"name\":\"Cheikh Tidiane Di\u00e8ye: &#8221; Macky Sall a le choix entre l&#8217;honneur et le d\u00e9shonneur&#8221;\"}]},{\"@type\":\"WebSite\",\"@id\":\"https:\/\/www.africa-press.net\/senegal\/#website\",\"url\":\"https:\/\/www.africa-press.net\/senegal\/\",\"name\":\"Africa Press | Senegal | Homepage\",\"description\":\"Just another Africa News Agency Sites site\",\"potentialAction\":[{\"@type\":\"SearchAction\",\"target\":{\"@type\":\"EntryPoint\",\"urlTemplate\":\"https:\/\/www.africa-press.net\/senegal\/?s={search_term_string}\"},\"query-input\":{\"@type\":\"PropertyValueSpecification\",\"valueRequired\":true,\"valueName\":\"search_term_string\"}}],\"inLanguage\":\"fr-FR\"},{\"@type\":\"Person\",\"@id\":\"https:\/\/www.africa-press.net\/senegal\/#\/schema\/person\/2b1cf3cd81a31e3cd26889ca66d677f1\",\"name\":\"cfeditorfr\",\"url\":\"https:\/\/www.africa-press.net\/senegal\/author\/cfeditorfr\"}]}<\/script>\n<!-- \/ Yoast SEO Premium plugin. -->","yoast_head_json":{"title":"Cheikh Tidiane Di\u00e8ye: \" Macky Sall a le choix entre l'honneur et le d\u00e9shonneur\" - Senegal","description":"Le mandat du Pre\u0301sident Sall prend fin le 02 Avril. Et selon Cheikh Tidiane Die\u0300ye, candidat a\u0300 la pre\u0301sidentielle \" Il ...","robots":{"index":"index","follow":"follow","max-snippet":"max-snippet:-1","max-image-preview":"max-image-preview:large","max-video-preview":"max-video-preview:-1"},"canonical":"https:\/\/www.africa-press.net\/senegal\/politique\/cheikh-tidiane-dieye-macky-sall-a-le-choix-entre-lhonneur-et-le-deshonneur","og_locale":"fr_FR","og_type":"article","og_title":"Cheikh Tidiane Di\u00e8ye: \" Macky Sall a le choix entre l'honneur et le d\u00e9shonneur\"","og_description":"Le mandat du Pre\u0301sident Sall prend fin le 02 Avril. Et selon Cheikh Tidiane Die\u0300ye, candidat a\u0300 la pre\u0301sidentielle \" Il ...","og_url":"https:\/\/www.africa-press.net\/senegal\/politique\/cheikh-tidiane-dieye-macky-sall-a-le-choix-entre-lhonneur-et-le-deshonneur","og_site_name":"Senegal","article_published_time":"2024-02-13T21:19:48+00:00","article_modified_time":"2024-02-13T23:17:46+00:00","og_image":[{"width":1216,"height":634,"url":"https:\/\/static.africa-press.net\/senegal\/sites\/13\/2024\/02\/sm_1707849995.600663.jpg","type":"image\/jpeg"}],"author":"cfeditorfr","twitter_card":"summary_large_image","twitter_misc":{"\u00c9crit par":"cfeditorfr","Dur\u00e9e de lecture estim\u00e9e":"2 minutes"},"schema":{"@context":"https:\/\/schema.org","@graph":[{"@type":"Article","@id":"https:\/\/www.africa-press.net\/senegal\/politique\/cheikh-tidiane-dieye-macky-sall-a-le-choix-entre-lhonneur-et-le-deshonneur#article","isPartOf":{"@id":"https:\/\/www.africa-press.net\/senegal\/politique\/cheikh-tidiane-dieye-macky-sall-a-le-choix-entre-lhonneur-et-le-deshonneur"},"author":{"name":"cfeditorfr","@id":"https:\/\/www.africa-press.net\/senegal\/#\/schema\/person\/2b1cf3cd81a31e3cd26889ca66d677f1"},"headline":"Cheikh Tidiane Di\u00e8ye: \u00a0\u00bb Macky Sall a le choix entre l&rsquo;honneur et le d\u00e9shonneur\u00a0\u00bb","datePublished":"2024-02-13T21:19:48+00:00","dateModified":"2024-02-13T23:17:46+00:00","mainEntityOfPage":{"@id":"https:\/\/www.africa-press.net\/senegal\/politique\/cheikh-tidiane-dieye-macky-sall-a-le-choix-entre-lhonneur-et-le-deshonneur"},"wordCount":500,"commentCount":0,"image":{"@id":"https:\/\/www.africa-press.net\/senegal\/politique\/cheikh-tidiane-dieye-macky-sall-a-le-choix-entre-lhonneur-et-le-deshonneur#primaryimage"},"thumbnailUrl":"https:\/\/static.africa-press.net\/senegal\/sites\/13\/2024\/02\/sm_1707849995.600663.jpg","keywords":["Africa Press","Africa Press-Senegal","Senegal"],"articleSection":["Politique","Toutes les actualit\u00e9s"],"inLanguage":"fr-FR","potentialAction":[{"@type":"CommentAction","name":"Comment","target":["https:\/\/www.africa-press.net\/senegal\/politique\/cheikh-tidiane-dieye-macky-sall-a-le-choix-entre-lhonneur-et-le-deshonneur#respond"]}]},{"@type":"WebPage","@id":"https:\/\/www.africa-press.net\/senegal\/politique\/cheikh-tidiane-dieye-macky-sall-a-le-choix-entre-lhonneur-et-le-deshonneur","url":"https:\/\/www.africa-press.net\/senegal\/politique\/cheikh-tidiane-dieye-macky-sall-a-le-choix-entre-lhonneur-et-le-deshonneur","name":"Cheikh Tidiane Di\u00e8ye: \" Macky Sall a le choix entre l'honneur et le d\u00e9shonneur\" - Senegal","isPartOf":{"@id":"https:\/\/www.africa-press.net\/senegal\/#website"},"primaryImageOfPage":{"@id":"https:\/\/www.africa-press.net\/senegal\/politique\/cheikh-tidiane-dieye-macky-sall-a-le-choix-entre-lhonneur-et-le-deshonneur#primaryimage"},"image":{"@id":"https:\/\/www.africa-press.net\/senegal\/politique\/cheikh-tidiane-dieye-macky-sall-a-le-choix-entre-lhonneur-et-le-deshonneur#primaryimage"},"thumbnailUrl":"https:\/\/static.africa-press.net\/senegal\/sites\/13\/2024\/02\/sm_1707849995.600663.jpg","datePublished":"2024-02-13T21:19:48+00:00","dateModified":"2024-02-13T23:17:46+00:00","author":{"@id":"https:\/\/www.africa-press.net\/senegal\/#\/schema\/person\/2b1cf3cd81a31e3cd26889ca66d677f1"},"description":"Le mandat du Pre\u0301sident Sall prend fin le 02 Avril. Et selon Cheikh Tidiane Die\u0300ye, candidat a\u0300 la pre\u0301sidentielle \" Il ...","breadcrumb":{"@id":"https:\/\/www.africa-press.net\/senegal\/politique\/cheikh-tidiane-dieye-macky-sall-a-le-choix-entre-lhonneur-et-le-deshonneur#breadcrumb"},"inLanguage":"fr-FR","potentialAction":[{"@type":"ReadAction","target":["https:\/\/www.africa-press.net\/senegal\/politique\/cheikh-tidiane-dieye-macky-sall-a-le-choix-entre-lhonneur-et-le-deshonneur"]}]},{"@type":"ImageObject","inLanguage":"fr-FR","@id":"https:\/\/www.africa-press.net\/senegal\/politique\/cheikh-tidiane-dieye-macky-sall-a-le-choix-entre-lhonneur-et-le-deshonneur#primaryimage","url":"https:\/\/static.africa-press.net\/senegal\/sites\/13\/2024\/02\/sm_1707849995.600663.jpg","contentUrl":"https:\/\/static.africa-press.net\/senegal\/sites\/13\/2024\/02\/sm_1707849995.600663.jpg","width":1216,"height":634,"caption":"Cheikh Tidiane Di\u00e8ye: \" Macky Sall a le choix entre l'honneur et le d\u00e9shonneur\""},{"@type":"BreadcrumbList","@id":"https:\/\/www.africa-press.net\/senegal\/politique\/cheikh-tidiane-dieye-macky-sall-a-le-choix-entre-lhonneur-et-le-deshonneur#breadcrumb","itemListElement":[{"@type":"ListItem","position":1,"name":"Accueil","item":"https:\/\/www.africa-press.net\/senegal\/"},{"@type":"ListItem","position":2,"name":"Cheikh Tidiane Di\u00e8ye: &#8221; Macky Sall a le choix entre l&#8217;honneur et le d\u00e9shonneur&#8221;"}]},{"@type":"WebSite","@id":"https:\/\/www.africa-press.net\/senegal\/#website","url":"https:\/\/www.africa-press.net\/senegal\/","name":"Africa Press | Senegal | Homepage","description":"Just another Africa News Agency Sites site","potentialAction":[{"@type":"SearchAction","target":{"@type":"EntryPoint","urlTemplate":"https:\/\/www.africa-press.net\/senegal\/?s={search_term_string}"},"query-input":{"@type":"PropertyValueSpecification","valueRequired":true,"valueName":"search_term_string"}}],"inLanguage":"fr-FR"},{"@type":"Person","@id":"https:\/\/www.africa-press.net\/senegal\/#\/schema\/person\/2b1cf3cd81a31e3cd26889ca66d677f1","name":"cfeditorfr","url":"https:\/\/www.africa-press.net\/senegal\/author\/cfeditorfr"}]}},"_links":{"self":[{"href":"https:\/\/www.africa-press.net\/senegal\/wp-json\/wp\/v2\/posts\/55738","targetHints":{"allow":["GET"]}}],"collection":[{"href":"https:\/\/www.africa-press.net\/senegal\/wp-json\/wp\/v2\/posts"}],"about":[{"href":"https:\/\/www.africa-press.net\/senegal\/wp-json\/wp\/v2\/types\/post"}],"author":[{"embeddable":true,"href":"https:\/\/www.africa-press.net\/senegal\/wp-json\/wp\/v2\/users\/82"}],"replies":[{"embeddable":true,"href":"https:\/\/www.africa-press.net\/senegal\/wp-json\/wp\/v2\/comments?post=55738"}],"version-history":[{"count":0,"href":"https:\/\/www.africa-press.net\/senegal\/wp-json\/wp\/v2\/posts\/55738\/revisions"}],"wp:featuredmedia":[{"embeddable":true,"href":"https:\/\/www.africa-press.net\/senegal\/wp-json\/wp\/v2\/media\/55736"}],"wp:attachment":[{"href":"https:\/\/www.africa-press.net\/senegal\/wp-json\/wp\/v2\/media?parent=55738"}],"wp:term":[{"taxonomy":"category","embeddable":true,"href":"https:\/\/www.africa-press.net\/senegal\/wp-json\/wp\/v2\/categories?post=55738"},{"taxonomy":"post_tag","embeddable":true,"href":"https:\/\/www.africa-press.net\/senegal\/wp-json\/wp\/v2\/tags?post=55738"}],"curies":[{"name":"wp","href":"https:\/\/api.w.org\/{rel}","templated":true}]}}