{"id":55741,"date":"2024-02-13T21:21:33","date_gmt":"2024-02-13T21:21:33","guid":{"rendered":"https:\/\/www.africa-press.net\/senegal\/politique\/rencontre-avec-macky-sall-aar-sunu-election-se-demarque"},"modified":"2024-02-13T23:18:25","modified_gmt":"2024-02-13T23:18:25","slug":"rencontre-avec-macky-sall-aar-sunu-election-se-demarque","status":"publish","type":"post","link":"https:\/\/www.africa-press.net\/senegal\/politique\/rencontre-avec-macky-sall-aar-sunu-election-se-demarque","title":{"rendered":"Rencontre avec Macky Sall : \u00ab Aar sunu \u00e9lection \u00bb se d\u00e9marque\u2026"},"content":{"rendered":"<p><span style=\"color: #ff6600\"><strong>Africa-Press &#8211; Senegal. <\/strong><\/span>Pierre Goudiaby Atepa n\u2019est pas le seul a\u0300 jouer les bons offices entre le Pre\u0301sident Macky Sall et son plus farouche opposant Ousmane Sonko. Le pre\u0301sident fondateur d&rsquo;Afrikajom Center, Alioune Tine, joue aussi la me\u0301diation, entre autres interme\u0301diaires. C\u2019est ainsi que l\u2019ancien pre\u0301sident de la Rencontre africaine pour la de\u0301fense des droits de l\u2019homme (Raddho) a ne\u0301gocie\u0301 une rencontre pre\u0301vue ce mardi, 13 fe\u0301vrier, au palais de la Re\u0301publique. Selon Source A, il sera question du report de la Pre\u0301sidentielle et du dialogue convoque\u0301 par le Pre\u0301sident Macky Sall.<\/p>\n<p>Le journal confie toutefois que ce sera sans la plateforme \u00ab Aar sunu e\u0301lection \u00bb. D\u2019apre\u0300s la source, ses membres notamment les acteurs de la socie\u0301te\u0301 civile n\u2019appre\u0301cient pas non seulement l\u2019initiative mais e\u0301galement ils reprochent a\u0300 Alioune Tine de les avoir \u00ab mis devant le fait accompli \u00bb.<\/p>\n<p>\u00ab On est en train de travailler a\u0300 des solutions avant de rencontrer Macky Sall. Nous ne voulons pas e\u0302tre des faire-valoir \u00bb, se de\u0301marquent-ils.<\/p>\n<p>Des organisations de la socie\u0301te\u0301 civile, syndicales, des droits de l\u2019homme, religieux, de l\u2019enseignement, des personnalite\u0301s politiques, entre autres, ont mis en place le 8 fe\u0301vrier la plateforme \u00ab Aar sunu e\u0301lection \u00bb pour exiger le re\u0301tablissement du \u00ab calendrier re\u0301publicain \u00bb.<\/p>\n<p><strong>Pour plus d&rsquo;informations et d&rsquo;analyses sur la <a href=\"https:\/\/www.africa-press.net\/senegal\">Senegal<\/a>, suivez <a href=\"https:\/\/www.africa-press.net\/\">Africa-Press<\/a><\/strong><\/p>\n","protected":false},"excerpt":{"rendered":"<p>Africa-Press &#8211; Senegal. Pierre Goudiaby Atepa n\u2019est pas le seul a\u0300 jouer les bons offices entre le Pre\u0301sident Macky Sall et son plus farouche opposant Ousmane Sonko. Le pre\u0301sident fondateur d&rsquo;Afrikajom Center, Alioune Tine, joue aussi la me\u0301diation, entre autres interme\u0301diaires. C\u2019est ainsi que l\u2019ancien pre\u0301sident de la Rencontre africaine pour la de\u0301fense des droits [&hellip;]<\/p>\n","protected":false},"author":82,"featured_media":55739,"comment_status":"open","ping_status":"closed","sticky":false,"template":"","format":"standard","meta":{"footnotes":""},"categories":[2,10],"tags":[43,47,44],"class_list":["post-55741","post","type-post","status-publish","format-standard","has-post-thumbnail","hentry","category-politique","category-toutes-les-actualites","tag-africa-press-2","tag-africa-press-senegal","tag-senegal-2"],"yoast_head":"<!-- This site is optimized with the Yoast SEO Premium plugin v26.1 (Yoast SEO v27.0) - https:\/\/yoast.com\/product\/yoast-seo-premium-wordpress\/ -->\n<title>Rencontre avec Macky Sall : \u00ab Aar sunu \u00e9lection \u00bb se d\u00e9marque\u2026 - Senegal<\/title>\n<meta name=\"description\" content=\"Pierre Goudiaby Atepa n\u2019est pas le seul a\u0300 jouer les bons offices entre le Pre\u0301sident Macky Sall et son plus farouche op ...\" \/>\n<meta name=\"robots\" content=\"index, follow, max-snippet:-1, max-image-preview:large, max-video-preview:-1\" \/>\n<link rel=\"canonical\" href=\"https:\/\/www.africa-press.net\/senegal\/politique\/rencontre-avec-macky-sall-aar-sunu-election-se-demarque\" \/>\n<meta property=\"og:locale\" content=\"fr_FR\" \/>\n<meta property=\"og:type\" content=\"article\" \/>\n<meta property=\"og:title\" content=\"Rencontre avec Macky Sall : \u00ab Aar sunu \u00e9lection \u00bb se d\u00e9marque\u2026\" \/>\n<meta property=\"og:description\" content=\"Pierre Goudiaby Atepa n\u2019est pas le seul a\u0300 jouer les bons offices entre le Pre\u0301sident Macky Sall et son plus farouche op ...\" \/>\n<meta property=\"og:url\" content=\"https:\/\/www.africa-press.net\/senegal\/politique\/rencontre-avec-macky-sall-aar-sunu-election-se-demarque\" \/>\n<meta property=\"og:site_name\" content=\"Senegal\" \/>\n<meta property=\"article:published_time\" content=\"2024-02-13T21:21:33+00:00\" \/>\n<meta property=\"article:modified_time\" content=\"2024-02-13T23:18:25+00:00\" \/>\n<meta property=\"og:image\" content=\"https:\/\/static.africa-press.net\/senegal\/sites\/13\/2024\/02\/sm_1707850021.277624.jpg\" \/>\n\t<meta property=\"og:image:width\" content=\"1294\" \/>\n\t<meta property=\"og:image:height\" content=\"637\" \/>\n\t<meta property=\"og:image:type\" content=\"image\/jpeg\" \/>\n<meta name=\"author\" content=\"cfeditorfr\" \/>\n<meta name=\"twitter:card\" content=\"summary_large_image\" \/>\n<meta name=\"twitter:label1\" content=\"\u00c9crit par\" \/>\n\t<meta name=\"twitter:data1\" content=\"cfeditorfr\" \/>\n\t<meta name=\"twitter:label2\" content=\"Dur\u00e9e de lecture estim\u00e9e\" \/>\n\t<meta name=\"twitter:data2\" content=\"1 minute\" \/>\n<script type=\"application\/ld+json\" class=\"yoast-schema-graph\">{\"@context\":\"https:\/\/schema.org\",\"@graph\":[{\"@type\":\"Article\",\"@id\":\"https:\/\/www.africa-press.net\/senegal\/politique\/rencontre-avec-macky-sall-aar-sunu-election-se-demarque#article\",\"isPartOf\":{\"@id\":\"https:\/\/www.africa-press.net\/senegal\/politique\/rencontre-avec-macky-sall-aar-sunu-election-se-demarque\"},\"author\":{\"name\":\"cfeditorfr\",\"@id\":\"https:\/\/www.africa-press.net\/senegal\/#\/schema\/person\/2b1cf3cd81a31e3cd26889ca66d677f1\"},\"headline\":\"Rencontre avec Macky Sall : \u00ab Aar sunu \u00e9lection \u00bb se d\u00e9marque\u2026\",\"datePublished\":\"2024-02-13T21:21:33+00:00\",\"dateModified\":\"2024-02-13T23:18:25+00:00\",\"mainEntityOfPage\":{\"@id\":\"https:\/\/www.africa-press.net\/senegal\/politique\/rencontre-avec-macky-sall-aar-sunu-election-se-demarque\"},\"wordCount\":253,\"commentCount\":0,\"image\":{\"@id\":\"https:\/\/www.africa-press.net\/senegal\/politique\/rencontre-avec-macky-sall-aar-sunu-election-se-demarque#primaryimage\"},\"thumbnailUrl\":\"https:\/\/static.africa-press.net\/senegal\/sites\/13\/2024\/02\/sm_1707850021.277624.jpg\",\"keywords\":[\"Africa Press\",\"Africa Press-Senegal\",\"Senegal\"],\"articleSection\":[\"Politique\",\"Toutes les actualit\u00e9s\"],\"inLanguage\":\"fr-FR\",\"potentialAction\":[{\"@type\":\"CommentAction\",\"name\":\"Comment\",\"target\":[\"https:\/\/www.africa-press.net\/senegal\/politique\/rencontre-avec-macky-sall-aar-sunu-election-se-demarque#respond\"]}]},{\"@type\":\"WebPage\",\"@id\":\"https:\/\/www.africa-press.net\/senegal\/politique\/rencontre-avec-macky-sall-aar-sunu-election-se-demarque\",\"url\":\"https:\/\/www.africa-press.net\/senegal\/politique\/rencontre-avec-macky-sall-aar-sunu-election-se-demarque\",\"name\":\"Rencontre avec Macky Sall : \u00ab Aar sunu \u00e9lection \u00bb se d\u00e9marque\u2026 - Senegal\",\"isPartOf\":{\"@id\":\"https:\/\/www.africa-press.net\/senegal\/#website\"},\"primaryImageOfPage\":{\"@id\":\"https:\/\/www.africa-press.net\/senegal\/politique\/rencontre-avec-macky-sall-aar-sunu-election-se-demarque#primaryimage\"},\"image\":{\"@id\":\"https:\/\/www.africa-press.net\/senegal\/politique\/rencontre-avec-macky-sall-aar-sunu-election-se-demarque#primaryimage\"},\"thumbnailUrl\":\"https:\/\/static.africa-press.net\/senegal\/sites\/13\/2024\/02\/sm_1707850021.277624.jpg\",\"datePublished\":\"2024-02-13T21:21:33+00:00\",\"dateModified\":\"2024-02-13T23:18:25+00:00\",\"author\":{\"@id\":\"https:\/\/www.africa-press.net\/senegal\/#\/schema\/person\/2b1cf3cd81a31e3cd26889ca66d677f1\"},\"description\":\"Pierre Goudiaby Atepa n\u2019est pas le seul a\u0300 jouer les bons offices entre le Pre\u0301sident Macky Sall et son plus farouche op ...\",\"breadcrumb\":{\"@id\":\"https:\/\/www.africa-press.net\/senegal\/politique\/rencontre-avec-macky-sall-aar-sunu-election-se-demarque#breadcrumb\"},\"inLanguage\":\"fr-FR\",\"potentialAction\":[{\"@type\":\"ReadAction\",\"target\":[\"https:\/\/www.africa-press.net\/senegal\/politique\/rencontre-avec-macky-sall-aar-sunu-election-se-demarque\"]}]},{\"@type\":\"ImageObject\",\"inLanguage\":\"fr-FR\",\"@id\":\"https:\/\/www.africa-press.net\/senegal\/politique\/rencontre-avec-macky-sall-aar-sunu-election-se-demarque#primaryimage\",\"url\":\"https:\/\/static.africa-press.net\/senegal\/sites\/13\/2024\/02\/sm_1707850021.277624.jpg\",\"contentUrl\":\"https:\/\/static.africa-press.net\/senegal\/sites\/13\/2024\/02\/sm_1707850021.277624.jpg\",\"width\":1294,\"height\":637,\"caption\":\"Rencontre avec Macky Sall : \u00ab Aar sunu \u00e9lection \u00bb se d\u00e9marque\u2026\"},{\"@type\":\"BreadcrumbList\",\"@id\":\"https:\/\/www.africa-press.net\/senegal\/politique\/rencontre-avec-macky-sall-aar-sunu-election-se-demarque#breadcrumb\",\"itemListElement\":[{\"@type\":\"ListItem\",\"position\":1,\"name\":\"Accueil\",\"item\":\"https:\/\/www.africa-press.net\/senegal\/\"},{\"@type\":\"ListItem\",\"position\":2,\"name\":\"Rencontre avec Macky Sall : \u00ab Aar sunu \u00e9lection \u00bb se d\u00e9marque\u2026\"}]},{\"@type\":\"WebSite\",\"@id\":\"https:\/\/www.africa-press.net\/senegal\/#website\",\"url\":\"https:\/\/www.africa-press.net\/senegal\/\",\"name\":\"Africa Press | Senegal | Homepage\",\"description\":\"Just another Africa News Agency Sites site\",\"potentialAction\":[{\"@type\":\"SearchAction\",\"target\":{\"@type\":\"EntryPoint\",\"urlTemplate\":\"https:\/\/www.africa-press.net\/senegal\/?s={search_term_string}\"},\"query-input\":{\"@type\":\"PropertyValueSpecification\",\"valueRequired\":true,\"valueName\":\"search_term_string\"}}],\"inLanguage\":\"fr-FR\"},{\"@type\":\"Person\",\"@id\":\"https:\/\/www.africa-press.net\/senegal\/#\/schema\/person\/2b1cf3cd81a31e3cd26889ca66d677f1\",\"name\":\"cfeditorfr\",\"url\":\"https:\/\/www.africa-press.net\/senegal\/author\/cfeditorfr\"}]}<\/script>\n<!-- \/ Yoast SEO Premium plugin. -->","yoast_head_json":{"title":"Rencontre avec Macky Sall : \u00ab Aar sunu \u00e9lection \u00bb se d\u00e9marque\u2026 - Senegal","description":"Pierre Goudiaby Atepa n\u2019est pas le seul a\u0300 jouer les bons offices entre le Pre\u0301sident Macky Sall et son plus farouche op ...","robots":{"index":"index","follow":"follow","max-snippet":"max-snippet:-1","max-image-preview":"max-image-preview:large","max-video-preview":"max-video-preview:-1"},"canonical":"https:\/\/www.africa-press.net\/senegal\/politique\/rencontre-avec-macky-sall-aar-sunu-election-se-demarque","og_locale":"fr_FR","og_type":"article","og_title":"Rencontre avec Macky Sall : \u00ab Aar sunu \u00e9lection \u00bb se d\u00e9marque\u2026","og_description":"Pierre Goudiaby Atepa n\u2019est pas le seul a\u0300 jouer les bons offices entre le Pre\u0301sident Macky Sall et son plus farouche op ...","og_url":"https:\/\/www.africa-press.net\/senegal\/politique\/rencontre-avec-macky-sall-aar-sunu-election-se-demarque","og_site_name":"Senegal","article_published_time":"2024-02-13T21:21:33+00:00","article_modified_time":"2024-02-13T23:18:25+00:00","og_image":[{"width":1294,"height":637,"url":"https:\/\/static.africa-press.net\/senegal\/sites\/13\/2024\/02\/sm_1707850021.277624.jpg","type":"image\/jpeg"}],"author":"cfeditorfr","twitter_card":"summary_large_image","twitter_misc":{"\u00c9crit par":"cfeditorfr","Dur\u00e9e de lecture estim\u00e9e":"1 minute"},"schema":{"@context":"https:\/\/schema.org","@graph":[{"@type":"Article","@id":"https:\/\/www.africa-press.net\/senegal\/politique\/rencontre-avec-macky-sall-aar-sunu-election-se-demarque#article","isPartOf":{"@id":"https:\/\/www.africa-press.net\/senegal\/politique\/rencontre-avec-macky-sall-aar-sunu-election-se-demarque"},"author":{"name":"cfeditorfr","@id":"https:\/\/www.africa-press.net\/senegal\/#\/schema\/person\/2b1cf3cd81a31e3cd26889ca66d677f1"},"headline":"Rencontre avec Macky Sall : \u00ab Aar sunu \u00e9lection \u00bb se d\u00e9marque\u2026","datePublished":"2024-02-13T21:21:33+00:00","dateModified":"2024-02-13T23:18:25+00:00","mainEntityOfPage":{"@id":"https:\/\/www.africa-press.net\/senegal\/politique\/rencontre-avec-macky-sall-aar-sunu-election-se-demarque"},"wordCount":253,"commentCount":0,"image":{"@id":"https:\/\/www.africa-press.net\/senegal\/politique\/rencontre-avec-macky-sall-aar-sunu-election-se-demarque#primaryimage"},"thumbnailUrl":"https:\/\/static.africa-press.net\/senegal\/sites\/13\/2024\/02\/sm_1707850021.277624.jpg","keywords":["Africa Press","Africa Press-Senegal","Senegal"],"articleSection":["Politique","Toutes les actualit\u00e9s"],"inLanguage":"fr-FR","potentialAction":[{"@type":"CommentAction","name":"Comment","target":["https:\/\/www.africa-press.net\/senegal\/politique\/rencontre-avec-macky-sall-aar-sunu-election-se-demarque#respond"]}]},{"@type":"WebPage","@id":"https:\/\/www.africa-press.net\/senegal\/politique\/rencontre-avec-macky-sall-aar-sunu-election-se-demarque","url":"https:\/\/www.africa-press.net\/senegal\/politique\/rencontre-avec-macky-sall-aar-sunu-election-se-demarque","name":"Rencontre avec Macky Sall : \u00ab Aar sunu \u00e9lection \u00bb se d\u00e9marque\u2026 - Senegal","isPartOf":{"@id":"https:\/\/www.africa-press.net\/senegal\/#website"},"primaryImageOfPage":{"@id":"https:\/\/www.africa-press.net\/senegal\/politique\/rencontre-avec-macky-sall-aar-sunu-election-se-demarque#primaryimage"},"image":{"@id":"https:\/\/www.africa-press.net\/senegal\/politique\/rencontre-avec-macky-sall-aar-sunu-election-se-demarque#primaryimage"},"thumbnailUrl":"https:\/\/static.africa-press.net\/senegal\/sites\/13\/2024\/02\/sm_1707850021.277624.jpg","datePublished":"2024-02-13T21:21:33+00:00","dateModified":"2024-02-13T23:18:25+00:00","author":{"@id":"https:\/\/www.africa-press.net\/senegal\/#\/schema\/person\/2b1cf3cd81a31e3cd26889ca66d677f1"},"description":"Pierre Goudiaby Atepa n\u2019est pas le seul a\u0300 jouer les bons offices entre le Pre\u0301sident Macky Sall et son plus farouche op ...","breadcrumb":{"@id":"https:\/\/www.africa-press.net\/senegal\/politique\/rencontre-avec-macky-sall-aar-sunu-election-se-demarque#breadcrumb"},"inLanguage":"fr-FR","potentialAction":[{"@type":"ReadAction","target":["https:\/\/www.africa-press.net\/senegal\/politique\/rencontre-avec-macky-sall-aar-sunu-election-se-demarque"]}]},{"@type":"ImageObject","inLanguage":"fr-FR","@id":"https:\/\/www.africa-press.net\/senegal\/politique\/rencontre-avec-macky-sall-aar-sunu-election-se-demarque#primaryimage","url":"https:\/\/static.africa-press.net\/senegal\/sites\/13\/2024\/02\/sm_1707850021.277624.jpg","contentUrl":"https:\/\/static.africa-press.net\/senegal\/sites\/13\/2024\/02\/sm_1707850021.277624.jpg","width":1294,"height":637,"caption":"Rencontre avec Macky Sall : \u00ab Aar sunu \u00e9lection \u00bb se d\u00e9marque\u2026"},{"@type":"BreadcrumbList","@id":"https:\/\/www.africa-press.net\/senegal\/politique\/rencontre-avec-macky-sall-aar-sunu-election-se-demarque#breadcrumb","itemListElement":[{"@type":"ListItem","position":1,"name":"Accueil","item":"https:\/\/www.africa-press.net\/senegal\/"},{"@type":"ListItem","position":2,"name":"Rencontre avec Macky Sall : \u00ab Aar sunu \u00e9lection \u00bb se d\u00e9marque\u2026"}]},{"@type":"WebSite","@id":"https:\/\/www.africa-press.net\/senegal\/#website","url":"https:\/\/www.africa-press.net\/senegal\/","name":"Africa Press | Senegal | Homepage","description":"Just another Africa News Agency Sites site","potentialAction":[{"@type":"SearchAction","target":{"@type":"EntryPoint","urlTemplate":"https:\/\/www.africa-press.net\/senegal\/?s={search_term_string}"},"query-input":{"@type":"PropertyValueSpecification","valueRequired":true,"valueName":"search_term_string"}}],"inLanguage":"fr-FR"},{"@type":"Person","@id":"https:\/\/www.africa-press.net\/senegal\/#\/schema\/person\/2b1cf3cd81a31e3cd26889ca66d677f1","name":"cfeditorfr","url":"https:\/\/www.africa-press.net\/senegal\/author\/cfeditorfr"}]}},"_links":{"self":[{"href":"https:\/\/www.africa-press.net\/senegal\/wp-json\/wp\/v2\/posts\/55741","targetHints":{"allow":["GET"]}}],"collection":[{"href":"https:\/\/www.africa-press.net\/senegal\/wp-json\/wp\/v2\/posts"}],"about":[{"href":"https:\/\/www.africa-press.net\/senegal\/wp-json\/wp\/v2\/types\/post"}],"author":[{"embeddable":true,"href":"https:\/\/www.africa-press.net\/senegal\/wp-json\/wp\/v2\/users\/82"}],"replies":[{"embeddable":true,"href":"https:\/\/www.africa-press.net\/senegal\/wp-json\/wp\/v2\/comments?post=55741"}],"version-history":[{"count":0,"href":"https:\/\/www.africa-press.net\/senegal\/wp-json\/wp\/v2\/posts\/55741\/revisions"}],"wp:featuredmedia":[{"embeddable":true,"href":"https:\/\/www.africa-press.net\/senegal\/wp-json\/wp\/v2\/media\/55739"}],"wp:attachment":[{"href":"https:\/\/www.africa-press.net\/senegal\/wp-json\/wp\/v2\/media?parent=55741"}],"wp:term":[{"taxonomy":"category","embeddable":true,"href":"https:\/\/www.africa-press.net\/senegal\/wp-json\/wp\/v2\/categories?post=55741"},{"taxonomy":"post_tag","embeddable":true,"href":"https:\/\/www.africa-press.net\/senegal\/wp-json\/wp\/v2\/tags?post=55741"}],"curies":[{"name":"wp","href":"https:\/\/api.w.org\/{rel}","templated":true}]}}