{"id":55744,"date":"2024-02-13T21:23:32","date_gmt":"2024-02-13T21:23:32","guid":{"rendered":"https:\/\/www.africa-press.net\/senegal\/politique\/recours-disproportionne-a-la-force-contre-les-manifestants-lonu-profondement-preoccupee-demande-des-enquetes"},"modified":"2024-02-13T23:19:07","modified_gmt":"2024-02-13T23:19:07","slug":"recours-disproportionne-a-la-force-contre-les-manifestants-lonu-profondement-preoccupee-demande-des-enquetes","status":"publish","type":"post","link":"https:\/\/www.africa-press.net\/senegal\/politique\/recours-disproportionne-a-la-force-contre-les-manifestants-lonu-profondement-preoccupee-demande-des-enquetes","title":{"rendered":"Recours \u201cdisproportionn\u00e9\u201d \u00e0 la force contre les manifestants: l&rsquo;ONU \u00ab\u00a0profond\u00e9ment pr\u00e9occup\u00e9e\u00a0\u00bb demande des enqu\u00eates"},"content":{"rendered":"<p><span style=\"color: #ff6600\"><strong>Africa-Press &#8211; Senegal. <\/strong><\/span>Le Haut-Commissariat de l&rsquo;ONU aux droits de l&rsquo;homme s&rsquo;est dit mardi \u00ab\u00a0profonde\u0301ment pre\u0301occupe\u0301\u00a0\u00bb par la crise au Se\u0301ne\u0301gal, de\u0301nonc\u0327ant un \u00ab\u00a0recours inutile et disproportionne\u0301 a\u0300 la force contre les manifestants et des restrictions de l&rsquo;espace civique\u00a0\u00bb.<\/p>\n<p>\u00ab\u00a0Au moins trois jeunes hommes ont e\u0301te\u0301 tue\u0301s pendant les manifestations et au moins 266 personnes auraient e\u0301te\u0301 arre\u0302te\u0301es dans tout le pays, y compris des journalistes\u00a0\u00bb, a de\u0301clare\u0301 une porte-parole, Liz Throssell, lors d&rsquo;un point de presse a\u0300 Gene\u0300ve.<\/p>\n<p>Des enque\u0302tes \u00ab\u00a0doivent e\u0302tre mene\u0301es rapidement, de manie\u0300re approfondie et inde\u0301pendante, et les responsables doivent e\u0302tre amene\u0301s a\u0300 rendre des comptes\u00a0\u00bb, a-t-elle ajoute\u0301.<\/p>\n<p>La porte-parole a souligne\u0301 qu'\u00a0\u00bbil est essentiel que les autorite\u0301s ordonnent sans e\u0301quivoque aux forces de se\u0301curite\u0301 de respecter et de garantir les droits humains y compris les droits a\u0300 la liberte\u0301 d&rsquo;expression, d&rsquo;association et de re\u0301union pacifique\u00a0\u00bb.<\/p>\n<p>Le Se\u0301ne\u0301gal est en proie a\u0300 l&rsquo;une de ses plus graves crises politiques des dernie\u0300res de\u0301cennies depuis que le pre\u0301sident Macky Sall a annonce\u0301 le report de la pre\u0301sidentielle le 3 fe\u0301vrier, a\u0300 trois semaines de l&rsquo;e\u0301che\u0301ance.<\/p>\n<p>Ses partisans a\u0300 l&rsquo;Assemble\u0301e nationale et ceux de Karim Wade, candidat disqualifie\u0301, ont ensuite ente\u0301rine\u0301 le renvoi de l&rsquo;e\u0301lection au 15 de\u0301cembre et le maintien du pre\u0301sident Sall a\u0300 son poste jusqu&rsquo;a\u0300 la prise de fonctions de son successeur, a priori donc de\u0301but 2025.<\/p>\n<p>\u00ab\u00a0Nous demandons aux autorite\u0301s de veiller a\u0300 respecter la longue tradition de de\u0301mocratie et de respect des droits humains du Se\u0301ne\u0301gal\u00a0\u00bb, a insiste\u0301 la porte-parole du Haut-Commissariat a\u0300 Gene\u0300ve, appelant \u00ab\u00a0tous les acteurs de s&rsquo;abstenir de recourir a\u0300 la violence\u00a0\u00bb.<\/p>\n<p>Elle a ajoute\u0301 que les services re\u0301gionaux du Haut-Commissariat e\u0301taient \u00ab\u00a0en contact\u00a0\u00bb avec les autorite\u0301s, mais n&rsquo;a pas souhaite\u0301 donner d&rsquo;informations sur ces discussions.<\/p>\n<p>La porte-parole a e\u0301galement indique\u0301 que le Haut-Commissariat e\u0301tait pre\u0301occupe\u0301 par la suspension d&rsquo;internet sur les mobiles mardi au Se\u0301ne\u0301gal, au jour d&rsquo;une manifestation pre\u0301vue et interdite par les autorite\u0301s pour la deuxie\u0300me fois depuis le de\u0301but de la grave crise politique.<\/p>\n<p>\u00ab\u00a0Il est tre\u0300s important de garantir le droit d&rsquo;acce\u0300s a\u0300 l&rsquo;information\u00a0\u00bb, a-t-elle dit, indiquant que toute restriction doit \u00ab\u00a0donc e\u0302tre strictement limite\u0301e a\u0300 ce qui est ne\u0301cessaire et doit e\u0302tre aussi limite\u0301e que possible dans le temps\u00a0\u00bb.<\/p>\n<p><strong>Pour plus d&rsquo;informations et d&rsquo;analyses sur la <a href=\"https:\/\/www.africa-press.net\/senegal\">Senegal<\/a>, suivez <a href=\"https:\/\/www.africa-press.net\/\">Africa-Press<\/a><\/strong><\/p>\n","protected":false},"excerpt":{"rendered":"<p>Africa-Press &#8211; Senegal. Le Haut-Commissariat de l&rsquo;ONU aux droits de l&rsquo;homme s&rsquo;est dit mardi \u00ab\u00a0profonde\u0301ment pre\u0301occupe\u0301\u00a0\u00bb par la crise au Se\u0301ne\u0301gal, de\u0301nonc\u0327ant un \u00ab\u00a0recours inutile et disproportionne\u0301 a\u0300 la force contre les manifestants et des restrictions de l&rsquo;espace civique\u00a0\u00bb. \u00ab\u00a0Au moins trois jeunes hommes ont e\u0301te\u0301 tue\u0301s pendant les manifestations et au moins 266 personnes [&hellip;]<\/p>\n","protected":false},"author":82,"featured_media":55742,"comment_status":"open","ping_status":"closed","sticky":false,"template":"","format":"standard","meta":{"footnotes":""},"categories":[2,10],"tags":[43,47,44],"class_list":["post-55744","post","type-post","status-publish","format-standard","has-post-thumbnail","hentry","category-politique","category-toutes-les-actualites","tag-africa-press-2","tag-africa-press-senegal","tag-senegal-2"],"yoast_head":"<!-- This site is optimized with the Yoast SEO Premium plugin v26.1 (Yoast SEO v27.0) - https:\/\/yoast.com\/product\/yoast-seo-premium-wordpress\/ -->\n<title>Recours \u201cdisproportionn\u00e9\u201d \u00e0 la force contre les manifestants: l&#039;ONU &quot;profond\u00e9ment pr\u00e9occup\u00e9e&quot; demande des enqu\u00eates - Senegal<\/title>\n<meta name=\"description\" content=\"Le Haut-Commissariat de l&#039;ONU aux droits de l&#039;homme s&#039;est dit mardi &quot;profonde\u0301ment pre\u0301occupe\u0301&quot; par la crise au Se\u0301ne\u0301ga ...\" \/>\n<meta name=\"robots\" content=\"index, follow, max-snippet:-1, max-image-preview:large, max-video-preview:-1\" \/>\n<link rel=\"canonical\" href=\"https:\/\/www.africa-press.net\/senegal\/politique\/recours-disproportionne-a-la-force-contre-les-manifestants-lonu-profondement-preoccupee-demande-des-enquetes\" \/>\n<meta property=\"og:locale\" content=\"fr_FR\" \/>\n<meta property=\"og:type\" content=\"article\" \/>\n<meta property=\"og:title\" content=\"Recours \u201cdisproportionn\u00e9\u201d \u00e0 la force contre les manifestants: l&#039;ONU &quot;profond\u00e9ment pr\u00e9occup\u00e9e&quot; demande des enqu\u00eates\" \/>\n<meta property=\"og:description\" content=\"Le Haut-Commissariat de l&#039;ONU aux droits de l&#039;homme s&#039;est dit mardi &quot;profonde\u0301ment pre\u0301occupe\u0301&quot; par la crise au Se\u0301ne\u0301ga ...\" \/>\n<meta property=\"og:url\" content=\"https:\/\/www.africa-press.net\/senegal\/politique\/recours-disproportionne-a-la-force-contre-les-manifestants-lonu-profondement-preoccupee-demande-des-enquetes\" \/>\n<meta property=\"og:site_name\" content=\"Senegal\" \/>\n<meta property=\"article:published_time\" content=\"2024-02-13T21:23:32+00:00\" \/>\n<meta property=\"article:modified_time\" content=\"2024-02-13T23:19:07+00:00\" \/>\n<meta property=\"og:image\" content=\"https:\/\/static.africa-press.net\/senegal\/sites\/13\/2024\/02\/sm_1707850051.612945.jpg\" \/>\n\t<meta property=\"og:image:width\" content=\"1300\" \/>\n\t<meta property=\"og:image:height\" content=\"638\" \/>\n\t<meta property=\"og:image:type\" content=\"image\/jpeg\" \/>\n<meta name=\"author\" content=\"cfeditorfr\" \/>\n<meta name=\"twitter:card\" content=\"summary_large_image\" \/>\n<meta name=\"twitter:label1\" content=\"\u00c9crit par\" \/>\n\t<meta name=\"twitter:data1\" content=\"cfeditorfr\" \/>\n\t<meta name=\"twitter:label2\" content=\"Dur\u00e9e de lecture estim\u00e9e\" \/>\n\t<meta name=\"twitter:data2\" content=\"2 minutes\" \/>\n<script type=\"application\/ld+json\" class=\"yoast-schema-graph\">{\"@context\":\"https:\/\/schema.org\",\"@graph\":[{\"@type\":\"Article\",\"@id\":\"https:\/\/www.africa-press.net\/senegal\/politique\/recours-disproportionne-a-la-force-contre-les-manifestants-lonu-profondement-preoccupee-demande-des-enquetes#article\",\"isPartOf\":{\"@id\":\"https:\/\/www.africa-press.net\/senegal\/politique\/recours-disproportionne-a-la-force-contre-les-manifestants-lonu-profondement-preoccupee-demande-des-enquetes\"},\"author\":{\"name\":\"cfeditorfr\",\"@id\":\"https:\/\/www.africa-press.net\/senegal\/#\/schema\/person\/2b1cf3cd81a31e3cd26889ca66d677f1\"},\"headline\":\"Recours \u201cdisproportionn\u00e9\u201d \u00e0 la force contre les manifestants: l&rsquo;ONU \u00ab\u00a0profond\u00e9ment pr\u00e9occup\u00e9e\u00a0\u00bb demande des enqu\u00eates\",\"datePublished\":\"2024-02-13T21:23:32+00:00\",\"dateModified\":\"2024-02-13T23:19:07+00:00\",\"mainEntityOfPage\":{\"@id\":\"https:\/\/www.africa-press.net\/senegal\/politique\/recours-disproportionne-a-la-force-contre-les-manifestants-lonu-profondement-preoccupee-demande-des-enquetes\"},\"wordCount\":473,\"commentCount\":0,\"image\":{\"@id\":\"https:\/\/www.africa-press.net\/senegal\/politique\/recours-disproportionne-a-la-force-contre-les-manifestants-lonu-profondement-preoccupee-demande-des-enquetes#primaryimage\"},\"thumbnailUrl\":\"https:\/\/static.africa-press.net\/senegal\/sites\/13\/2024\/02\/sm_1707850051.612945.jpg\",\"keywords\":[\"Africa Press\",\"Africa Press-Senegal\",\"Senegal\"],\"articleSection\":[\"Politique\",\"Toutes les actualit\u00e9s\"],\"inLanguage\":\"fr-FR\",\"potentialAction\":[{\"@type\":\"CommentAction\",\"name\":\"Comment\",\"target\":[\"https:\/\/www.africa-press.net\/senegal\/politique\/recours-disproportionne-a-la-force-contre-les-manifestants-lonu-profondement-preoccupee-demande-des-enquetes#respond\"]}]},{\"@type\":\"WebPage\",\"@id\":\"https:\/\/www.africa-press.net\/senegal\/politique\/recours-disproportionne-a-la-force-contre-les-manifestants-lonu-profondement-preoccupee-demande-des-enquetes\",\"url\":\"https:\/\/www.africa-press.net\/senegal\/politique\/recours-disproportionne-a-la-force-contre-les-manifestants-lonu-profondement-preoccupee-demande-des-enquetes\",\"name\":\"Recours \u201cdisproportionn\u00e9\u201d \u00e0 la force contre les manifestants: l'ONU \\\"profond\u00e9ment pr\u00e9occup\u00e9e\\\" demande des enqu\u00eates - Senegal\",\"isPartOf\":{\"@id\":\"https:\/\/www.africa-press.net\/senegal\/#website\"},\"primaryImageOfPage\":{\"@id\":\"https:\/\/www.africa-press.net\/senegal\/politique\/recours-disproportionne-a-la-force-contre-les-manifestants-lonu-profondement-preoccupee-demande-des-enquetes#primaryimage\"},\"image\":{\"@id\":\"https:\/\/www.africa-press.net\/senegal\/politique\/recours-disproportionne-a-la-force-contre-les-manifestants-lonu-profondement-preoccupee-demande-des-enquetes#primaryimage\"},\"thumbnailUrl\":\"https:\/\/static.africa-press.net\/senegal\/sites\/13\/2024\/02\/sm_1707850051.612945.jpg\",\"datePublished\":\"2024-02-13T21:23:32+00:00\",\"dateModified\":\"2024-02-13T23:19:07+00:00\",\"author\":{\"@id\":\"https:\/\/www.africa-press.net\/senegal\/#\/schema\/person\/2b1cf3cd81a31e3cd26889ca66d677f1\"},\"description\":\"Le Haut-Commissariat de l'ONU aux droits de l'homme s'est dit mardi \\\"profonde\u0301ment pre\u0301occupe\u0301\\\" par la crise au Se\u0301ne\u0301ga ...\",\"breadcrumb\":{\"@id\":\"https:\/\/www.africa-press.net\/senegal\/politique\/recours-disproportionne-a-la-force-contre-les-manifestants-lonu-profondement-preoccupee-demande-des-enquetes#breadcrumb\"},\"inLanguage\":\"fr-FR\",\"potentialAction\":[{\"@type\":\"ReadAction\",\"target\":[\"https:\/\/www.africa-press.net\/senegal\/politique\/recours-disproportionne-a-la-force-contre-les-manifestants-lonu-profondement-preoccupee-demande-des-enquetes\"]}]},{\"@type\":\"ImageObject\",\"inLanguage\":\"fr-FR\",\"@id\":\"https:\/\/www.africa-press.net\/senegal\/politique\/recours-disproportionne-a-la-force-contre-les-manifestants-lonu-profondement-preoccupee-demande-des-enquetes#primaryimage\",\"url\":\"https:\/\/static.africa-press.net\/senegal\/sites\/13\/2024\/02\/sm_1707850051.612945.jpg\",\"contentUrl\":\"https:\/\/static.africa-press.net\/senegal\/sites\/13\/2024\/02\/sm_1707850051.612945.jpg\",\"width\":1300,\"height\":638,\"caption\":\"Recours \u201cdisproportionn\u00e9\u201d \u00e0 la force contre les manifestants: l'ONU \\\"profond\u00e9ment pr\u00e9occup\u00e9e\\\" demande des enqu\u00eates\"},{\"@type\":\"BreadcrumbList\",\"@id\":\"https:\/\/www.africa-press.net\/senegal\/politique\/recours-disproportionne-a-la-force-contre-les-manifestants-lonu-profondement-preoccupee-demande-des-enquetes#breadcrumb\",\"itemListElement\":[{\"@type\":\"ListItem\",\"position\":1,\"name\":\"Accueil\",\"item\":\"https:\/\/www.africa-press.net\/senegal\/\"},{\"@type\":\"ListItem\",\"position\":2,\"name\":\"Recours \u201cdisproportionn\u00e9\u201d \u00e0 la force contre les manifestants: l&#8217;ONU &#8220;profond\u00e9ment pr\u00e9occup\u00e9e&#8221; demande des enqu\u00eates\"}]},{\"@type\":\"WebSite\",\"@id\":\"https:\/\/www.africa-press.net\/senegal\/#website\",\"url\":\"https:\/\/www.africa-press.net\/senegal\/\",\"name\":\"Africa Press | Senegal | Homepage\",\"description\":\"Just another Africa News Agency Sites site\",\"potentialAction\":[{\"@type\":\"SearchAction\",\"target\":{\"@type\":\"EntryPoint\",\"urlTemplate\":\"https:\/\/www.africa-press.net\/senegal\/?s={search_term_string}\"},\"query-input\":{\"@type\":\"PropertyValueSpecification\",\"valueRequired\":true,\"valueName\":\"search_term_string\"}}],\"inLanguage\":\"fr-FR\"},{\"@type\":\"Person\",\"@id\":\"https:\/\/www.africa-press.net\/senegal\/#\/schema\/person\/2b1cf3cd81a31e3cd26889ca66d677f1\",\"name\":\"cfeditorfr\",\"url\":\"https:\/\/www.africa-press.net\/senegal\/author\/cfeditorfr\"}]}<\/script>\n<!-- \/ Yoast SEO Premium plugin. -->","yoast_head_json":{"title":"Recours \u201cdisproportionn\u00e9\u201d \u00e0 la force contre les manifestants: l'ONU \"profond\u00e9ment pr\u00e9occup\u00e9e\" demande des enqu\u00eates - Senegal","description":"Le Haut-Commissariat de l'ONU aux droits de l'homme s'est dit mardi \"profonde\u0301ment pre\u0301occupe\u0301\" par la crise au Se\u0301ne\u0301ga ...","robots":{"index":"index","follow":"follow","max-snippet":"max-snippet:-1","max-image-preview":"max-image-preview:large","max-video-preview":"max-video-preview:-1"},"canonical":"https:\/\/www.africa-press.net\/senegal\/politique\/recours-disproportionne-a-la-force-contre-les-manifestants-lonu-profondement-preoccupee-demande-des-enquetes","og_locale":"fr_FR","og_type":"article","og_title":"Recours \u201cdisproportionn\u00e9\u201d \u00e0 la force contre les manifestants: l'ONU \"profond\u00e9ment pr\u00e9occup\u00e9e\" demande des enqu\u00eates","og_description":"Le Haut-Commissariat de l'ONU aux droits de l'homme s'est dit mardi \"profonde\u0301ment pre\u0301occupe\u0301\" par la crise au Se\u0301ne\u0301ga ...","og_url":"https:\/\/www.africa-press.net\/senegal\/politique\/recours-disproportionne-a-la-force-contre-les-manifestants-lonu-profondement-preoccupee-demande-des-enquetes","og_site_name":"Senegal","article_published_time":"2024-02-13T21:23:32+00:00","article_modified_time":"2024-02-13T23:19:07+00:00","og_image":[{"width":1300,"height":638,"url":"https:\/\/static.africa-press.net\/senegal\/sites\/13\/2024\/02\/sm_1707850051.612945.jpg","type":"image\/jpeg"}],"author":"cfeditorfr","twitter_card":"summary_large_image","twitter_misc":{"\u00c9crit par":"cfeditorfr","Dur\u00e9e de lecture estim\u00e9e":"2 minutes"},"schema":{"@context":"https:\/\/schema.org","@graph":[{"@type":"Article","@id":"https:\/\/www.africa-press.net\/senegal\/politique\/recours-disproportionne-a-la-force-contre-les-manifestants-lonu-profondement-preoccupee-demande-des-enquetes#article","isPartOf":{"@id":"https:\/\/www.africa-press.net\/senegal\/politique\/recours-disproportionne-a-la-force-contre-les-manifestants-lonu-profondement-preoccupee-demande-des-enquetes"},"author":{"name":"cfeditorfr","@id":"https:\/\/www.africa-press.net\/senegal\/#\/schema\/person\/2b1cf3cd81a31e3cd26889ca66d677f1"},"headline":"Recours \u201cdisproportionn\u00e9\u201d \u00e0 la force contre les manifestants: l&rsquo;ONU \u00ab\u00a0profond\u00e9ment pr\u00e9occup\u00e9e\u00a0\u00bb demande des enqu\u00eates","datePublished":"2024-02-13T21:23:32+00:00","dateModified":"2024-02-13T23:19:07+00:00","mainEntityOfPage":{"@id":"https:\/\/www.africa-press.net\/senegal\/politique\/recours-disproportionne-a-la-force-contre-les-manifestants-lonu-profondement-preoccupee-demande-des-enquetes"},"wordCount":473,"commentCount":0,"image":{"@id":"https:\/\/www.africa-press.net\/senegal\/politique\/recours-disproportionne-a-la-force-contre-les-manifestants-lonu-profondement-preoccupee-demande-des-enquetes#primaryimage"},"thumbnailUrl":"https:\/\/static.africa-press.net\/senegal\/sites\/13\/2024\/02\/sm_1707850051.612945.jpg","keywords":["Africa Press","Africa Press-Senegal","Senegal"],"articleSection":["Politique","Toutes les actualit\u00e9s"],"inLanguage":"fr-FR","potentialAction":[{"@type":"CommentAction","name":"Comment","target":["https:\/\/www.africa-press.net\/senegal\/politique\/recours-disproportionne-a-la-force-contre-les-manifestants-lonu-profondement-preoccupee-demande-des-enquetes#respond"]}]},{"@type":"WebPage","@id":"https:\/\/www.africa-press.net\/senegal\/politique\/recours-disproportionne-a-la-force-contre-les-manifestants-lonu-profondement-preoccupee-demande-des-enquetes","url":"https:\/\/www.africa-press.net\/senegal\/politique\/recours-disproportionne-a-la-force-contre-les-manifestants-lonu-profondement-preoccupee-demande-des-enquetes","name":"Recours \u201cdisproportionn\u00e9\u201d \u00e0 la force contre les manifestants: l'ONU \"profond\u00e9ment pr\u00e9occup\u00e9e\" demande des enqu\u00eates - Senegal","isPartOf":{"@id":"https:\/\/www.africa-press.net\/senegal\/#website"},"primaryImageOfPage":{"@id":"https:\/\/www.africa-press.net\/senegal\/politique\/recours-disproportionne-a-la-force-contre-les-manifestants-lonu-profondement-preoccupee-demande-des-enquetes#primaryimage"},"image":{"@id":"https:\/\/www.africa-press.net\/senegal\/politique\/recours-disproportionne-a-la-force-contre-les-manifestants-lonu-profondement-preoccupee-demande-des-enquetes#primaryimage"},"thumbnailUrl":"https:\/\/static.africa-press.net\/senegal\/sites\/13\/2024\/02\/sm_1707850051.612945.jpg","datePublished":"2024-02-13T21:23:32+00:00","dateModified":"2024-02-13T23:19:07+00:00","author":{"@id":"https:\/\/www.africa-press.net\/senegal\/#\/schema\/person\/2b1cf3cd81a31e3cd26889ca66d677f1"},"description":"Le Haut-Commissariat de l'ONU aux droits de l'homme s'est dit mardi \"profonde\u0301ment pre\u0301occupe\u0301\" par la crise au Se\u0301ne\u0301ga ...","breadcrumb":{"@id":"https:\/\/www.africa-press.net\/senegal\/politique\/recours-disproportionne-a-la-force-contre-les-manifestants-lonu-profondement-preoccupee-demande-des-enquetes#breadcrumb"},"inLanguage":"fr-FR","potentialAction":[{"@type":"ReadAction","target":["https:\/\/www.africa-press.net\/senegal\/politique\/recours-disproportionne-a-la-force-contre-les-manifestants-lonu-profondement-preoccupee-demande-des-enquetes"]}]},{"@type":"ImageObject","inLanguage":"fr-FR","@id":"https:\/\/www.africa-press.net\/senegal\/politique\/recours-disproportionne-a-la-force-contre-les-manifestants-lonu-profondement-preoccupee-demande-des-enquetes#primaryimage","url":"https:\/\/static.africa-press.net\/senegal\/sites\/13\/2024\/02\/sm_1707850051.612945.jpg","contentUrl":"https:\/\/static.africa-press.net\/senegal\/sites\/13\/2024\/02\/sm_1707850051.612945.jpg","width":1300,"height":638,"caption":"Recours \u201cdisproportionn\u00e9\u201d \u00e0 la force contre les manifestants: l'ONU \"profond\u00e9ment pr\u00e9occup\u00e9e\" demande des enqu\u00eates"},{"@type":"BreadcrumbList","@id":"https:\/\/www.africa-press.net\/senegal\/politique\/recours-disproportionne-a-la-force-contre-les-manifestants-lonu-profondement-preoccupee-demande-des-enquetes#breadcrumb","itemListElement":[{"@type":"ListItem","position":1,"name":"Accueil","item":"https:\/\/www.africa-press.net\/senegal\/"},{"@type":"ListItem","position":2,"name":"Recours \u201cdisproportionn\u00e9\u201d \u00e0 la force contre les manifestants: l&#8217;ONU &#8220;profond\u00e9ment pr\u00e9occup\u00e9e&#8221; demande des enqu\u00eates"}]},{"@type":"WebSite","@id":"https:\/\/www.africa-press.net\/senegal\/#website","url":"https:\/\/www.africa-press.net\/senegal\/","name":"Africa Press | Senegal | Homepage","description":"Just another Africa News Agency Sites site","potentialAction":[{"@type":"SearchAction","target":{"@type":"EntryPoint","urlTemplate":"https:\/\/www.africa-press.net\/senegal\/?s={search_term_string}"},"query-input":{"@type":"PropertyValueSpecification","valueRequired":true,"valueName":"search_term_string"}}],"inLanguage":"fr-FR"},{"@type":"Person","@id":"https:\/\/www.africa-press.net\/senegal\/#\/schema\/person\/2b1cf3cd81a31e3cd26889ca66d677f1","name":"cfeditorfr","url":"https:\/\/www.africa-press.net\/senegal\/author\/cfeditorfr"}]}},"_links":{"self":[{"href":"https:\/\/www.africa-press.net\/senegal\/wp-json\/wp\/v2\/posts\/55744","targetHints":{"allow":["GET"]}}],"collection":[{"href":"https:\/\/www.africa-press.net\/senegal\/wp-json\/wp\/v2\/posts"}],"about":[{"href":"https:\/\/www.africa-press.net\/senegal\/wp-json\/wp\/v2\/types\/post"}],"author":[{"embeddable":true,"href":"https:\/\/www.africa-press.net\/senegal\/wp-json\/wp\/v2\/users\/82"}],"replies":[{"embeddable":true,"href":"https:\/\/www.africa-press.net\/senegal\/wp-json\/wp\/v2\/comments?post=55744"}],"version-history":[{"count":0,"href":"https:\/\/www.africa-press.net\/senegal\/wp-json\/wp\/v2\/posts\/55744\/revisions"}],"wp:featuredmedia":[{"embeddable":true,"href":"https:\/\/www.africa-press.net\/senegal\/wp-json\/wp\/v2\/media\/55742"}],"wp:attachment":[{"href":"https:\/\/www.africa-press.net\/senegal\/wp-json\/wp\/v2\/media?parent=55744"}],"wp:term":[{"taxonomy":"category","embeddable":true,"href":"https:\/\/www.africa-press.net\/senegal\/wp-json\/wp\/v2\/categories?post=55744"},{"taxonomy":"post_tag","embeddable":true,"href":"https:\/\/www.africa-press.net\/senegal\/wp-json\/wp\/v2\/tags?post=55744"}],"curies":[{"name":"wp","href":"https:\/\/api.w.org\/{rel}","templated":true}]}}