{"id":55751,"date":"2024-02-13T21:42:51","date_gmt":"2024-02-13T21:42:51","guid":{"rendered":"https:\/\/www.africa-press.net\/senegal\/politique\/crise-au-senegal-lonu-denonce-un-recours-excessif-a-la-force"},"modified":"2024-02-13T23:28:37","modified_gmt":"2024-02-13T23:28:37","slug":"crise-au-senegal-lonu-denonce-un-recours-excessif-a-la-force","status":"publish","type":"post","link":"https:\/\/www.africa-press.net\/senegal\/politique\/crise-au-senegal-lonu-denonce-un-recours-excessif-a-la-force","title":{"rendered":"Crise au S\u00e9n\u00e9gal : l\u2019ONU d\u00e9nonce un recours excessif \u00e0 la force"},"content":{"rendered":"<p><span style=\"color: #ff6600\"><strong>Africa-Press &#8211; Senegal. <\/strong><\/span>Les autorite\u0301s se\u0301ne\u0301galaises ont interdit une autre marche pre\u0301vue par la socie\u0301te\u0301 civile ce mardi 13 fe\u0301vrier a\u0300 Dakar, contre le report de dernie\u0300re minute de la pre\u0301sidentielle et la prolongation du mandat de l\u2019actuel chef de l\u2019E\u0301tat. Le Bureau des droits de l\u2019homme de l\u2019ONU a indique\u0301 e\u0302tre profonde\u0301ment pre\u0301occupe\u0301 par la crise au Se\u0301ne\u0301gal, de\u0301nonc\u0327ant un recours inutile et disproportionne\u0301 a\u0300 la force contre les manifestants et des restrictions de l\u2019espace civique. Le Haut-Commissariat de l\u2019ONU aux droits de l\u2019homme (HCDH) de\u0301nonce que \u00ab au moins trois jeunes hommes ont e\u0301te\u0301 tue\u0301s pendant les manifestations et au moins 266 personnes auraient e\u0301te\u0301 arre\u0302te\u0301es dans tout le pays, y compris des journalistes \u00bb, a de\u0301clare\u0301 Liz Throssell, porte-parole du HCDH, lors d\u2019un point de presse re\u0301gulier de l\u2019ONU a\u0300 Gene\u0300ve.<\/p>\n<p>Liz Throssell a e\u0301galement indique\u0301 que, dans un contexte de tensions croissantes et d\u2019informations faisant e\u0301tat de nouvelles manifestations pre\u0301vues, il est essentiel que les autorite\u0301s ordonnent sans e\u0301quivoque aux forces de se\u0301curite\u0301 de respecter et de garantir les droits humains, et exhorte tous les acteurs a\u0300 \u00ab s\u2019abstenir de recourir a\u0300 la violence \u00bb.<\/p>\n<p>Par ailleurs, la porte-parole indique que des enque\u0302tes doivent e\u0302tre mene\u0301es rapidement, de manie\u0300re approfondie et inde\u0301pendante, et que les responsables doivent e\u0302tre amene\u0301s a\u0300 rendre des comptes. Il est souligne\u0301 que \u00ab les personnes arre\u0302te\u0301es pendant les manifestations a\u0300 Dakar et dans certaines re\u0301gions doivent be\u0301ne\u0301ficier d\u2019un traitement e\u0301quitable \u00bb.<\/p>\n<p>Compte tenu des de\u0301fis et des pre\u0301occupations lie\u0301s aux circonstances entourant le report des e\u0301lections, le Haut-Commissaire des Nations Unies aux droits de l\u2019homme, Volker Tu\u0308rk, a appele\u0301 le gouvernement a\u0300 veiller a\u0300 ce que le dialogue national propose\u0301 soit aussi large que possible et garantisse une ve\u0301ritable participation des groupes d\u2019opposition, des femmes, des jeunes et des groupes marginalise\u0301s.<\/p>\n<p>Il convient de rappeler que le Secre\u0301taire ge\u0301ne\u0301ral de l\u2019ONU, Anto\u0301nio Guterres, avait re\u0301affirme\u0301 vendredi dernier l\u2019engagement des Nations Unies a\u0300 soutenir la consolidation de la de\u0301mocratie et a\u0300 promouvoir la paix, la stabilite\u0301 et le de\u0301veloppement au Se\u0301ne\u0301gal. Il avait e\u0301galement appele\u0301, par la me\u0302me occasion, les acteurs nationaux se\u0301ne\u0301galais a\u0300 s\u2019engager dans un dialogue constructif et au maintien d\u2019un climat politique pacifique, suite aux remous cause\u0301s par le report de l\u2019e\u0301lection pre\u0301sidentielle pre\u0301vue pour fin fe\u0301vrier 2024.<\/p>\n<p><strong>Pour plus d&rsquo;informations et d&rsquo;analyses sur la <a href=\"https:\/\/www.africa-press.net\/senegal\">Senegal<\/a>, suivez <a href=\"https:\/\/www.africa-press.net\/\">Africa-Press<\/a><\/strong><\/p>\n","protected":false},"excerpt":{"rendered":"<p>Africa-Press &#8211; Senegal. Les autorite\u0301s se\u0301ne\u0301galaises ont interdit une autre marche pre\u0301vue par la socie\u0301te\u0301 civile ce mardi 13 fe\u0301vrier a\u0300 Dakar, contre le report de dernie\u0300re minute de la pre\u0301sidentielle et la prolongation du mandat de l\u2019actuel chef de l\u2019E\u0301tat. Le Bureau des droits de l\u2019homme de l\u2019ONU a indique\u0301 e\u0302tre profonde\u0301ment pre\u0301occupe\u0301 par [&hellip;]<\/p>\n","protected":false},"author":82,"featured_media":55750,"comment_status":"open","ping_status":"closed","sticky":false,"template":"","format":"standard","meta":{"footnotes":""},"categories":[2,10],"tags":[43,47,44],"class_list":["post-55751","post","type-post","status-publish","format-standard","has-post-thumbnail","hentry","category-politique","category-toutes-les-actualites","tag-africa-press-2","tag-africa-press-senegal","tag-senegal-2"],"yoast_head":"<!-- This site is optimized with the Yoast SEO Premium plugin v26.1 (Yoast SEO v27.0) - https:\/\/yoast.com\/product\/yoast-seo-premium-wordpress\/ -->\n<title>Crise au S\u00e9n\u00e9gal : l\u2019ONU d\u00e9nonce un recours excessif \u00e0 la force - Senegal<\/title>\n<meta name=\"description\" content=\"Les autorite\u0301s se\u0301ne\u0301galaises ont interdit une autre marche pre\u0301vue par la socie\u0301te\u0301 civile ce mardi 13 fe\u0301vrier a\u0300 Daka ...\" \/>\n<meta name=\"robots\" content=\"index, follow, max-snippet:-1, max-image-preview:large, max-video-preview:-1\" \/>\n<link rel=\"canonical\" href=\"https:\/\/www.africa-press.net\/senegal\/politique\/crise-au-senegal-lonu-denonce-un-recours-excessif-a-la-force\" \/>\n<meta property=\"og:locale\" content=\"fr_FR\" \/>\n<meta property=\"og:type\" content=\"article\" \/>\n<meta property=\"og:title\" content=\"Crise au S\u00e9n\u00e9gal : l\u2019ONU d\u00e9nonce un recours excessif \u00e0 la force\" \/>\n<meta property=\"og:description\" content=\"Les autorite\u0301s se\u0301ne\u0301galaises ont interdit une autre marche pre\u0301vue par la socie\u0301te\u0301 civile ce mardi 13 fe\u0301vrier a\u0300 Daka ...\" \/>\n<meta property=\"og:url\" content=\"https:\/\/www.africa-press.net\/senegal\/politique\/crise-au-senegal-lonu-denonce-un-recours-excessif-a-la-force\" \/>\n<meta property=\"og:site_name\" content=\"Senegal\" \/>\n<meta property=\"article:published_time\" content=\"2024-02-13T21:42:51+00:00\" \/>\n<meta property=\"article:modified_time\" content=\"2024-02-13T23:28:37+00:00\" \/>\n<meta property=\"og:image\" content=\"https:\/\/static.africa-press.net\/senegal\/sites\/13\/2024\/02\/sm_1707850535.085715.jpg\" \/>\n\t<meta property=\"og:image:width\" content=\"734\" \/>\n\t<meta property=\"og:image:height\" content=\"489\" \/>\n\t<meta property=\"og:image:type\" content=\"image\/jpeg\" \/>\n<meta name=\"author\" content=\"cfeditorfr\" \/>\n<meta name=\"twitter:card\" content=\"summary_large_image\" \/>\n<meta name=\"twitter:label1\" content=\"\u00c9crit par\" \/>\n\t<meta name=\"twitter:data1\" content=\"cfeditorfr\" \/>\n\t<meta name=\"twitter:label2\" content=\"Dur\u00e9e de lecture estim\u00e9e\" \/>\n\t<meta name=\"twitter:data2\" content=\"2 minutes\" \/>\n<script type=\"application\/ld+json\" class=\"yoast-schema-graph\">{\"@context\":\"https:\/\/schema.org\",\"@graph\":[{\"@type\":\"Article\",\"@id\":\"https:\/\/www.africa-press.net\/senegal\/politique\/crise-au-senegal-lonu-denonce-un-recours-excessif-a-la-force#article\",\"isPartOf\":{\"@id\":\"https:\/\/www.africa-press.net\/senegal\/politique\/crise-au-senegal-lonu-denonce-un-recours-excessif-a-la-force\"},\"author\":{\"name\":\"cfeditorfr\",\"@id\":\"https:\/\/www.africa-press.net\/senegal\/#\/schema\/person\/2b1cf3cd81a31e3cd26889ca66d677f1\"},\"headline\":\"Crise au S\u00e9n\u00e9gal : l\u2019ONU d\u00e9nonce un recours excessif \u00e0 la force\",\"datePublished\":\"2024-02-13T21:42:51+00:00\",\"dateModified\":\"2024-02-13T23:28:37+00:00\",\"mainEntityOfPage\":{\"@id\":\"https:\/\/www.africa-press.net\/senegal\/politique\/crise-au-senegal-lonu-denonce-un-recours-excessif-a-la-force\"},\"wordCount\":484,\"commentCount\":0,\"image\":{\"@id\":\"https:\/\/www.africa-press.net\/senegal\/politique\/crise-au-senegal-lonu-denonce-un-recours-excessif-a-la-force#primaryimage\"},\"thumbnailUrl\":\"https:\/\/static.africa-press.net\/senegal\/sites\/13\/2024\/02\/sm_1707850535.085715.jpg\",\"keywords\":[\"Africa Press\",\"Africa Press-Senegal\",\"Senegal\"],\"articleSection\":[\"Politique\",\"Toutes les actualit\u00e9s\"],\"inLanguage\":\"fr-FR\",\"potentialAction\":[{\"@type\":\"CommentAction\",\"name\":\"Comment\",\"target\":[\"https:\/\/www.africa-press.net\/senegal\/politique\/crise-au-senegal-lonu-denonce-un-recours-excessif-a-la-force#respond\"]}]},{\"@type\":\"WebPage\",\"@id\":\"https:\/\/www.africa-press.net\/senegal\/politique\/crise-au-senegal-lonu-denonce-un-recours-excessif-a-la-force\",\"url\":\"https:\/\/www.africa-press.net\/senegal\/politique\/crise-au-senegal-lonu-denonce-un-recours-excessif-a-la-force\",\"name\":\"Crise au S\u00e9n\u00e9gal : l\u2019ONU d\u00e9nonce un recours excessif \u00e0 la force - Senegal\",\"isPartOf\":{\"@id\":\"https:\/\/www.africa-press.net\/senegal\/#website\"},\"primaryImageOfPage\":{\"@id\":\"https:\/\/www.africa-press.net\/senegal\/politique\/crise-au-senegal-lonu-denonce-un-recours-excessif-a-la-force#primaryimage\"},\"image\":{\"@id\":\"https:\/\/www.africa-press.net\/senegal\/politique\/crise-au-senegal-lonu-denonce-un-recours-excessif-a-la-force#primaryimage\"},\"thumbnailUrl\":\"https:\/\/static.africa-press.net\/senegal\/sites\/13\/2024\/02\/sm_1707850535.085715.jpg\",\"datePublished\":\"2024-02-13T21:42:51+00:00\",\"dateModified\":\"2024-02-13T23:28:37+00:00\",\"author\":{\"@id\":\"https:\/\/www.africa-press.net\/senegal\/#\/schema\/person\/2b1cf3cd81a31e3cd26889ca66d677f1\"},\"description\":\"Les autorite\u0301s se\u0301ne\u0301galaises ont interdit une autre marche pre\u0301vue par la socie\u0301te\u0301 civile ce mardi 13 fe\u0301vrier a\u0300 Daka ...\",\"breadcrumb\":{\"@id\":\"https:\/\/www.africa-press.net\/senegal\/politique\/crise-au-senegal-lonu-denonce-un-recours-excessif-a-la-force#breadcrumb\"},\"inLanguage\":\"fr-FR\",\"potentialAction\":[{\"@type\":\"ReadAction\",\"target\":[\"https:\/\/www.africa-press.net\/senegal\/politique\/crise-au-senegal-lonu-denonce-un-recours-excessif-a-la-force\"]}]},{\"@type\":\"ImageObject\",\"inLanguage\":\"fr-FR\",\"@id\":\"https:\/\/www.africa-press.net\/senegal\/politique\/crise-au-senegal-lonu-denonce-un-recours-excessif-a-la-force#primaryimage\",\"url\":\"https:\/\/static.africa-press.net\/senegal\/sites\/13\/2024\/02\/sm_1707850535.085715.jpg\",\"contentUrl\":\"https:\/\/static.africa-press.net\/senegal\/sites\/13\/2024\/02\/sm_1707850535.085715.jpg\",\"width\":734,\"height\":489,\"caption\":\"Crise au S\u00e9n\u00e9gal : l\u2019ONU d\u00e9nonce un recours excessif \u00e0 la force\"},{\"@type\":\"BreadcrumbList\",\"@id\":\"https:\/\/www.africa-press.net\/senegal\/politique\/crise-au-senegal-lonu-denonce-un-recours-excessif-a-la-force#breadcrumb\",\"itemListElement\":[{\"@type\":\"ListItem\",\"position\":1,\"name\":\"Accueil\",\"item\":\"https:\/\/www.africa-press.net\/senegal\/\"},{\"@type\":\"ListItem\",\"position\":2,\"name\":\"Crise au S\u00e9n\u00e9gal : l\u2019ONU d\u00e9nonce un recours excessif \u00e0 la force\"}]},{\"@type\":\"WebSite\",\"@id\":\"https:\/\/www.africa-press.net\/senegal\/#website\",\"url\":\"https:\/\/www.africa-press.net\/senegal\/\",\"name\":\"Africa Press | Senegal | Homepage\",\"description\":\"Just another Africa News Agency Sites site\",\"potentialAction\":[{\"@type\":\"SearchAction\",\"target\":{\"@type\":\"EntryPoint\",\"urlTemplate\":\"https:\/\/www.africa-press.net\/senegal\/?s={search_term_string}\"},\"query-input\":{\"@type\":\"PropertyValueSpecification\",\"valueRequired\":true,\"valueName\":\"search_term_string\"}}],\"inLanguage\":\"fr-FR\"},{\"@type\":\"Person\",\"@id\":\"https:\/\/www.africa-press.net\/senegal\/#\/schema\/person\/2b1cf3cd81a31e3cd26889ca66d677f1\",\"name\":\"cfeditorfr\",\"url\":\"https:\/\/www.africa-press.net\/senegal\/author\/cfeditorfr\"}]}<\/script>\n<!-- \/ Yoast SEO Premium plugin. -->","yoast_head_json":{"title":"Crise au S\u00e9n\u00e9gal : l\u2019ONU d\u00e9nonce un recours excessif \u00e0 la force - Senegal","description":"Les autorite\u0301s se\u0301ne\u0301galaises ont interdit une autre marche pre\u0301vue par la socie\u0301te\u0301 civile ce mardi 13 fe\u0301vrier a\u0300 Daka ...","robots":{"index":"index","follow":"follow","max-snippet":"max-snippet:-1","max-image-preview":"max-image-preview:large","max-video-preview":"max-video-preview:-1"},"canonical":"https:\/\/www.africa-press.net\/senegal\/politique\/crise-au-senegal-lonu-denonce-un-recours-excessif-a-la-force","og_locale":"fr_FR","og_type":"article","og_title":"Crise au S\u00e9n\u00e9gal : l\u2019ONU d\u00e9nonce un recours excessif \u00e0 la force","og_description":"Les autorite\u0301s se\u0301ne\u0301galaises ont interdit une autre marche pre\u0301vue par la socie\u0301te\u0301 civile ce mardi 13 fe\u0301vrier a\u0300 Daka ...","og_url":"https:\/\/www.africa-press.net\/senegal\/politique\/crise-au-senegal-lonu-denonce-un-recours-excessif-a-la-force","og_site_name":"Senegal","article_published_time":"2024-02-13T21:42:51+00:00","article_modified_time":"2024-02-13T23:28:37+00:00","og_image":[{"width":734,"height":489,"url":"https:\/\/static.africa-press.net\/senegal\/sites\/13\/2024\/02\/sm_1707850535.085715.jpg","type":"image\/jpeg"}],"author":"cfeditorfr","twitter_card":"summary_large_image","twitter_misc":{"\u00c9crit par":"cfeditorfr","Dur\u00e9e de lecture estim\u00e9e":"2 minutes"},"schema":{"@context":"https:\/\/schema.org","@graph":[{"@type":"Article","@id":"https:\/\/www.africa-press.net\/senegal\/politique\/crise-au-senegal-lonu-denonce-un-recours-excessif-a-la-force#article","isPartOf":{"@id":"https:\/\/www.africa-press.net\/senegal\/politique\/crise-au-senegal-lonu-denonce-un-recours-excessif-a-la-force"},"author":{"name":"cfeditorfr","@id":"https:\/\/www.africa-press.net\/senegal\/#\/schema\/person\/2b1cf3cd81a31e3cd26889ca66d677f1"},"headline":"Crise au S\u00e9n\u00e9gal : l\u2019ONU d\u00e9nonce un recours excessif \u00e0 la force","datePublished":"2024-02-13T21:42:51+00:00","dateModified":"2024-02-13T23:28:37+00:00","mainEntityOfPage":{"@id":"https:\/\/www.africa-press.net\/senegal\/politique\/crise-au-senegal-lonu-denonce-un-recours-excessif-a-la-force"},"wordCount":484,"commentCount":0,"image":{"@id":"https:\/\/www.africa-press.net\/senegal\/politique\/crise-au-senegal-lonu-denonce-un-recours-excessif-a-la-force#primaryimage"},"thumbnailUrl":"https:\/\/static.africa-press.net\/senegal\/sites\/13\/2024\/02\/sm_1707850535.085715.jpg","keywords":["Africa Press","Africa Press-Senegal","Senegal"],"articleSection":["Politique","Toutes les actualit\u00e9s"],"inLanguage":"fr-FR","potentialAction":[{"@type":"CommentAction","name":"Comment","target":["https:\/\/www.africa-press.net\/senegal\/politique\/crise-au-senegal-lonu-denonce-un-recours-excessif-a-la-force#respond"]}]},{"@type":"WebPage","@id":"https:\/\/www.africa-press.net\/senegal\/politique\/crise-au-senegal-lonu-denonce-un-recours-excessif-a-la-force","url":"https:\/\/www.africa-press.net\/senegal\/politique\/crise-au-senegal-lonu-denonce-un-recours-excessif-a-la-force","name":"Crise au S\u00e9n\u00e9gal : l\u2019ONU d\u00e9nonce un recours excessif \u00e0 la force - Senegal","isPartOf":{"@id":"https:\/\/www.africa-press.net\/senegal\/#website"},"primaryImageOfPage":{"@id":"https:\/\/www.africa-press.net\/senegal\/politique\/crise-au-senegal-lonu-denonce-un-recours-excessif-a-la-force#primaryimage"},"image":{"@id":"https:\/\/www.africa-press.net\/senegal\/politique\/crise-au-senegal-lonu-denonce-un-recours-excessif-a-la-force#primaryimage"},"thumbnailUrl":"https:\/\/static.africa-press.net\/senegal\/sites\/13\/2024\/02\/sm_1707850535.085715.jpg","datePublished":"2024-02-13T21:42:51+00:00","dateModified":"2024-02-13T23:28:37+00:00","author":{"@id":"https:\/\/www.africa-press.net\/senegal\/#\/schema\/person\/2b1cf3cd81a31e3cd26889ca66d677f1"},"description":"Les autorite\u0301s se\u0301ne\u0301galaises ont interdit une autre marche pre\u0301vue par la socie\u0301te\u0301 civile ce mardi 13 fe\u0301vrier a\u0300 Daka ...","breadcrumb":{"@id":"https:\/\/www.africa-press.net\/senegal\/politique\/crise-au-senegal-lonu-denonce-un-recours-excessif-a-la-force#breadcrumb"},"inLanguage":"fr-FR","potentialAction":[{"@type":"ReadAction","target":["https:\/\/www.africa-press.net\/senegal\/politique\/crise-au-senegal-lonu-denonce-un-recours-excessif-a-la-force"]}]},{"@type":"ImageObject","inLanguage":"fr-FR","@id":"https:\/\/www.africa-press.net\/senegal\/politique\/crise-au-senegal-lonu-denonce-un-recours-excessif-a-la-force#primaryimage","url":"https:\/\/static.africa-press.net\/senegal\/sites\/13\/2024\/02\/sm_1707850535.085715.jpg","contentUrl":"https:\/\/static.africa-press.net\/senegal\/sites\/13\/2024\/02\/sm_1707850535.085715.jpg","width":734,"height":489,"caption":"Crise au S\u00e9n\u00e9gal : l\u2019ONU d\u00e9nonce un recours excessif \u00e0 la force"},{"@type":"BreadcrumbList","@id":"https:\/\/www.africa-press.net\/senegal\/politique\/crise-au-senegal-lonu-denonce-un-recours-excessif-a-la-force#breadcrumb","itemListElement":[{"@type":"ListItem","position":1,"name":"Accueil","item":"https:\/\/www.africa-press.net\/senegal\/"},{"@type":"ListItem","position":2,"name":"Crise au S\u00e9n\u00e9gal : l\u2019ONU d\u00e9nonce un recours excessif \u00e0 la force"}]},{"@type":"WebSite","@id":"https:\/\/www.africa-press.net\/senegal\/#website","url":"https:\/\/www.africa-press.net\/senegal\/","name":"Africa Press | Senegal | Homepage","description":"Just another Africa News Agency Sites site","potentialAction":[{"@type":"SearchAction","target":{"@type":"EntryPoint","urlTemplate":"https:\/\/www.africa-press.net\/senegal\/?s={search_term_string}"},"query-input":{"@type":"PropertyValueSpecification","valueRequired":true,"valueName":"search_term_string"}}],"inLanguage":"fr-FR"},{"@type":"Person","@id":"https:\/\/www.africa-press.net\/senegal\/#\/schema\/person\/2b1cf3cd81a31e3cd26889ca66d677f1","name":"cfeditorfr","url":"https:\/\/www.africa-press.net\/senegal\/author\/cfeditorfr"}]}},"_links":{"self":[{"href":"https:\/\/www.africa-press.net\/senegal\/wp-json\/wp\/v2\/posts\/55751","targetHints":{"allow":["GET"]}}],"collection":[{"href":"https:\/\/www.africa-press.net\/senegal\/wp-json\/wp\/v2\/posts"}],"about":[{"href":"https:\/\/www.africa-press.net\/senegal\/wp-json\/wp\/v2\/types\/post"}],"author":[{"embeddable":true,"href":"https:\/\/www.africa-press.net\/senegal\/wp-json\/wp\/v2\/users\/82"}],"replies":[{"embeddable":true,"href":"https:\/\/www.africa-press.net\/senegal\/wp-json\/wp\/v2\/comments?post=55751"}],"version-history":[{"count":0,"href":"https:\/\/www.africa-press.net\/senegal\/wp-json\/wp\/v2\/posts\/55751\/revisions"}],"wp:featuredmedia":[{"embeddable":true,"href":"https:\/\/www.africa-press.net\/senegal\/wp-json\/wp\/v2\/media\/55750"}],"wp:attachment":[{"href":"https:\/\/www.africa-press.net\/senegal\/wp-json\/wp\/v2\/media?parent=55751"}],"wp:term":[{"taxonomy":"category","embeddable":true,"href":"https:\/\/www.africa-press.net\/senegal\/wp-json\/wp\/v2\/categories?post=55751"},{"taxonomy":"post_tag","embeddable":true,"href":"https:\/\/www.africa-press.net\/senegal\/wp-json\/wp\/v2\/tags?post=55751"}],"curies":[{"name":"wp","href":"https:\/\/api.w.org\/{rel}","templated":true}]}}