{"id":55755,"date":"2024-02-13T20:52:18","date_gmt":"2024-02-13T20:52:18","guid":{"rendered":"https:\/\/www.africa-press.net\/senegal\/politique\/abdou-diouf-le-conseil-constitutionnel-que-jai-cree-reste-le-garant-ultime-de-nos-institutions-et-de-notre-democratie"},"modified":"2024-02-14T00:34:55","modified_gmt":"2024-02-14T00:34:55","slug":"abdou-diouf-le-conseil-constitutionnel-que-jai-cree-reste-le-garant-ultime-de-nos-institutions-et-de-notre-democratie","status":"publish","type":"post","link":"https:\/\/www.africa-press.net\/senegal\/politique\/abdou-diouf-le-conseil-constitutionnel-que-jai-cree-reste-le-garant-ultime-de-nos-institutions-et-de-notre-democratie","title":{"rendered":"Abdou Diouf : \u00ab\u00a0Le Conseil constitutionnel que j&rsquo;ai cr\u00e9\u00e9 reste le garant ultime de nos institutions et de notre d\u00e9mocratie\u00a0\u00bb"},"content":{"rendered":"<p><span style=\"color: #ff6600\"><strong>Africa-Press &#8211; Senegal. <\/strong><\/span>Depuis qu&rsquo;il a quitte\u0301 le pouvoir, le 1er avril 2000, l&rsquo;ancien pre\u0301sident Abdou Diouf dit s&rsquo;e\u0302tre \u00ab\u00a0toujours abstenu de tout commentaire sur la vie politique se\u0301ne\u0301galaise, fide\u0300le en cela a\u0300 la ligne re\u0301publicaine trace\u0301e par le pre\u0301sident Le\u0301opold Se\u0301dar Senghor\u00a0\u00bb.<\/p>\n<p>Malheureusement, la situation qui pre\u0301vaut au Se\u0301ne\u0301gal le pousse a\u0300 rompre son serment d&rsquo;e\u0302tre a\u0300 e\u0301quidistance de la vie politique de son pays.<\/p>\n<p>\u00ab\u00a0J&rsquo;ai de\u0301cide\u0301 de rompre le serment que je m&rsquo;e\u0301tais fait, car notre pays vit une crise institutionnelle sans pre\u0301ce\u0301dent. Je constate, avec regret et tristesse, que la lettre publie\u0301e avec ma signature et celle du pre\u0301sident Abdoulaye Wade suscite beaucoup d&rsquo;incompre\u0301hension. Je tiens a\u0300 pre\u0301ciser afin qu&rsquo;il n&rsquo;y ait aucune e\u0301quivoque, que le Conseil constitutionnel que j&rsquo;ai cre\u0301e\u0301 en 1992, reste le garant ultime de nos institutions et de notre de\u0301mocratie. C&rsquo;est a\u0300 lui et a\u0300 lui seul de dire le droit et de prendre les de\u0301cisions qui s&rsquo;imposent a\u0300 tous concernant le calendrier e\u0301lectoral et le respect de la dure\u0301e du mandat pre\u0301sidentiel\u00a0\u00bb, e\u0301crit le pre\u0301sident Abdou Diouf.<\/p>\n<p>En ce sens, il demande au peuple se\u0301ne\u0301galais, a\u0300 la classe politique et aux dirigeants de faire preuve \u00ab\u00a0de retenue et d&rsquo;inte\u0301grite\u0301 en appliquant a\u0300 la lettre les dispositions de notre Constitution tout en pre\u0301servant les liberte\u0301s publiques acquises de haute lutte dans la construction de notre de\u0301mocratie\u00a0\u00bb.<\/p>\n<p>\u00ab\u00a0Je renouvelle au peuple se\u0301ne\u0301galais ma since\u0300re et inde\u0301fectible affection ainsi que ma reconnaissance pour les longues anne\u0301es de confiance a\u0300 son service\u00a0\u00bb, conclut l&rsquo;ancien chef d&rsquo;Etat.<\/p>\n<p><img loading=\"lazy\" decoding=\"async\" width=\"521\" height=\"750\" class=\"alignnone wp-image-55753 size-full\" src=\"https:\/\/static.africa-press.net\/senegal\/sites\/13\/2024\/02\/sm_1707854632.985915.jpg\" srcset=\"https:\/\/static.africa-press.net\/senegal\/sites\/13\/2024\/02\/sm_1707854632.985915.jpg 521w, https:\/\/static.africa-press.net\/senegal\/sites\/13\/2024\/02\/sm_1707854632.985915-208x300.jpg 208w\" sizes=\"auto, (max-width: 521px) 100vw, 521px\" \/><\/p>\n<p><strong>Pour plus d&rsquo;informations et d&rsquo;analyses sur la <a href=\"https:\/\/www.africa-press.net\/senegal\">Senegal<\/a>, suivez <a href=\"https:\/\/www.africa-press.net\/\">Africa-Press<\/a><\/strong><\/p>\n","protected":false},"excerpt":{"rendered":"<p>Africa-Press &#8211; Senegal. Depuis qu&rsquo;il a quitte\u0301 le pouvoir, le 1er avril 2000, l&rsquo;ancien pre\u0301sident Abdou Diouf dit s&rsquo;e\u0302tre \u00ab\u00a0toujours abstenu de tout commentaire sur la vie politique se\u0301ne\u0301galaise, fide\u0300le en cela a\u0300 la ligne re\u0301publicaine trace\u0301e par le pre\u0301sident Le\u0301opold Se\u0301dar Senghor\u00a0\u00bb. Malheureusement, la situation qui pre\u0301vaut au Se\u0301ne\u0301gal le pousse a\u0300 rompre son [&hellip;]<\/p>\n","protected":false},"author":82,"featured_media":55754,"comment_status":"open","ping_status":"closed","sticky":false,"template":"","format":"standard","meta":{"footnotes":""},"categories":[2,10],"tags":[43,47,44],"class_list":["post-55755","post","type-post","status-publish","format-standard","has-post-thumbnail","hentry","category-politique","category-toutes-les-actualites","tag-africa-press-2","tag-africa-press-senegal","tag-senegal-2"],"yoast_head":"<!-- This site is optimized with the Yoast SEO Premium plugin v26.1 (Yoast SEO v27.0) - https:\/\/yoast.com\/product\/yoast-seo-premium-wordpress\/ -->\n<title>Abdou Diouf : &quot;Le Conseil constitutionnel que j&#039;ai cr\u00e9\u00e9 reste le garant ultime de nos institutions et de notre d\u00e9mocratie&quot; - Senegal<\/title>\n<meta name=\"description\" content=\"Depuis qu&#039;il a quitte\u0301 le pouvoir, le 1er avril 2000, l&#039;ancien pre\u0301sident Abdou Diouf dit s&#039;e\u0302tre &quot;toujours abstenu de t ...\" \/>\n<meta name=\"robots\" content=\"index, follow, max-snippet:-1, max-image-preview:large, max-video-preview:-1\" \/>\n<link rel=\"canonical\" href=\"https:\/\/www.africa-press.net\/senegal\/politique\/abdou-diouf-le-conseil-constitutionnel-que-jai-cree-reste-le-garant-ultime-de-nos-institutions-et-de-notre-democratie\" \/>\n<meta property=\"og:locale\" content=\"fr_FR\" \/>\n<meta property=\"og:type\" content=\"article\" \/>\n<meta property=\"og:title\" content=\"Abdou Diouf : &quot;Le Conseil constitutionnel que j&#039;ai cr\u00e9\u00e9 reste le garant ultime de nos institutions et de notre d\u00e9mocratie&quot;\" \/>\n<meta property=\"og:description\" content=\"Depuis qu&#039;il a quitte\u0301 le pouvoir, le 1er avril 2000, l&#039;ancien pre\u0301sident Abdou Diouf dit s&#039;e\u0302tre &quot;toujours abstenu de t ...\" \/>\n<meta property=\"og:url\" content=\"https:\/\/www.africa-press.net\/senegal\/politique\/abdou-diouf-le-conseil-constitutionnel-que-jai-cree-reste-le-garant-ultime-de-nos-institutions-et-de-notre-democratie\" \/>\n<meta property=\"og:site_name\" content=\"Senegal\" \/>\n<meta property=\"article:published_time\" content=\"2024-02-13T20:52:18+00:00\" \/>\n<meta property=\"article:modified_time\" content=\"2024-02-14T00:34:55+00:00\" \/>\n<meta property=\"og:image\" content=\"https:\/\/static.africa-press.net\/senegal\/sites\/13\/2024\/02\/sm_1707854644.41044.jpg\" \/>\n\t<meta property=\"og:image:width\" content=\"1286\" \/>\n\t<meta property=\"og:image:height\" content=\"636\" \/>\n\t<meta property=\"og:image:type\" content=\"image\/jpeg\" \/>\n<meta name=\"author\" content=\"cfeditorfr\" \/>\n<meta name=\"twitter:card\" content=\"summary_large_image\" \/>\n<meta name=\"twitter:label1\" content=\"\u00c9crit par\" \/>\n\t<meta name=\"twitter:data1\" content=\"cfeditorfr\" \/>\n\t<meta name=\"twitter:label2\" content=\"Dur\u00e9e de lecture estim\u00e9e\" \/>\n\t<meta name=\"twitter:data2\" content=\"2 minutes\" \/>\n<script type=\"application\/ld+json\" class=\"yoast-schema-graph\">{\"@context\":\"https:\/\/schema.org\",\"@graph\":[{\"@type\":\"Article\",\"@id\":\"https:\/\/www.africa-press.net\/senegal\/politique\/abdou-diouf-le-conseil-constitutionnel-que-jai-cree-reste-le-garant-ultime-de-nos-institutions-et-de-notre-democratie#article\",\"isPartOf\":{\"@id\":\"https:\/\/www.africa-press.net\/senegal\/politique\/abdou-diouf-le-conseil-constitutionnel-que-jai-cree-reste-le-garant-ultime-de-nos-institutions-et-de-notre-democratie\"},\"author\":{\"name\":\"cfeditorfr\",\"@id\":\"https:\/\/www.africa-press.net\/senegal\/#\/schema\/person\/2b1cf3cd81a31e3cd26889ca66d677f1\"},\"headline\":\"Abdou Diouf : \u00ab\u00a0Le Conseil constitutionnel que j&rsquo;ai cr\u00e9\u00e9 reste le garant ultime de nos institutions et de notre d\u00e9mocratie\u00a0\u00bb\",\"datePublished\":\"2024-02-13T20:52:18+00:00\",\"dateModified\":\"2024-02-14T00:34:55+00:00\",\"mainEntityOfPage\":{\"@id\":\"https:\/\/www.africa-press.net\/senegal\/politique\/abdou-diouf-le-conseil-constitutionnel-que-jai-cree-reste-le-garant-ultime-de-nos-institutions-et-de-notre-democratie\"},\"wordCount\":339,\"commentCount\":0,\"image\":{\"@id\":\"https:\/\/www.africa-press.net\/senegal\/politique\/abdou-diouf-le-conseil-constitutionnel-que-jai-cree-reste-le-garant-ultime-de-nos-institutions-et-de-notre-democratie#primaryimage\"},\"thumbnailUrl\":\"https:\/\/static.africa-press.net\/senegal\/sites\/13\/2024\/02\/sm_1707854644.41044.jpg\",\"keywords\":[\"Africa Press\",\"Africa Press-Senegal\",\"Senegal\"],\"articleSection\":[\"Politique\",\"Toutes les actualit\u00e9s\"],\"inLanguage\":\"fr-FR\",\"potentialAction\":[{\"@type\":\"CommentAction\",\"name\":\"Comment\",\"target\":[\"https:\/\/www.africa-press.net\/senegal\/politique\/abdou-diouf-le-conseil-constitutionnel-que-jai-cree-reste-le-garant-ultime-de-nos-institutions-et-de-notre-democratie#respond\"]}]},{\"@type\":\"WebPage\",\"@id\":\"https:\/\/www.africa-press.net\/senegal\/politique\/abdou-diouf-le-conseil-constitutionnel-que-jai-cree-reste-le-garant-ultime-de-nos-institutions-et-de-notre-democratie\",\"url\":\"https:\/\/www.africa-press.net\/senegal\/politique\/abdou-diouf-le-conseil-constitutionnel-que-jai-cree-reste-le-garant-ultime-de-nos-institutions-et-de-notre-democratie\",\"name\":\"Abdou Diouf : \\\"Le Conseil constitutionnel que j'ai cr\u00e9\u00e9 reste le garant ultime de nos institutions et de notre d\u00e9mocratie\\\" - Senegal\",\"isPartOf\":{\"@id\":\"https:\/\/www.africa-press.net\/senegal\/#website\"},\"primaryImageOfPage\":{\"@id\":\"https:\/\/www.africa-press.net\/senegal\/politique\/abdou-diouf-le-conseil-constitutionnel-que-jai-cree-reste-le-garant-ultime-de-nos-institutions-et-de-notre-democratie#primaryimage\"},\"image\":{\"@id\":\"https:\/\/www.africa-press.net\/senegal\/politique\/abdou-diouf-le-conseil-constitutionnel-que-jai-cree-reste-le-garant-ultime-de-nos-institutions-et-de-notre-democratie#primaryimage\"},\"thumbnailUrl\":\"https:\/\/static.africa-press.net\/senegal\/sites\/13\/2024\/02\/sm_1707854644.41044.jpg\",\"datePublished\":\"2024-02-13T20:52:18+00:00\",\"dateModified\":\"2024-02-14T00:34:55+00:00\",\"author\":{\"@id\":\"https:\/\/www.africa-press.net\/senegal\/#\/schema\/person\/2b1cf3cd81a31e3cd26889ca66d677f1\"},\"description\":\"Depuis qu'il a quitte\u0301 le pouvoir, le 1er avril 2000, l'ancien pre\u0301sident Abdou Diouf dit s'e\u0302tre \\\"toujours abstenu de t ...\",\"breadcrumb\":{\"@id\":\"https:\/\/www.africa-press.net\/senegal\/politique\/abdou-diouf-le-conseil-constitutionnel-que-jai-cree-reste-le-garant-ultime-de-nos-institutions-et-de-notre-democratie#breadcrumb\"},\"inLanguage\":\"fr-FR\",\"potentialAction\":[{\"@type\":\"ReadAction\",\"target\":[\"https:\/\/www.africa-press.net\/senegal\/politique\/abdou-diouf-le-conseil-constitutionnel-que-jai-cree-reste-le-garant-ultime-de-nos-institutions-et-de-notre-democratie\"]}]},{\"@type\":\"ImageObject\",\"inLanguage\":\"fr-FR\",\"@id\":\"https:\/\/www.africa-press.net\/senegal\/politique\/abdou-diouf-le-conseil-constitutionnel-que-jai-cree-reste-le-garant-ultime-de-nos-institutions-et-de-notre-democratie#primaryimage\",\"url\":\"https:\/\/static.africa-press.net\/senegal\/sites\/13\/2024\/02\/sm_1707854644.41044.jpg\",\"contentUrl\":\"https:\/\/static.africa-press.net\/senegal\/sites\/13\/2024\/02\/sm_1707854644.41044.jpg\",\"width\":1286,\"height\":636,\"caption\":\"Abdou Diouf : \\\"Le Conseil constitutionnel que j'ai cr\u00e9\u00e9 reste le garant ultime de nos institutions et de notre d\u00e9mocratie\\\"\"},{\"@type\":\"BreadcrumbList\",\"@id\":\"https:\/\/www.africa-press.net\/senegal\/politique\/abdou-diouf-le-conseil-constitutionnel-que-jai-cree-reste-le-garant-ultime-de-nos-institutions-et-de-notre-democratie#breadcrumb\",\"itemListElement\":[{\"@type\":\"ListItem\",\"position\":1,\"name\":\"Accueil\",\"item\":\"https:\/\/www.africa-press.net\/senegal\/\"},{\"@type\":\"ListItem\",\"position\":2,\"name\":\"Abdou Diouf : &#8220;Le Conseil constitutionnel que j&#8217;ai cr\u00e9\u00e9 reste le garant ultime de nos institutions et de notre d\u00e9mocratie&#8221;\"}]},{\"@type\":\"WebSite\",\"@id\":\"https:\/\/www.africa-press.net\/senegal\/#website\",\"url\":\"https:\/\/www.africa-press.net\/senegal\/\",\"name\":\"Africa Press | Senegal | Homepage\",\"description\":\"Just another Africa News Agency Sites site\",\"potentialAction\":[{\"@type\":\"SearchAction\",\"target\":{\"@type\":\"EntryPoint\",\"urlTemplate\":\"https:\/\/www.africa-press.net\/senegal\/?s={search_term_string}\"},\"query-input\":{\"@type\":\"PropertyValueSpecification\",\"valueRequired\":true,\"valueName\":\"search_term_string\"}}],\"inLanguage\":\"fr-FR\"},{\"@type\":\"Person\",\"@id\":\"https:\/\/www.africa-press.net\/senegal\/#\/schema\/person\/2b1cf3cd81a31e3cd26889ca66d677f1\",\"name\":\"cfeditorfr\",\"url\":\"https:\/\/www.africa-press.net\/senegal\/author\/cfeditorfr\"}]}<\/script>\n<!-- \/ Yoast SEO Premium plugin. -->","yoast_head_json":{"title":"Abdou Diouf : \"Le Conseil constitutionnel que j'ai cr\u00e9\u00e9 reste le garant ultime de nos institutions et de notre d\u00e9mocratie\" - Senegal","description":"Depuis qu'il a quitte\u0301 le pouvoir, le 1er avril 2000, l'ancien pre\u0301sident Abdou Diouf dit s'e\u0302tre \"toujours abstenu de t ...","robots":{"index":"index","follow":"follow","max-snippet":"max-snippet:-1","max-image-preview":"max-image-preview:large","max-video-preview":"max-video-preview:-1"},"canonical":"https:\/\/www.africa-press.net\/senegal\/politique\/abdou-diouf-le-conseil-constitutionnel-que-jai-cree-reste-le-garant-ultime-de-nos-institutions-et-de-notre-democratie","og_locale":"fr_FR","og_type":"article","og_title":"Abdou Diouf : \"Le Conseil constitutionnel que j'ai cr\u00e9\u00e9 reste le garant ultime de nos institutions et de notre d\u00e9mocratie\"","og_description":"Depuis qu'il a quitte\u0301 le pouvoir, le 1er avril 2000, l'ancien pre\u0301sident Abdou Diouf dit s'e\u0302tre \"toujours abstenu de t ...","og_url":"https:\/\/www.africa-press.net\/senegal\/politique\/abdou-diouf-le-conseil-constitutionnel-que-jai-cree-reste-le-garant-ultime-de-nos-institutions-et-de-notre-democratie","og_site_name":"Senegal","article_published_time":"2024-02-13T20:52:18+00:00","article_modified_time":"2024-02-14T00:34:55+00:00","og_image":[{"width":1286,"height":636,"url":"https:\/\/static.africa-press.net\/senegal\/sites\/13\/2024\/02\/sm_1707854644.41044.jpg","type":"image\/jpeg"}],"author":"cfeditorfr","twitter_card":"summary_large_image","twitter_misc":{"\u00c9crit par":"cfeditorfr","Dur\u00e9e de lecture estim\u00e9e":"2 minutes"},"schema":{"@context":"https:\/\/schema.org","@graph":[{"@type":"Article","@id":"https:\/\/www.africa-press.net\/senegal\/politique\/abdou-diouf-le-conseil-constitutionnel-que-jai-cree-reste-le-garant-ultime-de-nos-institutions-et-de-notre-democratie#article","isPartOf":{"@id":"https:\/\/www.africa-press.net\/senegal\/politique\/abdou-diouf-le-conseil-constitutionnel-que-jai-cree-reste-le-garant-ultime-de-nos-institutions-et-de-notre-democratie"},"author":{"name":"cfeditorfr","@id":"https:\/\/www.africa-press.net\/senegal\/#\/schema\/person\/2b1cf3cd81a31e3cd26889ca66d677f1"},"headline":"Abdou Diouf : \u00ab\u00a0Le Conseil constitutionnel que j&rsquo;ai cr\u00e9\u00e9 reste le garant ultime de nos institutions et de notre d\u00e9mocratie\u00a0\u00bb","datePublished":"2024-02-13T20:52:18+00:00","dateModified":"2024-02-14T00:34:55+00:00","mainEntityOfPage":{"@id":"https:\/\/www.africa-press.net\/senegal\/politique\/abdou-diouf-le-conseil-constitutionnel-que-jai-cree-reste-le-garant-ultime-de-nos-institutions-et-de-notre-democratie"},"wordCount":339,"commentCount":0,"image":{"@id":"https:\/\/www.africa-press.net\/senegal\/politique\/abdou-diouf-le-conseil-constitutionnel-que-jai-cree-reste-le-garant-ultime-de-nos-institutions-et-de-notre-democratie#primaryimage"},"thumbnailUrl":"https:\/\/static.africa-press.net\/senegal\/sites\/13\/2024\/02\/sm_1707854644.41044.jpg","keywords":["Africa Press","Africa Press-Senegal","Senegal"],"articleSection":["Politique","Toutes les actualit\u00e9s"],"inLanguage":"fr-FR","potentialAction":[{"@type":"CommentAction","name":"Comment","target":["https:\/\/www.africa-press.net\/senegal\/politique\/abdou-diouf-le-conseil-constitutionnel-que-jai-cree-reste-le-garant-ultime-de-nos-institutions-et-de-notre-democratie#respond"]}]},{"@type":"WebPage","@id":"https:\/\/www.africa-press.net\/senegal\/politique\/abdou-diouf-le-conseil-constitutionnel-que-jai-cree-reste-le-garant-ultime-de-nos-institutions-et-de-notre-democratie","url":"https:\/\/www.africa-press.net\/senegal\/politique\/abdou-diouf-le-conseil-constitutionnel-que-jai-cree-reste-le-garant-ultime-de-nos-institutions-et-de-notre-democratie","name":"Abdou Diouf : \"Le Conseil constitutionnel que j'ai cr\u00e9\u00e9 reste le garant ultime de nos institutions et de notre d\u00e9mocratie\" - Senegal","isPartOf":{"@id":"https:\/\/www.africa-press.net\/senegal\/#website"},"primaryImageOfPage":{"@id":"https:\/\/www.africa-press.net\/senegal\/politique\/abdou-diouf-le-conseil-constitutionnel-que-jai-cree-reste-le-garant-ultime-de-nos-institutions-et-de-notre-democratie#primaryimage"},"image":{"@id":"https:\/\/www.africa-press.net\/senegal\/politique\/abdou-diouf-le-conseil-constitutionnel-que-jai-cree-reste-le-garant-ultime-de-nos-institutions-et-de-notre-democratie#primaryimage"},"thumbnailUrl":"https:\/\/static.africa-press.net\/senegal\/sites\/13\/2024\/02\/sm_1707854644.41044.jpg","datePublished":"2024-02-13T20:52:18+00:00","dateModified":"2024-02-14T00:34:55+00:00","author":{"@id":"https:\/\/www.africa-press.net\/senegal\/#\/schema\/person\/2b1cf3cd81a31e3cd26889ca66d677f1"},"description":"Depuis qu'il a quitte\u0301 le pouvoir, le 1er avril 2000, l'ancien pre\u0301sident Abdou Diouf dit s'e\u0302tre \"toujours abstenu de t ...","breadcrumb":{"@id":"https:\/\/www.africa-press.net\/senegal\/politique\/abdou-diouf-le-conseil-constitutionnel-que-jai-cree-reste-le-garant-ultime-de-nos-institutions-et-de-notre-democratie#breadcrumb"},"inLanguage":"fr-FR","potentialAction":[{"@type":"ReadAction","target":["https:\/\/www.africa-press.net\/senegal\/politique\/abdou-diouf-le-conseil-constitutionnel-que-jai-cree-reste-le-garant-ultime-de-nos-institutions-et-de-notre-democratie"]}]},{"@type":"ImageObject","inLanguage":"fr-FR","@id":"https:\/\/www.africa-press.net\/senegal\/politique\/abdou-diouf-le-conseil-constitutionnel-que-jai-cree-reste-le-garant-ultime-de-nos-institutions-et-de-notre-democratie#primaryimage","url":"https:\/\/static.africa-press.net\/senegal\/sites\/13\/2024\/02\/sm_1707854644.41044.jpg","contentUrl":"https:\/\/static.africa-press.net\/senegal\/sites\/13\/2024\/02\/sm_1707854644.41044.jpg","width":1286,"height":636,"caption":"Abdou Diouf : \"Le Conseil constitutionnel que j'ai cr\u00e9\u00e9 reste le garant ultime de nos institutions et de notre d\u00e9mocratie\""},{"@type":"BreadcrumbList","@id":"https:\/\/www.africa-press.net\/senegal\/politique\/abdou-diouf-le-conseil-constitutionnel-que-jai-cree-reste-le-garant-ultime-de-nos-institutions-et-de-notre-democratie#breadcrumb","itemListElement":[{"@type":"ListItem","position":1,"name":"Accueil","item":"https:\/\/www.africa-press.net\/senegal\/"},{"@type":"ListItem","position":2,"name":"Abdou Diouf : &#8220;Le Conseil constitutionnel que j&#8217;ai cr\u00e9\u00e9 reste le garant ultime de nos institutions et de notre d\u00e9mocratie&#8221;"}]},{"@type":"WebSite","@id":"https:\/\/www.africa-press.net\/senegal\/#website","url":"https:\/\/www.africa-press.net\/senegal\/","name":"Africa Press | Senegal | Homepage","description":"Just another Africa News Agency Sites site","potentialAction":[{"@type":"SearchAction","target":{"@type":"EntryPoint","urlTemplate":"https:\/\/www.africa-press.net\/senegal\/?s={search_term_string}"},"query-input":{"@type":"PropertyValueSpecification","valueRequired":true,"valueName":"search_term_string"}}],"inLanguage":"fr-FR"},{"@type":"Person","@id":"https:\/\/www.africa-press.net\/senegal\/#\/schema\/person\/2b1cf3cd81a31e3cd26889ca66d677f1","name":"cfeditorfr","url":"https:\/\/www.africa-press.net\/senegal\/author\/cfeditorfr"}]}},"_links":{"self":[{"href":"https:\/\/www.africa-press.net\/senegal\/wp-json\/wp\/v2\/posts\/55755","targetHints":{"allow":["GET"]}}],"collection":[{"href":"https:\/\/www.africa-press.net\/senegal\/wp-json\/wp\/v2\/posts"}],"about":[{"href":"https:\/\/www.africa-press.net\/senegal\/wp-json\/wp\/v2\/types\/post"}],"author":[{"embeddable":true,"href":"https:\/\/www.africa-press.net\/senegal\/wp-json\/wp\/v2\/users\/82"}],"replies":[{"embeddable":true,"href":"https:\/\/www.africa-press.net\/senegal\/wp-json\/wp\/v2\/comments?post=55755"}],"version-history":[{"count":0,"href":"https:\/\/www.africa-press.net\/senegal\/wp-json\/wp\/v2\/posts\/55755\/revisions"}],"wp:featuredmedia":[{"embeddable":true,"href":"https:\/\/www.africa-press.net\/senegal\/wp-json\/wp\/v2\/media\/55754"}],"wp:attachment":[{"href":"https:\/\/www.africa-press.net\/senegal\/wp-json\/wp\/v2\/media?parent=55755"}],"wp:term":[{"taxonomy":"category","embeddable":true,"href":"https:\/\/www.africa-press.net\/senegal\/wp-json\/wp\/v2\/categories?post=55755"},{"taxonomy":"post_tag","embeddable":true,"href":"https:\/\/www.africa-press.net\/senegal\/wp-json\/wp\/v2\/tags?post=55755"}],"curies":[{"name":"wp","href":"https:\/\/api.w.org\/{rel}","templated":true}]}}