{"id":55788,"date":"2024-02-14T19:40:32","date_gmt":"2024-02-14T19:40:32","guid":{"rendered":"https:\/\/www.africa-press.net\/senegal\/politique\/coupures-de-linternet-3-milliards-fcfa-en-lair-les-travailleurs-des-operateurs-de-telecommunications-montent-au-creneau"},"modified":"2024-02-14T22:53:57","modified_gmt":"2024-02-14T22:53:57","slug":"coupures-de-linternet-3-milliards-fcfa-en-lair-les-travailleurs-des-operateurs-de-telecommunications-montent-au-creneau","status":"publish","type":"post","link":"https:\/\/www.africa-press.net\/senegal\/politique\/coupures-de-linternet-3-milliards-fcfa-en-lair-les-travailleurs-des-operateurs-de-telecommunications-montent-au-creneau","title":{"rendered":"Coupures de l\u2019internet: 3 milliards FCFA en l&rsquo;air, les travailleurs des op\u00e9rateurs de t\u00e9l\u00e9communications montent au cr\u00e9neau"},"content":{"rendered":"<p><span style=\"color: #ff6600\"><strong>Africa-Press &#8211; Senegal. <\/strong><\/span>Du 2 juin 2023 au 13 fe\u0301vrier 2024, le ministre de la Communication, Mai\u0302tre Moussa Bocar Thiam a coupe\u0301 13 fois l&rsquo;internet sur les donne\u0301es mobiles. La de\u0301claration vient des travailleurs des te\u0301le\u0301communications et des postes.<\/p>\n<p>En effet, ces coupures ne sont pas sans conse\u0301quences puisque les agents informent avoir perdu trois milliards FCFA.<\/p>\n<p>\u00abDu 2 juin 2023 au 13 fe\u0301vrier 2024, le ministre Moussa Bocar Thiam a ope\u0301re\u0301 13 tours de coupures d&rsquo;internet mobiles soit en moyenne l&rsquo;e\u0301quivalent d&rsquo;une journe\u0301e et demie pure d&rsquo;internet tous les mois. Les pertes e\u0301conomiques sont colossales pour les ope\u0301rateurs de te\u0301le\u0301communications. Nous avons perdu 3 milliards FCFA sans compter les pre\u0301judices sociaux e\u0301conomiques des millions de clients et de la population se\u0301ne\u0301galaise \u00bb, a de\u0301clare\u0301 Rosemary Balacoune Diouf, secre\u0301taire ge\u0301ne\u0301ral du Syndicat des travailleurs de La Poste et des te\u0301le\u0301communications sur Rfm.<\/p>\n<p>Pour se faire entendre, ces travailleurs de\u0301noncent l&rsquo;attitude du ministre Moussa Bocar Thiam. En mouvement d&rsquo;humeur ce matin, ils comptent organiser dans les prochains jours des journe\u0301es de de\u0301brayage avec un port de brassards rouges dans leurs diffe\u0301rents lieux de travail.<\/p>\n<p>\u00ab Suite a\u0300 ces pertes e\u0301normes sur l&rsquo;e\u0301conomie et sur les populations, nous avons de\u0301cide\u0301 de passer a\u0300 une autre vitesse pour marquer notre solidarite\u0301 aux populations se\u0301ne\u0301galaises qui re\u0301clament leur droit a\u0300 la communication et a\u0300 l&rsquo;information et a\u0300 la liberte\u0301 d&rsquo;expression. A partir d&rsquo;aujourd&rsquo;hui, nous avons lance\u0301 des actions de protestations pacifiques pour le moment acce\u0300s sur deux moyens de lutte, a\u0300 savoir le port de brassards rouges et des journe\u0301es de de\u0301brayage ou de pre\u0301sence ne\u0301gative sur l&rsquo;ensemble de nos entreprises concerne\u0301es. Nous appelons l&rsquo;Etat a\u0300 re\u0301tablir la connexion via les donne\u0301es mobiles et a\u0300 mettre fin aux coupures intempestives de ces services. Nous sommes de\u0301termine\u0301s a\u0300 mener ce combat jusqu&rsquo;au bout \u00bb, ajoute la responsable.<\/p>\n<p><strong>Pour plus d&rsquo;informations et d&rsquo;analyses sur la <a href=\"https:\/\/www.africa-press.net\/senegal\">Senegal<\/a>, suivez <a href=\"https:\/\/www.africa-press.net\/\">Africa-Press<\/a><\/strong><\/p>\n","protected":false},"excerpt":{"rendered":"<p>Africa-Press &#8211; Senegal. Du 2 juin 2023 au 13 fe\u0301vrier 2024, le ministre de la Communication, Mai\u0302tre Moussa Bocar Thiam a coupe\u0301 13 fois l&rsquo;internet sur les donne\u0301es mobiles. La de\u0301claration vient des travailleurs des te\u0301le\u0301communications et des postes. En effet, ces coupures ne sont pas sans conse\u0301quences puisque les agents informent avoir perdu trois [&hellip;]<\/p>\n","protected":false},"author":82,"featured_media":55787,"comment_status":"open","ping_status":"closed","sticky":false,"template":"","format":"standard","meta":{"footnotes":""},"categories":[2,10],"tags":[43,47,44],"class_list":["post-55788","post","type-post","status-publish","format-standard","has-post-thumbnail","hentry","category-politique","category-toutes-les-actualites","tag-africa-press-2","tag-africa-press-senegal","tag-senegal-2"],"yoast_head":"<!-- This site is optimized with the Yoast SEO Premium plugin v26.1 (Yoast SEO v27.0) - https:\/\/yoast.com\/product\/yoast-seo-premium-wordpress\/ -->\n<title>Coupures de l\u2019internet: 3 milliards FCFA en l&#039;air, les travailleurs des op\u00e9rateurs de t\u00e9l\u00e9communications montent au cr\u00e9neau - Senegal<\/title>\n<meta name=\"description\" content=\"Du 2 juin 2023 au 13 fe\u0301vrier 2024, le ministre de la Communication, Mai\u0302tre Moussa Bocar Thiam a coupe\u0301 13 fois l&#039;inter ...\" \/>\n<meta name=\"robots\" content=\"index, follow, max-snippet:-1, max-image-preview:large, max-video-preview:-1\" \/>\n<link rel=\"canonical\" href=\"https:\/\/www.africa-press.net\/senegal\/politique\/coupures-de-linternet-3-milliards-fcfa-en-lair-les-travailleurs-des-operateurs-de-telecommunications-montent-au-creneau\" \/>\n<meta property=\"og:locale\" content=\"fr_FR\" \/>\n<meta property=\"og:type\" content=\"article\" \/>\n<meta property=\"og:title\" content=\"Coupures de l\u2019internet: 3 milliards FCFA en l&#039;air, les travailleurs des op\u00e9rateurs de t\u00e9l\u00e9communications montent au cr\u00e9neau\" \/>\n<meta property=\"og:description\" content=\"Du 2 juin 2023 au 13 fe\u0301vrier 2024, le ministre de la Communication, Mai\u0302tre Moussa Bocar Thiam a coupe\u0301 13 fois l&#039;inter ...\" \/>\n<meta property=\"og:url\" content=\"https:\/\/www.africa-press.net\/senegal\/politique\/coupures-de-linternet-3-milliards-fcfa-en-lair-les-travailleurs-des-operateurs-de-telecommunications-montent-au-creneau\" \/>\n<meta property=\"og:site_name\" content=\"Senegal\" \/>\n<meta property=\"article:published_time\" content=\"2024-02-14T19:40:32+00:00\" \/>\n<meta property=\"article:modified_time\" content=\"2024-02-14T22:53:57+00:00\" \/>\n<meta property=\"og:image\" content=\"https:\/\/static.africa-press.net\/senegal\/sites\/13\/2024\/02\/sm_1707934941.564881.jpg\" \/>\n\t<meta property=\"og:image:width\" content=\"1306\" \/>\n\t<meta property=\"og:image:height\" content=\"634\" \/>\n\t<meta property=\"og:image:type\" content=\"image\/jpeg\" \/>\n<meta name=\"author\" content=\"cfeditorfr\" \/>\n<meta name=\"twitter:card\" content=\"summary_large_image\" \/>\n<meta name=\"twitter:label1\" content=\"\u00c9crit par\" \/>\n\t<meta name=\"twitter:data1\" content=\"cfeditorfr\" \/>\n\t<meta name=\"twitter:label2\" content=\"Dur\u00e9e de lecture estim\u00e9e\" \/>\n\t<meta name=\"twitter:data2\" content=\"2 minutes\" \/>\n<script type=\"application\/ld+json\" class=\"yoast-schema-graph\">{\"@context\":\"https:\/\/schema.org\",\"@graph\":[{\"@type\":\"Article\",\"@id\":\"https:\/\/www.africa-press.net\/senegal\/politique\/coupures-de-linternet-3-milliards-fcfa-en-lair-les-travailleurs-des-operateurs-de-telecommunications-montent-au-creneau#article\",\"isPartOf\":{\"@id\":\"https:\/\/www.africa-press.net\/senegal\/politique\/coupures-de-linternet-3-milliards-fcfa-en-lair-les-travailleurs-des-operateurs-de-telecommunications-montent-au-creneau\"},\"author\":{\"name\":\"cfeditorfr\",\"@id\":\"https:\/\/www.africa-press.net\/senegal\/#\/schema\/person\/2b1cf3cd81a31e3cd26889ca66d677f1\"},\"headline\":\"Coupures de l\u2019internet: 3 milliards FCFA en l&rsquo;air, les travailleurs des op\u00e9rateurs de t\u00e9l\u00e9communications montent au cr\u00e9neau\",\"datePublished\":\"2024-02-14T19:40:32+00:00\",\"dateModified\":\"2024-02-14T22:53:57+00:00\",\"mainEntityOfPage\":{\"@id\":\"https:\/\/www.africa-press.net\/senegal\/politique\/coupures-de-linternet-3-milliards-fcfa-en-lair-les-travailleurs-des-operateurs-de-telecommunications-montent-au-creneau\"},\"wordCount\":382,\"commentCount\":0,\"image\":{\"@id\":\"https:\/\/www.africa-press.net\/senegal\/politique\/coupures-de-linternet-3-milliards-fcfa-en-lair-les-travailleurs-des-operateurs-de-telecommunications-montent-au-creneau#primaryimage\"},\"thumbnailUrl\":\"https:\/\/static.africa-press.net\/senegal\/sites\/13\/2024\/02\/sm_1707934941.564881.jpg\",\"keywords\":[\"Africa Press\",\"Africa Press-Senegal\",\"Senegal\"],\"articleSection\":[\"Politique\",\"Toutes les actualit\u00e9s\"],\"inLanguage\":\"fr-FR\",\"potentialAction\":[{\"@type\":\"CommentAction\",\"name\":\"Comment\",\"target\":[\"https:\/\/www.africa-press.net\/senegal\/politique\/coupures-de-linternet-3-milliards-fcfa-en-lair-les-travailleurs-des-operateurs-de-telecommunications-montent-au-creneau#respond\"]}]},{\"@type\":\"WebPage\",\"@id\":\"https:\/\/www.africa-press.net\/senegal\/politique\/coupures-de-linternet-3-milliards-fcfa-en-lair-les-travailleurs-des-operateurs-de-telecommunications-montent-au-creneau\",\"url\":\"https:\/\/www.africa-press.net\/senegal\/politique\/coupures-de-linternet-3-milliards-fcfa-en-lair-les-travailleurs-des-operateurs-de-telecommunications-montent-au-creneau\",\"name\":\"Coupures de l\u2019internet: 3 milliards FCFA en l'air, les travailleurs des op\u00e9rateurs de t\u00e9l\u00e9communications montent au cr\u00e9neau - Senegal\",\"isPartOf\":{\"@id\":\"https:\/\/www.africa-press.net\/senegal\/#website\"},\"primaryImageOfPage\":{\"@id\":\"https:\/\/www.africa-press.net\/senegal\/politique\/coupures-de-linternet-3-milliards-fcfa-en-lair-les-travailleurs-des-operateurs-de-telecommunications-montent-au-creneau#primaryimage\"},\"image\":{\"@id\":\"https:\/\/www.africa-press.net\/senegal\/politique\/coupures-de-linternet-3-milliards-fcfa-en-lair-les-travailleurs-des-operateurs-de-telecommunications-montent-au-creneau#primaryimage\"},\"thumbnailUrl\":\"https:\/\/static.africa-press.net\/senegal\/sites\/13\/2024\/02\/sm_1707934941.564881.jpg\",\"datePublished\":\"2024-02-14T19:40:32+00:00\",\"dateModified\":\"2024-02-14T22:53:57+00:00\",\"author\":{\"@id\":\"https:\/\/www.africa-press.net\/senegal\/#\/schema\/person\/2b1cf3cd81a31e3cd26889ca66d677f1\"},\"description\":\"Du 2 juin 2023 au 13 fe\u0301vrier 2024, le ministre de la Communication, Mai\u0302tre Moussa Bocar Thiam a coupe\u0301 13 fois l'inter ...\",\"breadcrumb\":{\"@id\":\"https:\/\/www.africa-press.net\/senegal\/politique\/coupures-de-linternet-3-milliards-fcfa-en-lair-les-travailleurs-des-operateurs-de-telecommunications-montent-au-creneau#breadcrumb\"},\"inLanguage\":\"fr-FR\",\"potentialAction\":[{\"@type\":\"ReadAction\",\"target\":[\"https:\/\/www.africa-press.net\/senegal\/politique\/coupures-de-linternet-3-milliards-fcfa-en-lair-les-travailleurs-des-operateurs-de-telecommunications-montent-au-creneau\"]}]},{\"@type\":\"ImageObject\",\"inLanguage\":\"fr-FR\",\"@id\":\"https:\/\/www.africa-press.net\/senegal\/politique\/coupures-de-linternet-3-milliards-fcfa-en-lair-les-travailleurs-des-operateurs-de-telecommunications-montent-au-creneau#primaryimage\",\"url\":\"https:\/\/static.africa-press.net\/senegal\/sites\/13\/2024\/02\/sm_1707934941.564881.jpg\",\"contentUrl\":\"https:\/\/static.africa-press.net\/senegal\/sites\/13\/2024\/02\/sm_1707934941.564881.jpg\",\"width\":1306,\"height\":634,\"caption\":\"Coupures de l\u2019internet: 3 milliards FCFA en l'air, les travailleurs des op\u00e9rateurs de t\u00e9l\u00e9communications montent au cr\u00e9neau\"},{\"@type\":\"BreadcrumbList\",\"@id\":\"https:\/\/www.africa-press.net\/senegal\/politique\/coupures-de-linternet-3-milliards-fcfa-en-lair-les-travailleurs-des-operateurs-de-telecommunications-montent-au-creneau#breadcrumb\",\"itemListElement\":[{\"@type\":\"ListItem\",\"position\":1,\"name\":\"Accueil\",\"item\":\"https:\/\/www.africa-press.net\/senegal\/\"},{\"@type\":\"ListItem\",\"position\":2,\"name\":\"Coupures de l\u2019internet: 3 milliards FCFA en l&#8217;air, les travailleurs des op\u00e9rateurs de t\u00e9l\u00e9communications montent au cr\u00e9neau\"}]},{\"@type\":\"WebSite\",\"@id\":\"https:\/\/www.africa-press.net\/senegal\/#website\",\"url\":\"https:\/\/www.africa-press.net\/senegal\/\",\"name\":\"Africa Press | Senegal | Homepage\",\"description\":\"Just another Africa News Agency Sites site\",\"potentialAction\":[{\"@type\":\"SearchAction\",\"target\":{\"@type\":\"EntryPoint\",\"urlTemplate\":\"https:\/\/www.africa-press.net\/senegal\/?s={search_term_string}\"},\"query-input\":{\"@type\":\"PropertyValueSpecification\",\"valueRequired\":true,\"valueName\":\"search_term_string\"}}],\"inLanguage\":\"fr-FR\"},{\"@type\":\"Person\",\"@id\":\"https:\/\/www.africa-press.net\/senegal\/#\/schema\/person\/2b1cf3cd81a31e3cd26889ca66d677f1\",\"name\":\"cfeditorfr\",\"url\":\"https:\/\/www.africa-press.net\/senegal\/author\/cfeditorfr\"}]}<\/script>\n<!-- \/ Yoast SEO Premium plugin. -->","yoast_head_json":{"title":"Coupures de l\u2019internet: 3 milliards FCFA en l'air, les travailleurs des op\u00e9rateurs de t\u00e9l\u00e9communications montent au cr\u00e9neau - Senegal","description":"Du 2 juin 2023 au 13 fe\u0301vrier 2024, le ministre de la Communication, Mai\u0302tre Moussa Bocar Thiam a coupe\u0301 13 fois l'inter ...","robots":{"index":"index","follow":"follow","max-snippet":"max-snippet:-1","max-image-preview":"max-image-preview:large","max-video-preview":"max-video-preview:-1"},"canonical":"https:\/\/www.africa-press.net\/senegal\/politique\/coupures-de-linternet-3-milliards-fcfa-en-lair-les-travailleurs-des-operateurs-de-telecommunications-montent-au-creneau","og_locale":"fr_FR","og_type":"article","og_title":"Coupures de l\u2019internet: 3 milliards FCFA en l'air, les travailleurs des op\u00e9rateurs de t\u00e9l\u00e9communications montent au cr\u00e9neau","og_description":"Du 2 juin 2023 au 13 fe\u0301vrier 2024, le ministre de la Communication, Mai\u0302tre Moussa Bocar Thiam a coupe\u0301 13 fois l'inter ...","og_url":"https:\/\/www.africa-press.net\/senegal\/politique\/coupures-de-linternet-3-milliards-fcfa-en-lair-les-travailleurs-des-operateurs-de-telecommunications-montent-au-creneau","og_site_name":"Senegal","article_published_time":"2024-02-14T19:40:32+00:00","article_modified_time":"2024-02-14T22:53:57+00:00","og_image":[{"width":1306,"height":634,"url":"https:\/\/static.africa-press.net\/senegal\/sites\/13\/2024\/02\/sm_1707934941.564881.jpg","type":"image\/jpeg"}],"author":"cfeditorfr","twitter_card":"summary_large_image","twitter_misc":{"\u00c9crit par":"cfeditorfr","Dur\u00e9e de lecture estim\u00e9e":"2 minutes"},"schema":{"@context":"https:\/\/schema.org","@graph":[{"@type":"Article","@id":"https:\/\/www.africa-press.net\/senegal\/politique\/coupures-de-linternet-3-milliards-fcfa-en-lair-les-travailleurs-des-operateurs-de-telecommunications-montent-au-creneau#article","isPartOf":{"@id":"https:\/\/www.africa-press.net\/senegal\/politique\/coupures-de-linternet-3-milliards-fcfa-en-lair-les-travailleurs-des-operateurs-de-telecommunications-montent-au-creneau"},"author":{"name":"cfeditorfr","@id":"https:\/\/www.africa-press.net\/senegal\/#\/schema\/person\/2b1cf3cd81a31e3cd26889ca66d677f1"},"headline":"Coupures de l\u2019internet: 3 milliards FCFA en l&rsquo;air, les travailleurs des op\u00e9rateurs de t\u00e9l\u00e9communications montent au cr\u00e9neau","datePublished":"2024-02-14T19:40:32+00:00","dateModified":"2024-02-14T22:53:57+00:00","mainEntityOfPage":{"@id":"https:\/\/www.africa-press.net\/senegal\/politique\/coupures-de-linternet-3-milliards-fcfa-en-lair-les-travailleurs-des-operateurs-de-telecommunications-montent-au-creneau"},"wordCount":382,"commentCount":0,"image":{"@id":"https:\/\/www.africa-press.net\/senegal\/politique\/coupures-de-linternet-3-milliards-fcfa-en-lair-les-travailleurs-des-operateurs-de-telecommunications-montent-au-creneau#primaryimage"},"thumbnailUrl":"https:\/\/static.africa-press.net\/senegal\/sites\/13\/2024\/02\/sm_1707934941.564881.jpg","keywords":["Africa Press","Africa Press-Senegal","Senegal"],"articleSection":["Politique","Toutes les actualit\u00e9s"],"inLanguage":"fr-FR","potentialAction":[{"@type":"CommentAction","name":"Comment","target":["https:\/\/www.africa-press.net\/senegal\/politique\/coupures-de-linternet-3-milliards-fcfa-en-lair-les-travailleurs-des-operateurs-de-telecommunications-montent-au-creneau#respond"]}]},{"@type":"WebPage","@id":"https:\/\/www.africa-press.net\/senegal\/politique\/coupures-de-linternet-3-milliards-fcfa-en-lair-les-travailleurs-des-operateurs-de-telecommunications-montent-au-creneau","url":"https:\/\/www.africa-press.net\/senegal\/politique\/coupures-de-linternet-3-milliards-fcfa-en-lair-les-travailleurs-des-operateurs-de-telecommunications-montent-au-creneau","name":"Coupures de l\u2019internet: 3 milliards FCFA en l'air, les travailleurs des op\u00e9rateurs de t\u00e9l\u00e9communications montent au cr\u00e9neau - Senegal","isPartOf":{"@id":"https:\/\/www.africa-press.net\/senegal\/#website"},"primaryImageOfPage":{"@id":"https:\/\/www.africa-press.net\/senegal\/politique\/coupures-de-linternet-3-milliards-fcfa-en-lair-les-travailleurs-des-operateurs-de-telecommunications-montent-au-creneau#primaryimage"},"image":{"@id":"https:\/\/www.africa-press.net\/senegal\/politique\/coupures-de-linternet-3-milliards-fcfa-en-lair-les-travailleurs-des-operateurs-de-telecommunications-montent-au-creneau#primaryimage"},"thumbnailUrl":"https:\/\/static.africa-press.net\/senegal\/sites\/13\/2024\/02\/sm_1707934941.564881.jpg","datePublished":"2024-02-14T19:40:32+00:00","dateModified":"2024-02-14T22:53:57+00:00","author":{"@id":"https:\/\/www.africa-press.net\/senegal\/#\/schema\/person\/2b1cf3cd81a31e3cd26889ca66d677f1"},"description":"Du 2 juin 2023 au 13 fe\u0301vrier 2024, le ministre de la Communication, Mai\u0302tre Moussa Bocar Thiam a coupe\u0301 13 fois l'inter ...","breadcrumb":{"@id":"https:\/\/www.africa-press.net\/senegal\/politique\/coupures-de-linternet-3-milliards-fcfa-en-lair-les-travailleurs-des-operateurs-de-telecommunications-montent-au-creneau#breadcrumb"},"inLanguage":"fr-FR","potentialAction":[{"@type":"ReadAction","target":["https:\/\/www.africa-press.net\/senegal\/politique\/coupures-de-linternet-3-milliards-fcfa-en-lair-les-travailleurs-des-operateurs-de-telecommunications-montent-au-creneau"]}]},{"@type":"ImageObject","inLanguage":"fr-FR","@id":"https:\/\/www.africa-press.net\/senegal\/politique\/coupures-de-linternet-3-milliards-fcfa-en-lair-les-travailleurs-des-operateurs-de-telecommunications-montent-au-creneau#primaryimage","url":"https:\/\/static.africa-press.net\/senegal\/sites\/13\/2024\/02\/sm_1707934941.564881.jpg","contentUrl":"https:\/\/static.africa-press.net\/senegal\/sites\/13\/2024\/02\/sm_1707934941.564881.jpg","width":1306,"height":634,"caption":"Coupures de l\u2019internet: 3 milliards FCFA en l'air, les travailleurs des op\u00e9rateurs de t\u00e9l\u00e9communications montent au cr\u00e9neau"},{"@type":"BreadcrumbList","@id":"https:\/\/www.africa-press.net\/senegal\/politique\/coupures-de-linternet-3-milliards-fcfa-en-lair-les-travailleurs-des-operateurs-de-telecommunications-montent-au-creneau#breadcrumb","itemListElement":[{"@type":"ListItem","position":1,"name":"Accueil","item":"https:\/\/www.africa-press.net\/senegal\/"},{"@type":"ListItem","position":2,"name":"Coupures de l\u2019internet: 3 milliards FCFA en l&#8217;air, les travailleurs des op\u00e9rateurs de t\u00e9l\u00e9communications montent au cr\u00e9neau"}]},{"@type":"WebSite","@id":"https:\/\/www.africa-press.net\/senegal\/#website","url":"https:\/\/www.africa-press.net\/senegal\/","name":"Africa Press | Senegal | Homepage","description":"Just another Africa News Agency Sites site","potentialAction":[{"@type":"SearchAction","target":{"@type":"EntryPoint","urlTemplate":"https:\/\/www.africa-press.net\/senegal\/?s={search_term_string}"},"query-input":{"@type":"PropertyValueSpecification","valueRequired":true,"valueName":"search_term_string"}}],"inLanguage":"fr-FR"},{"@type":"Person","@id":"https:\/\/www.africa-press.net\/senegal\/#\/schema\/person\/2b1cf3cd81a31e3cd26889ca66d677f1","name":"cfeditorfr","url":"https:\/\/www.africa-press.net\/senegal\/author\/cfeditorfr"}]}},"_links":{"self":[{"href":"https:\/\/www.africa-press.net\/senegal\/wp-json\/wp\/v2\/posts\/55788","targetHints":{"allow":["GET"]}}],"collection":[{"href":"https:\/\/www.africa-press.net\/senegal\/wp-json\/wp\/v2\/posts"}],"about":[{"href":"https:\/\/www.africa-press.net\/senegal\/wp-json\/wp\/v2\/types\/post"}],"author":[{"embeddable":true,"href":"https:\/\/www.africa-press.net\/senegal\/wp-json\/wp\/v2\/users\/82"}],"replies":[{"embeddable":true,"href":"https:\/\/www.africa-press.net\/senegal\/wp-json\/wp\/v2\/comments?post=55788"}],"version-history":[{"count":0,"href":"https:\/\/www.africa-press.net\/senegal\/wp-json\/wp\/v2\/posts\/55788\/revisions"}],"wp:featuredmedia":[{"embeddable":true,"href":"https:\/\/www.africa-press.net\/senegal\/wp-json\/wp\/v2\/media\/55787"}],"wp:attachment":[{"href":"https:\/\/www.africa-press.net\/senegal\/wp-json\/wp\/v2\/media?parent=55788"}],"wp:term":[{"taxonomy":"category","embeddable":true,"href":"https:\/\/www.africa-press.net\/senegal\/wp-json\/wp\/v2\/categories?post=55788"},{"taxonomy":"post_tag","embeddable":true,"href":"https:\/\/www.africa-press.net\/senegal\/wp-json\/wp\/v2\/tags?post=55788"}],"curies":[{"name":"wp","href":"https:\/\/api.w.org\/{rel}","templated":true}]}}