{"id":55791,"date":"2024-02-14T21:26:53","date_gmt":"2024-02-14T21:26:53","guid":{"rendered":"https:\/\/www.africa-press.net\/senegal\/politique\/report-presidentielle-et-amnistie-le-collectif-des-familles-des-detenus-politiques-dit-non"},"modified":"2024-02-14T22:54:45","modified_gmt":"2024-02-14T22:54:45","slug":"report-presidentielle-et-amnistie-le-collectif-des-familles-des-detenus-politiques-dit-non","status":"publish","type":"post","link":"https:\/\/www.africa-press.net\/senegal\/politique\/report-presidentielle-et-amnistie-le-collectif-des-familles-des-detenus-politiques-dit-non","title":{"rendered":"Report Pr\u00e9sidentielle et amnistie : Le Collectif des familles des \u00ab\u00a0d\u00e9tenus politiques\u00a0\u00bb dit non"},"content":{"rendered":"<p><span style=\"color: #ff6600\"><strong>Africa-Press &#8211; Senegal. <\/strong><\/span>L\u2019annonce sur l\u2019amnistie des de\u0301tenus politiques a fait re\u0301agir le collectif qui regroupe leurs familles. Sur Rfm, ce collectif exprime son de\u0301saccord sur le prolongement du mandat du pre\u0301sident Macky Sall. \u00abLe prolongement du mandat de Macky est e\u0301gal au prolongement de la dure\u0301e carce\u0301rale des de\u0301tenus politiques \u00bb, soutient Mouhamed Djim, membre du Collectif des familles des de\u0301tenus.<\/p>\n<p>Au sujet de l&rsquo;amnistie, il reste cate\u0301gorique: c&rsquo;est niet ! \u00ab\u00a0Nous n&rsquo;accepterons pas que ces de\u0301tenus puissent servir de monnaie d&rsquo;e\u0301change. J&rsquo;ai rec\u0327u l&rsquo;appel d\u2019Annibal Djim, d&rsquo;Ousmane Sarr, de Bayna Gue\u0300ye, de Tom et de Ben Taleb Sow. Tous disent que l&rsquo;amnistie dont Macky Sall est en train de parler a\u0300 travers les me\u0301dias, c&rsquo;est pour lui ; ce n&rsquo;est pas pour eux. Ces de\u0301tenus politiques demandent un jugement et non une amnistie, car ils n&rsquo;ont rien fait \u00bb, a-t-il affirme\u0301.<\/p>\n<p>Poursuivant, le porte-parole du Collectif des familles des de\u0301tenus politiques a justifie\u0301 son point de vue et a plaide\u0301 pour l&rsquo;indemnisation de longues de\u0301tentions. \u00ab Je dis non a\u0300 l&rsquo;amnistie des de\u0301tenus politiques parce que le pre\u0301sident ne peut pas commettre des crimes humains, tuer des enfants innocents et venir aujourd&rsquo;hui parler d&rsquo;amnistie. Et la me\u0301moire de ces gens-la\u0300 ? Et la souffrance des parents qui attendent aujourd&rsquo;hui que justice soit faite ? C\u0327a ne doit pas s&rsquo;arre\u0302ter la\u0300 parce que les de\u0301tenus qui ont fait une longue dure\u0301e carce\u0301rale doivent e\u0302tre indemnise\u0301s. Nous n&rsquo;accepterons pas une simple libe\u0301ration et on oublie \u00bb.<\/p>\n<p><strong>Pour plus d&rsquo;informations et d&rsquo;analyses sur la <a href=\"https:\/\/www.africa-press.net\/senegal\">Senegal<\/a>, suivez <a href=\"https:\/\/www.africa-press.net\/\">Africa-Press<\/a><\/strong><\/p>\n","protected":false},"excerpt":{"rendered":"<p>Africa-Press &#8211; Senegal. L\u2019annonce sur l\u2019amnistie des de\u0301tenus politiques a fait re\u0301agir le collectif qui regroupe leurs familles. Sur Rfm, ce collectif exprime son de\u0301saccord sur le prolongement du mandat du pre\u0301sident Macky Sall. \u00abLe prolongement du mandat de Macky est e\u0301gal au prolongement de la dure\u0301e carce\u0301rale des de\u0301tenus politiques \u00bb, soutient Mouhamed Djim, [&hellip;]<\/p>\n","protected":false},"author":82,"featured_media":55789,"comment_status":"open","ping_status":"closed","sticky":false,"template":"","format":"standard","meta":{"footnotes":""},"categories":[2,10],"tags":[43,47,44],"class_list":["post-55791","post","type-post","status-publish","format-standard","has-post-thumbnail","hentry","category-politique","category-toutes-les-actualites","tag-africa-press-2","tag-africa-press-senegal","tag-senegal-2"],"yoast_head":"<!-- This site is optimized with the Yoast SEO Premium plugin v26.1 (Yoast SEO v27.0) - https:\/\/yoast.com\/product\/yoast-seo-premium-wordpress\/ -->\n<title>Report Pr\u00e9sidentielle et amnistie : Le Collectif des familles des &quot;d\u00e9tenus politiques&quot; dit non - Senegal<\/title>\n<meta name=\"description\" content=\"L\u2019annonce sur l\u2019amnistie des de\u0301tenus politiques a fait re\u0301agir le collectif qui regroupe leurs familles. Sur Rfm, ce co ...\" \/>\n<meta name=\"robots\" content=\"index, follow, max-snippet:-1, max-image-preview:large, max-video-preview:-1\" \/>\n<link rel=\"canonical\" href=\"https:\/\/www.africa-press.net\/senegal\/politique\/report-presidentielle-et-amnistie-le-collectif-des-familles-des-detenus-politiques-dit-non\" \/>\n<meta property=\"og:locale\" content=\"fr_FR\" \/>\n<meta property=\"og:type\" content=\"article\" \/>\n<meta property=\"og:title\" content=\"Report Pr\u00e9sidentielle et amnistie : Le Collectif des familles des &quot;d\u00e9tenus politiques&quot; dit non\" \/>\n<meta property=\"og:description\" content=\"L\u2019annonce sur l\u2019amnistie des de\u0301tenus politiques a fait re\u0301agir le collectif qui regroupe leurs familles. Sur Rfm, ce co ...\" \/>\n<meta property=\"og:url\" content=\"https:\/\/www.africa-press.net\/senegal\/politique\/report-presidentielle-et-amnistie-le-collectif-des-familles-des-detenus-politiques-dit-non\" \/>\n<meta property=\"og:site_name\" content=\"Senegal\" \/>\n<meta property=\"article:published_time\" content=\"2024-02-14T21:26:53+00:00\" \/>\n<meta property=\"article:modified_time\" content=\"2024-02-14T22:54:45+00:00\" \/>\n<meta property=\"og:image\" content=\"https:\/\/static.africa-press.net\/senegal\/sites\/13\/2024\/02\/sm_1707935001.240654.jpg\" \/>\n\t<meta property=\"og:image:width\" content=\"1303\" \/>\n\t<meta property=\"og:image:height\" content=\"632\" \/>\n\t<meta property=\"og:image:type\" content=\"image\/jpeg\" \/>\n<meta name=\"author\" content=\"cfeditorfr\" \/>\n<meta name=\"twitter:card\" content=\"summary_large_image\" \/>\n<meta name=\"twitter:label1\" content=\"\u00c9crit par\" \/>\n\t<meta name=\"twitter:data1\" content=\"cfeditorfr\" \/>\n\t<meta name=\"twitter:label2\" content=\"Dur\u00e9e de lecture estim\u00e9e\" \/>\n\t<meta name=\"twitter:data2\" content=\"1 minute\" \/>\n<script type=\"application\/ld+json\" class=\"yoast-schema-graph\">{\"@context\":\"https:\/\/schema.org\",\"@graph\":[{\"@type\":\"Article\",\"@id\":\"https:\/\/www.africa-press.net\/senegal\/politique\/report-presidentielle-et-amnistie-le-collectif-des-familles-des-detenus-politiques-dit-non#article\",\"isPartOf\":{\"@id\":\"https:\/\/www.africa-press.net\/senegal\/politique\/report-presidentielle-et-amnistie-le-collectif-des-familles-des-detenus-politiques-dit-non\"},\"author\":{\"name\":\"cfeditorfr\",\"@id\":\"https:\/\/www.africa-press.net\/senegal\/#\/schema\/person\/2b1cf3cd81a31e3cd26889ca66d677f1\"},\"headline\":\"Report Pr\u00e9sidentielle et amnistie : Le Collectif des familles des \u00ab\u00a0d\u00e9tenus politiques\u00a0\u00bb dit non\",\"datePublished\":\"2024-02-14T21:26:53+00:00\",\"dateModified\":\"2024-02-14T22:54:45+00:00\",\"mainEntityOfPage\":{\"@id\":\"https:\/\/www.africa-press.net\/senegal\/politique\/report-presidentielle-et-amnistie-le-collectif-des-familles-des-detenus-politiques-dit-non\"},\"wordCount\":315,\"commentCount\":0,\"image\":{\"@id\":\"https:\/\/www.africa-press.net\/senegal\/politique\/report-presidentielle-et-amnistie-le-collectif-des-familles-des-detenus-politiques-dit-non#primaryimage\"},\"thumbnailUrl\":\"https:\/\/static.africa-press.net\/senegal\/sites\/13\/2024\/02\/sm_1707935001.240654.jpg\",\"keywords\":[\"Africa Press\",\"Africa Press-Senegal\",\"Senegal\"],\"articleSection\":[\"Politique\",\"Toutes les actualit\u00e9s\"],\"inLanguage\":\"fr-FR\",\"potentialAction\":[{\"@type\":\"CommentAction\",\"name\":\"Comment\",\"target\":[\"https:\/\/www.africa-press.net\/senegal\/politique\/report-presidentielle-et-amnistie-le-collectif-des-familles-des-detenus-politiques-dit-non#respond\"]}]},{\"@type\":\"WebPage\",\"@id\":\"https:\/\/www.africa-press.net\/senegal\/politique\/report-presidentielle-et-amnistie-le-collectif-des-familles-des-detenus-politiques-dit-non\",\"url\":\"https:\/\/www.africa-press.net\/senegal\/politique\/report-presidentielle-et-amnistie-le-collectif-des-familles-des-detenus-politiques-dit-non\",\"name\":\"Report Pr\u00e9sidentielle et amnistie : Le Collectif des familles des \\\"d\u00e9tenus politiques\\\" dit non - Senegal\",\"isPartOf\":{\"@id\":\"https:\/\/www.africa-press.net\/senegal\/#website\"},\"primaryImageOfPage\":{\"@id\":\"https:\/\/www.africa-press.net\/senegal\/politique\/report-presidentielle-et-amnistie-le-collectif-des-familles-des-detenus-politiques-dit-non#primaryimage\"},\"image\":{\"@id\":\"https:\/\/www.africa-press.net\/senegal\/politique\/report-presidentielle-et-amnistie-le-collectif-des-familles-des-detenus-politiques-dit-non#primaryimage\"},\"thumbnailUrl\":\"https:\/\/static.africa-press.net\/senegal\/sites\/13\/2024\/02\/sm_1707935001.240654.jpg\",\"datePublished\":\"2024-02-14T21:26:53+00:00\",\"dateModified\":\"2024-02-14T22:54:45+00:00\",\"author\":{\"@id\":\"https:\/\/www.africa-press.net\/senegal\/#\/schema\/person\/2b1cf3cd81a31e3cd26889ca66d677f1\"},\"description\":\"L\u2019annonce sur l\u2019amnistie des de\u0301tenus politiques a fait re\u0301agir le collectif qui regroupe leurs familles. Sur Rfm, ce co ...\",\"breadcrumb\":{\"@id\":\"https:\/\/www.africa-press.net\/senegal\/politique\/report-presidentielle-et-amnistie-le-collectif-des-familles-des-detenus-politiques-dit-non#breadcrumb\"},\"inLanguage\":\"fr-FR\",\"potentialAction\":[{\"@type\":\"ReadAction\",\"target\":[\"https:\/\/www.africa-press.net\/senegal\/politique\/report-presidentielle-et-amnistie-le-collectif-des-familles-des-detenus-politiques-dit-non\"]}]},{\"@type\":\"ImageObject\",\"inLanguage\":\"fr-FR\",\"@id\":\"https:\/\/www.africa-press.net\/senegal\/politique\/report-presidentielle-et-amnistie-le-collectif-des-familles-des-detenus-politiques-dit-non#primaryimage\",\"url\":\"https:\/\/static.africa-press.net\/senegal\/sites\/13\/2024\/02\/sm_1707935001.240654.jpg\",\"contentUrl\":\"https:\/\/static.africa-press.net\/senegal\/sites\/13\/2024\/02\/sm_1707935001.240654.jpg\",\"width\":1303,\"height\":632,\"caption\":\"Report Pr\u00e9sidentielle et amnistie : Le Collectif des familles des \\\"d\u00e9tenus politiques\\\" dit non\"},{\"@type\":\"BreadcrumbList\",\"@id\":\"https:\/\/www.africa-press.net\/senegal\/politique\/report-presidentielle-et-amnistie-le-collectif-des-familles-des-detenus-politiques-dit-non#breadcrumb\",\"itemListElement\":[{\"@type\":\"ListItem\",\"position\":1,\"name\":\"Accueil\",\"item\":\"https:\/\/www.africa-press.net\/senegal\/\"},{\"@type\":\"ListItem\",\"position\":2,\"name\":\"Report Pr\u00e9sidentielle et amnistie : Le Collectif des familles des &#8220;d\u00e9tenus politiques&#8221; dit non\"}]},{\"@type\":\"WebSite\",\"@id\":\"https:\/\/www.africa-press.net\/senegal\/#website\",\"url\":\"https:\/\/www.africa-press.net\/senegal\/\",\"name\":\"Africa Press | Senegal | Homepage\",\"description\":\"Just another Africa News Agency Sites site\",\"potentialAction\":[{\"@type\":\"SearchAction\",\"target\":{\"@type\":\"EntryPoint\",\"urlTemplate\":\"https:\/\/www.africa-press.net\/senegal\/?s={search_term_string}\"},\"query-input\":{\"@type\":\"PropertyValueSpecification\",\"valueRequired\":true,\"valueName\":\"search_term_string\"}}],\"inLanguage\":\"fr-FR\"},{\"@type\":\"Person\",\"@id\":\"https:\/\/www.africa-press.net\/senegal\/#\/schema\/person\/2b1cf3cd81a31e3cd26889ca66d677f1\",\"name\":\"cfeditorfr\",\"url\":\"https:\/\/www.africa-press.net\/senegal\/author\/cfeditorfr\"}]}<\/script>\n<!-- \/ Yoast SEO Premium plugin. -->","yoast_head_json":{"title":"Report Pr\u00e9sidentielle et amnistie : Le Collectif des familles des \"d\u00e9tenus politiques\" dit non - Senegal","description":"L\u2019annonce sur l\u2019amnistie des de\u0301tenus politiques a fait re\u0301agir le collectif qui regroupe leurs familles. Sur Rfm, ce co ...","robots":{"index":"index","follow":"follow","max-snippet":"max-snippet:-1","max-image-preview":"max-image-preview:large","max-video-preview":"max-video-preview:-1"},"canonical":"https:\/\/www.africa-press.net\/senegal\/politique\/report-presidentielle-et-amnistie-le-collectif-des-familles-des-detenus-politiques-dit-non","og_locale":"fr_FR","og_type":"article","og_title":"Report Pr\u00e9sidentielle et amnistie : Le Collectif des familles des \"d\u00e9tenus politiques\" dit non","og_description":"L\u2019annonce sur l\u2019amnistie des de\u0301tenus politiques a fait re\u0301agir le collectif qui regroupe leurs familles. Sur Rfm, ce co ...","og_url":"https:\/\/www.africa-press.net\/senegal\/politique\/report-presidentielle-et-amnistie-le-collectif-des-familles-des-detenus-politiques-dit-non","og_site_name":"Senegal","article_published_time":"2024-02-14T21:26:53+00:00","article_modified_time":"2024-02-14T22:54:45+00:00","og_image":[{"width":1303,"height":632,"url":"https:\/\/static.africa-press.net\/senegal\/sites\/13\/2024\/02\/sm_1707935001.240654.jpg","type":"image\/jpeg"}],"author":"cfeditorfr","twitter_card":"summary_large_image","twitter_misc":{"\u00c9crit par":"cfeditorfr","Dur\u00e9e de lecture estim\u00e9e":"1 minute"},"schema":{"@context":"https:\/\/schema.org","@graph":[{"@type":"Article","@id":"https:\/\/www.africa-press.net\/senegal\/politique\/report-presidentielle-et-amnistie-le-collectif-des-familles-des-detenus-politiques-dit-non#article","isPartOf":{"@id":"https:\/\/www.africa-press.net\/senegal\/politique\/report-presidentielle-et-amnistie-le-collectif-des-familles-des-detenus-politiques-dit-non"},"author":{"name":"cfeditorfr","@id":"https:\/\/www.africa-press.net\/senegal\/#\/schema\/person\/2b1cf3cd81a31e3cd26889ca66d677f1"},"headline":"Report Pr\u00e9sidentielle et amnistie : Le Collectif des familles des \u00ab\u00a0d\u00e9tenus politiques\u00a0\u00bb dit non","datePublished":"2024-02-14T21:26:53+00:00","dateModified":"2024-02-14T22:54:45+00:00","mainEntityOfPage":{"@id":"https:\/\/www.africa-press.net\/senegal\/politique\/report-presidentielle-et-amnistie-le-collectif-des-familles-des-detenus-politiques-dit-non"},"wordCount":315,"commentCount":0,"image":{"@id":"https:\/\/www.africa-press.net\/senegal\/politique\/report-presidentielle-et-amnistie-le-collectif-des-familles-des-detenus-politiques-dit-non#primaryimage"},"thumbnailUrl":"https:\/\/static.africa-press.net\/senegal\/sites\/13\/2024\/02\/sm_1707935001.240654.jpg","keywords":["Africa Press","Africa Press-Senegal","Senegal"],"articleSection":["Politique","Toutes les actualit\u00e9s"],"inLanguage":"fr-FR","potentialAction":[{"@type":"CommentAction","name":"Comment","target":["https:\/\/www.africa-press.net\/senegal\/politique\/report-presidentielle-et-amnistie-le-collectif-des-familles-des-detenus-politiques-dit-non#respond"]}]},{"@type":"WebPage","@id":"https:\/\/www.africa-press.net\/senegal\/politique\/report-presidentielle-et-amnistie-le-collectif-des-familles-des-detenus-politiques-dit-non","url":"https:\/\/www.africa-press.net\/senegal\/politique\/report-presidentielle-et-amnistie-le-collectif-des-familles-des-detenus-politiques-dit-non","name":"Report Pr\u00e9sidentielle et amnistie : Le Collectif des familles des \"d\u00e9tenus politiques\" dit non - Senegal","isPartOf":{"@id":"https:\/\/www.africa-press.net\/senegal\/#website"},"primaryImageOfPage":{"@id":"https:\/\/www.africa-press.net\/senegal\/politique\/report-presidentielle-et-amnistie-le-collectif-des-familles-des-detenus-politiques-dit-non#primaryimage"},"image":{"@id":"https:\/\/www.africa-press.net\/senegal\/politique\/report-presidentielle-et-amnistie-le-collectif-des-familles-des-detenus-politiques-dit-non#primaryimage"},"thumbnailUrl":"https:\/\/static.africa-press.net\/senegal\/sites\/13\/2024\/02\/sm_1707935001.240654.jpg","datePublished":"2024-02-14T21:26:53+00:00","dateModified":"2024-02-14T22:54:45+00:00","author":{"@id":"https:\/\/www.africa-press.net\/senegal\/#\/schema\/person\/2b1cf3cd81a31e3cd26889ca66d677f1"},"description":"L\u2019annonce sur l\u2019amnistie des de\u0301tenus politiques a fait re\u0301agir le collectif qui regroupe leurs familles. Sur Rfm, ce co ...","breadcrumb":{"@id":"https:\/\/www.africa-press.net\/senegal\/politique\/report-presidentielle-et-amnistie-le-collectif-des-familles-des-detenus-politiques-dit-non#breadcrumb"},"inLanguage":"fr-FR","potentialAction":[{"@type":"ReadAction","target":["https:\/\/www.africa-press.net\/senegal\/politique\/report-presidentielle-et-amnistie-le-collectif-des-familles-des-detenus-politiques-dit-non"]}]},{"@type":"ImageObject","inLanguage":"fr-FR","@id":"https:\/\/www.africa-press.net\/senegal\/politique\/report-presidentielle-et-amnistie-le-collectif-des-familles-des-detenus-politiques-dit-non#primaryimage","url":"https:\/\/static.africa-press.net\/senegal\/sites\/13\/2024\/02\/sm_1707935001.240654.jpg","contentUrl":"https:\/\/static.africa-press.net\/senegal\/sites\/13\/2024\/02\/sm_1707935001.240654.jpg","width":1303,"height":632,"caption":"Report Pr\u00e9sidentielle et amnistie : Le Collectif des familles des \"d\u00e9tenus politiques\" dit non"},{"@type":"BreadcrumbList","@id":"https:\/\/www.africa-press.net\/senegal\/politique\/report-presidentielle-et-amnistie-le-collectif-des-familles-des-detenus-politiques-dit-non#breadcrumb","itemListElement":[{"@type":"ListItem","position":1,"name":"Accueil","item":"https:\/\/www.africa-press.net\/senegal\/"},{"@type":"ListItem","position":2,"name":"Report Pr\u00e9sidentielle et amnistie : Le Collectif des familles des &#8220;d\u00e9tenus politiques&#8221; dit non"}]},{"@type":"WebSite","@id":"https:\/\/www.africa-press.net\/senegal\/#website","url":"https:\/\/www.africa-press.net\/senegal\/","name":"Africa Press | Senegal | Homepage","description":"Just another Africa News Agency Sites site","potentialAction":[{"@type":"SearchAction","target":{"@type":"EntryPoint","urlTemplate":"https:\/\/www.africa-press.net\/senegal\/?s={search_term_string}"},"query-input":{"@type":"PropertyValueSpecification","valueRequired":true,"valueName":"search_term_string"}}],"inLanguage":"fr-FR"},{"@type":"Person","@id":"https:\/\/www.africa-press.net\/senegal\/#\/schema\/person\/2b1cf3cd81a31e3cd26889ca66d677f1","name":"cfeditorfr","url":"https:\/\/www.africa-press.net\/senegal\/author\/cfeditorfr"}]}},"_links":{"self":[{"href":"https:\/\/www.africa-press.net\/senegal\/wp-json\/wp\/v2\/posts\/55791","targetHints":{"allow":["GET"]}}],"collection":[{"href":"https:\/\/www.africa-press.net\/senegal\/wp-json\/wp\/v2\/posts"}],"about":[{"href":"https:\/\/www.africa-press.net\/senegal\/wp-json\/wp\/v2\/types\/post"}],"author":[{"embeddable":true,"href":"https:\/\/www.africa-press.net\/senegal\/wp-json\/wp\/v2\/users\/82"}],"replies":[{"embeddable":true,"href":"https:\/\/www.africa-press.net\/senegal\/wp-json\/wp\/v2\/comments?post=55791"}],"version-history":[{"count":0,"href":"https:\/\/www.africa-press.net\/senegal\/wp-json\/wp\/v2\/posts\/55791\/revisions"}],"wp:featuredmedia":[{"embeddable":true,"href":"https:\/\/www.africa-press.net\/senegal\/wp-json\/wp\/v2\/media\/55789"}],"wp:attachment":[{"href":"https:\/\/www.africa-press.net\/senegal\/wp-json\/wp\/v2\/media?parent=55791"}],"wp:term":[{"taxonomy":"category","embeddable":true,"href":"https:\/\/www.africa-press.net\/senegal\/wp-json\/wp\/v2\/categories?post=55791"},{"taxonomy":"post_tag","embeddable":true,"href":"https:\/\/www.africa-press.net\/senegal\/wp-json\/wp\/v2\/tags?post=55791"}],"curies":[{"name":"wp","href":"https:\/\/api.w.org\/{rel}","templated":true}]}}