{"id":55793,"date":"2024-02-14T21:29:41","date_gmt":"2024-02-14T21:29:41","guid":{"rendered":"https:\/\/www.africa-press.net\/senegal\/politique\/crise-politique-le-forum-du-justiciable-denonce-le-lynchage-mediatique-international-contre-le-senegal"},"modified":"2024-02-14T22:55:29","modified_gmt":"2024-02-14T22:55:29","slug":"crise-politique-le-forum-du-justiciable-denonce-le-lynchage-mediatique-international-contre-le-senegal","status":"publish","type":"post","link":"https:\/\/www.africa-press.net\/senegal\/politique\/crise-politique-le-forum-du-justiciable-denonce-le-lynchage-mediatique-international-contre-le-senegal","title":{"rendered":"Crise politique: Le Forum du justiciable d\u00e9nonce le \u00ab\u00a0lynchage m\u00e9diatique international\u00a0\u00bb contre le S\u00e9n\u00e9gal"},"content":{"rendered":"<p><span style=\"color: #ff6600\"><strong>Africa-Press &#8211; Senegal. <\/strong><\/span>A\u0300 travers un communique\u0301 de presse, le Forum du justiciable a constate\u0301, pour le regretter, que depuis l\u2019annonce du report de l\u2019e\u0301lection pre\u0301sidentielle, le Se\u0301ne\u0301gal est la \u00ab\u00a0cible\u00a0\u00bb d\u2019une flope\u0301e de me\u0301dias e\u0301trangers.<\/p>\n<p>\u00ab\u00a0Au me\u0301pris de toutes les re\u0300gles de biense\u0301ance et d\u2019e\u0301thique, ces derniers, sans doute a\u0300 la solde de lobbies obscurs, font un proce\u0300s en sorcellerie a\u0300 notre pays. Un lynchage en re\u0300gle malhonne\u0302te, pue\u0301ril, sans aucune retenue, et a\u0300 la limite me\u0301chant, aux allures de re\u0300glement de comptes, comme si le Se\u0301ne\u0301gal avait commis un crime de le\u0300se-majeste\u0301\u00a0\u00bb, a notamment de\u0301crie\u0301 le bureau exe\u0301cutif de cette organisation.<\/p>\n<p>Outre\u0301s, Babacar Ba &amp; Cie se demandent \u00ab\u00a0comment un report de l\u2019e\u0301lection pre\u0301sidentielle dans un pays souverain peut-il mobiliser autant d\u2019e\u0301nergie de la part de pays dont le Se\u0301ne\u0301gal n\u2019a rien a\u0300 envier en matie\u0300re de de\u0301mocratie et de de\u0301fense des Droits de l\u2019homme ? Que cachent ces attaques quotidiennes et toute cette agitation contre le Se\u0301ne\u0301gal ? Pourquoi cet acharnement contre un pays vitrine de la de\u0301mocratie qui, contrairement a\u0300 d\u2019autres nations, est re\u0301pute\u0301 pour sa stabilite\u0301 et la cre\u0301dibilite\u0301 de ses institutions ?\u00a0\u00bb.<\/p>\n<p>A\u0300 ce titre, le Forum du justiciable dit condamner avec la dernie\u0300re e\u0301nergie ce qu&rsquo;il conside\u0300re comme un \u00ab\u00a0lynchage me\u0301diatique international\u00a0\u00bb contre le Se\u0301ne\u0301gal.<\/p>\n<p>Parlant, en outre, d'\u00a0\u00bbattaques insense\u0301es\u00a0\u00bb, l&rsquo;organisation, qui se re\u0301clame de la socie\u0301te\u0301 civile, a pre\u0301cise\u0301 que le Se\u0301ne\u0301gal n\u2019a aucune lec\u0327on de de\u0301mocratie a\u0300 recevoir de la communaute\u0301 internationale. \u00ab\u00a0Ces pays qui ont fait du Se\u0301ne\u0301gal leur cible n\u2019ont qu\u2019a\u0300 bien se tenir et balayer devant leur porte. Leur chantage, menaces et tentatives d\u2019immixtions dans la gestion du pays ne sauraient prospe\u0301rer\u00a0\u00bb, ont martele\u0301 M. Ba et ses camarades.<\/p>\n<p>Ces derniers sont d&rsquo;avis que \u00ab\u00a0si tout cet acharnement de\u0301coule de la fermete\u0301 des autorite\u0301s se\u0301ne\u0301galaises qui combattent la promotion de certaines contrevaleurs que veulent faire avaliser certains pays occidentaux dans les pays africains, c\u2019est peine perdue\u00a0\u00bb.<\/p>\n<p>Dans son communique\u0301, le Forum du justiciable a, enfin, appele\u0301 les autorite\u0301s se\u0301ne\u0301galaises a\u0300 \u00ab\u00a0rester droit dans leurs bottes\u00a0\u00bb, jurant que le Se\u0301ne\u0301gal \u00ab\u00a0ne sera jamais une porte d\u2019entre\u0301e pour des lobbies qui travaillent a\u0300 saper nos valeurs\u00a0\u00bb.<\/p>\n<p><strong>Pour plus d&rsquo;informations et d&rsquo;analyses sur la <a href=\"https:\/\/www.africa-press.net\/senegal\">Senegal<\/a>, suivez <a href=\"https:\/\/www.africa-press.net\/\">Africa-Press<\/a><\/strong><\/p>\n","protected":false},"excerpt":{"rendered":"<p>Africa-Press &#8211; Senegal. A\u0300 travers un communique\u0301 de presse, le Forum du justiciable a constate\u0301, pour le regretter, que depuis l\u2019annonce du report de l\u2019e\u0301lection pre\u0301sidentielle, le Se\u0301ne\u0301gal est la \u00ab\u00a0cible\u00a0\u00bb d\u2019une flope\u0301e de me\u0301dias e\u0301trangers. \u00ab\u00a0Au me\u0301pris de toutes les re\u0300gles de biense\u0301ance et d\u2019e\u0301thique, ces derniers, sans doute a\u0300 la solde de lobbies [&hellip;]<\/p>\n","protected":false},"author":82,"featured_media":55792,"comment_status":"open","ping_status":"closed","sticky":false,"template":"","format":"standard","meta":{"footnotes":""},"categories":[2,10],"tags":[43,47,44],"class_list":["post-55793","post","type-post","status-publish","format-standard","has-post-thumbnail","hentry","category-politique","category-toutes-les-actualites","tag-africa-press-2","tag-africa-press-senegal","tag-senegal-2"],"yoast_head":"<!-- This site is optimized with the Yoast SEO Premium plugin v26.1 (Yoast SEO v27.0) - https:\/\/yoast.com\/product\/yoast-seo-premium-wordpress\/ -->\n<title>Crise politique: Le Forum du justiciable d\u00e9nonce le &quot;lynchage m\u00e9diatique international&quot; contre le S\u00e9n\u00e9gal - Senegal<\/title>\n<meta name=\"description\" content=\"A\u0300 travers un communique\u0301 de presse, le Forum du justiciable a constate\u0301, pour le regretter, que depuis l\u2019annonce du rep ...\" \/>\n<meta name=\"robots\" content=\"index, follow, max-snippet:-1, max-image-preview:large, max-video-preview:-1\" \/>\n<link rel=\"canonical\" href=\"https:\/\/www.africa-press.net\/senegal\/politique\/crise-politique-le-forum-du-justiciable-denonce-le-lynchage-mediatique-international-contre-le-senegal\" \/>\n<meta property=\"og:locale\" content=\"fr_FR\" \/>\n<meta property=\"og:type\" content=\"article\" \/>\n<meta property=\"og:title\" content=\"Crise politique: Le Forum du justiciable d\u00e9nonce le &quot;lynchage m\u00e9diatique international&quot; contre le S\u00e9n\u00e9gal\" \/>\n<meta property=\"og:description\" content=\"A\u0300 travers un communique\u0301 de presse, le Forum du justiciable a constate\u0301, pour le regretter, que depuis l\u2019annonce du rep ...\" \/>\n<meta property=\"og:url\" content=\"https:\/\/www.africa-press.net\/senegal\/politique\/crise-politique-le-forum-du-justiciable-denonce-le-lynchage-mediatique-international-contre-le-senegal\" \/>\n<meta property=\"og:site_name\" content=\"Senegal\" \/>\n<meta property=\"article:published_time\" content=\"2024-02-14T21:29:41+00:00\" \/>\n<meta property=\"article:modified_time\" content=\"2024-02-14T22:55:29+00:00\" \/>\n<meta property=\"og:image\" content=\"https:\/\/static.africa-press.net\/senegal\/sites\/13\/2024\/02\/sm_1707935048.845889.jpg\" \/>\n\t<meta property=\"og:image:width\" content=\"1306\" \/>\n\t<meta property=\"og:image:height\" content=\"557\" \/>\n\t<meta property=\"og:image:type\" content=\"image\/jpeg\" \/>\n<meta name=\"author\" content=\"cfeditorfr\" \/>\n<meta name=\"twitter:card\" content=\"summary_large_image\" \/>\n<meta name=\"twitter:label1\" content=\"\u00c9crit par\" \/>\n\t<meta name=\"twitter:data1\" content=\"cfeditorfr\" \/>\n\t<meta name=\"twitter:label2\" content=\"Dur\u00e9e de lecture estim\u00e9e\" \/>\n\t<meta name=\"twitter:data2\" content=\"2 minutes\" \/>\n<script type=\"application\/ld+json\" class=\"yoast-schema-graph\">{\"@context\":\"https:\/\/schema.org\",\"@graph\":[{\"@type\":\"Article\",\"@id\":\"https:\/\/www.africa-press.net\/senegal\/politique\/crise-politique-le-forum-du-justiciable-denonce-le-lynchage-mediatique-international-contre-le-senegal#article\",\"isPartOf\":{\"@id\":\"https:\/\/www.africa-press.net\/senegal\/politique\/crise-politique-le-forum-du-justiciable-denonce-le-lynchage-mediatique-international-contre-le-senegal\"},\"author\":{\"name\":\"cfeditorfr\",\"@id\":\"https:\/\/www.africa-press.net\/senegal\/#\/schema\/person\/2b1cf3cd81a31e3cd26889ca66d677f1\"},\"headline\":\"Crise politique: Le Forum du justiciable d\u00e9nonce le \u00ab\u00a0lynchage m\u00e9diatique international\u00a0\u00bb contre le S\u00e9n\u00e9gal\",\"datePublished\":\"2024-02-14T21:29:41+00:00\",\"dateModified\":\"2024-02-14T22:55:29+00:00\",\"mainEntityOfPage\":{\"@id\":\"https:\/\/www.africa-press.net\/senegal\/politique\/crise-politique-le-forum-du-justiciable-denonce-le-lynchage-mediatique-international-contre-le-senegal\"},\"wordCount\":465,\"commentCount\":0,\"image\":{\"@id\":\"https:\/\/www.africa-press.net\/senegal\/politique\/crise-politique-le-forum-du-justiciable-denonce-le-lynchage-mediatique-international-contre-le-senegal#primaryimage\"},\"thumbnailUrl\":\"https:\/\/static.africa-press.net\/senegal\/sites\/13\/2024\/02\/sm_1707935048.845889.jpg\",\"keywords\":[\"Africa Press\",\"Africa Press-Senegal\",\"Senegal\"],\"articleSection\":[\"Politique\",\"Toutes les actualit\u00e9s\"],\"inLanguage\":\"fr-FR\",\"potentialAction\":[{\"@type\":\"CommentAction\",\"name\":\"Comment\",\"target\":[\"https:\/\/www.africa-press.net\/senegal\/politique\/crise-politique-le-forum-du-justiciable-denonce-le-lynchage-mediatique-international-contre-le-senegal#respond\"]}]},{\"@type\":\"WebPage\",\"@id\":\"https:\/\/www.africa-press.net\/senegal\/politique\/crise-politique-le-forum-du-justiciable-denonce-le-lynchage-mediatique-international-contre-le-senegal\",\"url\":\"https:\/\/www.africa-press.net\/senegal\/politique\/crise-politique-le-forum-du-justiciable-denonce-le-lynchage-mediatique-international-contre-le-senegal\",\"name\":\"Crise politique: Le Forum du justiciable d\u00e9nonce le \\\"lynchage m\u00e9diatique international\\\" contre le S\u00e9n\u00e9gal - Senegal\",\"isPartOf\":{\"@id\":\"https:\/\/www.africa-press.net\/senegal\/#website\"},\"primaryImageOfPage\":{\"@id\":\"https:\/\/www.africa-press.net\/senegal\/politique\/crise-politique-le-forum-du-justiciable-denonce-le-lynchage-mediatique-international-contre-le-senegal#primaryimage\"},\"image\":{\"@id\":\"https:\/\/www.africa-press.net\/senegal\/politique\/crise-politique-le-forum-du-justiciable-denonce-le-lynchage-mediatique-international-contre-le-senegal#primaryimage\"},\"thumbnailUrl\":\"https:\/\/static.africa-press.net\/senegal\/sites\/13\/2024\/02\/sm_1707935048.845889.jpg\",\"datePublished\":\"2024-02-14T21:29:41+00:00\",\"dateModified\":\"2024-02-14T22:55:29+00:00\",\"author\":{\"@id\":\"https:\/\/www.africa-press.net\/senegal\/#\/schema\/person\/2b1cf3cd81a31e3cd26889ca66d677f1\"},\"description\":\"A\u0300 travers un communique\u0301 de presse, le Forum du justiciable a constate\u0301, pour le regretter, que depuis l\u2019annonce du rep ...\",\"breadcrumb\":{\"@id\":\"https:\/\/www.africa-press.net\/senegal\/politique\/crise-politique-le-forum-du-justiciable-denonce-le-lynchage-mediatique-international-contre-le-senegal#breadcrumb\"},\"inLanguage\":\"fr-FR\",\"potentialAction\":[{\"@type\":\"ReadAction\",\"target\":[\"https:\/\/www.africa-press.net\/senegal\/politique\/crise-politique-le-forum-du-justiciable-denonce-le-lynchage-mediatique-international-contre-le-senegal\"]}]},{\"@type\":\"ImageObject\",\"inLanguage\":\"fr-FR\",\"@id\":\"https:\/\/www.africa-press.net\/senegal\/politique\/crise-politique-le-forum-du-justiciable-denonce-le-lynchage-mediatique-international-contre-le-senegal#primaryimage\",\"url\":\"https:\/\/static.africa-press.net\/senegal\/sites\/13\/2024\/02\/sm_1707935048.845889.jpg\",\"contentUrl\":\"https:\/\/static.africa-press.net\/senegal\/sites\/13\/2024\/02\/sm_1707935048.845889.jpg\",\"width\":1306,\"height\":557,\"caption\":\"Crise politique: Le Forum du justiciable d\u00e9nonce le \\\"lynchage m\u00e9diatique international\\\" contre le S\u00e9n\u00e9gal\"},{\"@type\":\"BreadcrumbList\",\"@id\":\"https:\/\/www.africa-press.net\/senegal\/politique\/crise-politique-le-forum-du-justiciable-denonce-le-lynchage-mediatique-international-contre-le-senegal#breadcrumb\",\"itemListElement\":[{\"@type\":\"ListItem\",\"position\":1,\"name\":\"Accueil\",\"item\":\"https:\/\/www.africa-press.net\/senegal\/\"},{\"@type\":\"ListItem\",\"position\":2,\"name\":\"Crise politique: Le Forum du justiciable d\u00e9nonce le &#8220;lynchage m\u00e9diatique international&#8221; contre le S\u00e9n\u00e9gal\"}]},{\"@type\":\"WebSite\",\"@id\":\"https:\/\/www.africa-press.net\/senegal\/#website\",\"url\":\"https:\/\/www.africa-press.net\/senegal\/\",\"name\":\"Africa Press | Senegal | Homepage\",\"description\":\"Just another Africa News Agency Sites site\",\"potentialAction\":[{\"@type\":\"SearchAction\",\"target\":{\"@type\":\"EntryPoint\",\"urlTemplate\":\"https:\/\/www.africa-press.net\/senegal\/?s={search_term_string}\"},\"query-input\":{\"@type\":\"PropertyValueSpecification\",\"valueRequired\":true,\"valueName\":\"search_term_string\"}}],\"inLanguage\":\"fr-FR\"},{\"@type\":\"Person\",\"@id\":\"https:\/\/www.africa-press.net\/senegal\/#\/schema\/person\/2b1cf3cd81a31e3cd26889ca66d677f1\",\"name\":\"cfeditorfr\",\"url\":\"https:\/\/www.africa-press.net\/senegal\/author\/cfeditorfr\"}]}<\/script>\n<!-- \/ Yoast SEO Premium plugin. -->","yoast_head_json":{"title":"Crise politique: Le Forum du justiciable d\u00e9nonce le \"lynchage m\u00e9diatique international\" contre le S\u00e9n\u00e9gal - Senegal","description":"A\u0300 travers un communique\u0301 de presse, le Forum du justiciable a constate\u0301, pour le regretter, que depuis l\u2019annonce du rep ...","robots":{"index":"index","follow":"follow","max-snippet":"max-snippet:-1","max-image-preview":"max-image-preview:large","max-video-preview":"max-video-preview:-1"},"canonical":"https:\/\/www.africa-press.net\/senegal\/politique\/crise-politique-le-forum-du-justiciable-denonce-le-lynchage-mediatique-international-contre-le-senegal","og_locale":"fr_FR","og_type":"article","og_title":"Crise politique: Le Forum du justiciable d\u00e9nonce le \"lynchage m\u00e9diatique international\" contre le S\u00e9n\u00e9gal","og_description":"A\u0300 travers un communique\u0301 de presse, le Forum du justiciable a constate\u0301, pour le regretter, que depuis l\u2019annonce du rep ...","og_url":"https:\/\/www.africa-press.net\/senegal\/politique\/crise-politique-le-forum-du-justiciable-denonce-le-lynchage-mediatique-international-contre-le-senegal","og_site_name":"Senegal","article_published_time":"2024-02-14T21:29:41+00:00","article_modified_time":"2024-02-14T22:55:29+00:00","og_image":[{"width":1306,"height":557,"url":"https:\/\/static.africa-press.net\/senegal\/sites\/13\/2024\/02\/sm_1707935048.845889.jpg","type":"image\/jpeg"}],"author":"cfeditorfr","twitter_card":"summary_large_image","twitter_misc":{"\u00c9crit par":"cfeditorfr","Dur\u00e9e de lecture estim\u00e9e":"2 minutes"},"schema":{"@context":"https:\/\/schema.org","@graph":[{"@type":"Article","@id":"https:\/\/www.africa-press.net\/senegal\/politique\/crise-politique-le-forum-du-justiciable-denonce-le-lynchage-mediatique-international-contre-le-senegal#article","isPartOf":{"@id":"https:\/\/www.africa-press.net\/senegal\/politique\/crise-politique-le-forum-du-justiciable-denonce-le-lynchage-mediatique-international-contre-le-senegal"},"author":{"name":"cfeditorfr","@id":"https:\/\/www.africa-press.net\/senegal\/#\/schema\/person\/2b1cf3cd81a31e3cd26889ca66d677f1"},"headline":"Crise politique: Le Forum du justiciable d\u00e9nonce le \u00ab\u00a0lynchage m\u00e9diatique international\u00a0\u00bb contre le S\u00e9n\u00e9gal","datePublished":"2024-02-14T21:29:41+00:00","dateModified":"2024-02-14T22:55:29+00:00","mainEntityOfPage":{"@id":"https:\/\/www.africa-press.net\/senegal\/politique\/crise-politique-le-forum-du-justiciable-denonce-le-lynchage-mediatique-international-contre-le-senegal"},"wordCount":465,"commentCount":0,"image":{"@id":"https:\/\/www.africa-press.net\/senegal\/politique\/crise-politique-le-forum-du-justiciable-denonce-le-lynchage-mediatique-international-contre-le-senegal#primaryimage"},"thumbnailUrl":"https:\/\/static.africa-press.net\/senegal\/sites\/13\/2024\/02\/sm_1707935048.845889.jpg","keywords":["Africa Press","Africa Press-Senegal","Senegal"],"articleSection":["Politique","Toutes les actualit\u00e9s"],"inLanguage":"fr-FR","potentialAction":[{"@type":"CommentAction","name":"Comment","target":["https:\/\/www.africa-press.net\/senegal\/politique\/crise-politique-le-forum-du-justiciable-denonce-le-lynchage-mediatique-international-contre-le-senegal#respond"]}]},{"@type":"WebPage","@id":"https:\/\/www.africa-press.net\/senegal\/politique\/crise-politique-le-forum-du-justiciable-denonce-le-lynchage-mediatique-international-contre-le-senegal","url":"https:\/\/www.africa-press.net\/senegal\/politique\/crise-politique-le-forum-du-justiciable-denonce-le-lynchage-mediatique-international-contre-le-senegal","name":"Crise politique: Le Forum du justiciable d\u00e9nonce le \"lynchage m\u00e9diatique international\" contre le S\u00e9n\u00e9gal - Senegal","isPartOf":{"@id":"https:\/\/www.africa-press.net\/senegal\/#website"},"primaryImageOfPage":{"@id":"https:\/\/www.africa-press.net\/senegal\/politique\/crise-politique-le-forum-du-justiciable-denonce-le-lynchage-mediatique-international-contre-le-senegal#primaryimage"},"image":{"@id":"https:\/\/www.africa-press.net\/senegal\/politique\/crise-politique-le-forum-du-justiciable-denonce-le-lynchage-mediatique-international-contre-le-senegal#primaryimage"},"thumbnailUrl":"https:\/\/static.africa-press.net\/senegal\/sites\/13\/2024\/02\/sm_1707935048.845889.jpg","datePublished":"2024-02-14T21:29:41+00:00","dateModified":"2024-02-14T22:55:29+00:00","author":{"@id":"https:\/\/www.africa-press.net\/senegal\/#\/schema\/person\/2b1cf3cd81a31e3cd26889ca66d677f1"},"description":"A\u0300 travers un communique\u0301 de presse, le Forum du justiciable a constate\u0301, pour le regretter, que depuis l\u2019annonce du rep ...","breadcrumb":{"@id":"https:\/\/www.africa-press.net\/senegal\/politique\/crise-politique-le-forum-du-justiciable-denonce-le-lynchage-mediatique-international-contre-le-senegal#breadcrumb"},"inLanguage":"fr-FR","potentialAction":[{"@type":"ReadAction","target":["https:\/\/www.africa-press.net\/senegal\/politique\/crise-politique-le-forum-du-justiciable-denonce-le-lynchage-mediatique-international-contre-le-senegal"]}]},{"@type":"ImageObject","inLanguage":"fr-FR","@id":"https:\/\/www.africa-press.net\/senegal\/politique\/crise-politique-le-forum-du-justiciable-denonce-le-lynchage-mediatique-international-contre-le-senegal#primaryimage","url":"https:\/\/static.africa-press.net\/senegal\/sites\/13\/2024\/02\/sm_1707935048.845889.jpg","contentUrl":"https:\/\/static.africa-press.net\/senegal\/sites\/13\/2024\/02\/sm_1707935048.845889.jpg","width":1306,"height":557,"caption":"Crise politique: Le Forum du justiciable d\u00e9nonce le \"lynchage m\u00e9diatique international\" contre le S\u00e9n\u00e9gal"},{"@type":"BreadcrumbList","@id":"https:\/\/www.africa-press.net\/senegal\/politique\/crise-politique-le-forum-du-justiciable-denonce-le-lynchage-mediatique-international-contre-le-senegal#breadcrumb","itemListElement":[{"@type":"ListItem","position":1,"name":"Accueil","item":"https:\/\/www.africa-press.net\/senegal\/"},{"@type":"ListItem","position":2,"name":"Crise politique: Le Forum du justiciable d\u00e9nonce le &#8220;lynchage m\u00e9diatique international&#8221; contre le S\u00e9n\u00e9gal"}]},{"@type":"WebSite","@id":"https:\/\/www.africa-press.net\/senegal\/#website","url":"https:\/\/www.africa-press.net\/senegal\/","name":"Africa Press | Senegal | Homepage","description":"Just another Africa News Agency Sites site","potentialAction":[{"@type":"SearchAction","target":{"@type":"EntryPoint","urlTemplate":"https:\/\/www.africa-press.net\/senegal\/?s={search_term_string}"},"query-input":{"@type":"PropertyValueSpecification","valueRequired":true,"valueName":"search_term_string"}}],"inLanguage":"fr-FR"},{"@type":"Person","@id":"https:\/\/www.africa-press.net\/senegal\/#\/schema\/person\/2b1cf3cd81a31e3cd26889ca66d677f1","name":"cfeditorfr","url":"https:\/\/www.africa-press.net\/senegal\/author\/cfeditorfr"}]}},"_links":{"self":[{"href":"https:\/\/www.africa-press.net\/senegal\/wp-json\/wp\/v2\/posts\/55793","targetHints":{"allow":["GET"]}}],"collection":[{"href":"https:\/\/www.africa-press.net\/senegal\/wp-json\/wp\/v2\/posts"}],"about":[{"href":"https:\/\/www.africa-press.net\/senegal\/wp-json\/wp\/v2\/types\/post"}],"author":[{"embeddable":true,"href":"https:\/\/www.africa-press.net\/senegal\/wp-json\/wp\/v2\/users\/82"}],"replies":[{"embeddable":true,"href":"https:\/\/www.africa-press.net\/senegal\/wp-json\/wp\/v2\/comments?post=55793"}],"version-history":[{"count":0,"href":"https:\/\/www.africa-press.net\/senegal\/wp-json\/wp\/v2\/posts\/55793\/revisions"}],"wp:featuredmedia":[{"embeddable":true,"href":"https:\/\/www.africa-press.net\/senegal\/wp-json\/wp\/v2\/media\/55792"}],"wp:attachment":[{"href":"https:\/\/www.africa-press.net\/senegal\/wp-json\/wp\/v2\/media?parent=55793"}],"wp:term":[{"taxonomy":"category","embeddable":true,"href":"https:\/\/www.africa-press.net\/senegal\/wp-json\/wp\/v2\/categories?post=55793"},{"taxonomy":"post_tag","embeddable":true,"href":"https:\/\/www.africa-press.net\/senegal\/wp-json\/wp\/v2\/tags?post=55793"}],"curies":[{"name":"wp","href":"https:\/\/api.w.org\/{rel}","templated":true}]}}