{"id":55796,"date":"2024-02-14T21:30:59","date_gmt":"2024-02-14T21:30:59","guid":{"rendered":"https:\/\/www.africa-press.net\/senegal\/politique\/sadikh-niasse-sur-la-loi-damnistie-pour-sonko-diomaye-et-cie-nous-avons-quelques-reserves"},"modified":"2024-02-14T22:56:10","modified_gmt":"2024-02-14T22:56:10","slug":"sadikh-niasse-sur-la-loi-damnistie-pour-sonko-diomaye-et-cie-nous-avons-quelques-reserves","status":"publish","type":"post","link":"https:\/\/www.africa-press.net\/senegal\/politique\/sadikh-niasse-sur-la-loi-damnistie-pour-sonko-diomaye-et-cie-nous-avons-quelques-reserves","title":{"rendered":"Sadikh Niasse sur la loi d&rsquo;amnistie pour Sonko, Diomaye et Cie : \u00ab\u00a0Nous avons quelques r\u00e9serves\u00a0\u00bb"},"content":{"rendered":"<p><span style=\"color: #ff6600\"><strong>Africa-Press &#8211; Senegal. <\/strong><\/span>Le projet de loi d&rsquo;amnistie qui pourrait permettre la libe\u0301ration de prisonniers comme Ousmane Sonko ou Bassirou Diomaye Faye ne fait pas l&rsquo;unanimite\u0301. Secre\u0301taire ge\u0301ne\u0301ral de la Rencontre Africaine des Droits de l&rsquo;Homme (RADDHO), Sadikh Niasse n&rsquo;est cependant pas contre cette loi, mais a quelques re\u0301serves.<\/p>\n<p>\u00ab\u00a0Pour ce qui est de l\u2019amnistie, on en parle. Mais nous, notre re\u0301serve, c\u2019est que la loi d\u2019amnistie ne puisse e\u0302tre utilise\u0301e pour consacrer l\u2019impunite\u0301 des crimes qui ont e\u0301te\u0301 commis. Depuis 2021, il y a beaucoup de morts, il y a beaucoup de proble\u0300mes, de difficulte\u0301s. Et, nous ne voudrions pas que tout cela soit passe\u0301 a\u0300 pertes et profits sans pour autant e\u0302tre e\u0301lucide\u0301\u00a0\u00bb, a-t-il de\u0301clare\u0301 lors d&rsquo;un entretien avec Dakaractu.<\/p>\n<p>\u00ab\u00a0D\u2019accord pour l\u2019amnistie, mais il faudrait a\u0300 notre avis avant cela penser a\u0300 e\u0301lucider cette question, situer les responsabilite\u0301s, de\u0301terminer les conditions dans lesquelles ces personnes ont e\u0301te\u0301 tue\u0301es avant de parler d\u2019amnistie. Parce qu\u2019il y a une forme d\u2019amnistie qui ne fait que consacrer l\u2019impunite\u0301 des crimes qui ont e\u0301te\u0301 commis depuis 2021.C\u2019est c\u0327a notre re\u0301serve par rapport a\u0300 cette loi d\u2019amnistie\u00a0\u00bb, a-t-il ajoute\u0301.<\/p>\n<p><strong>Pour plus d&rsquo;informations et d&rsquo;analyses sur la <a href=\"https:\/\/www.africa-press.net\/senegal\">Senegal<\/a>, suivez <a href=\"https:\/\/www.africa-press.net\/\">Africa-Press<\/a><\/strong><\/p>\n","protected":false},"excerpt":{"rendered":"<p>Africa-Press &#8211; Senegal. Le projet de loi d&rsquo;amnistie qui pourrait permettre la libe\u0301ration de prisonniers comme Ousmane Sonko ou Bassirou Diomaye Faye ne fait pas l&rsquo;unanimite\u0301. Secre\u0301taire ge\u0301ne\u0301ral de la Rencontre Africaine des Droits de l&rsquo;Homme (RADDHO), Sadikh Niasse n&rsquo;est cependant pas contre cette loi, mais a quelques re\u0301serves. \u00ab\u00a0Pour ce qui est de l\u2019amnistie, [&hellip;]<\/p>\n","protected":false},"author":82,"featured_media":55795,"comment_status":"open","ping_status":"closed","sticky":false,"template":"","format":"standard","meta":{"footnotes":""},"categories":[2,10],"tags":[43,47,44],"class_list":["post-55796","post","type-post","status-publish","format-standard","has-post-thumbnail","hentry","category-politique","category-toutes-les-actualites","tag-africa-press-2","tag-africa-press-senegal","tag-senegal-2"],"yoast_head":"<!-- This site is optimized with the Yoast SEO Premium plugin v26.1 (Yoast SEO v27.0) - https:\/\/yoast.com\/product\/yoast-seo-premium-wordpress\/ -->\n<title>Sadikh Niasse sur la loi d&#039;amnistie pour Sonko, Diomaye et Cie : &quot;Nous avons quelques r\u00e9serves&quot; - Senegal<\/title>\n<meta name=\"description\" content=\"Le projet de loi d&#039;amnistie qui pourrait permettre la libe\u0301ration de prisonniers comme Ousmane Sonko ou Bassirou Diomaye ...\" \/>\n<meta name=\"robots\" content=\"index, follow, max-snippet:-1, max-image-preview:large, max-video-preview:-1\" \/>\n<link rel=\"canonical\" href=\"https:\/\/www.africa-press.net\/senegal\/politique\/sadikh-niasse-sur-la-loi-damnistie-pour-sonko-diomaye-et-cie-nous-avons-quelques-reserves\" \/>\n<meta property=\"og:locale\" content=\"fr_FR\" \/>\n<meta property=\"og:type\" content=\"article\" \/>\n<meta property=\"og:title\" content=\"Sadikh Niasse sur la loi d&#039;amnistie pour Sonko, Diomaye et Cie : &quot;Nous avons quelques r\u00e9serves&quot;\" \/>\n<meta property=\"og:description\" content=\"Le projet de loi d&#039;amnistie qui pourrait permettre la libe\u0301ration de prisonniers comme Ousmane Sonko ou Bassirou Diomaye ...\" \/>\n<meta property=\"og:url\" content=\"https:\/\/www.africa-press.net\/senegal\/politique\/sadikh-niasse-sur-la-loi-damnistie-pour-sonko-diomaye-et-cie-nous-avons-quelques-reserves\" \/>\n<meta property=\"og:site_name\" content=\"Senegal\" \/>\n<meta property=\"article:published_time\" content=\"2024-02-14T21:30:59+00:00\" \/>\n<meta property=\"article:modified_time\" content=\"2024-02-14T22:56:10+00:00\" \/>\n<meta property=\"og:image\" content=\"https:\/\/static.africa-press.net\/senegal\/sites\/13\/2024\/02\/sm_1707935092.413889.jpg\" \/>\n\t<meta property=\"og:image:width\" content=\"1308\" \/>\n\t<meta property=\"og:image:height\" content=\"633\" \/>\n\t<meta property=\"og:image:type\" content=\"image\/jpeg\" \/>\n<meta name=\"author\" content=\"cfeditorfr\" \/>\n<meta name=\"twitter:card\" content=\"summary_large_image\" \/>\n<meta name=\"twitter:label1\" content=\"\u00c9crit par\" \/>\n\t<meta name=\"twitter:data1\" content=\"cfeditorfr\" \/>\n\t<meta name=\"twitter:label2\" content=\"Dur\u00e9e de lecture estim\u00e9e\" \/>\n\t<meta name=\"twitter:data2\" content=\"1 minute\" \/>\n<script type=\"application\/ld+json\" class=\"yoast-schema-graph\">{\"@context\":\"https:\/\/schema.org\",\"@graph\":[{\"@type\":\"Article\",\"@id\":\"https:\/\/www.africa-press.net\/senegal\/politique\/sadikh-niasse-sur-la-loi-damnistie-pour-sonko-diomaye-et-cie-nous-avons-quelques-reserves#article\",\"isPartOf\":{\"@id\":\"https:\/\/www.africa-press.net\/senegal\/politique\/sadikh-niasse-sur-la-loi-damnistie-pour-sonko-diomaye-et-cie-nous-avons-quelques-reserves\"},\"author\":{\"name\":\"cfeditorfr\",\"@id\":\"https:\/\/www.africa-press.net\/senegal\/#\/schema\/person\/2b1cf3cd81a31e3cd26889ca66d677f1\"},\"headline\":\"Sadikh Niasse sur la loi d&rsquo;amnistie pour Sonko, Diomaye et Cie : \u00ab\u00a0Nous avons quelques r\u00e9serves\u00a0\u00bb\",\"datePublished\":\"2024-02-14T21:30:59+00:00\",\"dateModified\":\"2024-02-14T22:56:10+00:00\",\"mainEntityOfPage\":{\"@id\":\"https:\/\/www.africa-press.net\/senegal\/politique\/sadikh-niasse-sur-la-loi-damnistie-pour-sonko-diomaye-et-cie-nous-avons-quelques-reserves\"},\"wordCount\":254,\"commentCount\":0,\"image\":{\"@id\":\"https:\/\/www.africa-press.net\/senegal\/politique\/sadikh-niasse-sur-la-loi-damnistie-pour-sonko-diomaye-et-cie-nous-avons-quelques-reserves#primaryimage\"},\"thumbnailUrl\":\"https:\/\/static.africa-press.net\/senegal\/sites\/13\/2024\/02\/sm_1707935092.413889.jpg\",\"keywords\":[\"Africa Press\",\"Africa Press-Senegal\",\"Senegal\"],\"articleSection\":[\"Politique\",\"Toutes les actualit\u00e9s\"],\"inLanguage\":\"fr-FR\",\"potentialAction\":[{\"@type\":\"CommentAction\",\"name\":\"Comment\",\"target\":[\"https:\/\/www.africa-press.net\/senegal\/politique\/sadikh-niasse-sur-la-loi-damnistie-pour-sonko-diomaye-et-cie-nous-avons-quelques-reserves#respond\"]}]},{\"@type\":\"WebPage\",\"@id\":\"https:\/\/www.africa-press.net\/senegal\/politique\/sadikh-niasse-sur-la-loi-damnistie-pour-sonko-diomaye-et-cie-nous-avons-quelques-reserves\",\"url\":\"https:\/\/www.africa-press.net\/senegal\/politique\/sadikh-niasse-sur-la-loi-damnistie-pour-sonko-diomaye-et-cie-nous-avons-quelques-reserves\",\"name\":\"Sadikh Niasse sur la loi d'amnistie pour Sonko, Diomaye et Cie : \\\"Nous avons quelques r\u00e9serves\\\" - Senegal\",\"isPartOf\":{\"@id\":\"https:\/\/www.africa-press.net\/senegal\/#website\"},\"primaryImageOfPage\":{\"@id\":\"https:\/\/www.africa-press.net\/senegal\/politique\/sadikh-niasse-sur-la-loi-damnistie-pour-sonko-diomaye-et-cie-nous-avons-quelques-reserves#primaryimage\"},\"image\":{\"@id\":\"https:\/\/www.africa-press.net\/senegal\/politique\/sadikh-niasse-sur-la-loi-damnistie-pour-sonko-diomaye-et-cie-nous-avons-quelques-reserves#primaryimage\"},\"thumbnailUrl\":\"https:\/\/static.africa-press.net\/senegal\/sites\/13\/2024\/02\/sm_1707935092.413889.jpg\",\"datePublished\":\"2024-02-14T21:30:59+00:00\",\"dateModified\":\"2024-02-14T22:56:10+00:00\",\"author\":{\"@id\":\"https:\/\/www.africa-press.net\/senegal\/#\/schema\/person\/2b1cf3cd81a31e3cd26889ca66d677f1\"},\"description\":\"Le projet de loi d'amnistie qui pourrait permettre la libe\u0301ration de prisonniers comme Ousmane Sonko ou Bassirou Diomaye ...\",\"breadcrumb\":{\"@id\":\"https:\/\/www.africa-press.net\/senegal\/politique\/sadikh-niasse-sur-la-loi-damnistie-pour-sonko-diomaye-et-cie-nous-avons-quelques-reserves#breadcrumb\"},\"inLanguage\":\"fr-FR\",\"potentialAction\":[{\"@type\":\"ReadAction\",\"target\":[\"https:\/\/www.africa-press.net\/senegal\/politique\/sadikh-niasse-sur-la-loi-damnistie-pour-sonko-diomaye-et-cie-nous-avons-quelques-reserves\"]}]},{\"@type\":\"ImageObject\",\"inLanguage\":\"fr-FR\",\"@id\":\"https:\/\/www.africa-press.net\/senegal\/politique\/sadikh-niasse-sur-la-loi-damnistie-pour-sonko-diomaye-et-cie-nous-avons-quelques-reserves#primaryimage\",\"url\":\"https:\/\/static.africa-press.net\/senegal\/sites\/13\/2024\/02\/sm_1707935092.413889.jpg\",\"contentUrl\":\"https:\/\/static.africa-press.net\/senegal\/sites\/13\/2024\/02\/sm_1707935092.413889.jpg\",\"width\":1308,\"height\":633,\"caption\":\"Sadikh Niasse sur la loi d'amnistie pour Sonko, Diomaye et Cie : \\\"Nous avons quelques r\u00e9serves\\\"\"},{\"@type\":\"BreadcrumbList\",\"@id\":\"https:\/\/www.africa-press.net\/senegal\/politique\/sadikh-niasse-sur-la-loi-damnistie-pour-sonko-diomaye-et-cie-nous-avons-quelques-reserves#breadcrumb\",\"itemListElement\":[{\"@type\":\"ListItem\",\"position\":1,\"name\":\"Accueil\",\"item\":\"https:\/\/www.africa-press.net\/senegal\/\"},{\"@type\":\"ListItem\",\"position\":2,\"name\":\"Sadikh Niasse sur la loi d&#8217;amnistie pour Sonko, Diomaye et Cie : &#8220;Nous avons quelques r\u00e9serves&#8221;\"}]},{\"@type\":\"WebSite\",\"@id\":\"https:\/\/www.africa-press.net\/senegal\/#website\",\"url\":\"https:\/\/www.africa-press.net\/senegal\/\",\"name\":\"Africa Press | Senegal | Homepage\",\"description\":\"Just another Africa News Agency Sites site\",\"potentialAction\":[{\"@type\":\"SearchAction\",\"target\":{\"@type\":\"EntryPoint\",\"urlTemplate\":\"https:\/\/www.africa-press.net\/senegal\/?s={search_term_string}\"},\"query-input\":{\"@type\":\"PropertyValueSpecification\",\"valueRequired\":true,\"valueName\":\"search_term_string\"}}],\"inLanguage\":\"fr-FR\"},{\"@type\":\"Person\",\"@id\":\"https:\/\/www.africa-press.net\/senegal\/#\/schema\/person\/2b1cf3cd81a31e3cd26889ca66d677f1\",\"name\":\"cfeditorfr\",\"url\":\"https:\/\/www.africa-press.net\/senegal\/author\/cfeditorfr\"}]}<\/script>\n<!-- \/ Yoast SEO Premium plugin. -->","yoast_head_json":{"title":"Sadikh Niasse sur la loi d'amnistie pour Sonko, Diomaye et Cie : \"Nous avons quelques r\u00e9serves\" - Senegal","description":"Le projet de loi d'amnistie qui pourrait permettre la libe\u0301ration de prisonniers comme Ousmane Sonko ou Bassirou Diomaye ...","robots":{"index":"index","follow":"follow","max-snippet":"max-snippet:-1","max-image-preview":"max-image-preview:large","max-video-preview":"max-video-preview:-1"},"canonical":"https:\/\/www.africa-press.net\/senegal\/politique\/sadikh-niasse-sur-la-loi-damnistie-pour-sonko-diomaye-et-cie-nous-avons-quelques-reserves","og_locale":"fr_FR","og_type":"article","og_title":"Sadikh Niasse sur la loi d'amnistie pour Sonko, Diomaye et Cie : \"Nous avons quelques r\u00e9serves\"","og_description":"Le projet de loi d'amnistie qui pourrait permettre la libe\u0301ration de prisonniers comme Ousmane Sonko ou Bassirou Diomaye ...","og_url":"https:\/\/www.africa-press.net\/senegal\/politique\/sadikh-niasse-sur-la-loi-damnistie-pour-sonko-diomaye-et-cie-nous-avons-quelques-reserves","og_site_name":"Senegal","article_published_time":"2024-02-14T21:30:59+00:00","article_modified_time":"2024-02-14T22:56:10+00:00","og_image":[{"width":1308,"height":633,"url":"https:\/\/static.africa-press.net\/senegal\/sites\/13\/2024\/02\/sm_1707935092.413889.jpg","type":"image\/jpeg"}],"author":"cfeditorfr","twitter_card":"summary_large_image","twitter_misc":{"\u00c9crit par":"cfeditorfr","Dur\u00e9e de lecture estim\u00e9e":"1 minute"},"schema":{"@context":"https:\/\/schema.org","@graph":[{"@type":"Article","@id":"https:\/\/www.africa-press.net\/senegal\/politique\/sadikh-niasse-sur-la-loi-damnistie-pour-sonko-diomaye-et-cie-nous-avons-quelques-reserves#article","isPartOf":{"@id":"https:\/\/www.africa-press.net\/senegal\/politique\/sadikh-niasse-sur-la-loi-damnistie-pour-sonko-diomaye-et-cie-nous-avons-quelques-reserves"},"author":{"name":"cfeditorfr","@id":"https:\/\/www.africa-press.net\/senegal\/#\/schema\/person\/2b1cf3cd81a31e3cd26889ca66d677f1"},"headline":"Sadikh Niasse sur la loi d&rsquo;amnistie pour Sonko, Diomaye et Cie : \u00ab\u00a0Nous avons quelques r\u00e9serves\u00a0\u00bb","datePublished":"2024-02-14T21:30:59+00:00","dateModified":"2024-02-14T22:56:10+00:00","mainEntityOfPage":{"@id":"https:\/\/www.africa-press.net\/senegal\/politique\/sadikh-niasse-sur-la-loi-damnistie-pour-sonko-diomaye-et-cie-nous-avons-quelques-reserves"},"wordCount":254,"commentCount":0,"image":{"@id":"https:\/\/www.africa-press.net\/senegal\/politique\/sadikh-niasse-sur-la-loi-damnistie-pour-sonko-diomaye-et-cie-nous-avons-quelques-reserves#primaryimage"},"thumbnailUrl":"https:\/\/static.africa-press.net\/senegal\/sites\/13\/2024\/02\/sm_1707935092.413889.jpg","keywords":["Africa Press","Africa Press-Senegal","Senegal"],"articleSection":["Politique","Toutes les actualit\u00e9s"],"inLanguage":"fr-FR","potentialAction":[{"@type":"CommentAction","name":"Comment","target":["https:\/\/www.africa-press.net\/senegal\/politique\/sadikh-niasse-sur-la-loi-damnistie-pour-sonko-diomaye-et-cie-nous-avons-quelques-reserves#respond"]}]},{"@type":"WebPage","@id":"https:\/\/www.africa-press.net\/senegal\/politique\/sadikh-niasse-sur-la-loi-damnistie-pour-sonko-diomaye-et-cie-nous-avons-quelques-reserves","url":"https:\/\/www.africa-press.net\/senegal\/politique\/sadikh-niasse-sur-la-loi-damnistie-pour-sonko-diomaye-et-cie-nous-avons-quelques-reserves","name":"Sadikh Niasse sur la loi d'amnistie pour Sonko, Diomaye et Cie : \"Nous avons quelques r\u00e9serves\" - Senegal","isPartOf":{"@id":"https:\/\/www.africa-press.net\/senegal\/#website"},"primaryImageOfPage":{"@id":"https:\/\/www.africa-press.net\/senegal\/politique\/sadikh-niasse-sur-la-loi-damnistie-pour-sonko-diomaye-et-cie-nous-avons-quelques-reserves#primaryimage"},"image":{"@id":"https:\/\/www.africa-press.net\/senegal\/politique\/sadikh-niasse-sur-la-loi-damnistie-pour-sonko-diomaye-et-cie-nous-avons-quelques-reserves#primaryimage"},"thumbnailUrl":"https:\/\/static.africa-press.net\/senegal\/sites\/13\/2024\/02\/sm_1707935092.413889.jpg","datePublished":"2024-02-14T21:30:59+00:00","dateModified":"2024-02-14T22:56:10+00:00","author":{"@id":"https:\/\/www.africa-press.net\/senegal\/#\/schema\/person\/2b1cf3cd81a31e3cd26889ca66d677f1"},"description":"Le projet de loi d'amnistie qui pourrait permettre la libe\u0301ration de prisonniers comme Ousmane Sonko ou Bassirou Diomaye ...","breadcrumb":{"@id":"https:\/\/www.africa-press.net\/senegal\/politique\/sadikh-niasse-sur-la-loi-damnistie-pour-sonko-diomaye-et-cie-nous-avons-quelques-reserves#breadcrumb"},"inLanguage":"fr-FR","potentialAction":[{"@type":"ReadAction","target":["https:\/\/www.africa-press.net\/senegal\/politique\/sadikh-niasse-sur-la-loi-damnistie-pour-sonko-diomaye-et-cie-nous-avons-quelques-reserves"]}]},{"@type":"ImageObject","inLanguage":"fr-FR","@id":"https:\/\/www.africa-press.net\/senegal\/politique\/sadikh-niasse-sur-la-loi-damnistie-pour-sonko-diomaye-et-cie-nous-avons-quelques-reserves#primaryimage","url":"https:\/\/static.africa-press.net\/senegal\/sites\/13\/2024\/02\/sm_1707935092.413889.jpg","contentUrl":"https:\/\/static.africa-press.net\/senegal\/sites\/13\/2024\/02\/sm_1707935092.413889.jpg","width":1308,"height":633,"caption":"Sadikh Niasse sur la loi d'amnistie pour Sonko, Diomaye et Cie : \"Nous avons quelques r\u00e9serves\""},{"@type":"BreadcrumbList","@id":"https:\/\/www.africa-press.net\/senegal\/politique\/sadikh-niasse-sur-la-loi-damnistie-pour-sonko-diomaye-et-cie-nous-avons-quelques-reserves#breadcrumb","itemListElement":[{"@type":"ListItem","position":1,"name":"Accueil","item":"https:\/\/www.africa-press.net\/senegal\/"},{"@type":"ListItem","position":2,"name":"Sadikh Niasse sur la loi d&#8217;amnistie pour Sonko, Diomaye et Cie : &#8220;Nous avons quelques r\u00e9serves&#8221;"}]},{"@type":"WebSite","@id":"https:\/\/www.africa-press.net\/senegal\/#website","url":"https:\/\/www.africa-press.net\/senegal\/","name":"Africa Press | Senegal | Homepage","description":"Just another Africa News Agency Sites site","potentialAction":[{"@type":"SearchAction","target":{"@type":"EntryPoint","urlTemplate":"https:\/\/www.africa-press.net\/senegal\/?s={search_term_string}"},"query-input":{"@type":"PropertyValueSpecification","valueRequired":true,"valueName":"search_term_string"}}],"inLanguage":"fr-FR"},{"@type":"Person","@id":"https:\/\/www.africa-press.net\/senegal\/#\/schema\/person\/2b1cf3cd81a31e3cd26889ca66d677f1","name":"cfeditorfr","url":"https:\/\/www.africa-press.net\/senegal\/author\/cfeditorfr"}]}},"_links":{"self":[{"href":"https:\/\/www.africa-press.net\/senegal\/wp-json\/wp\/v2\/posts\/55796","targetHints":{"allow":["GET"]}}],"collection":[{"href":"https:\/\/www.africa-press.net\/senegal\/wp-json\/wp\/v2\/posts"}],"about":[{"href":"https:\/\/www.africa-press.net\/senegal\/wp-json\/wp\/v2\/types\/post"}],"author":[{"embeddable":true,"href":"https:\/\/www.africa-press.net\/senegal\/wp-json\/wp\/v2\/users\/82"}],"replies":[{"embeddable":true,"href":"https:\/\/www.africa-press.net\/senegal\/wp-json\/wp\/v2\/comments?post=55796"}],"version-history":[{"count":0,"href":"https:\/\/www.africa-press.net\/senegal\/wp-json\/wp\/v2\/posts\/55796\/revisions"}],"wp:featuredmedia":[{"embeddable":true,"href":"https:\/\/www.africa-press.net\/senegal\/wp-json\/wp\/v2\/media\/55795"}],"wp:attachment":[{"href":"https:\/\/www.africa-press.net\/senegal\/wp-json\/wp\/v2\/media?parent=55796"}],"wp:term":[{"taxonomy":"category","embeddable":true,"href":"https:\/\/www.africa-press.net\/senegal\/wp-json\/wp\/v2\/categories?post=55796"},{"taxonomy":"post_tag","embeddable":true,"href":"https:\/\/www.africa-press.net\/senegal\/wp-json\/wp\/v2\/tags?post=55796"}],"curies":[{"name":"wp","href":"https:\/\/api.w.org\/{rel}","templated":true}]}}