{"id":55799,"date":"2024-02-14T21:31:52","date_gmt":"2024-02-14T21:31:52","guid":{"rendered":"https:\/\/www.africa-press.net\/senegal\/politique\/thies-f24-initie-une-plainte-citoyenne-et-populaire-contre-massaly"},"modified":"2024-02-14T22:56:49","modified_gmt":"2024-02-14T22:56:49","slug":"thies-f24-initie-une-plainte-citoyenne-et-populaire-contre-massaly","status":"publish","type":"post","link":"https:\/\/www.africa-press.net\/senegal\/politique\/thies-f24-initie-une-plainte-citoyenne-et-populaire-contre-massaly","title":{"rendered":"Thi\u00e8s : F24 initie une plainte citoyenne et populaire contre Massaly"},"content":{"rendered":"<p><span style=\"color: #ff6600\"><strong>Africa-Press &#8211; Senegal. <\/strong><\/span>La plateforme des forces vives de F24-Thie\u0300s initie une plainte populaire et citoyenne contre le pre\u0301sident de \u00abL\u2019Union pour la Nouvelle Re\u0301publique\u00bb (UNR), Mouhamadou Lamine Massaly. Les faits reproche\u0301s au pre\u0301sident du Conseil d&rsquo;administration de l&rsquo;Office national de la formation professionnelle (ONFP), allie\u0301 du Pre\u0301sident Macky Sall, se sont produits le vendredi 9 fe\u0301vrier 2024, a\u0300 savoir: \u00ab Tentative de meurtre sur de jeunes manifestants \u00bb ; \u00ab De\u0301tention ille\u0301gale d\u2019arme a\u0300 feu \u00bb ; \u00ab Mise en danger de la vie d\u2019autrui \u00bb ; \u00ab Violences et voie de fait \u00bb ; \u00ab Trouble a\u0300 l\u2019ordre public \u00bb.<\/p>\n<p>\u00ab C\u2019est un lot de plaintes populaires et citoyennes que nous allons mettre a\u0300 la disposition des populations Thiessoises. Chaque citoyen et chaque citoyenne remplira et de\u0301posera sa plainte, personnellement et volontairement, ce jeudi 15 fe\u0301vrier 2024, sur la table du Procureur de la Re\u0301publique pre\u0300s le Tribunal de grande instance de Thie\u0300s, contre l\u2019acteur politique \u00bb, souligne le coordinateur de\u0301partemental de ladite organisation, Saliou Soule\u0300ye Ndiaye, par ailleurs leader du mouvement \u00abY en a marre\u00bb a\u0300 Thie\u0300s.<\/p>\n<p>Le F24 rappelle que \u00ab Massaly est un habitue\u0301 des faits \u00bb et lance un appel aux autorite\u0301s compe\u0301tentes pour qu\u2019elles prennent leurs responsabilite\u0301s face a\u0300 de tels \u00ab comportements dangereux \u00bb.<\/p>\n<p><strong>Pour plus d&rsquo;informations et d&rsquo;analyses sur la <a href=\"https:\/\/www.africa-press.net\/senegal\">Senegal<\/a>, suivez <a href=\"https:\/\/www.africa-press.net\/\">Africa-Press<\/a><\/strong><\/p>\n","protected":false},"excerpt":{"rendered":"<p>Africa-Press &#8211; Senegal. La plateforme des forces vives de F24-Thie\u0300s initie une plainte populaire et citoyenne contre le pre\u0301sident de \u00abL\u2019Union pour la Nouvelle Re\u0301publique\u00bb (UNR), Mouhamadou Lamine Massaly. Les faits reproche\u0301s au pre\u0301sident du Conseil d&rsquo;administration de l&rsquo;Office national de la formation professionnelle (ONFP), allie\u0301 du Pre\u0301sident Macky Sall, se sont produits le vendredi [&hellip;]<\/p>\n","protected":false},"author":82,"featured_media":55798,"comment_status":"open","ping_status":"closed","sticky":false,"template":"","format":"standard","meta":{"footnotes":""},"categories":[2,10],"tags":[43,47,44],"class_list":["post-55799","post","type-post","status-publish","format-standard","has-post-thumbnail","hentry","category-politique","category-toutes-les-actualites","tag-africa-press-2","tag-africa-press-senegal","tag-senegal-2"],"yoast_head":"<!-- This site is optimized with the Yoast SEO Premium plugin v26.1 (Yoast SEO v27.0) - https:\/\/yoast.com\/product\/yoast-seo-premium-wordpress\/ -->\n<title>Thi\u00e8s : F24 initie une plainte citoyenne et populaire contre Massaly - Senegal<\/title>\n<meta name=\"description\" content=\"La plateforme des forces vives de F24-Thie\u0300s initie une plainte populaire et citoyenne contre le pre\u0301sident de \u00abL\u2019Union ...\" \/>\n<meta name=\"robots\" content=\"index, follow, max-snippet:-1, max-image-preview:large, max-video-preview:-1\" \/>\n<link rel=\"canonical\" href=\"https:\/\/www.africa-press.net\/senegal\/politique\/thies-f24-initie-une-plainte-citoyenne-et-populaire-contre-massaly\" \/>\n<meta property=\"og:locale\" content=\"fr_FR\" \/>\n<meta property=\"og:type\" content=\"article\" \/>\n<meta property=\"og:title\" content=\"Thi\u00e8s : F24 initie une plainte citoyenne et populaire contre Massaly\" \/>\n<meta property=\"og:description\" content=\"La plateforme des forces vives de F24-Thie\u0300s initie une plainte populaire et citoyenne contre le pre\u0301sident de \u00abL\u2019Union ...\" \/>\n<meta property=\"og:url\" content=\"https:\/\/www.africa-press.net\/senegal\/politique\/thies-f24-initie-une-plainte-citoyenne-et-populaire-contre-massaly\" \/>\n<meta property=\"og:site_name\" content=\"Senegal\" \/>\n<meta property=\"article:published_time\" content=\"2024-02-14T21:31:52+00:00\" \/>\n<meta property=\"article:modified_time\" content=\"2024-02-14T22:56:49+00:00\" \/>\n<meta property=\"og:image\" content=\"https:\/\/static.africa-press.net\/senegal\/sites\/13\/2024\/02\/sm_1707935127.464594.jpg\" \/>\n\t<meta property=\"og:image:width\" content=\"1301\" \/>\n\t<meta property=\"og:image:height\" content=\"635\" \/>\n\t<meta property=\"og:image:type\" content=\"image\/jpeg\" \/>\n<meta name=\"author\" content=\"cfeditorfr\" \/>\n<meta name=\"twitter:card\" content=\"summary_large_image\" \/>\n<meta name=\"twitter:label1\" content=\"\u00c9crit par\" \/>\n\t<meta name=\"twitter:data1\" content=\"cfeditorfr\" \/>\n\t<meta name=\"twitter:label2\" content=\"Dur\u00e9e de lecture estim\u00e9e\" \/>\n\t<meta name=\"twitter:data2\" content=\"1 minute\" \/>\n<script type=\"application\/ld+json\" class=\"yoast-schema-graph\">{\"@context\":\"https:\/\/schema.org\",\"@graph\":[{\"@type\":\"Article\",\"@id\":\"https:\/\/www.africa-press.net\/senegal\/politique\/thies-f24-initie-une-plainte-citoyenne-et-populaire-contre-massaly#article\",\"isPartOf\":{\"@id\":\"https:\/\/www.africa-press.net\/senegal\/politique\/thies-f24-initie-une-plainte-citoyenne-et-populaire-contre-massaly\"},\"author\":{\"name\":\"cfeditorfr\",\"@id\":\"https:\/\/www.africa-press.net\/senegal\/#\/schema\/person\/2b1cf3cd81a31e3cd26889ca66d677f1\"},\"headline\":\"Thi\u00e8s : F24 initie une plainte citoyenne et populaire contre Massaly\",\"datePublished\":\"2024-02-14T21:31:52+00:00\",\"dateModified\":\"2024-02-14T22:56:49+00:00\",\"mainEntityOfPage\":{\"@id\":\"https:\/\/www.africa-press.net\/senegal\/politique\/thies-f24-initie-une-plainte-citoyenne-et-populaire-contre-massaly\"},\"wordCount\":241,\"commentCount\":0,\"image\":{\"@id\":\"https:\/\/www.africa-press.net\/senegal\/politique\/thies-f24-initie-une-plainte-citoyenne-et-populaire-contre-massaly#primaryimage\"},\"thumbnailUrl\":\"https:\/\/static.africa-press.net\/senegal\/sites\/13\/2024\/02\/sm_1707935127.464594.jpg\",\"keywords\":[\"Africa Press\",\"Africa Press-Senegal\",\"Senegal\"],\"articleSection\":[\"Politique\",\"Toutes les actualit\u00e9s\"],\"inLanguage\":\"fr-FR\",\"potentialAction\":[{\"@type\":\"CommentAction\",\"name\":\"Comment\",\"target\":[\"https:\/\/www.africa-press.net\/senegal\/politique\/thies-f24-initie-une-plainte-citoyenne-et-populaire-contre-massaly#respond\"]}]},{\"@type\":\"WebPage\",\"@id\":\"https:\/\/www.africa-press.net\/senegal\/politique\/thies-f24-initie-une-plainte-citoyenne-et-populaire-contre-massaly\",\"url\":\"https:\/\/www.africa-press.net\/senegal\/politique\/thies-f24-initie-une-plainte-citoyenne-et-populaire-contre-massaly\",\"name\":\"Thi\u00e8s : F24 initie une plainte citoyenne et populaire contre Massaly - Senegal\",\"isPartOf\":{\"@id\":\"https:\/\/www.africa-press.net\/senegal\/#website\"},\"primaryImageOfPage\":{\"@id\":\"https:\/\/www.africa-press.net\/senegal\/politique\/thies-f24-initie-une-plainte-citoyenne-et-populaire-contre-massaly#primaryimage\"},\"image\":{\"@id\":\"https:\/\/www.africa-press.net\/senegal\/politique\/thies-f24-initie-une-plainte-citoyenne-et-populaire-contre-massaly#primaryimage\"},\"thumbnailUrl\":\"https:\/\/static.africa-press.net\/senegal\/sites\/13\/2024\/02\/sm_1707935127.464594.jpg\",\"datePublished\":\"2024-02-14T21:31:52+00:00\",\"dateModified\":\"2024-02-14T22:56:49+00:00\",\"author\":{\"@id\":\"https:\/\/www.africa-press.net\/senegal\/#\/schema\/person\/2b1cf3cd81a31e3cd26889ca66d677f1\"},\"description\":\"La plateforme des forces vives de F24-Thie\u0300s initie une plainte populaire et citoyenne contre le pre\u0301sident de \u00abL\u2019Union ...\",\"breadcrumb\":{\"@id\":\"https:\/\/www.africa-press.net\/senegal\/politique\/thies-f24-initie-une-plainte-citoyenne-et-populaire-contre-massaly#breadcrumb\"},\"inLanguage\":\"fr-FR\",\"potentialAction\":[{\"@type\":\"ReadAction\",\"target\":[\"https:\/\/www.africa-press.net\/senegal\/politique\/thies-f24-initie-une-plainte-citoyenne-et-populaire-contre-massaly\"]}]},{\"@type\":\"ImageObject\",\"inLanguage\":\"fr-FR\",\"@id\":\"https:\/\/www.africa-press.net\/senegal\/politique\/thies-f24-initie-une-plainte-citoyenne-et-populaire-contre-massaly#primaryimage\",\"url\":\"https:\/\/static.africa-press.net\/senegal\/sites\/13\/2024\/02\/sm_1707935127.464594.jpg\",\"contentUrl\":\"https:\/\/static.africa-press.net\/senegal\/sites\/13\/2024\/02\/sm_1707935127.464594.jpg\",\"width\":1301,\"height\":635,\"caption\":\"Thi\u00e8s : F24 initie une plainte citoyenne et populaire contre Massaly\"},{\"@type\":\"BreadcrumbList\",\"@id\":\"https:\/\/www.africa-press.net\/senegal\/politique\/thies-f24-initie-une-plainte-citoyenne-et-populaire-contre-massaly#breadcrumb\",\"itemListElement\":[{\"@type\":\"ListItem\",\"position\":1,\"name\":\"Accueil\",\"item\":\"https:\/\/www.africa-press.net\/senegal\/\"},{\"@type\":\"ListItem\",\"position\":2,\"name\":\"Thi\u00e8s : F24 initie une plainte citoyenne et populaire contre Massaly\"}]},{\"@type\":\"WebSite\",\"@id\":\"https:\/\/www.africa-press.net\/senegal\/#website\",\"url\":\"https:\/\/www.africa-press.net\/senegal\/\",\"name\":\"Africa Press | Senegal | Homepage\",\"description\":\"Just another Africa News Agency Sites site\",\"potentialAction\":[{\"@type\":\"SearchAction\",\"target\":{\"@type\":\"EntryPoint\",\"urlTemplate\":\"https:\/\/www.africa-press.net\/senegal\/?s={search_term_string}\"},\"query-input\":{\"@type\":\"PropertyValueSpecification\",\"valueRequired\":true,\"valueName\":\"search_term_string\"}}],\"inLanguage\":\"fr-FR\"},{\"@type\":\"Person\",\"@id\":\"https:\/\/www.africa-press.net\/senegal\/#\/schema\/person\/2b1cf3cd81a31e3cd26889ca66d677f1\",\"name\":\"cfeditorfr\",\"url\":\"https:\/\/www.africa-press.net\/senegal\/author\/cfeditorfr\"}]}<\/script>\n<!-- \/ Yoast SEO Premium plugin. -->","yoast_head_json":{"title":"Thi\u00e8s : F24 initie une plainte citoyenne et populaire contre Massaly - Senegal","description":"La plateforme des forces vives de F24-Thie\u0300s initie une plainte populaire et citoyenne contre le pre\u0301sident de \u00abL\u2019Union ...","robots":{"index":"index","follow":"follow","max-snippet":"max-snippet:-1","max-image-preview":"max-image-preview:large","max-video-preview":"max-video-preview:-1"},"canonical":"https:\/\/www.africa-press.net\/senegal\/politique\/thies-f24-initie-une-plainte-citoyenne-et-populaire-contre-massaly","og_locale":"fr_FR","og_type":"article","og_title":"Thi\u00e8s : F24 initie une plainte citoyenne et populaire contre Massaly","og_description":"La plateforme des forces vives de F24-Thie\u0300s initie une plainte populaire et citoyenne contre le pre\u0301sident de \u00abL\u2019Union ...","og_url":"https:\/\/www.africa-press.net\/senegal\/politique\/thies-f24-initie-une-plainte-citoyenne-et-populaire-contre-massaly","og_site_name":"Senegal","article_published_time":"2024-02-14T21:31:52+00:00","article_modified_time":"2024-02-14T22:56:49+00:00","og_image":[{"width":1301,"height":635,"url":"https:\/\/static.africa-press.net\/senegal\/sites\/13\/2024\/02\/sm_1707935127.464594.jpg","type":"image\/jpeg"}],"author":"cfeditorfr","twitter_card":"summary_large_image","twitter_misc":{"\u00c9crit par":"cfeditorfr","Dur\u00e9e de lecture estim\u00e9e":"1 minute"},"schema":{"@context":"https:\/\/schema.org","@graph":[{"@type":"Article","@id":"https:\/\/www.africa-press.net\/senegal\/politique\/thies-f24-initie-une-plainte-citoyenne-et-populaire-contre-massaly#article","isPartOf":{"@id":"https:\/\/www.africa-press.net\/senegal\/politique\/thies-f24-initie-une-plainte-citoyenne-et-populaire-contre-massaly"},"author":{"name":"cfeditorfr","@id":"https:\/\/www.africa-press.net\/senegal\/#\/schema\/person\/2b1cf3cd81a31e3cd26889ca66d677f1"},"headline":"Thi\u00e8s : F24 initie une plainte citoyenne et populaire contre Massaly","datePublished":"2024-02-14T21:31:52+00:00","dateModified":"2024-02-14T22:56:49+00:00","mainEntityOfPage":{"@id":"https:\/\/www.africa-press.net\/senegal\/politique\/thies-f24-initie-une-plainte-citoyenne-et-populaire-contre-massaly"},"wordCount":241,"commentCount":0,"image":{"@id":"https:\/\/www.africa-press.net\/senegal\/politique\/thies-f24-initie-une-plainte-citoyenne-et-populaire-contre-massaly#primaryimage"},"thumbnailUrl":"https:\/\/static.africa-press.net\/senegal\/sites\/13\/2024\/02\/sm_1707935127.464594.jpg","keywords":["Africa Press","Africa Press-Senegal","Senegal"],"articleSection":["Politique","Toutes les actualit\u00e9s"],"inLanguage":"fr-FR","potentialAction":[{"@type":"CommentAction","name":"Comment","target":["https:\/\/www.africa-press.net\/senegal\/politique\/thies-f24-initie-une-plainte-citoyenne-et-populaire-contre-massaly#respond"]}]},{"@type":"WebPage","@id":"https:\/\/www.africa-press.net\/senegal\/politique\/thies-f24-initie-une-plainte-citoyenne-et-populaire-contre-massaly","url":"https:\/\/www.africa-press.net\/senegal\/politique\/thies-f24-initie-une-plainte-citoyenne-et-populaire-contre-massaly","name":"Thi\u00e8s : F24 initie une plainte citoyenne et populaire contre Massaly - Senegal","isPartOf":{"@id":"https:\/\/www.africa-press.net\/senegal\/#website"},"primaryImageOfPage":{"@id":"https:\/\/www.africa-press.net\/senegal\/politique\/thies-f24-initie-une-plainte-citoyenne-et-populaire-contre-massaly#primaryimage"},"image":{"@id":"https:\/\/www.africa-press.net\/senegal\/politique\/thies-f24-initie-une-plainte-citoyenne-et-populaire-contre-massaly#primaryimage"},"thumbnailUrl":"https:\/\/static.africa-press.net\/senegal\/sites\/13\/2024\/02\/sm_1707935127.464594.jpg","datePublished":"2024-02-14T21:31:52+00:00","dateModified":"2024-02-14T22:56:49+00:00","author":{"@id":"https:\/\/www.africa-press.net\/senegal\/#\/schema\/person\/2b1cf3cd81a31e3cd26889ca66d677f1"},"description":"La plateforme des forces vives de F24-Thie\u0300s initie une plainte populaire et citoyenne contre le pre\u0301sident de \u00abL\u2019Union ...","breadcrumb":{"@id":"https:\/\/www.africa-press.net\/senegal\/politique\/thies-f24-initie-une-plainte-citoyenne-et-populaire-contre-massaly#breadcrumb"},"inLanguage":"fr-FR","potentialAction":[{"@type":"ReadAction","target":["https:\/\/www.africa-press.net\/senegal\/politique\/thies-f24-initie-une-plainte-citoyenne-et-populaire-contre-massaly"]}]},{"@type":"ImageObject","inLanguage":"fr-FR","@id":"https:\/\/www.africa-press.net\/senegal\/politique\/thies-f24-initie-une-plainte-citoyenne-et-populaire-contre-massaly#primaryimage","url":"https:\/\/static.africa-press.net\/senegal\/sites\/13\/2024\/02\/sm_1707935127.464594.jpg","contentUrl":"https:\/\/static.africa-press.net\/senegal\/sites\/13\/2024\/02\/sm_1707935127.464594.jpg","width":1301,"height":635,"caption":"Thi\u00e8s : F24 initie une plainte citoyenne et populaire contre Massaly"},{"@type":"BreadcrumbList","@id":"https:\/\/www.africa-press.net\/senegal\/politique\/thies-f24-initie-une-plainte-citoyenne-et-populaire-contre-massaly#breadcrumb","itemListElement":[{"@type":"ListItem","position":1,"name":"Accueil","item":"https:\/\/www.africa-press.net\/senegal\/"},{"@type":"ListItem","position":2,"name":"Thi\u00e8s : F24 initie une plainte citoyenne et populaire contre Massaly"}]},{"@type":"WebSite","@id":"https:\/\/www.africa-press.net\/senegal\/#website","url":"https:\/\/www.africa-press.net\/senegal\/","name":"Africa Press | Senegal | Homepage","description":"Just another Africa News Agency Sites site","potentialAction":[{"@type":"SearchAction","target":{"@type":"EntryPoint","urlTemplate":"https:\/\/www.africa-press.net\/senegal\/?s={search_term_string}"},"query-input":{"@type":"PropertyValueSpecification","valueRequired":true,"valueName":"search_term_string"}}],"inLanguage":"fr-FR"},{"@type":"Person","@id":"https:\/\/www.africa-press.net\/senegal\/#\/schema\/person\/2b1cf3cd81a31e3cd26889ca66d677f1","name":"cfeditorfr","url":"https:\/\/www.africa-press.net\/senegal\/author\/cfeditorfr"}]}},"_links":{"self":[{"href":"https:\/\/www.africa-press.net\/senegal\/wp-json\/wp\/v2\/posts\/55799","targetHints":{"allow":["GET"]}}],"collection":[{"href":"https:\/\/www.africa-press.net\/senegal\/wp-json\/wp\/v2\/posts"}],"about":[{"href":"https:\/\/www.africa-press.net\/senegal\/wp-json\/wp\/v2\/types\/post"}],"author":[{"embeddable":true,"href":"https:\/\/www.africa-press.net\/senegal\/wp-json\/wp\/v2\/users\/82"}],"replies":[{"embeddable":true,"href":"https:\/\/www.africa-press.net\/senegal\/wp-json\/wp\/v2\/comments?post=55799"}],"version-history":[{"count":0,"href":"https:\/\/www.africa-press.net\/senegal\/wp-json\/wp\/v2\/posts\/55799\/revisions"}],"wp:featuredmedia":[{"embeddable":true,"href":"https:\/\/www.africa-press.net\/senegal\/wp-json\/wp\/v2\/media\/55798"}],"wp:attachment":[{"href":"https:\/\/www.africa-press.net\/senegal\/wp-json\/wp\/v2\/media?parent=55799"}],"wp:term":[{"taxonomy":"category","embeddable":true,"href":"https:\/\/www.africa-press.net\/senegal\/wp-json\/wp\/v2\/categories?post=55799"},{"taxonomy":"post_tag","embeddable":true,"href":"https:\/\/www.africa-press.net\/senegal\/wp-json\/wp\/v2\/tags?post=55799"}],"curies":[{"name":"wp","href":"https:\/\/api.w.org\/{rel}","templated":true}]}}