{"id":55802,"date":"2024-02-14T21:32:56","date_gmt":"2024-02-14T21:32:56","guid":{"rendered":"https:\/\/www.africa-press.net\/senegal\/politique\/loi-damnistie-pour-sonko-et-les-detenus-politiques-pas-a-lordre-du-jour-du-conseil-des-ministres"},"modified":"2024-02-14T22:57:29","modified_gmt":"2024-02-14T22:57:29","slug":"loi-damnistie-pour-sonko-et-les-detenus-politiques-pas-a-lordre-du-jour-du-conseil-des-ministres","status":"publish","type":"post","link":"https:\/\/www.africa-press.net\/senegal\/politique\/loi-damnistie-pour-sonko-et-les-detenus-politiques-pas-a-lordre-du-jour-du-conseil-des-ministres","title":{"rendered":"Loi d\u2019amnistie pour Sonko et les d\u00e9tenus politiques : Pas \u00e0 l\u2019ordre du jour du conseil des ministres"},"content":{"rendered":"<p><span style=\"color: #ff6600\"><strong>Africa-Press &#8211; Senegal. <\/strong><\/span>La montagne a finalement accouche\u0301 d\u2019une souris. Annonce\u0301 en de\u0301but de semaine, le projet de loi d\u2019amnistie en faveur d\u2019Ousmane Sonko et de tous les de\u0301tenus politiques, qui fait de\u0301bat, reste au stade de rumeur puisque la question n\u2019e\u0301tait pas a\u0300 l\u2019ordre du jour de la re\u0301union hebdomadaire du conseil des ministres. \u00ab\u00a0Il n&rsquo;a jamais e\u0301te\u0301 question de projet de loi d&rsquo;amnistie\u00a0\u00bb, nous glisse me\u0302me une source bien renseigne\u0301e, qui e\u0301voque des manipulations.<\/p>\n<p>Cette mesure d&rsquo;amnistie ge\u0301ne\u0301rale devait conduire a\u0300 la libe\u0301ration d&rsquo;Ousmane Sonko et de toutes les personnes arre\u0302te\u0301es depuis 2021 au cours des troubles politiques qui ont secoue\u0301 le pays. Au-dela\u0300 des personnes arre\u0302te\u0301es en marge des manifestations, la mesure d\u2019amnistie devait concerner les faits lie\u0301s aux condamnations de Karim Wade et Khalifa Sall.<\/p>\n<p>Une manie\u0300re pour le Pre\u0301sident Macky Sall, accule\u0301 de toute part, de donner a\u0300 chaque acteur la chance de participer au dialogue national et aux prochaines joutes reporte\u0301es au 15 de\u0301cembre, soulignait la rumeur qui a finalement fait pschitt.<\/p>\n<p><strong>Pour plus d&rsquo;informations et d&rsquo;analyses sur la <a href=\"https:\/\/www.africa-press.net\/senegal\">Senegal<\/a>, suivez <a href=\"https:\/\/www.africa-press.net\/\">Africa-Press<\/a><\/strong><\/p>\n","protected":false},"excerpt":{"rendered":"<p>Africa-Press &#8211; Senegal. La montagne a finalement accouche\u0301 d\u2019une souris. Annonce\u0301 en de\u0301but de semaine, le projet de loi d\u2019amnistie en faveur d\u2019Ousmane Sonko et de tous les de\u0301tenus politiques, qui fait de\u0301bat, reste au stade de rumeur puisque la question n\u2019e\u0301tait pas a\u0300 l\u2019ordre du jour de la re\u0301union hebdomadaire du conseil des ministres. [&hellip;]<\/p>\n","protected":false},"author":82,"featured_media":55800,"comment_status":"open","ping_status":"closed","sticky":false,"template":"","format":"standard","meta":{"footnotes":""},"categories":[2,10],"tags":[43,47,44],"class_list":["post-55802","post","type-post","status-publish","format-standard","has-post-thumbnail","hentry","category-politique","category-toutes-les-actualites","tag-africa-press-2","tag-africa-press-senegal","tag-senegal-2"],"yoast_head":"<!-- This site is optimized with the Yoast SEO Premium plugin v26.1 (Yoast SEO v27.0) - https:\/\/yoast.com\/product\/yoast-seo-premium-wordpress\/ -->\n<title>Loi d\u2019amnistie pour Sonko et les d\u00e9tenus politiques : Pas \u00e0 l\u2019ordre du jour du conseil des ministres - Senegal<\/title>\n<meta name=\"description\" content=\"La montagne a finalement accouche\u0301 d\u2019une souris. Annonce\u0301 en de\u0301but de semaine, le projet de loi d\u2019amnistie en faveur d\u2019 ...\" \/>\n<meta name=\"robots\" content=\"index, follow, max-snippet:-1, max-image-preview:large, max-video-preview:-1\" \/>\n<link rel=\"canonical\" href=\"https:\/\/www.africa-press.net\/senegal\/politique\/loi-damnistie-pour-sonko-et-les-detenus-politiques-pas-a-lordre-du-jour-du-conseil-des-ministres\" \/>\n<meta property=\"og:locale\" content=\"fr_FR\" \/>\n<meta property=\"og:type\" content=\"article\" \/>\n<meta property=\"og:title\" content=\"Loi d\u2019amnistie pour Sonko et les d\u00e9tenus politiques : Pas \u00e0 l\u2019ordre du jour du conseil des ministres\" \/>\n<meta property=\"og:description\" content=\"La montagne a finalement accouche\u0301 d\u2019une souris. Annonce\u0301 en de\u0301but de semaine, le projet de loi d\u2019amnistie en faveur d\u2019 ...\" \/>\n<meta property=\"og:url\" content=\"https:\/\/www.africa-press.net\/senegal\/politique\/loi-damnistie-pour-sonko-et-les-detenus-politiques-pas-a-lordre-du-jour-du-conseil-des-ministres\" \/>\n<meta property=\"og:site_name\" content=\"Senegal\" \/>\n<meta property=\"article:published_time\" content=\"2024-02-14T21:32:56+00:00\" \/>\n<meta property=\"article:modified_time\" content=\"2024-02-14T22:57:29+00:00\" \/>\n<meta property=\"og:image\" content=\"https:\/\/static.africa-press.net\/senegal\/sites\/13\/2024\/02\/sm_1707935150.895058.jpg\" \/>\n\t<meta property=\"og:image:width\" content=\"1303\" \/>\n\t<meta property=\"og:image:height\" content=\"634\" \/>\n\t<meta property=\"og:image:type\" content=\"image\/jpeg\" \/>\n<meta name=\"author\" content=\"cfeditorfr\" \/>\n<meta name=\"twitter:card\" content=\"summary_large_image\" \/>\n<meta name=\"twitter:label1\" content=\"\u00c9crit par\" \/>\n\t<meta name=\"twitter:data1\" content=\"cfeditorfr\" \/>\n\t<meta name=\"twitter:label2\" content=\"Dur\u00e9e de lecture estim\u00e9e\" \/>\n\t<meta name=\"twitter:data2\" content=\"1 minute\" \/>\n<script type=\"application\/ld+json\" class=\"yoast-schema-graph\">{\"@context\":\"https:\/\/schema.org\",\"@graph\":[{\"@type\":\"Article\",\"@id\":\"https:\/\/www.africa-press.net\/senegal\/politique\/loi-damnistie-pour-sonko-et-les-detenus-politiques-pas-a-lordre-du-jour-du-conseil-des-ministres#article\",\"isPartOf\":{\"@id\":\"https:\/\/www.africa-press.net\/senegal\/politique\/loi-damnistie-pour-sonko-et-les-detenus-politiques-pas-a-lordre-du-jour-du-conseil-des-ministres\"},\"author\":{\"name\":\"cfeditorfr\",\"@id\":\"https:\/\/www.africa-press.net\/senegal\/#\/schema\/person\/2b1cf3cd81a31e3cd26889ca66d677f1\"},\"headline\":\"Loi d\u2019amnistie pour Sonko et les d\u00e9tenus politiques : Pas \u00e0 l\u2019ordre du jour du conseil des ministres\",\"datePublished\":\"2024-02-14T21:32:56+00:00\",\"dateModified\":\"2024-02-14T22:57:29+00:00\",\"mainEntityOfPage\":{\"@id\":\"https:\/\/www.africa-press.net\/senegal\/politique\/loi-damnistie-pour-sonko-et-les-detenus-politiques-pas-a-lordre-du-jour-du-conseil-des-ministres\"},\"wordCount\":228,\"commentCount\":0,\"image\":{\"@id\":\"https:\/\/www.africa-press.net\/senegal\/politique\/loi-damnistie-pour-sonko-et-les-detenus-politiques-pas-a-lordre-du-jour-du-conseil-des-ministres#primaryimage\"},\"thumbnailUrl\":\"https:\/\/static.africa-press.net\/senegal\/sites\/13\/2024\/02\/sm_1707935150.895058.jpg\",\"keywords\":[\"Africa Press\",\"Africa Press-Senegal\",\"Senegal\"],\"articleSection\":[\"Politique\",\"Toutes les actualit\u00e9s\"],\"inLanguage\":\"fr-FR\",\"potentialAction\":[{\"@type\":\"CommentAction\",\"name\":\"Comment\",\"target\":[\"https:\/\/www.africa-press.net\/senegal\/politique\/loi-damnistie-pour-sonko-et-les-detenus-politiques-pas-a-lordre-du-jour-du-conseil-des-ministres#respond\"]}]},{\"@type\":\"WebPage\",\"@id\":\"https:\/\/www.africa-press.net\/senegal\/politique\/loi-damnistie-pour-sonko-et-les-detenus-politiques-pas-a-lordre-du-jour-du-conseil-des-ministres\",\"url\":\"https:\/\/www.africa-press.net\/senegal\/politique\/loi-damnistie-pour-sonko-et-les-detenus-politiques-pas-a-lordre-du-jour-du-conseil-des-ministres\",\"name\":\"Loi d\u2019amnistie pour Sonko et les d\u00e9tenus politiques : Pas \u00e0 l\u2019ordre du jour du conseil des ministres - Senegal\",\"isPartOf\":{\"@id\":\"https:\/\/www.africa-press.net\/senegal\/#website\"},\"primaryImageOfPage\":{\"@id\":\"https:\/\/www.africa-press.net\/senegal\/politique\/loi-damnistie-pour-sonko-et-les-detenus-politiques-pas-a-lordre-du-jour-du-conseil-des-ministres#primaryimage\"},\"image\":{\"@id\":\"https:\/\/www.africa-press.net\/senegal\/politique\/loi-damnistie-pour-sonko-et-les-detenus-politiques-pas-a-lordre-du-jour-du-conseil-des-ministres#primaryimage\"},\"thumbnailUrl\":\"https:\/\/static.africa-press.net\/senegal\/sites\/13\/2024\/02\/sm_1707935150.895058.jpg\",\"datePublished\":\"2024-02-14T21:32:56+00:00\",\"dateModified\":\"2024-02-14T22:57:29+00:00\",\"author\":{\"@id\":\"https:\/\/www.africa-press.net\/senegal\/#\/schema\/person\/2b1cf3cd81a31e3cd26889ca66d677f1\"},\"description\":\"La montagne a finalement accouche\u0301 d\u2019une souris. Annonce\u0301 en de\u0301but de semaine, le projet de loi d\u2019amnistie en faveur d\u2019 ...\",\"breadcrumb\":{\"@id\":\"https:\/\/www.africa-press.net\/senegal\/politique\/loi-damnistie-pour-sonko-et-les-detenus-politiques-pas-a-lordre-du-jour-du-conseil-des-ministres#breadcrumb\"},\"inLanguage\":\"fr-FR\",\"potentialAction\":[{\"@type\":\"ReadAction\",\"target\":[\"https:\/\/www.africa-press.net\/senegal\/politique\/loi-damnistie-pour-sonko-et-les-detenus-politiques-pas-a-lordre-du-jour-du-conseil-des-ministres\"]}]},{\"@type\":\"ImageObject\",\"inLanguage\":\"fr-FR\",\"@id\":\"https:\/\/www.africa-press.net\/senegal\/politique\/loi-damnistie-pour-sonko-et-les-detenus-politiques-pas-a-lordre-du-jour-du-conseil-des-ministres#primaryimage\",\"url\":\"https:\/\/static.africa-press.net\/senegal\/sites\/13\/2024\/02\/sm_1707935150.895058.jpg\",\"contentUrl\":\"https:\/\/static.africa-press.net\/senegal\/sites\/13\/2024\/02\/sm_1707935150.895058.jpg\",\"width\":1303,\"height\":634,\"caption\":\"Loi d\u2019amnistie pour Sonko et les d\u00e9tenus politiques : Pas \u00e0 l\u2019ordre du jour du conseil des ministres\"},{\"@type\":\"BreadcrumbList\",\"@id\":\"https:\/\/www.africa-press.net\/senegal\/politique\/loi-damnistie-pour-sonko-et-les-detenus-politiques-pas-a-lordre-du-jour-du-conseil-des-ministres#breadcrumb\",\"itemListElement\":[{\"@type\":\"ListItem\",\"position\":1,\"name\":\"Accueil\",\"item\":\"https:\/\/www.africa-press.net\/senegal\/\"},{\"@type\":\"ListItem\",\"position\":2,\"name\":\"Loi d\u2019amnistie pour Sonko et les d\u00e9tenus politiques : Pas \u00e0 l\u2019ordre du jour du conseil des ministres\"}]},{\"@type\":\"WebSite\",\"@id\":\"https:\/\/www.africa-press.net\/senegal\/#website\",\"url\":\"https:\/\/www.africa-press.net\/senegal\/\",\"name\":\"Africa Press | Senegal | Homepage\",\"description\":\"Just another Africa News Agency Sites site\",\"potentialAction\":[{\"@type\":\"SearchAction\",\"target\":{\"@type\":\"EntryPoint\",\"urlTemplate\":\"https:\/\/www.africa-press.net\/senegal\/?s={search_term_string}\"},\"query-input\":{\"@type\":\"PropertyValueSpecification\",\"valueRequired\":true,\"valueName\":\"search_term_string\"}}],\"inLanguage\":\"fr-FR\"},{\"@type\":\"Person\",\"@id\":\"https:\/\/www.africa-press.net\/senegal\/#\/schema\/person\/2b1cf3cd81a31e3cd26889ca66d677f1\",\"name\":\"cfeditorfr\",\"url\":\"https:\/\/www.africa-press.net\/senegal\/author\/cfeditorfr\"}]}<\/script>\n<!-- \/ Yoast SEO Premium plugin. -->","yoast_head_json":{"title":"Loi d\u2019amnistie pour Sonko et les d\u00e9tenus politiques : Pas \u00e0 l\u2019ordre du jour du conseil des ministres - Senegal","description":"La montagne a finalement accouche\u0301 d\u2019une souris. Annonce\u0301 en de\u0301but de semaine, le projet de loi d\u2019amnistie en faveur d\u2019 ...","robots":{"index":"index","follow":"follow","max-snippet":"max-snippet:-1","max-image-preview":"max-image-preview:large","max-video-preview":"max-video-preview:-1"},"canonical":"https:\/\/www.africa-press.net\/senegal\/politique\/loi-damnistie-pour-sonko-et-les-detenus-politiques-pas-a-lordre-du-jour-du-conseil-des-ministres","og_locale":"fr_FR","og_type":"article","og_title":"Loi d\u2019amnistie pour Sonko et les d\u00e9tenus politiques : Pas \u00e0 l\u2019ordre du jour du conseil des ministres","og_description":"La montagne a finalement accouche\u0301 d\u2019une souris. Annonce\u0301 en de\u0301but de semaine, le projet de loi d\u2019amnistie en faveur d\u2019 ...","og_url":"https:\/\/www.africa-press.net\/senegal\/politique\/loi-damnistie-pour-sonko-et-les-detenus-politiques-pas-a-lordre-du-jour-du-conseil-des-ministres","og_site_name":"Senegal","article_published_time":"2024-02-14T21:32:56+00:00","article_modified_time":"2024-02-14T22:57:29+00:00","og_image":[{"width":1303,"height":634,"url":"https:\/\/static.africa-press.net\/senegal\/sites\/13\/2024\/02\/sm_1707935150.895058.jpg","type":"image\/jpeg"}],"author":"cfeditorfr","twitter_card":"summary_large_image","twitter_misc":{"\u00c9crit par":"cfeditorfr","Dur\u00e9e de lecture estim\u00e9e":"1 minute"},"schema":{"@context":"https:\/\/schema.org","@graph":[{"@type":"Article","@id":"https:\/\/www.africa-press.net\/senegal\/politique\/loi-damnistie-pour-sonko-et-les-detenus-politiques-pas-a-lordre-du-jour-du-conseil-des-ministres#article","isPartOf":{"@id":"https:\/\/www.africa-press.net\/senegal\/politique\/loi-damnistie-pour-sonko-et-les-detenus-politiques-pas-a-lordre-du-jour-du-conseil-des-ministres"},"author":{"name":"cfeditorfr","@id":"https:\/\/www.africa-press.net\/senegal\/#\/schema\/person\/2b1cf3cd81a31e3cd26889ca66d677f1"},"headline":"Loi d\u2019amnistie pour Sonko et les d\u00e9tenus politiques : Pas \u00e0 l\u2019ordre du jour du conseil des ministres","datePublished":"2024-02-14T21:32:56+00:00","dateModified":"2024-02-14T22:57:29+00:00","mainEntityOfPage":{"@id":"https:\/\/www.africa-press.net\/senegal\/politique\/loi-damnistie-pour-sonko-et-les-detenus-politiques-pas-a-lordre-du-jour-du-conseil-des-ministres"},"wordCount":228,"commentCount":0,"image":{"@id":"https:\/\/www.africa-press.net\/senegal\/politique\/loi-damnistie-pour-sonko-et-les-detenus-politiques-pas-a-lordre-du-jour-du-conseil-des-ministres#primaryimage"},"thumbnailUrl":"https:\/\/static.africa-press.net\/senegal\/sites\/13\/2024\/02\/sm_1707935150.895058.jpg","keywords":["Africa Press","Africa Press-Senegal","Senegal"],"articleSection":["Politique","Toutes les actualit\u00e9s"],"inLanguage":"fr-FR","potentialAction":[{"@type":"CommentAction","name":"Comment","target":["https:\/\/www.africa-press.net\/senegal\/politique\/loi-damnistie-pour-sonko-et-les-detenus-politiques-pas-a-lordre-du-jour-du-conseil-des-ministres#respond"]}]},{"@type":"WebPage","@id":"https:\/\/www.africa-press.net\/senegal\/politique\/loi-damnistie-pour-sonko-et-les-detenus-politiques-pas-a-lordre-du-jour-du-conseil-des-ministres","url":"https:\/\/www.africa-press.net\/senegal\/politique\/loi-damnistie-pour-sonko-et-les-detenus-politiques-pas-a-lordre-du-jour-du-conseil-des-ministres","name":"Loi d\u2019amnistie pour Sonko et les d\u00e9tenus politiques : Pas \u00e0 l\u2019ordre du jour du conseil des ministres - Senegal","isPartOf":{"@id":"https:\/\/www.africa-press.net\/senegal\/#website"},"primaryImageOfPage":{"@id":"https:\/\/www.africa-press.net\/senegal\/politique\/loi-damnistie-pour-sonko-et-les-detenus-politiques-pas-a-lordre-du-jour-du-conseil-des-ministres#primaryimage"},"image":{"@id":"https:\/\/www.africa-press.net\/senegal\/politique\/loi-damnistie-pour-sonko-et-les-detenus-politiques-pas-a-lordre-du-jour-du-conseil-des-ministres#primaryimage"},"thumbnailUrl":"https:\/\/static.africa-press.net\/senegal\/sites\/13\/2024\/02\/sm_1707935150.895058.jpg","datePublished":"2024-02-14T21:32:56+00:00","dateModified":"2024-02-14T22:57:29+00:00","author":{"@id":"https:\/\/www.africa-press.net\/senegal\/#\/schema\/person\/2b1cf3cd81a31e3cd26889ca66d677f1"},"description":"La montagne a finalement accouche\u0301 d\u2019une souris. Annonce\u0301 en de\u0301but de semaine, le projet de loi d\u2019amnistie en faveur d\u2019 ...","breadcrumb":{"@id":"https:\/\/www.africa-press.net\/senegal\/politique\/loi-damnistie-pour-sonko-et-les-detenus-politiques-pas-a-lordre-du-jour-du-conseil-des-ministres#breadcrumb"},"inLanguage":"fr-FR","potentialAction":[{"@type":"ReadAction","target":["https:\/\/www.africa-press.net\/senegal\/politique\/loi-damnistie-pour-sonko-et-les-detenus-politiques-pas-a-lordre-du-jour-du-conseil-des-ministres"]}]},{"@type":"ImageObject","inLanguage":"fr-FR","@id":"https:\/\/www.africa-press.net\/senegal\/politique\/loi-damnistie-pour-sonko-et-les-detenus-politiques-pas-a-lordre-du-jour-du-conseil-des-ministres#primaryimage","url":"https:\/\/static.africa-press.net\/senegal\/sites\/13\/2024\/02\/sm_1707935150.895058.jpg","contentUrl":"https:\/\/static.africa-press.net\/senegal\/sites\/13\/2024\/02\/sm_1707935150.895058.jpg","width":1303,"height":634,"caption":"Loi d\u2019amnistie pour Sonko et les d\u00e9tenus politiques : Pas \u00e0 l\u2019ordre du jour du conseil des ministres"},{"@type":"BreadcrumbList","@id":"https:\/\/www.africa-press.net\/senegal\/politique\/loi-damnistie-pour-sonko-et-les-detenus-politiques-pas-a-lordre-du-jour-du-conseil-des-ministres#breadcrumb","itemListElement":[{"@type":"ListItem","position":1,"name":"Accueil","item":"https:\/\/www.africa-press.net\/senegal\/"},{"@type":"ListItem","position":2,"name":"Loi d\u2019amnistie pour Sonko et les d\u00e9tenus politiques : Pas \u00e0 l\u2019ordre du jour du conseil des ministres"}]},{"@type":"WebSite","@id":"https:\/\/www.africa-press.net\/senegal\/#website","url":"https:\/\/www.africa-press.net\/senegal\/","name":"Africa Press | Senegal | Homepage","description":"Just another Africa News Agency Sites site","potentialAction":[{"@type":"SearchAction","target":{"@type":"EntryPoint","urlTemplate":"https:\/\/www.africa-press.net\/senegal\/?s={search_term_string}"},"query-input":{"@type":"PropertyValueSpecification","valueRequired":true,"valueName":"search_term_string"}}],"inLanguage":"fr-FR"},{"@type":"Person","@id":"https:\/\/www.africa-press.net\/senegal\/#\/schema\/person\/2b1cf3cd81a31e3cd26889ca66d677f1","name":"cfeditorfr","url":"https:\/\/www.africa-press.net\/senegal\/author\/cfeditorfr"}]}},"_links":{"self":[{"href":"https:\/\/www.africa-press.net\/senegal\/wp-json\/wp\/v2\/posts\/55802","targetHints":{"allow":["GET"]}}],"collection":[{"href":"https:\/\/www.africa-press.net\/senegal\/wp-json\/wp\/v2\/posts"}],"about":[{"href":"https:\/\/www.africa-press.net\/senegal\/wp-json\/wp\/v2\/types\/post"}],"author":[{"embeddable":true,"href":"https:\/\/www.africa-press.net\/senegal\/wp-json\/wp\/v2\/users\/82"}],"replies":[{"embeddable":true,"href":"https:\/\/www.africa-press.net\/senegal\/wp-json\/wp\/v2\/comments?post=55802"}],"version-history":[{"count":0,"href":"https:\/\/www.africa-press.net\/senegal\/wp-json\/wp\/v2\/posts\/55802\/revisions"}],"wp:featuredmedia":[{"embeddable":true,"href":"https:\/\/www.africa-press.net\/senegal\/wp-json\/wp\/v2\/media\/55800"}],"wp:attachment":[{"href":"https:\/\/www.africa-press.net\/senegal\/wp-json\/wp\/v2\/media?parent=55802"}],"wp:term":[{"taxonomy":"category","embeddable":true,"href":"https:\/\/www.africa-press.net\/senegal\/wp-json\/wp\/v2\/categories?post=55802"},{"taxonomy":"post_tag","embeddable":true,"href":"https:\/\/www.africa-press.net\/senegal\/wp-json\/wp\/v2\/tags?post=55802"}],"curies":[{"name":"wp","href":"https:\/\/api.w.org\/{rel}","templated":true}]}}