{"id":55805,"date":"2024-02-14T21:35:10","date_gmt":"2024-02-14T21:35:10","guid":{"rendered":"https:\/\/www.africa-press.net\/senegal\/politique\/dialogue-entre-ousmane-sonko-et-macky-sall-les-revelations-de-khoureychi-thiam"},"modified":"2024-02-14T22:58:18","modified_gmt":"2024-02-14T22:58:18","slug":"dialogue-entre-ousmane-sonko-et-macky-sall-les-revelations-de-khoureychi-thiam","status":"publish","type":"post","link":"https:\/\/www.africa-press.net\/senegal\/politique\/dialogue-entre-ousmane-sonko-et-macky-sall-les-revelations-de-khoureychi-thiam","title":{"rendered":"Dialogue entre Ousmane Sonko et Macky Sall ? Les r\u00e9v\u00e9lations de Khoureychi Thiam"},"content":{"rendered":"<p><span style=\"color: #ff6600\"><strong>Africa-Press &#8211; Senegal. <\/strong><\/span>Ces derniers jours, une partie de l&rsquo;actualite\u0301 politique tourne autour du dialogue propose\u0301 par Macky Sall. Il est question de la pre\u0301sence ou non d&rsquo;Ousmane Sonko, qui pourrait recouvrer la liberte\u0301 incessamment. Invite\u0301 de l&rsquo;e\u0301mission Tolluwaay ce mercredi 14 fe\u0301vrier sur Seneweb, Khoureychi Thiam, membre de l&rsquo;ex-Pastef, a e\u0301voque\u0301 le sujet.<\/p>\n<p>Selon ce proche d&rsquo;Ousmane Sonko, le leader de l&rsquo;opposition n&rsquo;a jamais e\u0301te\u0301 contre le au dialogue. Mais il y a des pre\u0301alables. Mieux, il a certifie\u0301 que Ousmane Sonko est une personne qui ne pro\u0302ne pas la violence. \u00ab\u00a0Ousmane Sonko est un homme de paix, de dialogue. Le pre\u0301sident Sonko n&rsquo;a jamais dit qu&rsquo;il ne discuterait pas. Mais dans certaines conditions, il a promis de ne jamais discuter avec un pistolet sur la tempe. Il est important de discuter parce que tout tourne autour de la discussion, mais il y a des pre\u0301alables\u00a0\u00bb, a-t-il de\u0301clare\u0301.<\/p>\n<p>Le \u00ab\u00a0Patriote\u00a0\u00bb a ensuite e\u0301nume\u0301re\u0301 les pre\u0301alables a\u0300 un dialogue since\u0300re. \u00ab\u00a0Je pre\u0301cise d&rsquo;abord que je parle a\u0300 mon nom et pas au nom de Ousmane Sonko, qui fera prochainement une de\u0301claration. Il y a des de\u0301tenus politiques. Il faut les libe\u0301rer. Il faut aussi libe\u0301rer Ousmane Sonko. Avant de discuter avec Sonko, il faudrait d&rsquo;abord qu&rsquo;il soit libre. Ensuite, si Macky Sall souhaite dialoguer, il ne parlera pas avec Ousmane Sonko le citoyen, mais avec l&rsquo;homme politique. Et Ousmane Sonko n&rsquo;a plus d&rsquo;appareil politique, qui a e\u0301te\u0301 dissous (le parti Pastef). Il faut donc re\u0301tablir cet appareil politique. Sinon l&rsquo;appel ne sera pas seulement pour les hommes politiques, mais pour tous les Se\u0301ne\u0301galais\u00a0\u00bb, a-t-il argumente\u0301.<\/p>\n<p>Pour M. Thiam, donc, la balle est pluto\u0302t dans le camp de Macky Sall que celui d&rsquo;Ousmane Sonko. Si le chef de l&rsquo;Etat respecte d&rsquo;abord ces pre\u0301alables, le climat sera propice pour que Sonko puisse accepter un possible dialogue avec lui.<\/p>\n<p><strong>Pour plus d&rsquo;informations et d&rsquo;analyses sur la <a href=\"https:\/\/www.africa-press.net\/senegal\">Senegal<\/a>, suivez <a href=\"https:\/\/www.africa-press.net\/\">Africa-Press<\/a><\/strong><\/p>\n","protected":false},"excerpt":{"rendered":"<p>Africa-Press &#8211; Senegal. Ces derniers jours, une partie de l&rsquo;actualite\u0301 politique tourne autour du dialogue propose\u0301 par Macky Sall. Il est question de la pre\u0301sence ou non d&rsquo;Ousmane Sonko, qui pourrait recouvrer la liberte\u0301 incessamment. Invite\u0301 de l&rsquo;e\u0301mission Tolluwaay ce mercredi 14 fe\u0301vrier sur Seneweb, Khoureychi Thiam, membre de l&rsquo;ex-Pastef, a e\u0301voque\u0301 le sujet. Selon [&hellip;]<\/p>\n","protected":false},"author":82,"featured_media":55803,"comment_status":"open","ping_status":"closed","sticky":false,"template":"","format":"standard","meta":{"footnotes":""},"categories":[2,10],"tags":[43,47,44],"class_list":["post-55805","post","type-post","status-publish","format-standard","has-post-thumbnail","hentry","category-politique","category-toutes-les-actualites","tag-africa-press-2","tag-africa-press-senegal","tag-senegal-2"],"yoast_head":"<!-- This site is optimized with the Yoast SEO Premium plugin v26.1 (Yoast SEO v27.0) - https:\/\/yoast.com\/product\/yoast-seo-premium-wordpress\/ -->\n<title>Dialogue entre Ousmane Sonko et Macky Sall ? Les r\u00e9v\u00e9lations de Khoureychi Thiam - Senegal<\/title>\n<meta name=\"description\" content=\"Ces derniers jours, une partie de l&#039;actualite\u0301 politique tourne autour du dialogue propose\u0301 par Macky Sall. Il est quest ...\" \/>\n<meta name=\"robots\" content=\"index, follow, max-snippet:-1, max-image-preview:large, max-video-preview:-1\" \/>\n<link rel=\"canonical\" href=\"https:\/\/www.africa-press.net\/senegal\/politique\/dialogue-entre-ousmane-sonko-et-macky-sall-les-revelations-de-khoureychi-thiam\" \/>\n<meta property=\"og:locale\" content=\"fr_FR\" \/>\n<meta property=\"og:type\" content=\"article\" \/>\n<meta property=\"og:title\" content=\"Dialogue entre Ousmane Sonko et Macky Sall ? Les r\u00e9v\u00e9lations de Khoureychi Thiam\" \/>\n<meta property=\"og:description\" content=\"Ces derniers jours, une partie de l&#039;actualite\u0301 politique tourne autour du dialogue propose\u0301 par Macky Sall. Il est quest ...\" \/>\n<meta property=\"og:url\" content=\"https:\/\/www.africa-press.net\/senegal\/politique\/dialogue-entre-ousmane-sonko-et-macky-sall-les-revelations-de-khoureychi-thiam\" \/>\n<meta property=\"og:site_name\" content=\"Senegal\" \/>\n<meta property=\"article:published_time\" content=\"2024-02-14T21:35:10+00:00\" \/>\n<meta property=\"article:modified_time\" content=\"2024-02-14T22:58:18+00:00\" \/>\n<meta property=\"og:image\" content=\"https:\/\/static.africa-press.net\/senegal\/sites\/13\/2024\/02\/sm_1707935191.773404.jpg\" \/>\n\t<meta property=\"og:image:width\" content=\"1299\" \/>\n\t<meta property=\"og:image:height\" content=\"631\" \/>\n\t<meta property=\"og:image:type\" content=\"image\/jpeg\" \/>\n<meta name=\"author\" content=\"cfeditorfr\" \/>\n<meta name=\"twitter:card\" content=\"summary_large_image\" \/>\n<meta name=\"twitter:label1\" content=\"\u00c9crit par\" \/>\n\t<meta name=\"twitter:data1\" content=\"cfeditorfr\" \/>\n\t<meta name=\"twitter:label2\" content=\"Dur\u00e9e de lecture estim\u00e9e\" \/>\n\t<meta name=\"twitter:data2\" content=\"2 minutes\" \/>\n<script type=\"application\/ld+json\" class=\"yoast-schema-graph\">{\"@context\":\"https:\/\/schema.org\",\"@graph\":[{\"@type\":\"Article\",\"@id\":\"https:\/\/www.africa-press.net\/senegal\/politique\/dialogue-entre-ousmane-sonko-et-macky-sall-les-revelations-de-khoureychi-thiam#article\",\"isPartOf\":{\"@id\":\"https:\/\/www.africa-press.net\/senegal\/politique\/dialogue-entre-ousmane-sonko-et-macky-sall-les-revelations-de-khoureychi-thiam\"},\"author\":{\"name\":\"cfeditorfr\",\"@id\":\"https:\/\/www.africa-press.net\/senegal\/#\/schema\/person\/2b1cf3cd81a31e3cd26889ca66d677f1\"},\"headline\":\"Dialogue entre Ousmane Sonko et Macky Sall ? Les r\u00e9v\u00e9lations de Khoureychi Thiam\",\"datePublished\":\"2024-02-14T21:35:10+00:00\",\"dateModified\":\"2024-02-14T22:58:18+00:00\",\"mainEntityOfPage\":{\"@id\":\"https:\/\/www.africa-press.net\/senegal\/politique\/dialogue-entre-ousmane-sonko-et-macky-sall-les-revelations-de-khoureychi-thiam\"},\"wordCount\":375,\"commentCount\":0,\"image\":{\"@id\":\"https:\/\/www.africa-press.net\/senegal\/politique\/dialogue-entre-ousmane-sonko-et-macky-sall-les-revelations-de-khoureychi-thiam#primaryimage\"},\"thumbnailUrl\":\"https:\/\/static.africa-press.net\/senegal\/sites\/13\/2024\/02\/sm_1707935191.773404.jpg\",\"keywords\":[\"Africa Press\",\"Africa Press-Senegal\",\"Senegal\"],\"articleSection\":[\"Politique\",\"Toutes les actualit\u00e9s\"],\"inLanguage\":\"fr-FR\",\"potentialAction\":[{\"@type\":\"CommentAction\",\"name\":\"Comment\",\"target\":[\"https:\/\/www.africa-press.net\/senegal\/politique\/dialogue-entre-ousmane-sonko-et-macky-sall-les-revelations-de-khoureychi-thiam#respond\"]}]},{\"@type\":\"WebPage\",\"@id\":\"https:\/\/www.africa-press.net\/senegal\/politique\/dialogue-entre-ousmane-sonko-et-macky-sall-les-revelations-de-khoureychi-thiam\",\"url\":\"https:\/\/www.africa-press.net\/senegal\/politique\/dialogue-entre-ousmane-sonko-et-macky-sall-les-revelations-de-khoureychi-thiam\",\"name\":\"Dialogue entre Ousmane Sonko et Macky Sall ? Les r\u00e9v\u00e9lations de Khoureychi Thiam - Senegal\",\"isPartOf\":{\"@id\":\"https:\/\/www.africa-press.net\/senegal\/#website\"},\"primaryImageOfPage\":{\"@id\":\"https:\/\/www.africa-press.net\/senegal\/politique\/dialogue-entre-ousmane-sonko-et-macky-sall-les-revelations-de-khoureychi-thiam#primaryimage\"},\"image\":{\"@id\":\"https:\/\/www.africa-press.net\/senegal\/politique\/dialogue-entre-ousmane-sonko-et-macky-sall-les-revelations-de-khoureychi-thiam#primaryimage\"},\"thumbnailUrl\":\"https:\/\/static.africa-press.net\/senegal\/sites\/13\/2024\/02\/sm_1707935191.773404.jpg\",\"datePublished\":\"2024-02-14T21:35:10+00:00\",\"dateModified\":\"2024-02-14T22:58:18+00:00\",\"author\":{\"@id\":\"https:\/\/www.africa-press.net\/senegal\/#\/schema\/person\/2b1cf3cd81a31e3cd26889ca66d677f1\"},\"description\":\"Ces derniers jours, une partie de l'actualite\u0301 politique tourne autour du dialogue propose\u0301 par Macky Sall. Il est quest ...\",\"breadcrumb\":{\"@id\":\"https:\/\/www.africa-press.net\/senegal\/politique\/dialogue-entre-ousmane-sonko-et-macky-sall-les-revelations-de-khoureychi-thiam#breadcrumb\"},\"inLanguage\":\"fr-FR\",\"potentialAction\":[{\"@type\":\"ReadAction\",\"target\":[\"https:\/\/www.africa-press.net\/senegal\/politique\/dialogue-entre-ousmane-sonko-et-macky-sall-les-revelations-de-khoureychi-thiam\"]}]},{\"@type\":\"ImageObject\",\"inLanguage\":\"fr-FR\",\"@id\":\"https:\/\/www.africa-press.net\/senegal\/politique\/dialogue-entre-ousmane-sonko-et-macky-sall-les-revelations-de-khoureychi-thiam#primaryimage\",\"url\":\"https:\/\/static.africa-press.net\/senegal\/sites\/13\/2024\/02\/sm_1707935191.773404.jpg\",\"contentUrl\":\"https:\/\/static.africa-press.net\/senegal\/sites\/13\/2024\/02\/sm_1707935191.773404.jpg\",\"width\":1299,\"height\":631,\"caption\":\"Dialogue entre Ousmane Sonko et Macky Sall ? Les r\u00e9v\u00e9lations de Khoureychi Thiam\"},{\"@type\":\"BreadcrumbList\",\"@id\":\"https:\/\/www.africa-press.net\/senegal\/politique\/dialogue-entre-ousmane-sonko-et-macky-sall-les-revelations-de-khoureychi-thiam#breadcrumb\",\"itemListElement\":[{\"@type\":\"ListItem\",\"position\":1,\"name\":\"Accueil\",\"item\":\"https:\/\/www.africa-press.net\/senegal\/\"},{\"@type\":\"ListItem\",\"position\":2,\"name\":\"Dialogue entre Ousmane Sonko et Macky Sall ? Les r\u00e9v\u00e9lations de Khoureychi Thiam\"}]},{\"@type\":\"WebSite\",\"@id\":\"https:\/\/www.africa-press.net\/senegal\/#website\",\"url\":\"https:\/\/www.africa-press.net\/senegal\/\",\"name\":\"Africa Press | Senegal | Homepage\",\"description\":\"Just another Africa News Agency Sites site\",\"potentialAction\":[{\"@type\":\"SearchAction\",\"target\":{\"@type\":\"EntryPoint\",\"urlTemplate\":\"https:\/\/www.africa-press.net\/senegal\/?s={search_term_string}\"},\"query-input\":{\"@type\":\"PropertyValueSpecification\",\"valueRequired\":true,\"valueName\":\"search_term_string\"}}],\"inLanguage\":\"fr-FR\"},{\"@type\":\"Person\",\"@id\":\"https:\/\/www.africa-press.net\/senegal\/#\/schema\/person\/2b1cf3cd81a31e3cd26889ca66d677f1\",\"name\":\"cfeditorfr\",\"url\":\"https:\/\/www.africa-press.net\/senegal\/author\/cfeditorfr\"}]}<\/script>\n<!-- \/ Yoast SEO Premium plugin. -->","yoast_head_json":{"title":"Dialogue entre Ousmane Sonko et Macky Sall ? Les r\u00e9v\u00e9lations de Khoureychi Thiam - Senegal","description":"Ces derniers jours, une partie de l'actualite\u0301 politique tourne autour du dialogue propose\u0301 par Macky Sall. Il est quest ...","robots":{"index":"index","follow":"follow","max-snippet":"max-snippet:-1","max-image-preview":"max-image-preview:large","max-video-preview":"max-video-preview:-1"},"canonical":"https:\/\/www.africa-press.net\/senegal\/politique\/dialogue-entre-ousmane-sonko-et-macky-sall-les-revelations-de-khoureychi-thiam","og_locale":"fr_FR","og_type":"article","og_title":"Dialogue entre Ousmane Sonko et Macky Sall ? Les r\u00e9v\u00e9lations de Khoureychi Thiam","og_description":"Ces derniers jours, une partie de l'actualite\u0301 politique tourne autour du dialogue propose\u0301 par Macky Sall. Il est quest ...","og_url":"https:\/\/www.africa-press.net\/senegal\/politique\/dialogue-entre-ousmane-sonko-et-macky-sall-les-revelations-de-khoureychi-thiam","og_site_name":"Senegal","article_published_time":"2024-02-14T21:35:10+00:00","article_modified_time":"2024-02-14T22:58:18+00:00","og_image":[{"width":1299,"height":631,"url":"https:\/\/static.africa-press.net\/senegal\/sites\/13\/2024\/02\/sm_1707935191.773404.jpg","type":"image\/jpeg"}],"author":"cfeditorfr","twitter_card":"summary_large_image","twitter_misc":{"\u00c9crit par":"cfeditorfr","Dur\u00e9e de lecture estim\u00e9e":"2 minutes"},"schema":{"@context":"https:\/\/schema.org","@graph":[{"@type":"Article","@id":"https:\/\/www.africa-press.net\/senegal\/politique\/dialogue-entre-ousmane-sonko-et-macky-sall-les-revelations-de-khoureychi-thiam#article","isPartOf":{"@id":"https:\/\/www.africa-press.net\/senegal\/politique\/dialogue-entre-ousmane-sonko-et-macky-sall-les-revelations-de-khoureychi-thiam"},"author":{"name":"cfeditorfr","@id":"https:\/\/www.africa-press.net\/senegal\/#\/schema\/person\/2b1cf3cd81a31e3cd26889ca66d677f1"},"headline":"Dialogue entre Ousmane Sonko et Macky Sall ? Les r\u00e9v\u00e9lations de Khoureychi Thiam","datePublished":"2024-02-14T21:35:10+00:00","dateModified":"2024-02-14T22:58:18+00:00","mainEntityOfPage":{"@id":"https:\/\/www.africa-press.net\/senegal\/politique\/dialogue-entre-ousmane-sonko-et-macky-sall-les-revelations-de-khoureychi-thiam"},"wordCount":375,"commentCount":0,"image":{"@id":"https:\/\/www.africa-press.net\/senegal\/politique\/dialogue-entre-ousmane-sonko-et-macky-sall-les-revelations-de-khoureychi-thiam#primaryimage"},"thumbnailUrl":"https:\/\/static.africa-press.net\/senegal\/sites\/13\/2024\/02\/sm_1707935191.773404.jpg","keywords":["Africa Press","Africa Press-Senegal","Senegal"],"articleSection":["Politique","Toutes les actualit\u00e9s"],"inLanguage":"fr-FR","potentialAction":[{"@type":"CommentAction","name":"Comment","target":["https:\/\/www.africa-press.net\/senegal\/politique\/dialogue-entre-ousmane-sonko-et-macky-sall-les-revelations-de-khoureychi-thiam#respond"]}]},{"@type":"WebPage","@id":"https:\/\/www.africa-press.net\/senegal\/politique\/dialogue-entre-ousmane-sonko-et-macky-sall-les-revelations-de-khoureychi-thiam","url":"https:\/\/www.africa-press.net\/senegal\/politique\/dialogue-entre-ousmane-sonko-et-macky-sall-les-revelations-de-khoureychi-thiam","name":"Dialogue entre Ousmane Sonko et Macky Sall ? Les r\u00e9v\u00e9lations de Khoureychi Thiam - Senegal","isPartOf":{"@id":"https:\/\/www.africa-press.net\/senegal\/#website"},"primaryImageOfPage":{"@id":"https:\/\/www.africa-press.net\/senegal\/politique\/dialogue-entre-ousmane-sonko-et-macky-sall-les-revelations-de-khoureychi-thiam#primaryimage"},"image":{"@id":"https:\/\/www.africa-press.net\/senegal\/politique\/dialogue-entre-ousmane-sonko-et-macky-sall-les-revelations-de-khoureychi-thiam#primaryimage"},"thumbnailUrl":"https:\/\/static.africa-press.net\/senegal\/sites\/13\/2024\/02\/sm_1707935191.773404.jpg","datePublished":"2024-02-14T21:35:10+00:00","dateModified":"2024-02-14T22:58:18+00:00","author":{"@id":"https:\/\/www.africa-press.net\/senegal\/#\/schema\/person\/2b1cf3cd81a31e3cd26889ca66d677f1"},"description":"Ces derniers jours, une partie de l'actualite\u0301 politique tourne autour du dialogue propose\u0301 par Macky Sall. Il est quest ...","breadcrumb":{"@id":"https:\/\/www.africa-press.net\/senegal\/politique\/dialogue-entre-ousmane-sonko-et-macky-sall-les-revelations-de-khoureychi-thiam#breadcrumb"},"inLanguage":"fr-FR","potentialAction":[{"@type":"ReadAction","target":["https:\/\/www.africa-press.net\/senegal\/politique\/dialogue-entre-ousmane-sonko-et-macky-sall-les-revelations-de-khoureychi-thiam"]}]},{"@type":"ImageObject","inLanguage":"fr-FR","@id":"https:\/\/www.africa-press.net\/senegal\/politique\/dialogue-entre-ousmane-sonko-et-macky-sall-les-revelations-de-khoureychi-thiam#primaryimage","url":"https:\/\/static.africa-press.net\/senegal\/sites\/13\/2024\/02\/sm_1707935191.773404.jpg","contentUrl":"https:\/\/static.africa-press.net\/senegal\/sites\/13\/2024\/02\/sm_1707935191.773404.jpg","width":1299,"height":631,"caption":"Dialogue entre Ousmane Sonko et Macky Sall ? Les r\u00e9v\u00e9lations de Khoureychi Thiam"},{"@type":"BreadcrumbList","@id":"https:\/\/www.africa-press.net\/senegal\/politique\/dialogue-entre-ousmane-sonko-et-macky-sall-les-revelations-de-khoureychi-thiam#breadcrumb","itemListElement":[{"@type":"ListItem","position":1,"name":"Accueil","item":"https:\/\/www.africa-press.net\/senegal\/"},{"@type":"ListItem","position":2,"name":"Dialogue entre Ousmane Sonko et Macky Sall ? Les r\u00e9v\u00e9lations de Khoureychi Thiam"}]},{"@type":"WebSite","@id":"https:\/\/www.africa-press.net\/senegal\/#website","url":"https:\/\/www.africa-press.net\/senegal\/","name":"Africa Press | Senegal | Homepage","description":"Just another Africa News Agency Sites site","potentialAction":[{"@type":"SearchAction","target":{"@type":"EntryPoint","urlTemplate":"https:\/\/www.africa-press.net\/senegal\/?s={search_term_string}"},"query-input":{"@type":"PropertyValueSpecification","valueRequired":true,"valueName":"search_term_string"}}],"inLanguage":"fr-FR"},{"@type":"Person","@id":"https:\/\/www.africa-press.net\/senegal\/#\/schema\/person\/2b1cf3cd81a31e3cd26889ca66d677f1","name":"cfeditorfr","url":"https:\/\/www.africa-press.net\/senegal\/author\/cfeditorfr"}]}},"_links":{"self":[{"href":"https:\/\/www.africa-press.net\/senegal\/wp-json\/wp\/v2\/posts\/55805","targetHints":{"allow":["GET"]}}],"collection":[{"href":"https:\/\/www.africa-press.net\/senegal\/wp-json\/wp\/v2\/posts"}],"about":[{"href":"https:\/\/www.africa-press.net\/senegal\/wp-json\/wp\/v2\/types\/post"}],"author":[{"embeddable":true,"href":"https:\/\/www.africa-press.net\/senegal\/wp-json\/wp\/v2\/users\/82"}],"replies":[{"embeddable":true,"href":"https:\/\/www.africa-press.net\/senegal\/wp-json\/wp\/v2\/comments?post=55805"}],"version-history":[{"count":0,"href":"https:\/\/www.africa-press.net\/senegal\/wp-json\/wp\/v2\/posts\/55805\/revisions"}],"wp:featuredmedia":[{"embeddable":true,"href":"https:\/\/www.africa-press.net\/senegal\/wp-json\/wp\/v2\/media\/55803"}],"wp:attachment":[{"href":"https:\/\/www.africa-press.net\/senegal\/wp-json\/wp\/v2\/media?parent=55805"}],"wp:term":[{"taxonomy":"category","embeddable":true,"href":"https:\/\/www.africa-press.net\/senegal\/wp-json\/wp\/v2\/categories?post=55805"},{"taxonomy":"post_tag","embeddable":true,"href":"https:\/\/www.africa-press.net\/senegal\/wp-json\/wp\/v2\/tags?post=55805"}],"curies":[{"name":"wp","href":"https:\/\/api.w.org\/{rel}","templated":true}]}}