{"id":55808,"date":"2024-02-14T21:36:22","date_gmt":"2024-02-14T21:36:22","guid":{"rendered":"https:\/\/www.africa-press.net\/senegal\/politique\/krepin-diatta-la-fede-dement-et-accuse"},"modified":"2024-02-14T22:59:12","modified_gmt":"2024-02-14T22:59:12","slug":"krepin-diatta-la-fede-dement-et-accuse","status":"publish","type":"post","link":"https:\/\/www.africa-press.net\/senegal\/sports\/krepin-diatta-la-fede-dement-et-accuse","title":{"rendered":"Kr\u00e9pin Diatta, la F\u00e9d\u00e9 d\u00e9ment\u2026 et accuse !"},"content":{"rendered":"<p><span style=\"color: #ff6600\"><strong>Africa-Press &#8211; Senegal. <\/strong><\/span>La Fe\u0301de\u0301ration se\u0301ne\u0301galaise de football (FSF) a de\u0301menti l\u2019information selon laquelle l\u2019international Kre\u0301pin Diatta a e\u0301te\u0301 sanctionne\u0301 par la Confe\u0301de\u0301ration africaine de football (CAF).<\/p>\n<p>Quelques jours apre\u0300s la publication de ses vide\u0301os faisant e\u0301tat d\u2019accusations de corruption envers la CAF suite a\u0300 l\u2019e\u0301limination du Se\u0301ne\u0301gal en huitie\u0300mes de finale de la CAN 2023, Kre\u0301pin Diatta aurait e\u0301te\u0301 suspendu de quatre matches et e\u0301cope\u0301 d\u2019une amende de 10 000 dollars (environ 9 300 euros). C\u2019est l\u2019information ayant e\u0301mane\u0301 de L\u2019Observateur ce mardi. Sauf qu&rsquo;il n\u2019en est rien ! A travers un communique\u0301, la FSF a en effet de\u0301menti toute sanction de l\u2019instance supre\u0302me du football africain, en indexant ce qu\u2019elle de\u0301crit comme un guet-apens de la presse franc\u0327aise.<\/p>\n<p>\u201cSuite a\u0300 la parution ce jour d&rsquo;un article de presse faisant e\u0301tat de sanctions prises par le jury de la CAF contre M. Kre\u0301pin Diatta, international se\u0301ne\u0301galais et a\u0300 la sollicitation de confirmation de diffe\u0301rents organes, la Fe\u0301de\u0301ration Se\u0301ne\u0301galaise de Football (FSF) informe le public que le joueur a fait effectivement l&rsquo;objet d&rsquo;une proce\u0301dure d&rsquo;enque\u0302te disciplinaire ouverte par la CAF sur des propos d&rsquo;accusation de corruption de la CAF que lui ont pre\u0302te\u0301s des organes de la presse franc\u0327aise qui l&rsquo;ont enregistre\u0301 a\u0300 son insu et hors interview en zone mixte au moment ou\u0300 il e\u0301changeait avec une tierce personne\u201d, a d\u2019abord indique\u0301 l\u2019institution pre\u0301side\u0301e par Augustin Senghor.<\/p>\n<p><b>Aucune de\u0301cision prise par la CAF<\/b><\/p>\n<p>L&rsquo;instance a ensuite pre\u0301cise\u0301 que le late\u0301ral droit des Lions (41 capes, 2 buts) s\u2019est explique\u0301 et n\u2019a jusqu\u2019alors fait l\u2019objet d\u2019aucune sanction de la CAF. \u201cAssiste\u0301 par le De\u0301partement juridique de la FSF, le joueur a d&rsquo;abord re\u0301pondu par e\u0301crit a\u0300 la demande d&rsquo;explications de la CAF sur les e\u0301changes qu&rsquo;il a eus avec la personne en question (telles que relaye\u0301es par la presse franc\u0327aise) et qui ne figurait d&rsquo;ailleurs parmi les officiers me\u0301dia de\u0301signe\u0301s pour ce site de compe\u0301titions ni ce match de Yamoussoukro. Le joueur a par la suite fait l&rsquo;objet d&rsquo;une audition par le Jury disciplinaire le lundi 5 fe\u0301vrier 2024 et a re\u0301fute\u0301 les alle\u0301gations porte\u0301es contre lui sur des accusations de corruption de la CAF. Depuis lors, ni Kre\u0301pin Diatta ni la FSF n&rsquo;ont rec\u0327u de notification officielle d&rsquo;une quelconque de\u0301cision concernant cette affaire et n&rsquo;ont pas eu connaissance d&rsquo;une publication par la CAF d&rsquo;une de\u0301cision sur cette affaire par quelque moyen que ce soit\u201d, poursuit le communique\u0301.<\/p>\n<p>\u201cEn de\u0301finitive, la FSF informe l&rsquo;opinion qu&rsquo;elle suit le dossier dans le strict respect des re\u0300gles disciplinaires de la CAF et en e\u0301troite collaboration avec son joueur qui n&rsquo;a jamais eu a\u0300 connai\u0302tre dans sa carrie\u0300re des e\u0301carts de comportements sujets a\u0300 sanctions. Elle avisera de toute suite a\u0300 donner une fois qu&rsquo;une de\u0301cision sera prise par les instances compe\u0301tentes de la CAF\u201d, conclut la note.<\/p>\n<p><strong>Pour plus d&rsquo;informations et d&rsquo;analyses sur la <a href=\"https:\/\/www.africa-press.net\/senegal\">Senegal<\/a>, suivez <a href=\"https:\/\/www.africa-press.net\/\">Africa-Press<\/a><\/strong><\/p>\n","protected":false},"excerpt":{"rendered":"<p>Africa-Press &#8211; Senegal. La Fe\u0301de\u0301ration se\u0301ne\u0301galaise de football (FSF) a de\u0301menti l\u2019information selon laquelle l\u2019international Kre\u0301pin Diatta a e\u0301te\u0301 sanctionne\u0301 par la Confe\u0301de\u0301ration africaine de football (CAF). Quelques jours apre\u0300s la publication de ses vide\u0301os faisant e\u0301tat d\u2019accusations de corruption envers la CAF suite a\u0300 l\u2019e\u0301limination du Se\u0301ne\u0301gal en huitie\u0300mes de finale de la CAN [&hellip;]<\/p>\n","protected":false},"author":82,"featured_media":55806,"comment_status":"open","ping_status":"closed","sticky":false,"template":"","format":"standard","meta":{"footnotes":""},"categories":[6,10],"tags":[43,47,44],"class_list":["post-55808","post","type-post","status-publish","format-standard","has-post-thumbnail","hentry","category-sports","category-toutes-les-actualites","tag-africa-press-2","tag-africa-press-senegal","tag-senegal-2"],"yoast_head":"<!-- This site is optimized with the Yoast SEO Premium plugin v26.1 (Yoast SEO v27.0) - https:\/\/yoast.com\/product\/yoast-seo-premium-wordpress\/ -->\n<title>Kr\u00e9pin Diatta, la F\u00e9d\u00e9 d\u00e9ment\u2026 et accuse ! - Senegal<\/title>\n<meta name=\"description\" content=\"La Fe\u0301de\u0301ration se\u0301ne\u0301galaise de football (FSF) a de\u0301menti l\u2019information selon laquelle l\u2019international Kre\u0301pin Diatta a ...\" \/>\n<meta name=\"robots\" content=\"index, follow, max-snippet:-1, max-image-preview:large, max-video-preview:-1\" \/>\n<link rel=\"canonical\" href=\"https:\/\/www.africa-press.net\/senegal\/sports\/krepin-diatta-la-fede-dement-et-accuse\" \/>\n<meta property=\"og:locale\" content=\"fr_FR\" \/>\n<meta property=\"og:type\" content=\"article\" \/>\n<meta property=\"og:title\" content=\"Kr\u00e9pin Diatta, la F\u00e9d\u00e9 d\u00e9ment\u2026 et accuse !\" \/>\n<meta property=\"og:description\" content=\"La Fe\u0301de\u0301ration se\u0301ne\u0301galaise de football (FSF) a de\u0301menti l\u2019information selon laquelle l\u2019international Kre\u0301pin Diatta a ...\" \/>\n<meta property=\"og:url\" content=\"https:\/\/www.africa-press.net\/senegal\/sports\/krepin-diatta-la-fede-dement-et-accuse\" \/>\n<meta property=\"og:site_name\" content=\"Senegal\" \/>\n<meta property=\"article:published_time\" content=\"2024-02-14T21:36:22+00:00\" \/>\n<meta property=\"article:modified_time\" content=\"2024-02-14T22:59:12+00:00\" \/>\n<meta property=\"og:image\" content=\"https:\/\/static.africa-press.net\/senegal\/sites\/13\/2024\/02\/sm_1707935223.540757.jpg\" \/>\n\t<meta property=\"og:image:width\" content=\"1536\" \/>\n\t<meta property=\"og:image:height\" content=\"912\" \/>\n\t<meta property=\"og:image:type\" content=\"image\/jpeg\" \/>\n<meta name=\"author\" content=\"cfeditorfr\" \/>\n<meta name=\"twitter:card\" content=\"summary_large_image\" \/>\n<meta name=\"twitter:label1\" content=\"\u00c9crit par\" \/>\n\t<meta name=\"twitter:data1\" content=\"cfeditorfr\" \/>\n\t<meta name=\"twitter:label2\" content=\"Dur\u00e9e de lecture estim\u00e9e\" \/>\n\t<meta name=\"twitter:data2\" content=\"3 minutes\" \/>\n<script type=\"application\/ld+json\" class=\"yoast-schema-graph\">{\"@context\":\"https:\/\/schema.org\",\"@graph\":[{\"@type\":\"Article\",\"@id\":\"https:\/\/www.africa-press.net\/senegal\/sports\/krepin-diatta-la-fede-dement-et-accuse#article\",\"isPartOf\":{\"@id\":\"https:\/\/www.africa-press.net\/senegal\/sports\/krepin-diatta-la-fede-dement-et-accuse\"},\"author\":{\"name\":\"cfeditorfr\",\"@id\":\"https:\/\/www.africa-press.net\/senegal\/#\/schema\/person\/2b1cf3cd81a31e3cd26889ca66d677f1\"},\"headline\":\"Kr\u00e9pin Diatta, la F\u00e9d\u00e9 d\u00e9ment\u2026 et accuse !\",\"datePublished\":\"2024-02-14T21:36:22+00:00\",\"dateModified\":\"2024-02-14T22:59:12+00:00\",\"mainEntityOfPage\":{\"@id\":\"https:\/\/www.africa-press.net\/senegal\/sports\/krepin-diatta-la-fede-dement-et-accuse\"},\"wordCount\":587,\"commentCount\":0,\"image\":{\"@id\":\"https:\/\/www.africa-press.net\/senegal\/sports\/krepin-diatta-la-fede-dement-et-accuse#primaryimage\"},\"thumbnailUrl\":\"https:\/\/static.africa-press.net\/senegal\/sites\/13\/2024\/02\/sm_1707935223.540757.jpg\",\"keywords\":[\"Africa Press\",\"Africa Press-Senegal\",\"Senegal\"],\"articleSection\":[\"Sports\",\"Toutes les actualit\u00e9s\"],\"inLanguage\":\"fr-FR\",\"potentialAction\":[{\"@type\":\"CommentAction\",\"name\":\"Comment\",\"target\":[\"https:\/\/www.africa-press.net\/senegal\/sports\/krepin-diatta-la-fede-dement-et-accuse#respond\"]}]},{\"@type\":\"WebPage\",\"@id\":\"https:\/\/www.africa-press.net\/senegal\/sports\/krepin-diatta-la-fede-dement-et-accuse\",\"url\":\"https:\/\/www.africa-press.net\/senegal\/sports\/krepin-diatta-la-fede-dement-et-accuse\",\"name\":\"Kr\u00e9pin Diatta, la F\u00e9d\u00e9 d\u00e9ment\u2026 et accuse ! - Senegal\",\"isPartOf\":{\"@id\":\"https:\/\/www.africa-press.net\/senegal\/#website\"},\"primaryImageOfPage\":{\"@id\":\"https:\/\/www.africa-press.net\/senegal\/sports\/krepin-diatta-la-fede-dement-et-accuse#primaryimage\"},\"image\":{\"@id\":\"https:\/\/www.africa-press.net\/senegal\/sports\/krepin-diatta-la-fede-dement-et-accuse#primaryimage\"},\"thumbnailUrl\":\"https:\/\/static.africa-press.net\/senegal\/sites\/13\/2024\/02\/sm_1707935223.540757.jpg\",\"datePublished\":\"2024-02-14T21:36:22+00:00\",\"dateModified\":\"2024-02-14T22:59:12+00:00\",\"author\":{\"@id\":\"https:\/\/www.africa-press.net\/senegal\/#\/schema\/person\/2b1cf3cd81a31e3cd26889ca66d677f1\"},\"description\":\"La Fe\u0301de\u0301ration se\u0301ne\u0301galaise de football (FSF) a de\u0301menti l\u2019information selon laquelle l\u2019international Kre\u0301pin Diatta a ...\",\"breadcrumb\":{\"@id\":\"https:\/\/www.africa-press.net\/senegal\/sports\/krepin-diatta-la-fede-dement-et-accuse#breadcrumb\"},\"inLanguage\":\"fr-FR\",\"potentialAction\":[{\"@type\":\"ReadAction\",\"target\":[\"https:\/\/www.africa-press.net\/senegal\/sports\/krepin-diatta-la-fede-dement-et-accuse\"]}]},{\"@type\":\"ImageObject\",\"inLanguage\":\"fr-FR\",\"@id\":\"https:\/\/www.africa-press.net\/senegal\/sports\/krepin-diatta-la-fede-dement-et-accuse#primaryimage\",\"url\":\"https:\/\/static.africa-press.net\/senegal\/sites\/13\/2024\/02\/sm_1707935223.540757.jpg\",\"contentUrl\":\"https:\/\/static.africa-press.net\/senegal\/sites\/13\/2024\/02\/sm_1707935223.540757.jpg\",\"width\":1536,\"height\":912,\"caption\":\"Kr\u00e9pin Diatta, la F\u00e9d\u00e9 d\u00e9ment\u2026 et accuse !\"},{\"@type\":\"BreadcrumbList\",\"@id\":\"https:\/\/www.africa-press.net\/senegal\/sports\/krepin-diatta-la-fede-dement-et-accuse#breadcrumb\",\"itemListElement\":[{\"@type\":\"ListItem\",\"position\":1,\"name\":\"Accueil\",\"item\":\"https:\/\/www.africa-press.net\/senegal\/\"},{\"@type\":\"ListItem\",\"position\":2,\"name\":\"Kr\u00e9pin Diatta, la F\u00e9d\u00e9 d\u00e9ment\u2026 et accuse !\"}]},{\"@type\":\"WebSite\",\"@id\":\"https:\/\/www.africa-press.net\/senegal\/#website\",\"url\":\"https:\/\/www.africa-press.net\/senegal\/\",\"name\":\"Africa Press | Senegal | Homepage\",\"description\":\"Just another Africa News Agency Sites site\",\"potentialAction\":[{\"@type\":\"SearchAction\",\"target\":{\"@type\":\"EntryPoint\",\"urlTemplate\":\"https:\/\/www.africa-press.net\/senegal\/?s={search_term_string}\"},\"query-input\":{\"@type\":\"PropertyValueSpecification\",\"valueRequired\":true,\"valueName\":\"search_term_string\"}}],\"inLanguage\":\"fr-FR\"},{\"@type\":\"Person\",\"@id\":\"https:\/\/www.africa-press.net\/senegal\/#\/schema\/person\/2b1cf3cd81a31e3cd26889ca66d677f1\",\"name\":\"cfeditorfr\",\"url\":\"https:\/\/www.africa-press.net\/senegal\/author\/cfeditorfr\"}]}<\/script>\n<!-- \/ Yoast SEO Premium plugin. -->","yoast_head_json":{"title":"Kr\u00e9pin Diatta, la F\u00e9d\u00e9 d\u00e9ment\u2026 et accuse ! - Senegal","description":"La Fe\u0301de\u0301ration se\u0301ne\u0301galaise de football (FSF) a de\u0301menti l\u2019information selon laquelle l\u2019international Kre\u0301pin Diatta a ...","robots":{"index":"index","follow":"follow","max-snippet":"max-snippet:-1","max-image-preview":"max-image-preview:large","max-video-preview":"max-video-preview:-1"},"canonical":"https:\/\/www.africa-press.net\/senegal\/sports\/krepin-diatta-la-fede-dement-et-accuse","og_locale":"fr_FR","og_type":"article","og_title":"Kr\u00e9pin Diatta, la F\u00e9d\u00e9 d\u00e9ment\u2026 et accuse !","og_description":"La Fe\u0301de\u0301ration se\u0301ne\u0301galaise de football (FSF) a de\u0301menti l\u2019information selon laquelle l\u2019international Kre\u0301pin Diatta a ...","og_url":"https:\/\/www.africa-press.net\/senegal\/sports\/krepin-diatta-la-fede-dement-et-accuse","og_site_name":"Senegal","article_published_time":"2024-02-14T21:36:22+00:00","article_modified_time":"2024-02-14T22:59:12+00:00","og_image":[{"width":1536,"height":912,"url":"https:\/\/static.africa-press.net\/senegal\/sites\/13\/2024\/02\/sm_1707935223.540757.jpg","type":"image\/jpeg"}],"author":"cfeditorfr","twitter_card":"summary_large_image","twitter_misc":{"\u00c9crit par":"cfeditorfr","Dur\u00e9e de lecture estim\u00e9e":"3 minutes"},"schema":{"@context":"https:\/\/schema.org","@graph":[{"@type":"Article","@id":"https:\/\/www.africa-press.net\/senegal\/sports\/krepin-diatta-la-fede-dement-et-accuse#article","isPartOf":{"@id":"https:\/\/www.africa-press.net\/senegal\/sports\/krepin-diatta-la-fede-dement-et-accuse"},"author":{"name":"cfeditorfr","@id":"https:\/\/www.africa-press.net\/senegal\/#\/schema\/person\/2b1cf3cd81a31e3cd26889ca66d677f1"},"headline":"Kr\u00e9pin Diatta, la F\u00e9d\u00e9 d\u00e9ment\u2026 et accuse !","datePublished":"2024-02-14T21:36:22+00:00","dateModified":"2024-02-14T22:59:12+00:00","mainEntityOfPage":{"@id":"https:\/\/www.africa-press.net\/senegal\/sports\/krepin-diatta-la-fede-dement-et-accuse"},"wordCount":587,"commentCount":0,"image":{"@id":"https:\/\/www.africa-press.net\/senegal\/sports\/krepin-diatta-la-fede-dement-et-accuse#primaryimage"},"thumbnailUrl":"https:\/\/static.africa-press.net\/senegal\/sites\/13\/2024\/02\/sm_1707935223.540757.jpg","keywords":["Africa Press","Africa Press-Senegal","Senegal"],"articleSection":["Sports","Toutes les actualit\u00e9s"],"inLanguage":"fr-FR","potentialAction":[{"@type":"CommentAction","name":"Comment","target":["https:\/\/www.africa-press.net\/senegal\/sports\/krepin-diatta-la-fede-dement-et-accuse#respond"]}]},{"@type":"WebPage","@id":"https:\/\/www.africa-press.net\/senegal\/sports\/krepin-diatta-la-fede-dement-et-accuse","url":"https:\/\/www.africa-press.net\/senegal\/sports\/krepin-diatta-la-fede-dement-et-accuse","name":"Kr\u00e9pin Diatta, la F\u00e9d\u00e9 d\u00e9ment\u2026 et accuse ! - Senegal","isPartOf":{"@id":"https:\/\/www.africa-press.net\/senegal\/#website"},"primaryImageOfPage":{"@id":"https:\/\/www.africa-press.net\/senegal\/sports\/krepin-diatta-la-fede-dement-et-accuse#primaryimage"},"image":{"@id":"https:\/\/www.africa-press.net\/senegal\/sports\/krepin-diatta-la-fede-dement-et-accuse#primaryimage"},"thumbnailUrl":"https:\/\/static.africa-press.net\/senegal\/sites\/13\/2024\/02\/sm_1707935223.540757.jpg","datePublished":"2024-02-14T21:36:22+00:00","dateModified":"2024-02-14T22:59:12+00:00","author":{"@id":"https:\/\/www.africa-press.net\/senegal\/#\/schema\/person\/2b1cf3cd81a31e3cd26889ca66d677f1"},"description":"La Fe\u0301de\u0301ration se\u0301ne\u0301galaise de football (FSF) a de\u0301menti l\u2019information selon laquelle l\u2019international Kre\u0301pin Diatta a ...","breadcrumb":{"@id":"https:\/\/www.africa-press.net\/senegal\/sports\/krepin-diatta-la-fede-dement-et-accuse#breadcrumb"},"inLanguage":"fr-FR","potentialAction":[{"@type":"ReadAction","target":["https:\/\/www.africa-press.net\/senegal\/sports\/krepin-diatta-la-fede-dement-et-accuse"]}]},{"@type":"ImageObject","inLanguage":"fr-FR","@id":"https:\/\/www.africa-press.net\/senegal\/sports\/krepin-diatta-la-fede-dement-et-accuse#primaryimage","url":"https:\/\/static.africa-press.net\/senegal\/sites\/13\/2024\/02\/sm_1707935223.540757.jpg","contentUrl":"https:\/\/static.africa-press.net\/senegal\/sites\/13\/2024\/02\/sm_1707935223.540757.jpg","width":1536,"height":912,"caption":"Kr\u00e9pin Diatta, la F\u00e9d\u00e9 d\u00e9ment\u2026 et accuse !"},{"@type":"BreadcrumbList","@id":"https:\/\/www.africa-press.net\/senegal\/sports\/krepin-diatta-la-fede-dement-et-accuse#breadcrumb","itemListElement":[{"@type":"ListItem","position":1,"name":"Accueil","item":"https:\/\/www.africa-press.net\/senegal\/"},{"@type":"ListItem","position":2,"name":"Kr\u00e9pin Diatta, la F\u00e9d\u00e9 d\u00e9ment\u2026 et accuse !"}]},{"@type":"WebSite","@id":"https:\/\/www.africa-press.net\/senegal\/#website","url":"https:\/\/www.africa-press.net\/senegal\/","name":"Africa Press | Senegal | Homepage","description":"Just another Africa News Agency Sites site","potentialAction":[{"@type":"SearchAction","target":{"@type":"EntryPoint","urlTemplate":"https:\/\/www.africa-press.net\/senegal\/?s={search_term_string}"},"query-input":{"@type":"PropertyValueSpecification","valueRequired":true,"valueName":"search_term_string"}}],"inLanguage":"fr-FR"},{"@type":"Person","@id":"https:\/\/www.africa-press.net\/senegal\/#\/schema\/person\/2b1cf3cd81a31e3cd26889ca66d677f1","name":"cfeditorfr","url":"https:\/\/www.africa-press.net\/senegal\/author\/cfeditorfr"}]}},"_links":{"self":[{"href":"https:\/\/www.africa-press.net\/senegal\/wp-json\/wp\/v2\/posts\/55808","targetHints":{"allow":["GET"]}}],"collection":[{"href":"https:\/\/www.africa-press.net\/senegal\/wp-json\/wp\/v2\/posts"}],"about":[{"href":"https:\/\/www.africa-press.net\/senegal\/wp-json\/wp\/v2\/types\/post"}],"author":[{"embeddable":true,"href":"https:\/\/www.africa-press.net\/senegal\/wp-json\/wp\/v2\/users\/82"}],"replies":[{"embeddable":true,"href":"https:\/\/www.africa-press.net\/senegal\/wp-json\/wp\/v2\/comments?post=55808"}],"version-history":[{"count":0,"href":"https:\/\/www.africa-press.net\/senegal\/wp-json\/wp\/v2\/posts\/55808\/revisions"}],"wp:featuredmedia":[{"embeddable":true,"href":"https:\/\/www.africa-press.net\/senegal\/wp-json\/wp\/v2\/media\/55806"}],"wp:attachment":[{"href":"https:\/\/www.africa-press.net\/senegal\/wp-json\/wp\/v2\/media?parent=55808"}],"wp:term":[{"taxonomy":"category","embeddable":true,"href":"https:\/\/www.africa-press.net\/senegal\/wp-json\/wp\/v2\/categories?post=55808"},{"taxonomy":"post_tag","embeddable":true,"href":"https:\/\/www.africa-press.net\/senegal\/wp-json\/wp\/v2\/tags?post=55808"}],"curies":[{"name":"wp","href":"https:\/\/api.w.org\/{rel}","templated":true}]}}