{"id":55811,"date":"2024-02-14T21:41:57","date_gmt":"2024-02-14T21:41:57","guid":{"rendered":"https:\/\/www.africa-press.net\/senegal\/politique\/crise-au-senegal-macky-sall-reunit-ses-ministres-sur-fond-de-rumeurs-damnistie"},"modified":"2024-02-14T22:59:58","modified_gmt":"2024-02-14T22:59:58","slug":"crise-au-senegal-macky-sall-reunit-ses-ministres-sur-fond-de-rumeurs-damnistie","status":"publish","type":"post","link":"https:\/\/www.africa-press.net\/senegal\/politique\/crise-au-senegal-macky-sall-reunit-ses-ministres-sur-fond-de-rumeurs-damnistie","title":{"rendered":"Crise au S\u00e9n\u00e9gal : Macky Sall r\u00e9unit ses ministres sur fond de rumeurs d&rsquo;amnistie"},"content":{"rendered":"<p><span style=\"color: #ff6600\"><strong>Africa-Press &#8211; Senegal. <\/strong><\/span>Le pre\u0301sident se\u0301ne\u0301galais re\u0301unit ses ministres apre\u0300s que l\u2019annonce du report des e\u0301lections pre\u0301sidentielles a provoque\u0301 d\u2019importants mouvements de protestation. Le monde politique bruisse de la possibilite\u0301 d&rsquo;une amnistie d\u2019opposants.<\/p>\n<p>Le pre\u0301sident se\u0301ne\u0301galais Macky Sall re\u0301unit mercredi un conseil des ministres scrute\u0301 comme rarement, sous les incitations e\u0301trange\u0300res et nationales a\u0300 mettre fin a\u0300 la dangereuse crise provoque\u0301e par le report de dernie\u0300re minute de la pre\u0301sidentielle. Le pre\u0301sident Sall fait face aux incitations d&rsquo;importants partenaires internationaux, de l&rsquo;opposition et de la socie\u0301te\u0301 civile a\u0300 renoncer au report au 15 de\u0301cembre de l&rsquo;e\u0301lection initialement pre\u0301vue le 25 fe\u0301vrier. Il est confronte\u0301 aussi aux appels de ceux au Se\u0301ne\u0301gal qui, pour ou contre le changement de calendrier, s&rsquo;inquie\u0300tent du risque de tumulte et le pressent d&#8217;emprunter les voies de l&rsquo;apaisement. Le conseil des ministres hebdomadaire s&rsquo;annonce comme un jalon de l&rsquo;une des plus graves crises traverse\u0301es depuis des de\u0301cennies par ce pays volontiers vante\u0301 pour sa stabilite\u0301. Trois sources proches de la pre\u0301sidence en ont confirme\u0301 la tenue.<\/p>\n<p>Le monde politique bruisse de la possibilite\u0301 d&rsquo;une amnistie qui pourrait e\u0302tre discute\u0301e en conseil des ministres avant de faire l&rsquo;objet d&rsquo;un texte a\u0300 adopter par le Parlement. Il s&rsquo;agirait d&rsquo;effacer les infractions commises dans le contexte des troubles qu&rsquo;a connus le Se\u0301ne\u0301gal depuis mars 2021. Ils ont fait des dizaines de morts et donne\u0301 lieu a\u0300 des centaines d&rsquo;arrestations. L&rsquo;un des principaux candidats annonce\u0301s a\u0300 la pre\u0301sidentielle de 2024, Ousmane Sonko, mais aussi son second a\u0300 la te\u0302te du parti Pastef dissous, Bassirou Diomaye Faye, sont de\u0301tenus depuis 2023. Ousmane Sonko est pre\u0301sente\u0301 comme le principal be\u0301ne\u0301ficiaire potentiel d&rsquo;une amnistie. Alioune Tine, cite\u0301 avec Pierre Goudiaby Atepa comme deux personnalite\u0301s de la socie\u0301te\u0301 civile ayant joue\u0301 les bons offices entre la pre\u0301sidence et le camp de Ousmane Sonko, a de\u0301clare\u0301 dans les me\u0301dias que ce dernier serait libe\u0301re\u0301 dans les prochains jours.<\/p>\n<p>Aucun responsable gouvernemental n&rsquo;a confirme\u0301 de tels pourparlers ou l&rsquo;existence d&rsquo;un projet d&rsquo;amnistie. Le pre\u0301sident Sall, e\u0301lu en 2012 et re\u0301e\u0301lu en 2019, a provoque\u0301 une leve\u0301e de boucliers au-dela\u0300 de l&rsquo;opposition en annonc\u0327ant le 3 fe\u0301vrier le report de la pre\u0301sidentielle, a\u0300 trois semaines de l&rsquo;e\u0301che\u0301ance. L&rsquo;Assemble\u0301e nationale a fixe\u0301 le nouveau rendez-vous e\u0301lectoral au 15 de\u0301cembre et prolonge\u0301 le mandat du pre\u0301sident Sall, cense\u0301 expirer le 2 avril, jusqu&rsquo;a\u0300 la prise de fonctions de son successeur. L&rsquo;opposition crie au \u00abcoup d&rsquo;Etat constitutionnel\u00bb. Les forces de se\u0301curite\u0301 ont re\u0301prime\u0301 les tentatives de manifestation. Des heurts ont fait trois morts. Il y a plus de 260 interpellations selon l&rsquo;ONU, Human Rights Watch et l&rsquo;opposition.<\/p>\n<p><b>Un \u00abdialogue national ouvert\u00bb<\/b><\/p>\n<p>Les Etats-Unis et la France ont appele\u0301 le pre\u0301sident Sall a\u0300 tenir l&rsquo;e\u0301lection le plus rapidement possible. Les de\u0301fenseurs des droits ont critique\u0301 l&#8217;emploi excessif de la force et les restrictions au droit de manifester et a\u0300 l&rsquo;acce\u0300s a\u0300 internet. L&rsquo;opposition soupc\u0327onne le camp pre\u0301sidentiel de s&rsquo;arranger avec le calendrier parce qu&rsquo;il est su\u0302r de la de\u0301faite de son candidat, le Premier ministre Amadou Ba, de\u0301signe\u0301 par Macky Sall pour lui succe\u0301der. Elle suspecte une manoeuvre pour que le pre\u0301sident Sall reste au pouvoir, me\u0302me si celui-ci re\u0301pe\u0300te qu&rsquo;il ne se repre\u0301sentera pas. Le pre\u0301sident a justifie\u0301 le report par les vives querelles suscite\u0301es par le processus pre\u0301e\u0301lectoral et sa crainte qu&rsquo;un scrutin conteste\u0301 ne provoque de nouveaux acce\u0300s de violence apre\u0300s ceux de 2021 et 2023. La pre\u0301sidence a publie\u0301 sur les re\u0301seaux sociaux une vide\u0301o en faveur d&rsquo;un \u00abdialogue national ouvert\u00bb en vue d&rsquo;une e\u0301lection \u00abincontestable\u00bb. La vide\u0301o montre le chef de l&rsquo;Etat avec plusieurs opposants et une photo de lui et Ousmane Sonko se saluant.<\/p>\n<p>Le Pastef a jusqu&rsquo;alors rejete\u0301 l&rsquo;offre de dialogue et insiste\u0301 sur le respect du calendrier. Ousmane Sonko a e\u0301te\u0301 disqualifie\u0301, mais le Conseil constitutionnel a valide\u0301 la candidature de son second, M. Faye, qui, bien que de\u0301tenu, s&rsquo;est impose\u0301 comme un pre\u0301tendant se\u0301rieux a\u0300 la victoire. Un autre candidat de premier plan, Khalifa Sall refuse de dialoguer sans re\u0301tablissement du calendrier. L&rsquo;ex-Premier ministre Mahammed Boun Abdallah Dionne, candidat dissident du camp pre\u0301sidentiel, s&rsquo;est au contraire dit pre\u0302t au dialogue et \u00abfondamentalement preneur\u00bb d&rsquo;une amnistie, y compris pour Ousmane Sonko, dans le quotidien l&rsquo;Observateur. La peur de la violence est re\u0301pandue. Serigne Babacar Sy Mansour, khalife des Tidianes, l&rsquo;une des grandes et puissantes confre\u0301ries musulmanes, a, fait rare, publie\u0301 un communique\u0301 pour exhorter le chef de l&rsquo;Etat a\u0300 \u00abprivile\u0301gier la concertation\u00bb et l&rsquo;opposition a\u0300 \u00abaccepter toute main tendue\u00bb.<\/p>\n<p>Il s&rsquo;agit de sortir \u00abdans les meilleurs de\u0301lais (de) cette impasse qui (&#8230;) pourrait plonger notre pays dans une nuit de regrets et de de\u0301solation\u00bb, dit-il. Il appelle ses fide\u0300les a\u0300 se garder de toute violence. Plusieurs organisations d&#8217;employeurs du secteur prive\u0301 ont, dans un communique\u0301 conjoint, appele\u0301 les \u00abacteurs politiques a\u0300 se parler\u00bb. Elles invoquent la \u00abne\u0301cessite\u0301 de pre\u0301server les investissements prive\u0301s et l&rsquo;activite\u0301 e\u0301conomique\u00bb et s&rsquo;alarment des \u00abconse\u0301quences de\u0301sastreuses\u00bb d&rsquo;un nouvel embrasement.<\/p>\n<p><strong>Pour plus d&rsquo;informations et d&rsquo;analyses sur la <a href=\"https:\/\/www.africa-press.net\/senegal\">Senegal<\/a>, suivez <a href=\"https:\/\/www.africa-press.net\/\">Africa-Press<\/a><\/strong><\/p>\n","protected":false},"excerpt":{"rendered":"<p>Africa-Press &#8211; Senegal. Le pre\u0301sident se\u0301ne\u0301galais re\u0301unit ses ministres apre\u0300s que l\u2019annonce du report des e\u0301lections pre\u0301sidentielles a provoque\u0301 d\u2019importants mouvements de protestation. Le monde politique bruisse de la possibilite\u0301 d&rsquo;une amnistie d\u2019opposants. Le pre\u0301sident se\u0301ne\u0301galais Macky Sall re\u0301unit mercredi un conseil des ministres scrute\u0301 comme rarement, sous les incitations e\u0301trange\u0300res et nationales a\u0300 mettre [&hellip;]<\/p>\n","protected":false},"author":82,"featured_media":55809,"comment_status":"open","ping_status":"closed","sticky":false,"template":"","format":"standard","meta":{"footnotes":""},"categories":[2,20,10],"tags":[43,47,44],"class_list":["post-55811","post","type-post","status-publish","format-standard","has-post-thumbnail","hentry","category-politique","category-top-nouvelles","category-toutes-les-actualites","tag-africa-press-2","tag-africa-press-senegal","tag-senegal-2"],"yoast_head":"<!-- This site is optimized with the Yoast SEO Premium plugin v26.1 (Yoast SEO v27.0) - https:\/\/yoast.com\/product\/yoast-seo-premium-wordpress\/ -->\n<title>Crise au S\u00e9n\u00e9gal : Macky Sall r\u00e9unit ses ministres sur fond de rumeurs d&#039;amnistie - Senegal<\/title>\n<meta name=\"description\" content=\"Le pre\u0301sident se\u0301ne\u0301galais re\u0301unit ses ministres apre\u0300s que l\u2019annonce du report des e\u0301lections pre\u0301sidentielles a provoq ...\" \/>\n<meta name=\"robots\" content=\"index, follow, max-snippet:-1, max-image-preview:large, max-video-preview:-1\" \/>\n<link rel=\"canonical\" href=\"https:\/\/www.africa-press.net\/senegal\/politique\/crise-au-senegal-macky-sall-reunit-ses-ministres-sur-fond-de-rumeurs-damnistie\" \/>\n<meta property=\"og:locale\" content=\"fr_FR\" \/>\n<meta property=\"og:type\" content=\"article\" \/>\n<meta property=\"og:title\" content=\"Crise au S\u00e9n\u00e9gal : Macky Sall r\u00e9unit ses ministres sur fond de rumeurs d&#039;amnistie\" \/>\n<meta property=\"og:description\" content=\"Le pre\u0301sident se\u0301ne\u0301galais re\u0301unit ses ministres apre\u0300s que l\u2019annonce du report des e\u0301lections pre\u0301sidentielles a provoq ...\" \/>\n<meta property=\"og:url\" content=\"https:\/\/www.africa-press.net\/senegal\/politique\/crise-au-senegal-macky-sall-reunit-ses-ministres-sur-fond-de-rumeurs-damnistie\" \/>\n<meta property=\"og:site_name\" content=\"Senegal\" \/>\n<meta property=\"article:published_time\" content=\"2024-02-14T21:41:57+00:00\" \/>\n<meta property=\"article:modified_time\" content=\"2024-02-14T22:59:58+00:00\" \/>\n<meta property=\"og:image\" content=\"https:\/\/static.africa-press.net\/senegal\/sites\/13\/2024\/02\/sm_1707935268.07382.jpg\" \/>\n\t<meta property=\"og:image:width\" content=\"1128\" \/>\n\t<meta property=\"og:image:height\" content=\"634\" \/>\n\t<meta property=\"og:image:type\" content=\"image\/jpeg\" \/>\n<meta name=\"author\" content=\"cfeditorfr\" \/>\n<meta name=\"twitter:card\" content=\"summary_large_image\" \/>\n<meta name=\"twitter:label1\" content=\"\u00c9crit par\" \/>\n\t<meta name=\"twitter:data1\" content=\"cfeditorfr\" \/>\n\t<meta name=\"twitter:label2\" content=\"Dur\u00e9e de lecture estim\u00e9e\" \/>\n\t<meta name=\"twitter:data2\" content=\"5 minutes\" \/>\n<script type=\"application\/ld+json\" class=\"yoast-schema-graph\">{\"@context\":\"https:\/\/schema.org\",\"@graph\":[{\"@type\":\"Article\",\"@id\":\"https:\/\/www.africa-press.net\/senegal\/politique\/crise-au-senegal-macky-sall-reunit-ses-ministres-sur-fond-de-rumeurs-damnistie#article\",\"isPartOf\":{\"@id\":\"https:\/\/www.africa-press.net\/senegal\/politique\/crise-au-senegal-macky-sall-reunit-ses-ministres-sur-fond-de-rumeurs-damnistie\"},\"author\":{\"name\":\"cfeditorfr\",\"@id\":\"https:\/\/www.africa-press.net\/senegal\/#\/schema\/person\/2b1cf3cd81a31e3cd26889ca66d677f1\"},\"headline\":\"Crise au S\u00e9n\u00e9gal : Macky Sall r\u00e9unit ses ministres sur fond de rumeurs d&rsquo;amnistie\",\"datePublished\":\"2024-02-14T21:41:57+00:00\",\"dateModified\":\"2024-02-14T22:59:58+00:00\",\"mainEntityOfPage\":{\"@id\":\"https:\/\/www.africa-press.net\/senegal\/politique\/crise-au-senegal-macky-sall-reunit-ses-ministres-sur-fond-de-rumeurs-damnistie\"},\"wordCount\":990,\"commentCount\":0,\"image\":{\"@id\":\"https:\/\/www.africa-press.net\/senegal\/politique\/crise-au-senegal-macky-sall-reunit-ses-ministres-sur-fond-de-rumeurs-damnistie#primaryimage\"},\"thumbnailUrl\":\"https:\/\/static.africa-press.net\/senegal\/sites\/13\/2024\/02\/sm_1707935268.07382.jpg\",\"keywords\":[\"Africa Press\",\"Africa Press-Senegal\",\"Senegal\"],\"articleSection\":[\"Politique\",\"Top Nouvelles\",\"Toutes les actualit\u00e9s\"],\"inLanguage\":\"fr-FR\",\"potentialAction\":[{\"@type\":\"CommentAction\",\"name\":\"Comment\",\"target\":[\"https:\/\/www.africa-press.net\/senegal\/politique\/crise-au-senegal-macky-sall-reunit-ses-ministres-sur-fond-de-rumeurs-damnistie#respond\"]}]},{\"@type\":\"WebPage\",\"@id\":\"https:\/\/www.africa-press.net\/senegal\/politique\/crise-au-senegal-macky-sall-reunit-ses-ministres-sur-fond-de-rumeurs-damnistie\",\"url\":\"https:\/\/www.africa-press.net\/senegal\/politique\/crise-au-senegal-macky-sall-reunit-ses-ministres-sur-fond-de-rumeurs-damnistie\",\"name\":\"Crise au S\u00e9n\u00e9gal : Macky Sall r\u00e9unit ses ministres sur fond de rumeurs d'amnistie - Senegal\",\"isPartOf\":{\"@id\":\"https:\/\/www.africa-press.net\/senegal\/#website\"},\"primaryImageOfPage\":{\"@id\":\"https:\/\/www.africa-press.net\/senegal\/politique\/crise-au-senegal-macky-sall-reunit-ses-ministres-sur-fond-de-rumeurs-damnistie#primaryimage\"},\"image\":{\"@id\":\"https:\/\/www.africa-press.net\/senegal\/politique\/crise-au-senegal-macky-sall-reunit-ses-ministres-sur-fond-de-rumeurs-damnistie#primaryimage\"},\"thumbnailUrl\":\"https:\/\/static.africa-press.net\/senegal\/sites\/13\/2024\/02\/sm_1707935268.07382.jpg\",\"datePublished\":\"2024-02-14T21:41:57+00:00\",\"dateModified\":\"2024-02-14T22:59:58+00:00\",\"author\":{\"@id\":\"https:\/\/www.africa-press.net\/senegal\/#\/schema\/person\/2b1cf3cd81a31e3cd26889ca66d677f1\"},\"description\":\"Le pre\u0301sident se\u0301ne\u0301galais re\u0301unit ses ministres apre\u0300s que l\u2019annonce du report des e\u0301lections pre\u0301sidentielles a provoq ...\",\"breadcrumb\":{\"@id\":\"https:\/\/www.africa-press.net\/senegal\/politique\/crise-au-senegal-macky-sall-reunit-ses-ministres-sur-fond-de-rumeurs-damnistie#breadcrumb\"},\"inLanguage\":\"fr-FR\",\"potentialAction\":[{\"@type\":\"ReadAction\",\"target\":[\"https:\/\/www.africa-press.net\/senegal\/politique\/crise-au-senegal-macky-sall-reunit-ses-ministres-sur-fond-de-rumeurs-damnistie\"]}]},{\"@type\":\"ImageObject\",\"inLanguage\":\"fr-FR\",\"@id\":\"https:\/\/www.africa-press.net\/senegal\/politique\/crise-au-senegal-macky-sall-reunit-ses-ministres-sur-fond-de-rumeurs-damnistie#primaryimage\",\"url\":\"https:\/\/static.africa-press.net\/senegal\/sites\/13\/2024\/02\/sm_1707935268.07382.jpg\",\"contentUrl\":\"https:\/\/static.africa-press.net\/senegal\/sites\/13\/2024\/02\/sm_1707935268.07382.jpg\",\"width\":1128,\"height\":634,\"caption\":\"Crise au S\u00e9n\u00e9gal : Macky Sall r\u00e9unit ses ministres sur fond de rumeurs d'amnistie\"},{\"@type\":\"BreadcrumbList\",\"@id\":\"https:\/\/www.africa-press.net\/senegal\/politique\/crise-au-senegal-macky-sall-reunit-ses-ministres-sur-fond-de-rumeurs-damnistie#breadcrumb\",\"itemListElement\":[{\"@type\":\"ListItem\",\"position\":1,\"name\":\"Accueil\",\"item\":\"https:\/\/www.africa-press.net\/senegal\/\"},{\"@type\":\"ListItem\",\"position\":2,\"name\":\"Crise au S\u00e9n\u00e9gal : Macky Sall r\u00e9unit ses ministres sur fond de rumeurs d&#8217;amnistie\"}]},{\"@type\":\"WebSite\",\"@id\":\"https:\/\/www.africa-press.net\/senegal\/#website\",\"url\":\"https:\/\/www.africa-press.net\/senegal\/\",\"name\":\"Africa Press | Senegal | Homepage\",\"description\":\"Just another Africa News Agency Sites site\",\"potentialAction\":[{\"@type\":\"SearchAction\",\"target\":{\"@type\":\"EntryPoint\",\"urlTemplate\":\"https:\/\/www.africa-press.net\/senegal\/?s={search_term_string}\"},\"query-input\":{\"@type\":\"PropertyValueSpecification\",\"valueRequired\":true,\"valueName\":\"search_term_string\"}}],\"inLanguage\":\"fr-FR\"},{\"@type\":\"Person\",\"@id\":\"https:\/\/www.africa-press.net\/senegal\/#\/schema\/person\/2b1cf3cd81a31e3cd26889ca66d677f1\",\"name\":\"cfeditorfr\",\"url\":\"https:\/\/www.africa-press.net\/senegal\/author\/cfeditorfr\"}]}<\/script>\n<!-- \/ Yoast SEO Premium plugin. -->","yoast_head_json":{"title":"Crise au S\u00e9n\u00e9gal : Macky Sall r\u00e9unit ses ministres sur fond de rumeurs d'amnistie - Senegal","description":"Le pre\u0301sident se\u0301ne\u0301galais re\u0301unit ses ministres apre\u0300s que l\u2019annonce du report des e\u0301lections pre\u0301sidentielles a provoq ...","robots":{"index":"index","follow":"follow","max-snippet":"max-snippet:-1","max-image-preview":"max-image-preview:large","max-video-preview":"max-video-preview:-1"},"canonical":"https:\/\/www.africa-press.net\/senegal\/politique\/crise-au-senegal-macky-sall-reunit-ses-ministres-sur-fond-de-rumeurs-damnistie","og_locale":"fr_FR","og_type":"article","og_title":"Crise au S\u00e9n\u00e9gal : Macky Sall r\u00e9unit ses ministres sur fond de rumeurs d'amnistie","og_description":"Le pre\u0301sident se\u0301ne\u0301galais re\u0301unit ses ministres apre\u0300s que l\u2019annonce du report des e\u0301lections pre\u0301sidentielles a provoq ...","og_url":"https:\/\/www.africa-press.net\/senegal\/politique\/crise-au-senegal-macky-sall-reunit-ses-ministres-sur-fond-de-rumeurs-damnistie","og_site_name":"Senegal","article_published_time":"2024-02-14T21:41:57+00:00","article_modified_time":"2024-02-14T22:59:58+00:00","og_image":[{"width":1128,"height":634,"url":"https:\/\/static.africa-press.net\/senegal\/sites\/13\/2024\/02\/sm_1707935268.07382.jpg","type":"image\/jpeg"}],"author":"cfeditorfr","twitter_card":"summary_large_image","twitter_misc":{"\u00c9crit par":"cfeditorfr","Dur\u00e9e de lecture estim\u00e9e":"5 minutes"},"schema":{"@context":"https:\/\/schema.org","@graph":[{"@type":"Article","@id":"https:\/\/www.africa-press.net\/senegal\/politique\/crise-au-senegal-macky-sall-reunit-ses-ministres-sur-fond-de-rumeurs-damnistie#article","isPartOf":{"@id":"https:\/\/www.africa-press.net\/senegal\/politique\/crise-au-senegal-macky-sall-reunit-ses-ministres-sur-fond-de-rumeurs-damnistie"},"author":{"name":"cfeditorfr","@id":"https:\/\/www.africa-press.net\/senegal\/#\/schema\/person\/2b1cf3cd81a31e3cd26889ca66d677f1"},"headline":"Crise au S\u00e9n\u00e9gal : Macky Sall r\u00e9unit ses ministres sur fond de rumeurs d&rsquo;amnistie","datePublished":"2024-02-14T21:41:57+00:00","dateModified":"2024-02-14T22:59:58+00:00","mainEntityOfPage":{"@id":"https:\/\/www.africa-press.net\/senegal\/politique\/crise-au-senegal-macky-sall-reunit-ses-ministres-sur-fond-de-rumeurs-damnistie"},"wordCount":990,"commentCount":0,"image":{"@id":"https:\/\/www.africa-press.net\/senegal\/politique\/crise-au-senegal-macky-sall-reunit-ses-ministres-sur-fond-de-rumeurs-damnistie#primaryimage"},"thumbnailUrl":"https:\/\/static.africa-press.net\/senegal\/sites\/13\/2024\/02\/sm_1707935268.07382.jpg","keywords":["Africa Press","Africa Press-Senegal","Senegal"],"articleSection":["Politique","Top Nouvelles","Toutes les actualit\u00e9s"],"inLanguage":"fr-FR","potentialAction":[{"@type":"CommentAction","name":"Comment","target":["https:\/\/www.africa-press.net\/senegal\/politique\/crise-au-senegal-macky-sall-reunit-ses-ministres-sur-fond-de-rumeurs-damnistie#respond"]}]},{"@type":"WebPage","@id":"https:\/\/www.africa-press.net\/senegal\/politique\/crise-au-senegal-macky-sall-reunit-ses-ministres-sur-fond-de-rumeurs-damnistie","url":"https:\/\/www.africa-press.net\/senegal\/politique\/crise-au-senegal-macky-sall-reunit-ses-ministres-sur-fond-de-rumeurs-damnistie","name":"Crise au S\u00e9n\u00e9gal : Macky Sall r\u00e9unit ses ministres sur fond de rumeurs d'amnistie - Senegal","isPartOf":{"@id":"https:\/\/www.africa-press.net\/senegal\/#website"},"primaryImageOfPage":{"@id":"https:\/\/www.africa-press.net\/senegal\/politique\/crise-au-senegal-macky-sall-reunit-ses-ministres-sur-fond-de-rumeurs-damnistie#primaryimage"},"image":{"@id":"https:\/\/www.africa-press.net\/senegal\/politique\/crise-au-senegal-macky-sall-reunit-ses-ministres-sur-fond-de-rumeurs-damnistie#primaryimage"},"thumbnailUrl":"https:\/\/static.africa-press.net\/senegal\/sites\/13\/2024\/02\/sm_1707935268.07382.jpg","datePublished":"2024-02-14T21:41:57+00:00","dateModified":"2024-02-14T22:59:58+00:00","author":{"@id":"https:\/\/www.africa-press.net\/senegal\/#\/schema\/person\/2b1cf3cd81a31e3cd26889ca66d677f1"},"description":"Le pre\u0301sident se\u0301ne\u0301galais re\u0301unit ses ministres apre\u0300s que l\u2019annonce du report des e\u0301lections pre\u0301sidentielles a provoq ...","breadcrumb":{"@id":"https:\/\/www.africa-press.net\/senegal\/politique\/crise-au-senegal-macky-sall-reunit-ses-ministres-sur-fond-de-rumeurs-damnistie#breadcrumb"},"inLanguage":"fr-FR","potentialAction":[{"@type":"ReadAction","target":["https:\/\/www.africa-press.net\/senegal\/politique\/crise-au-senegal-macky-sall-reunit-ses-ministres-sur-fond-de-rumeurs-damnistie"]}]},{"@type":"ImageObject","inLanguage":"fr-FR","@id":"https:\/\/www.africa-press.net\/senegal\/politique\/crise-au-senegal-macky-sall-reunit-ses-ministres-sur-fond-de-rumeurs-damnistie#primaryimage","url":"https:\/\/static.africa-press.net\/senegal\/sites\/13\/2024\/02\/sm_1707935268.07382.jpg","contentUrl":"https:\/\/static.africa-press.net\/senegal\/sites\/13\/2024\/02\/sm_1707935268.07382.jpg","width":1128,"height":634,"caption":"Crise au S\u00e9n\u00e9gal : Macky Sall r\u00e9unit ses ministres sur fond de rumeurs d'amnistie"},{"@type":"BreadcrumbList","@id":"https:\/\/www.africa-press.net\/senegal\/politique\/crise-au-senegal-macky-sall-reunit-ses-ministres-sur-fond-de-rumeurs-damnistie#breadcrumb","itemListElement":[{"@type":"ListItem","position":1,"name":"Accueil","item":"https:\/\/www.africa-press.net\/senegal\/"},{"@type":"ListItem","position":2,"name":"Crise au S\u00e9n\u00e9gal : Macky Sall r\u00e9unit ses ministres sur fond de rumeurs d&#8217;amnistie"}]},{"@type":"WebSite","@id":"https:\/\/www.africa-press.net\/senegal\/#website","url":"https:\/\/www.africa-press.net\/senegal\/","name":"Africa Press | Senegal | Homepage","description":"Just another Africa News Agency Sites site","potentialAction":[{"@type":"SearchAction","target":{"@type":"EntryPoint","urlTemplate":"https:\/\/www.africa-press.net\/senegal\/?s={search_term_string}"},"query-input":{"@type":"PropertyValueSpecification","valueRequired":true,"valueName":"search_term_string"}}],"inLanguage":"fr-FR"},{"@type":"Person","@id":"https:\/\/www.africa-press.net\/senegal\/#\/schema\/person\/2b1cf3cd81a31e3cd26889ca66d677f1","name":"cfeditorfr","url":"https:\/\/www.africa-press.net\/senegal\/author\/cfeditorfr"}]}},"_links":{"self":[{"href":"https:\/\/www.africa-press.net\/senegal\/wp-json\/wp\/v2\/posts\/55811","targetHints":{"allow":["GET"]}}],"collection":[{"href":"https:\/\/www.africa-press.net\/senegal\/wp-json\/wp\/v2\/posts"}],"about":[{"href":"https:\/\/www.africa-press.net\/senegal\/wp-json\/wp\/v2\/types\/post"}],"author":[{"embeddable":true,"href":"https:\/\/www.africa-press.net\/senegal\/wp-json\/wp\/v2\/users\/82"}],"replies":[{"embeddable":true,"href":"https:\/\/www.africa-press.net\/senegal\/wp-json\/wp\/v2\/comments?post=55811"}],"version-history":[{"count":0,"href":"https:\/\/www.africa-press.net\/senegal\/wp-json\/wp\/v2\/posts\/55811\/revisions"}],"wp:featuredmedia":[{"embeddable":true,"href":"https:\/\/www.africa-press.net\/senegal\/wp-json\/wp\/v2\/media\/55809"}],"wp:attachment":[{"href":"https:\/\/www.africa-press.net\/senegal\/wp-json\/wp\/v2\/media?parent=55811"}],"wp:term":[{"taxonomy":"category","embeddable":true,"href":"https:\/\/www.africa-press.net\/senegal\/wp-json\/wp\/v2\/categories?post=55811"},{"taxonomy":"post_tag","embeddable":true,"href":"https:\/\/www.africa-press.net\/senegal\/wp-json\/wp\/v2\/tags?post=55811"}],"curies":[{"name":"wp","href":"https:\/\/api.w.org\/{rel}","templated":true}]}}