{"id":55813,"date":"2024-02-14T21:00:22","date_gmt":"2024-02-14T21:00:22","guid":{"rendered":"https:\/\/www.africa-press.net\/senegal\/politique\/le-gouvernement-restreint-lacces-a-internet"},"modified":"2024-02-14T23:00:56","modified_gmt":"2024-02-14T23:00:56","slug":"le-gouvernement-restreint-lacces-a-internet","status":"publish","type":"post","link":"https:\/\/www.africa-press.net\/senegal\/politique\/le-gouvernement-restreint-lacces-a-internet","title":{"rendered":"le gouvernement restreint l&rsquo;acc\u00e8s \u00e0 internet"},"content":{"rendered":"<p><span style=\"color: #ff6600\"><strong>Africa-Press &#8211; Senegal. <\/strong><\/span>Le gouvernement se\u0301ne\u0301galais a suspendu mardi, l\u2019acce\u0300s aux donne\u0301es mobiles. La mesure a e\u0301te\u0301 prise alors que le collectif \u2018\u2019 prote\u0301geons nos e\u0301lections\u2019\u2019 avait appele\u0301 a\u0300 une marche contre le glissement du calendrier e\u0301lectoral.<\/p>\n<p>L\u2019acce\u0300s a\u0300 internet avait de\u0301ja\u0300 e\u0301te\u0301 restreint pendant au moins 8 jours pendant que le parlement se prononc\u0327ait sur le report de la pre\u0301sidentielle.<\/p>\n<p>Les autorite\u0301s se\u0301ne\u0301galaises justifient ces restrictions par \u2018\u2019 la diffusion sur les re\u0301seaux sociaux de messages de haine subversifs qui ont de\u0301ja\u0300 provoque\u0301 de violentes manifestations\u2019\u2019.<\/p>\n<p>La semaine dernie\u0300re, au moins trois manifestants ont e\u0301te\u0301 tue\u0301s.<\/p>\n<p>L\u2019ONU a fait part de sa pre\u0301occupation suite aux informations faisant e\u0301tat d\u2019un recours inutile et disproportionne\u0301 a\u0300 la force contre les manifestants. Tout en appelant les autorite\u0301s se\u0301ne\u0301galaises au respect du droits des populations de manifester pacifiquement.<\/p>\n<p>Le climat politique reste de\u0301le\u0301te\u0300re au Se\u0301ne\u0301gal. Alors que sa marche a e\u0301te\u0301 interdite mardi, l\u2019opposition annonce qu\u2019elle descendra dans la rue samedi.<\/p>\n<p><strong>Pour plus d&rsquo;informations et d&rsquo;analyses sur la <a href=\"https:\/\/www.africa-press.net\/senegal\">Senegal<\/a>, suivez <a href=\"https:\/\/www.africa-press.net\/\">Africa-Press<\/a><\/strong><\/p>\n","protected":false},"excerpt":{"rendered":"<p>Africa-Press &#8211; Senegal. Le gouvernement se\u0301ne\u0301galais a suspendu mardi, l\u2019acce\u0300s aux donne\u0301es mobiles. La mesure a e\u0301te\u0301 prise alors que le collectif \u2018\u2019 prote\u0301geons nos e\u0301lections\u2019\u2019 avait appele\u0301 a\u0300 une marche contre le glissement du calendrier e\u0301lectoral. L\u2019acce\u0300s a\u0300 internet avait de\u0301ja\u0300 e\u0301te\u0301 restreint pendant au moins 8 jours pendant que le parlement se prononc\u0327ait [&hellip;]<\/p>\n","protected":false},"author":82,"featured_media":55812,"comment_status":"open","ping_status":"closed","sticky":false,"template":"","format":"standard","meta":{"footnotes":""},"categories":[2,20,10],"tags":[43,47,44],"class_list":["post-55813","post","type-post","status-publish","format-standard","has-post-thumbnail","hentry","category-politique","category-top-nouvelles","category-toutes-les-actualites","tag-africa-press-2","tag-africa-press-senegal","tag-senegal-2"],"yoast_head":"<!-- This site is optimized with the Yoast SEO Premium plugin v26.1 (Yoast SEO v27.0) - https:\/\/yoast.com\/product\/yoast-seo-premium-wordpress\/ -->\n<title>le gouvernement restreint l&#039;acc\u00e8s \u00e0 internet - Senegal<\/title>\n<meta name=\"description\" content=\"Le gouvernement se\u0301ne\u0301galais a suspendu mardi, l\u2019acce\u0300s aux donne\u0301es mobiles. La mesure a e\u0301te\u0301 prise alors que le colle ...\" \/>\n<meta name=\"robots\" content=\"index, follow, max-snippet:-1, max-image-preview:large, max-video-preview:-1\" \/>\n<link rel=\"canonical\" href=\"https:\/\/www.africa-press.net\/senegal\/politique\/le-gouvernement-restreint-lacces-a-internet\" \/>\n<meta property=\"og:locale\" content=\"fr_FR\" \/>\n<meta property=\"og:type\" content=\"article\" \/>\n<meta property=\"og:title\" content=\"le gouvernement restreint l&#039;acc\u00e8s \u00e0 internet\" \/>\n<meta property=\"og:description\" content=\"Le gouvernement se\u0301ne\u0301galais a suspendu mardi, l\u2019acce\u0300s aux donne\u0301es mobiles. La mesure a e\u0301te\u0301 prise alors que le colle ...\" \/>\n<meta property=\"og:url\" content=\"https:\/\/www.africa-press.net\/senegal\/politique\/le-gouvernement-restreint-lacces-a-internet\" \/>\n<meta property=\"og:site_name\" content=\"Senegal\" \/>\n<meta property=\"article:published_time\" content=\"2024-02-14T21:00:22+00:00\" \/>\n<meta property=\"article:modified_time\" content=\"2024-02-14T23:00:56+00:00\" \/>\n<meta property=\"og:image\" content=\"https:\/\/static.africa-press.net\/senegal\/sites\/13\/2024\/02\/sm_1707935317.094729.jpg\" \/>\n\t<meta property=\"og:image:width\" content=\"1331\" \/>\n\t<meta property=\"og:image:height\" content=\"534\" \/>\n\t<meta property=\"og:image:type\" content=\"image\/jpeg\" \/>\n<meta name=\"author\" content=\"cfeditorfr\" \/>\n<meta name=\"twitter:card\" content=\"summary_large_image\" \/>\n<meta name=\"twitter:label1\" content=\"\u00c9crit par\" \/>\n\t<meta name=\"twitter:data1\" content=\"cfeditorfr\" \/>\n\t<meta name=\"twitter:label2\" content=\"Dur\u00e9e de lecture estim\u00e9e\" \/>\n\t<meta name=\"twitter:data2\" content=\"2 minutes\" \/>\n<script type=\"application\/ld+json\" class=\"yoast-schema-graph\">{\"@context\":\"https:\/\/schema.org\",\"@graph\":[{\"@type\":\"Article\",\"@id\":\"https:\/\/www.africa-press.net\/senegal\/politique\/le-gouvernement-restreint-lacces-a-internet#article\",\"isPartOf\":{\"@id\":\"https:\/\/www.africa-press.net\/senegal\/politique\/le-gouvernement-restreint-lacces-a-internet\"},\"author\":{\"name\":\"cfeditorfr\",\"@id\":\"https:\/\/www.africa-press.net\/senegal\/#\/schema\/person\/2b1cf3cd81a31e3cd26889ca66d677f1\"},\"headline\":\"le gouvernement restreint l&rsquo;acc\u00e8s \u00e0 internet\",\"datePublished\":\"2024-02-14T21:00:22+00:00\",\"dateModified\":\"2024-02-14T23:00:56+00:00\",\"mainEntityOfPage\":{\"@id\":\"https:\/\/www.africa-press.net\/senegal\/politique\/le-gouvernement-restreint-lacces-a-internet\"},\"wordCount\":212,\"commentCount\":0,\"image\":{\"@id\":\"https:\/\/www.africa-press.net\/senegal\/politique\/le-gouvernement-restreint-lacces-a-internet#primaryimage\"},\"thumbnailUrl\":\"https:\/\/static.africa-press.net\/senegal\/sites\/13\/2024\/02\/sm_1707935317.094729.jpg\",\"keywords\":[\"Africa Press\",\"Africa Press-Senegal\",\"Senegal\"],\"articleSection\":[\"Politique\",\"Top Nouvelles\",\"Toutes les actualit\u00e9s\"],\"inLanguage\":\"fr-FR\",\"potentialAction\":[{\"@type\":\"CommentAction\",\"name\":\"Comment\",\"target\":[\"https:\/\/www.africa-press.net\/senegal\/politique\/le-gouvernement-restreint-lacces-a-internet#respond\"]}]},{\"@type\":\"WebPage\",\"@id\":\"https:\/\/www.africa-press.net\/senegal\/politique\/le-gouvernement-restreint-lacces-a-internet\",\"url\":\"https:\/\/www.africa-press.net\/senegal\/politique\/le-gouvernement-restreint-lacces-a-internet\",\"name\":\"le gouvernement restreint l'acc\u00e8s \u00e0 internet - Senegal\",\"isPartOf\":{\"@id\":\"https:\/\/www.africa-press.net\/senegal\/#website\"},\"primaryImageOfPage\":{\"@id\":\"https:\/\/www.africa-press.net\/senegal\/politique\/le-gouvernement-restreint-lacces-a-internet#primaryimage\"},\"image\":{\"@id\":\"https:\/\/www.africa-press.net\/senegal\/politique\/le-gouvernement-restreint-lacces-a-internet#primaryimage\"},\"thumbnailUrl\":\"https:\/\/static.africa-press.net\/senegal\/sites\/13\/2024\/02\/sm_1707935317.094729.jpg\",\"datePublished\":\"2024-02-14T21:00:22+00:00\",\"dateModified\":\"2024-02-14T23:00:56+00:00\",\"author\":{\"@id\":\"https:\/\/www.africa-press.net\/senegal\/#\/schema\/person\/2b1cf3cd81a31e3cd26889ca66d677f1\"},\"description\":\"Le gouvernement se\u0301ne\u0301galais a suspendu mardi, l\u2019acce\u0300s aux donne\u0301es mobiles. La mesure a e\u0301te\u0301 prise alors que le colle ...\",\"breadcrumb\":{\"@id\":\"https:\/\/www.africa-press.net\/senegal\/politique\/le-gouvernement-restreint-lacces-a-internet#breadcrumb\"},\"inLanguage\":\"fr-FR\",\"potentialAction\":[{\"@type\":\"ReadAction\",\"target\":[\"https:\/\/www.africa-press.net\/senegal\/politique\/le-gouvernement-restreint-lacces-a-internet\"]}]},{\"@type\":\"ImageObject\",\"inLanguage\":\"fr-FR\",\"@id\":\"https:\/\/www.africa-press.net\/senegal\/politique\/le-gouvernement-restreint-lacces-a-internet#primaryimage\",\"url\":\"https:\/\/static.africa-press.net\/senegal\/sites\/13\/2024\/02\/sm_1707935317.094729.jpg\",\"contentUrl\":\"https:\/\/static.africa-press.net\/senegal\/sites\/13\/2024\/02\/sm_1707935317.094729.jpg\",\"width\":1331,\"height\":534,\"caption\":\"le gouvernement restreint l'acc\u00e8s \u00e0 internet\"},{\"@type\":\"BreadcrumbList\",\"@id\":\"https:\/\/www.africa-press.net\/senegal\/politique\/le-gouvernement-restreint-lacces-a-internet#breadcrumb\",\"itemListElement\":[{\"@type\":\"ListItem\",\"position\":1,\"name\":\"Accueil\",\"item\":\"https:\/\/www.africa-press.net\/senegal\/\"},{\"@type\":\"ListItem\",\"position\":2,\"name\":\"le gouvernement restreint l&#8217;acc\u00e8s \u00e0 internet\"}]},{\"@type\":\"WebSite\",\"@id\":\"https:\/\/www.africa-press.net\/senegal\/#website\",\"url\":\"https:\/\/www.africa-press.net\/senegal\/\",\"name\":\"Africa Press | Senegal | Homepage\",\"description\":\"Just another Africa News Agency Sites site\",\"potentialAction\":[{\"@type\":\"SearchAction\",\"target\":{\"@type\":\"EntryPoint\",\"urlTemplate\":\"https:\/\/www.africa-press.net\/senegal\/?s={search_term_string}\"},\"query-input\":{\"@type\":\"PropertyValueSpecification\",\"valueRequired\":true,\"valueName\":\"search_term_string\"}}],\"inLanguage\":\"fr-FR\"},{\"@type\":\"Person\",\"@id\":\"https:\/\/www.africa-press.net\/senegal\/#\/schema\/person\/2b1cf3cd81a31e3cd26889ca66d677f1\",\"name\":\"cfeditorfr\",\"url\":\"https:\/\/www.africa-press.net\/senegal\/author\/cfeditorfr\"}]}<\/script>\n<!-- \/ Yoast SEO Premium plugin. -->","yoast_head_json":{"title":"le gouvernement restreint l'acc\u00e8s \u00e0 internet - Senegal","description":"Le gouvernement se\u0301ne\u0301galais a suspendu mardi, l\u2019acce\u0300s aux donne\u0301es mobiles. La mesure a e\u0301te\u0301 prise alors que le colle ...","robots":{"index":"index","follow":"follow","max-snippet":"max-snippet:-1","max-image-preview":"max-image-preview:large","max-video-preview":"max-video-preview:-1"},"canonical":"https:\/\/www.africa-press.net\/senegal\/politique\/le-gouvernement-restreint-lacces-a-internet","og_locale":"fr_FR","og_type":"article","og_title":"le gouvernement restreint l'acc\u00e8s \u00e0 internet","og_description":"Le gouvernement se\u0301ne\u0301galais a suspendu mardi, l\u2019acce\u0300s aux donne\u0301es mobiles. La mesure a e\u0301te\u0301 prise alors que le colle ...","og_url":"https:\/\/www.africa-press.net\/senegal\/politique\/le-gouvernement-restreint-lacces-a-internet","og_site_name":"Senegal","article_published_time":"2024-02-14T21:00:22+00:00","article_modified_time":"2024-02-14T23:00:56+00:00","og_image":[{"width":1331,"height":534,"url":"https:\/\/static.africa-press.net\/senegal\/sites\/13\/2024\/02\/sm_1707935317.094729.jpg","type":"image\/jpeg"}],"author":"cfeditorfr","twitter_card":"summary_large_image","twitter_misc":{"\u00c9crit par":"cfeditorfr","Dur\u00e9e de lecture estim\u00e9e":"2 minutes"},"schema":{"@context":"https:\/\/schema.org","@graph":[{"@type":"Article","@id":"https:\/\/www.africa-press.net\/senegal\/politique\/le-gouvernement-restreint-lacces-a-internet#article","isPartOf":{"@id":"https:\/\/www.africa-press.net\/senegal\/politique\/le-gouvernement-restreint-lacces-a-internet"},"author":{"name":"cfeditorfr","@id":"https:\/\/www.africa-press.net\/senegal\/#\/schema\/person\/2b1cf3cd81a31e3cd26889ca66d677f1"},"headline":"le gouvernement restreint l&rsquo;acc\u00e8s \u00e0 internet","datePublished":"2024-02-14T21:00:22+00:00","dateModified":"2024-02-14T23:00:56+00:00","mainEntityOfPage":{"@id":"https:\/\/www.africa-press.net\/senegal\/politique\/le-gouvernement-restreint-lacces-a-internet"},"wordCount":212,"commentCount":0,"image":{"@id":"https:\/\/www.africa-press.net\/senegal\/politique\/le-gouvernement-restreint-lacces-a-internet#primaryimage"},"thumbnailUrl":"https:\/\/static.africa-press.net\/senegal\/sites\/13\/2024\/02\/sm_1707935317.094729.jpg","keywords":["Africa Press","Africa Press-Senegal","Senegal"],"articleSection":["Politique","Top Nouvelles","Toutes les actualit\u00e9s"],"inLanguage":"fr-FR","potentialAction":[{"@type":"CommentAction","name":"Comment","target":["https:\/\/www.africa-press.net\/senegal\/politique\/le-gouvernement-restreint-lacces-a-internet#respond"]}]},{"@type":"WebPage","@id":"https:\/\/www.africa-press.net\/senegal\/politique\/le-gouvernement-restreint-lacces-a-internet","url":"https:\/\/www.africa-press.net\/senegal\/politique\/le-gouvernement-restreint-lacces-a-internet","name":"le gouvernement restreint l'acc\u00e8s \u00e0 internet - Senegal","isPartOf":{"@id":"https:\/\/www.africa-press.net\/senegal\/#website"},"primaryImageOfPage":{"@id":"https:\/\/www.africa-press.net\/senegal\/politique\/le-gouvernement-restreint-lacces-a-internet#primaryimage"},"image":{"@id":"https:\/\/www.africa-press.net\/senegal\/politique\/le-gouvernement-restreint-lacces-a-internet#primaryimage"},"thumbnailUrl":"https:\/\/static.africa-press.net\/senegal\/sites\/13\/2024\/02\/sm_1707935317.094729.jpg","datePublished":"2024-02-14T21:00:22+00:00","dateModified":"2024-02-14T23:00:56+00:00","author":{"@id":"https:\/\/www.africa-press.net\/senegal\/#\/schema\/person\/2b1cf3cd81a31e3cd26889ca66d677f1"},"description":"Le gouvernement se\u0301ne\u0301galais a suspendu mardi, l\u2019acce\u0300s aux donne\u0301es mobiles. La mesure a e\u0301te\u0301 prise alors que le colle ...","breadcrumb":{"@id":"https:\/\/www.africa-press.net\/senegal\/politique\/le-gouvernement-restreint-lacces-a-internet#breadcrumb"},"inLanguage":"fr-FR","potentialAction":[{"@type":"ReadAction","target":["https:\/\/www.africa-press.net\/senegal\/politique\/le-gouvernement-restreint-lacces-a-internet"]}]},{"@type":"ImageObject","inLanguage":"fr-FR","@id":"https:\/\/www.africa-press.net\/senegal\/politique\/le-gouvernement-restreint-lacces-a-internet#primaryimage","url":"https:\/\/static.africa-press.net\/senegal\/sites\/13\/2024\/02\/sm_1707935317.094729.jpg","contentUrl":"https:\/\/static.africa-press.net\/senegal\/sites\/13\/2024\/02\/sm_1707935317.094729.jpg","width":1331,"height":534,"caption":"le gouvernement restreint l'acc\u00e8s \u00e0 internet"},{"@type":"BreadcrumbList","@id":"https:\/\/www.africa-press.net\/senegal\/politique\/le-gouvernement-restreint-lacces-a-internet#breadcrumb","itemListElement":[{"@type":"ListItem","position":1,"name":"Accueil","item":"https:\/\/www.africa-press.net\/senegal\/"},{"@type":"ListItem","position":2,"name":"le gouvernement restreint l&#8217;acc\u00e8s \u00e0 internet"}]},{"@type":"WebSite","@id":"https:\/\/www.africa-press.net\/senegal\/#website","url":"https:\/\/www.africa-press.net\/senegal\/","name":"Africa Press | Senegal | Homepage","description":"Just another Africa News Agency Sites site","potentialAction":[{"@type":"SearchAction","target":{"@type":"EntryPoint","urlTemplate":"https:\/\/www.africa-press.net\/senegal\/?s={search_term_string}"},"query-input":{"@type":"PropertyValueSpecification","valueRequired":true,"valueName":"search_term_string"}}],"inLanguage":"fr-FR"},{"@type":"Person","@id":"https:\/\/www.africa-press.net\/senegal\/#\/schema\/person\/2b1cf3cd81a31e3cd26889ca66d677f1","name":"cfeditorfr","url":"https:\/\/www.africa-press.net\/senegal\/author\/cfeditorfr"}]}},"_links":{"self":[{"href":"https:\/\/www.africa-press.net\/senegal\/wp-json\/wp\/v2\/posts\/55813","targetHints":{"allow":["GET"]}}],"collection":[{"href":"https:\/\/www.africa-press.net\/senegal\/wp-json\/wp\/v2\/posts"}],"about":[{"href":"https:\/\/www.africa-press.net\/senegal\/wp-json\/wp\/v2\/types\/post"}],"author":[{"embeddable":true,"href":"https:\/\/www.africa-press.net\/senegal\/wp-json\/wp\/v2\/users\/82"}],"replies":[{"embeddable":true,"href":"https:\/\/www.africa-press.net\/senegal\/wp-json\/wp\/v2\/comments?post=55813"}],"version-history":[{"count":0,"href":"https:\/\/www.africa-press.net\/senegal\/wp-json\/wp\/v2\/posts\/55813\/revisions"}],"wp:featuredmedia":[{"embeddable":true,"href":"https:\/\/www.africa-press.net\/senegal\/wp-json\/wp\/v2\/media\/55812"}],"wp:attachment":[{"href":"https:\/\/www.africa-press.net\/senegal\/wp-json\/wp\/v2\/media?parent=55813"}],"wp:term":[{"taxonomy":"category","embeddable":true,"href":"https:\/\/www.africa-press.net\/senegal\/wp-json\/wp\/v2\/categories?post=55813"},{"taxonomy":"post_tag","embeddable":true,"href":"https:\/\/www.africa-press.net\/senegal\/wp-json\/wp\/v2\/tags?post=55813"}],"curies":[{"name":"wp","href":"https:\/\/api.w.org\/{rel}","templated":true}]}}