{"id":55833,"date":"2024-02-15T21:46:26","date_gmt":"2024-02-15T21:46:26","guid":{"rendered":"https:\/\/www.africa-press.net\/senegal\/politique\/au-senegal-le-conseil-constitutionnel-invalide-le-report-de-la-presidentielle"},"modified":"2024-02-15T23:46:58","modified_gmt":"2024-02-15T23:46:58","slug":"au-senegal-le-conseil-constitutionnel-invalide-le-report-de-la-presidentielle","status":"publish","type":"post","link":"https:\/\/www.africa-press.net\/senegal\/politique\/au-senegal-le-conseil-constitutionnel-invalide-le-report-de-la-presidentielle","title":{"rendered":"Au S\u00e9n\u00e9gal, le Conseil constitutionnel invalide le report de la pr\u00e9sidentielle"},"content":{"rendered":"<p><span style=\"color: #ff6600\"><strong>Africa-Press &#8211; Senegal. <\/strong><\/span>Le Conseil constitutionnel a juge\u0301 jeudi que le texte de loi adopte\u0301 par le Parlement pour reporter l&rsquo;e\u0301lection pre\u0301sidentielle au Se\u0301ne\u0301gal viole la Constitution et doit e\u0302tre annule\u0301. Le report pre\u0301vu du scrutin du 25 fe\u0301vrier au 15 de\u0301cembre, vote\u0301 par l&rsquo;Assemble\u0301e nationale, a provoque\u0301 une onde de choc dans le pays et de violentes manifestations.<\/p>\n<p>Au Se\u0301ne\u0301gal, le Conseil constitutionnel a rendu son verdict. L&rsquo;instance a juge\u0301 jeudi 15 fe\u0301vrier que le texte de loi adopte\u0301 par le Parlement pour reporter l&rsquo;e\u0301lection pre\u0301sidentielle, qui devait initialement se tenir le 25 fe\u0301vrier, viole la Constitution et doit e\u0302tre annule\u0301.<\/p>\n<p>Le Conseil constitutionnelle a par ailleurs annule\u0301 le de\u0301cret du pre\u0301sident Sall qui, trois semaines seulement avant l&rsquo;e\u0301che\u0301ance, modifiait de facto le calendrier e\u0301lectoral.<\/p>\n<p>L&rsquo;annulation du processus e\u0301lectoral par le pre\u0301sident Macky Sall, puis son report au 15 de\u0301cembre par l&rsquo;Assemble\u0301e nationale, a suscite\u0301 une onde de choc dans le pays. Cette annonce a provoque\u0301 la cole\u0300re de nombreux Se\u0301ne\u0301galais, qui ont de\u0301nonce\u0301 une violation de la constitution permettant au pre\u0301sident de se maintenir au pouvoir.<\/p>\n<p>Vendredi, le pays a connu sa plus intense journe\u0301e de manifestations contre le report de la pre\u0301sidentielle. Des violences ont e\u0301clate\u0301 dans plusieurs re\u0301gions du pays, faisant trois morts. Des nouveaux appels a\u0300 manifester ont e\u0301te\u0301 lance\u0301s pour vendredi. Une marche organise\u0301e par un collectif de la socie\u0301te\u0301 civile est aussi pre\u0301vue samedi.<\/p>\n<p>Le report de l&rsquo;e\u0301lection e\u0301tait intervenu apre\u0300s l&rsquo;ouverture d&rsquo;une enque\u0302te parlementaire pour faire la lumie\u0300re sur les conditions d&rsquo;e\u0301limination de certains candidats. A\u0300 l&rsquo;origine de cette de\u0301marche, les soutiens de Karim Wade \u2013 dont la candidature a e\u0301te\u0301 invalide\u0301e car il posse\u0301dait la nationalite\u0301 franc\u0327aise \u2013, disaient suspecter deux juges du Conseil constitutionnel de corruption.<\/p>\n<p>En paralle\u0300le, une autre candidate, Rose Wardini, dont la candidature a e\u0301te\u0301 valide\u0301e par le Conseil constitutionnel, avait e\u0301te\u0301 place\u0301 en garde a\u0300 vue pour \u00ab\u00a0faux et usage de faux et escroquerie au jugement\u00a0\u00bb, suspecte\u0301e d&rsquo;avoir elle aussi la double nationalite\u0301 franco-se\u0301ne\u0301galaise.<\/p>\n<p>Le pre\u0301sident Macky Sall avait juge\u0301 ces e\u0301le\u0301ments suffisamment graves pour interrompre la tenue de l&rsquo;e\u0301lection. \u00ab\u00a0Ces conditions troubles pourraient gravement nuire a\u0300 la cre\u0301dibilite\u0301 du scrutin en instaurant les germes d&rsquo;un contentieux pre\u0301 et post-e\u0301lectoral\u00a0\u00bb.<\/p>\n<p>En re\u0301action, l&rsquo;opposition avait fustige\u0301 une man\u0153uvre destine\u0301e a\u0300 torpiller la pre\u0301sidentielle et e\u0301viter la de\u0301faite du candidat de la majorite\u0301, Amadou Ba, conteste\u0301 dans son propre camp.<\/p>\n<p><b>Libe\u0301ration d&rsquo;opposants<\/b><\/p>\n<p>Jeudi, plusieurs opposants de\u0301tenus ont e\u0301te\u0301 libe\u0301re\u0301s, alors que le pre\u0301sident fait face a\u0300 la pression d&rsquo;importants partenaires internationaux, de l&rsquo;opposition et de la socie\u0301te\u0301 civile, critiques du report de l&rsquo;e\u0301lection.<\/p>\n<p>\u00ab\u00a0La plupart de mes clients dans les dossiers monte\u0301s pour des conside\u0301rations politiques sont libe\u0301re\u0301s\u00a0\u00bb, a indique\u0301 a\u0300 l&rsquo;AFP Me Cheikh Koureissy Ba\u0302, assurant que cette situation concernait plusieurs dizaines de de\u0301tenus.<\/p>\n<p>Sur une liste de plusieurs d&rsquo;entre eux donne\u0301e a\u0300 l&rsquo;AFP par Me Moussa Sarr figurent notamment Aliou Sane\u0301, coordinateur du mouvement citoyen \u00ab\u00a0Y&rsquo;en a marre\u00a0\u00bb, Djamil Sane\u0301, maire d&rsquo;une commune de Dakar, et plusieurs membres de l&rsquo;ex-parti d&rsquo;opposition Pastef de la figure de l&rsquo;opposition, Ousmane Sonko.<\/p>\n<p>\u00ab\u00a0La pression internationale fait que le pre\u0301sident Macky Sall ordonne des libe\u0301rations\u00a0\u00bb, a commente\u0301 pour l&rsquo;AFP Souleymane Djim, membre du Collectif des familles de de\u0301tenus politiques, qui confirme e\u0301galement que des libe\u0301rations sont en cours.<\/p>\n<p>L&rsquo;un des principaux candidats annonce\u0301s a\u0300 la pre\u0301sidentielle de 2024, Ousmane Sonko, mais aussi son second a\u0300 la te\u0302te du parti Pastef dissous, Bassirou Diomaye Faye, sont de\u0301tenus depuis 2023. Aucune information ne fait e\u0301tat pour l&rsquo;heure de leur e\u0301ventuelle libe\u0301ration.<\/p>\n<p>Depuis le de\u0301but de la semaine, le monde politique bruissait de la possibilite\u0301 d&rsquo;une amnistie susceptible d&rsquo;e\u0302tre discute\u0301e en conseil des ministres, mais aucune annonce allant en ce sens n&rsquo;a e\u0301te\u0301 faite.<\/p>\n<p>L&rsquo;annonce par le pre\u0301sident Macky Sall du report de la pre\u0301sidentielle a\u0300 trois semaines de l&rsquo;e\u0301che\u0301ance a provoque\u0301 une leve\u0301e de boucliers dans ce pays re\u0301pute\u0301 pour sa stabilite\u0301 dans une re\u0301gion touche\u0301e par la multiplication des coups d&rsquo;E\u0301tat.<\/p>\n<p>Plusieurs centaines de membres de l&rsquo;opposition, plus d&rsquo;un millier selon certaines organisations de de\u0301fense des droits humains, ont e\u0301te\u0301 arre\u0302te\u0301s depuis 2021 et la lutte de pouvoir qui oppose Ousmane Sonko, mis en cause dans plusieurs proce\u0301dures judiciaires, et le pre\u0301sident Macky Sall.<\/p>\n<p><strong>Pour plus d&rsquo;informations et d&rsquo;analyses sur la <a href=\"https:\/\/www.africa-press.net\/senegal\">Senegal<\/a>, suivez <a href=\"https:\/\/www.africa-press.net\/\">Africa-Press<\/a><\/strong><\/p>\n","protected":false},"excerpt":{"rendered":"<p>Africa-Press &#8211; Senegal. Le Conseil constitutionnel a juge\u0301 jeudi que le texte de loi adopte\u0301 par le Parlement pour reporter l&rsquo;e\u0301lection pre\u0301sidentielle au Se\u0301ne\u0301gal viole la Constitution et doit e\u0302tre annule\u0301. Le report pre\u0301vu du scrutin du 25 fe\u0301vrier au 15 de\u0301cembre, vote\u0301 par l&rsquo;Assemble\u0301e nationale, a provoque\u0301 une onde de choc dans le pays [&hellip;]<\/p>\n","protected":false},"author":82,"featured_media":55832,"comment_status":"open","ping_status":"closed","sticky":false,"template":"","format":"standard","meta":{"footnotes":""},"categories":[2,49,20,10],"tags":[43,47,44],"class_list":["post-55833","post","type-post","status-publish","format-standard","has-post-thumbnail","hentry","category-politique","category-to-homepage","category-top-nouvelles","category-toutes-les-actualites","tag-africa-press-2","tag-africa-press-senegal","tag-senegal-2"],"yoast_head":"<!-- This site is optimized with the Yoast SEO Premium plugin v26.1 (Yoast SEO v27.0) - https:\/\/yoast.com\/product\/yoast-seo-premium-wordpress\/ -->\n<title>Au S\u00e9n\u00e9gal, le Conseil constitutionnel invalide le report de la pr\u00e9sidentielle - Senegal<\/title>\n<meta name=\"description\" content=\"Le Conseil constitutionnel a juge\u0301 jeudi que le texte de loi adopte\u0301 par le Parlement pour reporter l&#039;e\u0301lection pre\u0301side ...\" \/>\n<meta name=\"robots\" content=\"index, follow, max-snippet:-1, max-image-preview:large, max-video-preview:-1\" \/>\n<link rel=\"canonical\" href=\"https:\/\/www.africa-press.net\/senegal\/politique\/au-senegal-le-conseil-constitutionnel-invalide-le-report-de-la-presidentielle\" \/>\n<meta property=\"og:locale\" content=\"fr_FR\" \/>\n<meta property=\"og:type\" content=\"article\" \/>\n<meta property=\"og:title\" content=\"Au S\u00e9n\u00e9gal, le Conseil constitutionnel invalide le report de la pr\u00e9sidentielle\" \/>\n<meta property=\"og:description\" content=\"Le Conseil constitutionnel a juge\u0301 jeudi que le texte de loi adopte\u0301 par le Parlement pour reporter l&#039;e\u0301lection pre\u0301side ...\" \/>\n<meta property=\"og:url\" content=\"https:\/\/www.africa-press.net\/senegal\/politique\/au-senegal-le-conseil-constitutionnel-invalide-le-report-de-la-presidentielle\" \/>\n<meta property=\"og:site_name\" content=\"Senegal\" \/>\n<meta property=\"article:published_time\" content=\"2024-02-15T21:46:26+00:00\" \/>\n<meta property=\"article:modified_time\" content=\"2024-02-15T23:46:58+00:00\" \/>\n<meta property=\"og:image\" content=\"https:\/\/static.africa-press.net\/senegal\/sites\/13\/2024\/02\/sm_1708024527.847549.jpg\" \/>\n\t<meta property=\"og:image:width\" content=\"1069\" \/>\n\t<meta property=\"og:image:height\" content=\"600\" \/>\n\t<meta property=\"og:image:type\" content=\"image\/jpeg\" \/>\n<meta name=\"author\" content=\"cfeditorfr\" \/>\n<meta name=\"twitter:card\" content=\"summary_large_image\" \/>\n<meta name=\"twitter:label1\" content=\"\u00c9crit par\" \/>\n\t<meta name=\"twitter:data1\" content=\"cfeditorfr\" \/>\n\t<meta name=\"twitter:label2\" content=\"Dur\u00e9e de lecture estim\u00e9e\" \/>\n\t<meta name=\"twitter:data2\" content=\"4 minutes\" \/>\n<script type=\"application\/ld+json\" class=\"yoast-schema-graph\">{\"@context\":\"https:\/\/schema.org\",\"@graph\":[{\"@type\":\"Article\",\"@id\":\"https:\/\/www.africa-press.net\/senegal\/politique\/au-senegal-le-conseil-constitutionnel-invalide-le-report-de-la-presidentielle#article\",\"isPartOf\":{\"@id\":\"https:\/\/www.africa-press.net\/senegal\/politique\/au-senegal-le-conseil-constitutionnel-invalide-le-report-de-la-presidentielle\"},\"author\":{\"name\":\"cfeditorfr\",\"@id\":\"https:\/\/www.africa-press.net\/senegal\/#\/schema\/person\/2b1cf3cd81a31e3cd26889ca66d677f1\"},\"headline\":\"Au S\u00e9n\u00e9gal, le Conseil constitutionnel invalide le report de la pr\u00e9sidentielle\",\"datePublished\":\"2024-02-15T21:46:26+00:00\",\"dateModified\":\"2024-02-15T23:46:58+00:00\",\"mainEntityOfPage\":{\"@id\":\"https:\/\/www.africa-press.net\/senegal\/politique\/au-senegal-le-conseil-constitutionnel-invalide-le-report-de-la-presidentielle\"},\"wordCount\":862,\"commentCount\":0,\"image\":{\"@id\":\"https:\/\/www.africa-press.net\/senegal\/politique\/au-senegal-le-conseil-constitutionnel-invalide-le-report-de-la-presidentielle#primaryimage\"},\"thumbnailUrl\":\"https:\/\/static.africa-press.net\/senegal\/sites\/13\/2024\/02\/sm_1708024527.847549.jpg\",\"keywords\":[\"Africa Press\",\"Africa Press-Senegal\",\"Senegal\"],\"articleSection\":[\"Politique\",\"to-homepage\",\"Top Nouvelles\",\"Toutes les actualit\u00e9s\"],\"inLanguage\":\"fr-FR\",\"potentialAction\":[{\"@type\":\"CommentAction\",\"name\":\"Comment\",\"target\":[\"https:\/\/www.africa-press.net\/senegal\/politique\/au-senegal-le-conseil-constitutionnel-invalide-le-report-de-la-presidentielle#respond\"]}]},{\"@type\":\"WebPage\",\"@id\":\"https:\/\/www.africa-press.net\/senegal\/politique\/au-senegal-le-conseil-constitutionnel-invalide-le-report-de-la-presidentielle\",\"url\":\"https:\/\/www.africa-press.net\/senegal\/politique\/au-senegal-le-conseil-constitutionnel-invalide-le-report-de-la-presidentielle\",\"name\":\"Au S\u00e9n\u00e9gal, le Conseil constitutionnel invalide le report de la pr\u00e9sidentielle - Senegal\",\"isPartOf\":{\"@id\":\"https:\/\/www.africa-press.net\/senegal\/#website\"},\"primaryImageOfPage\":{\"@id\":\"https:\/\/www.africa-press.net\/senegal\/politique\/au-senegal-le-conseil-constitutionnel-invalide-le-report-de-la-presidentielle#primaryimage\"},\"image\":{\"@id\":\"https:\/\/www.africa-press.net\/senegal\/politique\/au-senegal-le-conseil-constitutionnel-invalide-le-report-de-la-presidentielle#primaryimage\"},\"thumbnailUrl\":\"https:\/\/static.africa-press.net\/senegal\/sites\/13\/2024\/02\/sm_1708024527.847549.jpg\",\"datePublished\":\"2024-02-15T21:46:26+00:00\",\"dateModified\":\"2024-02-15T23:46:58+00:00\",\"author\":{\"@id\":\"https:\/\/www.africa-press.net\/senegal\/#\/schema\/person\/2b1cf3cd81a31e3cd26889ca66d677f1\"},\"description\":\"Le Conseil constitutionnel a juge\u0301 jeudi que le texte de loi adopte\u0301 par le Parlement pour reporter l'e\u0301lection pre\u0301side ...\",\"breadcrumb\":{\"@id\":\"https:\/\/www.africa-press.net\/senegal\/politique\/au-senegal-le-conseil-constitutionnel-invalide-le-report-de-la-presidentielle#breadcrumb\"},\"inLanguage\":\"fr-FR\",\"potentialAction\":[{\"@type\":\"ReadAction\",\"target\":[\"https:\/\/www.africa-press.net\/senegal\/politique\/au-senegal-le-conseil-constitutionnel-invalide-le-report-de-la-presidentielle\"]}]},{\"@type\":\"ImageObject\",\"inLanguage\":\"fr-FR\",\"@id\":\"https:\/\/www.africa-press.net\/senegal\/politique\/au-senegal-le-conseil-constitutionnel-invalide-le-report-de-la-presidentielle#primaryimage\",\"url\":\"https:\/\/static.africa-press.net\/senegal\/sites\/13\/2024\/02\/sm_1708024527.847549.jpg\",\"contentUrl\":\"https:\/\/static.africa-press.net\/senegal\/sites\/13\/2024\/02\/sm_1708024527.847549.jpg\",\"width\":1069,\"height\":600,\"caption\":\"Au S\u00e9n\u00e9gal, le Conseil constitutionnel invalide le report de la pr\u00e9sidentielle\"},{\"@type\":\"BreadcrumbList\",\"@id\":\"https:\/\/www.africa-press.net\/senegal\/politique\/au-senegal-le-conseil-constitutionnel-invalide-le-report-de-la-presidentielle#breadcrumb\",\"itemListElement\":[{\"@type\":\"ListItem\",\"position\":1,\"name\":\"Accueil\",\"item\":\"https:\/\/www.africa-press.net\/senegal\/\"},{\"@type\":\"ListItem\",\"position\":2,\"name\":\"Au S\u00e9n\u00e9gal, le Conseil constitutionnel invalide le report de la pr\u00e9sidentielle\"}]},{\"@type\":\"WebSite\",\"@id\":\"https:\/\/www.africa-press.net\/senegal\/#website\",\"url\":\"https:\/\/www.africa-press.net\/senegal\/\",\"name\":\"Africa Press | Senegal | Homepage\",\"description\":\"Just another Africa News Agency Sites site\",\"potentialAction\":[{\"@type\":\"SearchAction\",\"target\":{\"@type\":\"EntryPoint\",\"urlTemplate\":\"https:\/\/www.africa-press.net\/senegal\/?s={search_term_string}\"},\"query-input\":{\"@type\":\"PropertyValueSpecification\",\"valueRequired\":true,\"valueName\":\"search_term_string\"}}],\"inLanguage\":\"fr-FR\"},{\"@type\":\"Person\",\"@id\":\"https:\/\/www.africa-press.net\/senegal\/#\/schema\/person\/2b1cf3cd81a31e3cd26889ca66d677f1\",\"name\":\"cfeditorfr\",\"url\":\"https:\/\/www.africa-press.net\/senegal\/author\/cfeditorfr\"}]}<\/script>\n<!-- \/ Yoast SEO Premium plugin. -->","yoast_head_json":{"title":"Au S\u00e9n\u00e9gal, le Conseil constitutionnel invalide le report de la pr\u00e9sidentielle - Senegal","description":"Le Conseil constitutionnel a juge\u0301 jeudi que le texte de loi adopte\u0301 par le Parlement pour reporter l'e\u0301lection pre\u0301side ...","robots":{"index":"index","follow":"follow","max-snippet":"max-snippet:-1","max-image-preview":"max-image-preview:large","max-video-preview":"max-video-preview:-1"},"canonical":"https:\/\/www.africa-press.net\/senegal\/politique\/au-senegal-le-conseil-constitutionnel-invalide-le-report-de-la-presidentielle","og_locale":"fr_FR","og_type":"article","og_title":"Au S\u00e9n\u00e9gal, le Conseil constitutionnel invalide le report de la pr\u00e9sidentielle","og_description":"Le Conseil constitutionnel a juge\u0301 jeudi que le texte de loi adopte\u0301 par le Parlement pour reporter l'e\u0301lection pre\u0301side ...","og_url":"https:\/\/www.africa-press.net\/senegal\/politique\/au-senegal-le-conseil-constitutionnel-invalide-le-report-de-la-presidentielle","og_site_name":"Senegal","article_published_time":"2024-02-15T21:46:26+00:00","article_modified_time":"2024-02-15T23:46:58+00:00","og_image":[{"width":1069,"height":600,"url":"https:\/\/static.africa-press.net\/senegal\/sites\/13\/2024\/02\/sm_1708024527.847549.jpg","type":"image\/jpeg"}],"author":"cfeditorfr","twitter_card":"summary_large_image","twitter_misc":{"\u00c9crit par":"cfeditorfr","Dur\u00e9e de lecture estim\u00e9e":"4 minutes"},"schema":{"@context":"https:\/\/schema.org","@graph":[{"@type":"Article","@id":"https:\/\/www.africa-press.net\/senegal\/politique\/au-senegal-le-conseil-constitutionnel-invalide-le-report-de-la-presidentielle#article","isPartOf":{"@id":"https:\/\/www.africa-press.net\/senegal\/politique\/au-senegal-le-conseil-constitutionnel-invalide-le-report-de-la-presidentielle"},"author":{"name":"cfeditorfr","@id":"https:\/\/www.africa-press.net\/senegal\/#\/schema\/person\/2b1cf3cd81a31e3cd26889ca66d677f1"},"headline":"Au S\u00e9n\u00e9gal, le Conseil constitutionnel invalide le report de la pr\u00e9sidentielle","datePublished":"2024-02-15T21:46:26+00:00","dateModified":"2024-02-15T23:46:58+00:00","mainEntityOfPage":{"@id":"https:\/\/www.africa-press.net\/senegal\/politique\/au-senegal-le-conseil-constitutionnel-invalide-le-report-de-la-presidentielle"},"wordCount":862,"commentCount":0,"image":{"@id":"https:\/\/www.africa-press.net\/senegal\/politique\/au-senegal-le-conseil-constitutionnel-invalide-le-report-de-la-presidentielle#primaryimage"},"thumbnailUrl":"https:\/\/static.africa-press.net\/senegal\/sites\/13\/2024\/02\/sm_1708024527.847549.jpg","keywords":["Africa Press","Africa Press-Senegal","Senegal"],"articleSection":["Politique","to-homepage","Top Nouvelles","Toutes les actualit\u00e9s"],"inLanguage":"fr-FR","potentialAction":[{"@type":"CommentAction","name":"Comment","target":["https:\/\/www.africa-press.net\/senegal\/politique\/au-senegal-le-conseil-constitutionnel-invalide-le-report-de-la-presidentielle#respond"]}]},{"@type":"WebPage","@id":"https:\/\/www.africa-press.net\/senegal\/politique\/au-senegal-le-conseil-constitutionnel-invalide-le-report-de-la-presidentielle","url":"https:\/\/www.africa-press.net\/senegal\/politique\/au-senegal-le-conseil-constitutionnel-invalide-le-report-de-la-presidentielle","name":"Au S\u00e9n\u00e9gal, le Conseil constitutionnel invalide le report de la pr\u00e9sidentielle - Senegal","isPartOf":{"@id":"https:\/\/www.africa-press.net\/senegal\/#website"},"primaryImageOfPage":{"@id":"https:\/\/www.africa-press.net\/senegal\/politique\/au-senegal-le-conseil-constitutionnel-invalide-le-report-de-la-presidentielle#primaryimage"},"image":{"@id":"https:\/\/www.africa-press.net\/senegal\/politique\/au-senegal-le-conseil-constitutionnel-invalide-le-report-de-la-presidentielle#primaryimage"},"thumbnailUrl":"https:\/\/static.africa-press.net\/senegal\/sites\/13\/2024\/02\/sm_1708024527.847549.jpg","datePublished":"2024-02-15T21:46:26+00:00","dateModified":"2024-02-15T23:46:58+00:00","author":{"@id":"https:\/\/www.africa-press.net\/senegal\/#\/schema\/person\/2b1cf3cd81a31e3cd26889ca66d677f1"},"description":"Le Conseil constitutionnel a juge\u0301 jeudi que le texte de loi adopte\u0301 par le Parlement pour reporter l'e\u0301lection pre\u0301side ...","breadcrumb":{"@id":"https:\/\/www.africa-press.net\/senegal\/politique\/au-senegal-le-conseil-constitutionnel-invalide-le-report-de-la-presidentielle#breadcrumb"},"inLanguage":"fr-FR","potentialAction":[{"@type":"ReadAction","target":["https:\/\/www.africa-press.net\/senegal\/politique\/au-senegal-le-conseil-constitutionnel-invalide-le-report-de-la-presidentielle"]}]},{"@type":"ImageObject","inLanguage":"fr-FR","@id":"https:\/\/www.africa-press.net\/senegal\/politique\/au-senegal-le-conseil-constitutionnel-invalide-le-report-de-la-presidentielle#primaryimage","url":"https:\/\/static.africa-press.net\/senegal\/sites\/13\/2024\/02\/sm_1708024527.847549.jpg","contentUrl":"https:\/\/static.africa-press.net\/senegal\/sites\/13\/2024\/02\/sm_1708024527.847549.jpg","width":1069,"height":600,"caption":"Au S\u00e9n\u00e9gal, le Conseil constitutionnel invalide le report de la pr\u00e9sidentielle"},{"@type":"BreadcrumbList","@id":"https:\/\/www.africa-press.net\/senegal\/politique\/au-senegal-le-conseil-constitutionnel-invalide-le-report-de-la-presidentielle#breadcrumb","itemListElement":[{"@type":"ListItem","position":1,"name":"Accueil","item":"https:\/\/www.africa-press.net\/senegal\/"},{"@type":"ListItem","position":2,"name":"Au S\u00e9n\u00e9gal, le Conseil constitutionnel invalide le report de la pr\u00e9sidentielle"}]},{"@type":"WebSite","@id":"https:\/\/www.africa-press.net\/senegal\/#website","url":"https:\/\/www.africa-press.net\/senegal\/","name":"Africa Press | Senegal | Homepage","description":"Just another Africa News Agency Sites site","potentialAction":[{"@type":"SearchAction","target":{"@type":"EntryPoint","urlTemplate":"https:\/\/www.africa-press.net\/senegal\/?s={search_term_string}"},"query-input":{"@type":"PropertyValueSpecification","valueRequired":true,"valueName":"search_term_string"}}],"inLanguage":"fr-FR"},{"@type":"Person","@id":"https:\/\/www.africa-press.net\/senegal\/#\/schema\/person\/2b1cf3cd81a31e3cd26889ca66d677f1","name":"cfeditorfr","url":"https:\/\/www.africa-press.net\/senegal\/author\/cfeditorfr"}]}},"_links":{"self":[{"href":"https:\/\/www.africa-press.net\/senegal\/wp-json\/wp\/v2\/posts\/55833","targetHints":{"allow":["GET"]}}],"collection":[{"href":"https:\/\/www.africa-press.net\/senegal\/wp-json\/wp\/v2\/posts"}],"about":[{"href":"https:\/\/www.africa-press.net\/senegal\/wp-json\/wp\/v2\/types\/post"}],"author":[{"embeddable":true,"href":"https:\/\/www.africa-press.net\/senegal\/wp-json\/wp\/v2\/users\/82"}],"replies":[{"embeddable":true,"href":"https:\/\/www.africa-press.net\/senegal\/wp-json\/wp\/v2\/comments?post=55833"}],"version-history":[{"count":0,"href":"https:\/\/www.africa-press.net\/senegal\/wp-json\/wp\/v2\/posts\/55833\/revisions"}],"wp:featuredmedia":[{"embeddable":true,"href":"https:\/\/www.africa-press.net\/senegal\/wp-json\/wp\/v2\/media\/55832"}],"wp:attachment":[{"href":"https:\/\/www.africa-press.net\/senegal\/wp-json\/wp\/v2\/media?parent=55833"}],"wp:term":[{"taxonomy":"category","embeddable":true,"href":"https:\/\/www.africa-press.net\/senegal\/wp-json\/wp\/v2\/categories?post=55833"},{"taxonomy":"post_tag","embeddable":true,"href":"https:\/\/www.africa-press.net\/senegal\/wp-json\/wp\/v2\/tags?post=55833"}],"curies":[{"name":"wp","href":"https:\/\/api.w.org\/{rel}","templated":true}]}}