{"id":55835,"date":"2024-02-15T21:00:16","date_gmt":"2024-02-15T21:00:16","guid":{"rendered":"https:\/\/www.africa-press.net\/senegal\/politique\/au-senegal-le-conseil-constitutionnel-soppose-au-report-de-la-presidentielle"},"modified":"2024-02-15T23:47:19","modified_gmt":"2024-02-15T23:47:19","slug":"au-senegal-le-conseil-constitutionnel-soppose-au-report-de-la-presidentielle","status":"publish","type":"post","link":"https:\/\/www.africa-press.net\/senegal\/politique\/au-senegal-le-conseil-constitutionnel-soppose-au-report-de-la-presidentielle","title":{"rendered":"Au S\u00e9n\u00e9gal, le Conseil constitutionnel s\u2019oppose au report de la pr\u00e9sidentielle"},"content":{"rendered":"<p><span style=\"color: #ff6600\"><strong>Africa-Press &#8211; Senegal. <\/strong><\/span>Les Sages ont juge\u0301 contraire a\u0300 la Constitution la loi reportant au 15 de\u0301cembre la pre\u0301sidentielle initialement pre\u0301vue le 25 fe\u0301vrier.<\/p>\n<p>Le Conseil constitutionnel vient de prendre, ce jeudi 15 fe\u0301vrier, une de\u0301cision dont la teneur marque un cinglant de\u0301saveu a\u0300 l\u2019e\u0301gard de l\u2019Assemble\u0301e nationale ainsi que du chef de l\u2019E\u0301tat.<\/p>\n<p>Dans son arre\u0302t, le Conseil constitutionnel a en effet rejete\u0301 les deux textes fondant le report de l\u2019e\u0301lection pre\u0301sidentielle au 15 de\u0301cembre 2024. D\u2019un co\u0302te\u0301, \u00ab le de\u0301cret n\u00b0 2024-106 du 3 fe\u0301vrier 2024, portant abrogation du de\u0301cret convoquant le corps e\u0301lectoral pour l\u2019e\u0301lection pre\u0301sidentielle du 25 fe\u0301vrier 2024, est annule\u0301 \u00bb. De l\u2019autre, \u00ab la loi portant de\u0301rogation aux dispositions de l\u2019article 31 de la Constitution, adopte\u0301e sous le n\u00b0 4\/2024 par l\u2019Assemble\u0301e nationale, en sa se\u0301ance du 5 fe\u0301vrier 2024, est [juge\u0301] contraire a\u0300 la Constitution \u00bb.<\/p>\n<p><b>Tenue de l\u2019e\u0301lection \u00ab dans les meilleurs de\u0301lais \u00bb<\/b><\/p>\n<p>Dans l\u2019un de ses conside\u0301rants, le Conseil constitutionnel, \u00ab constatant l\u2019impossibilite\u0301 d\u2019organiser l\u2019e\u0301lection pre\u0301sidentielle a\u0300 la date initialement pre\u0301vue, invite les autorite\u0301s compe\u0301tentes a\u0300 la tenir dans les meilleurs de\u0301lais \u00bb. Une situation de flou juridique qui tend a\u0300 indiquer que le feuilleton relatif a\u0300 cette pre\u0301sidentielle est loin d\u2019e\u0302tre acheve\u0301.<\/p>\n<p>Pour fonder leur de\u0301cision, six des sept \u00ab Sages \u00bb se sont notamment base\u0301s sur la non conformite\u0301 de la loi constitutionnelle re\u0301cemment adopte\u0301e par l\u2019Assemble\u0301e nationale aux articles 27 et 103 de la Constitution, qui de\u0301finissent, pour le premier, la dure\u0301e du mandat pre\u0301sidentiel et, pour le second, l\u2019impossibilite\u0301 de re\u0301viser la dure\u0301e et le nombre de mandats conse\u0301cutifs du pre\u0301sident de la Re\u0301publique. Le Conseil constitutionnel donne donc raison aux 56 de\u0301pute\u0301s et aux sept candidats a\u0300 l\u2019origine de la reque\u0302te.<\/p>\n<p><b>De\u0301cision historique<\/b><\/p>\n<p>\u00ab Conside\u0301rant que la juridiction constitutionnelle a de\u0301ja\u0300 de\u0301cide\u0301, d\u2019une part, que la dure\u0301e du mandat du pre\u0301sident de la Re\u0301publique ne peut e\u0302tre re\u0301duite ou allonge\u0301e au gre\u0301 des circonstances politiques, quel que soit l\u2019objectif poursuivi ; que le mandat du pre\u0301sident de la Re\u0301publique ne peut e\u0302tre proroge\u0301 en vertu des dispositions de l\u2019article 103 pre\u0301cite\u0301 ; que la date de l\u2019e\u0301lection ne peut e\u0302tre reporte\u0301e au-dela\u0300 de la dure\u0301e du mandat ; que, d\u2019autre part, la loi attaque\u0301e introduit dans la Constitution des dispositions dont le caracte\u0300re temporaire et personnel est incompatible avec le caracte\u0300re permanent et ge\u0301ne\u0301ral d\u2019une disposition constitutionnelle \u00bb, les \u00ab Sages \u00bb de\u0301cident donc de censurer la nouvelle loi adopte\u0301e par les de\u0301pute\u0301s.<\/p>\n<p>Quant au de\u0301cret du 3 fe\u0301vrier 2024 portant abrogation d\u2019un pre\u0301ce\u0301dent de\u0301cret convoquant le corps e\u0301lectoral, il est lui aussi abroge\u0301.<\/p>\n<p>Cette de\u0301cision, historique dans la mesure ou\u0300 la jurisprudence du Conseil constitutionnel l\u2019avait jusque-la\u0300 conduit a\u0300 se de\u0301clarer incompe\u0301tent pour censurer une loi adopte\u0301e par l\u2019Assemble\u0301e nationale a\u0300 la majorite\u0301 des 3\/5e, donc en tant que \u00ab constituant de\u0301rive\u0301 \u00bb, plonge donc le Se\u0301ne\u0301gal dans une phase de profonde incertitude institutionnelle et politique.<\/p>\n<p><strong>Pour plus d&rsquo;informations et d&rsquo;analyses sur la <a href=\"https:\/\/www.africa-press.net\/senegal\">Senegal<\/a>, suivez <a href=\"https:\/\/www.africa-press.net\/\">Africa-Press<\/a><\/strong><\/p>\n","protected":false},"excerpt":{"rendered":"<p>Africa-Press &#8211; Senegal. Les Sages ont juge\u0301 contraire a\u0300 la Constitution la loi reportant au 15 de\u0301cembre la pre\u0301sidentielle initialement pre\u0301vue le 25 fe\u0301vrier. Le Conseil constitutionnel vient de prendre, ce jeudi 15 fe\u0301vrier, une de\u0301cision dont la teneur marque un cinglant de\u0301saveu a\u0300 l\u2019e\u0301gard de l\u2019Assemble\u0301e nationale ainsi que du chef de l\u2019E\u0301tat. Dans [&hellip;]<\/p>\n","protected":false},"author":82,"featured_media":55834,"comment_status":"open","ping_status":"closed","sticky":false,"template":"","format":"standard","meta":{"footnotes":""},"categories":[2,20,10],"tags":[43,47,44],"class_list":["post-55835","post","type-post","status-publish","format-standard","has-post-thumbnail","hentry","category-politique","category-top-nouvelles","category-toutes-les-actualites","tag-africa-press-2","tag-africa-press-senegal","tag-senegal-2"],"yoast_head":"<!-- This site is optimized with the Yoast SEO Premium plugin v26.1 (Yoast SEO v27.0) - https:\/\/yoast.com\/product\/yoast-seo-premium-wordpress\/ -->\n<title>Au S\u00e9n\u00e9gal, le Conseil constitutionnel s\u2019oppose au report de la pr\u00e9sidentielle - Senegal<\/title>\n<meta name=\"description\" content=\"Les Sages ont juge\u0301 contraire a\u0300 la Constitution la loi reportant au 15 de\u0301cembre la pre\u0301sidentielle initialement pre\u0301vu ...\" \/>\n<meta name=\"robots\" content=\"index, follow, max-snippet:-1, max-image-preview:large, max-video-preview:-1\" \/>\n<link rel=\"canonical\" href=\"https:\/\/www.africa-press.net\/senegal\/politique\/au-senegal-le-conseil-constitutionnel-soppose-au-report-de-la-presidentielle\" \/>\n<meta property=\"og:locale\" content=\"fr_FR\" \/>\n<meta property=\"og:type\" content=\"article\" \/>\n<meta property=\"og:title\" content=\"Au S\u00e9n\u00e9gal, le Conseil constitutionnel s\u2019oppose au report de la pr\u00e9sidentielle\" \/>\n<meta property=\"og:description\" content=\"Les Sages ont juge\u0301 contraire a\u0300 la Constitution la loi reportant au 15 de\u0301cembre la pre\u0301sidentielle initialement pre\u0301vu ...\" \/>\n<meta property=\"og:url\" content=\"https:\/\/www.africa-press.net\/senegal\/politique\/au-senegal-le-conseil-constitutionnel-soppose-au-report-de-la-presidentielle\" \/>\n<meta property=\"og:site_name\" content=\"Senegal\" \/>\n<meta property=\"article:published_time\" content=\"2024-02-15T21:00:16+00:00\" \/>\n<meta property=\"article:modified_time\" content=\"2024-02-15T23:47:19+00:00\" \/>\n<meta property=\"og:image\" content=\"https:\/\/static.africa-press.net\/senegal\/sites\/13\/2024\/02\/sm_1708024546.393246.jpg\" \/>\n\t<meta property=\"og:image:width\" content=\"1215\" \/>\n\t<meta property=\"og:image:height\" content=\"689\" \/>\n\t<meta property=\"og:image:type\" content=\"image\/jpeg\" \/>\n<meta name=\"author\" content=\"cfeditorfr\" \/>\n<meta name=\"twitter:card\" content=\"summary_large_image\" \/>\n<meta name=\"twitter:label1\" content=\"\u00c9crit par\" \/>\n\t<meta name=\"twitter:data1\" content=\"cfeditorfr\" \/>\n\t<meta name=\"twitter:label2\" content=\"Dur\u00e9e de lecture estim\u00e9e\" \/>\n\t<meta name=\"twitter:data2\" content=\"3 minutes\" \/>\n<script type=\"application\/ld+json\" class=\"yoast-schema-graph\">{\"@context\":\"https:\/\/schema.org\",\"@graph\":[{\"@type\":\"Article\",\"@id\":\"https:\/\/www.africa-press.net\/senegal\/politique\/au-senegal-le-conseil-constitutionnel-soppose-au-report-de-la-presidentielle#article\",\"isPartOf\":{\"@id\":\"https:\/\/www.africa-press.net\/senegal\/politique\/au-senegal-le-conseil-constitutionnel-soppose-au-report-de-la-presidentielle\"},\"author\":{\"name\":\"cfeditorfr\",\"@id\":\"https:\/\/www.africa-press.net\/senegal\/#\/schema\/person\/2b1cf3cd81a31e3cd26889ca66d677f1\"},\"headline\":\"Au S\u00e9n\u00e9gal, le Conseil constitutionnel s\u2019oppose au report de la pr\u00e9sidentielle\",\"datePublished\":\"2024-02-15T21:00:16+00:00\",\"dateModified\":\"2024-02-15T23:47:19+00:00\",\"mainEntityOfPage\":{\"@id\":\"https:\/\/www.africa-press.net\/senegal\/politique\/au-senegal-le-conseil-constitutionnel-soppose-au-report-de-la-presidentielle\"},\"wordCount\":593,\"commentCount\":0,\"image\":{\"@id\":\"https:\/\/www.africa-press.net\/senegal\/politique\/au-senegal-le-conseil-constitutionnel-soppose-au-report-de-la-presidentielle#primaryimage\"},\"thumbnailUrl\":\"https:\/\/static.africa-press.net\/senegal\/sites\/13\/2024\/02\/sm_1708024546.393246.jpg\",\"keywords\":[\"Africa Press\",\"Africa Press-Senegal\",\"Senegal\"],\"articleSection\":[\"Politique\",\"Top Nouvelles\",\"Toutes les actualit\u00e9s\"],\"inLanguage\":\"fr-FR\",\"potentialAction\":[{\"@type\":\"CommentAction\",\"name\":\"Comment\",\"target\":[\"https:\/\/www.africa-press.net\/senegal\/politique\/au-senegal-le-conseil-constitutionnel-soppose-au-report-de-la-presidentielle#respond\"]}]},{\"@type\":\"WebPage\",\"@id\":\"https:\/\/www.africa-press.net\/senegal\/politique\/au-senegal-le-conseil-constitutionnel-soppose-au-report-de-la-presidentielle\",\"url\":\"https:\/\/www.africa-press.net\/senegal\/politique\/au-senegal-le-conseil-constitutionnel-soppose-au-report-de-la-presidentielle\",\"name\":\"Au S\u00e9n\u00e9gal, le Conseil constitutionnel s\u2019oppose au report de la pr\u00e9sidentielle - Senegal\",\"isPartOf\":{\"@id\":\"https:\/\/www.africa-press.net\/senegal\/#website\"},\"primaryImageOfPage\":{\"@id\":\"https:\/\/www.africa-press.net\/senegal\/politique\/au-senegal-le-conseil-constitutionnel-soppose-au-report-de-la-presidentielle#primaryimage\"},\"image\":{\"@id\":\"https:\/\/www.africa-press.net\/senegal\/politique\/au-senegal-le-conseil-constitutionnel-soppose-au-report-de-la-presidentielle#primaryimage\"},\"thumbnailUrl\":\"https:\/\/static.africa-press.net\/senegal\/sites\/13\/2024\/02\/sm_1708024546.393246.jpg\",\"datePublished\":\"2024-02-15T21:00:16+00:00\",\"dateModified\":\"2024-02-15T23:47:19+00:00\",\"author\":{\"@id\":\"https:\/\/www.africa-press.net\/senegal\/#\/schema\/person\/2b1cf3cd81a31e3cd26889ca66d677f1\"},\"description\":\"Les Sages ont juge\u0301 contraire a\u0300 la Constitution la loi reportant au 15 de\u0301cembre la pre\u0301sidentielle initialement pre\u0301vu ...\",\"breadcrumb\":{\"@id\":\"https:\/\/www.africa-press.net\/senegal\/politique\/au-senegal-le-conseil-constitutionnel-soppose-au-report-de-la-presidentielle#breadcrumb\"},\"inLanguage\":\"fr-FR\",\"potentialAction\":[{\"@type\":\"ReadAction\",\"target\":[\"https:\/\/www.africa-press.net\/senegal\/politique\/au-senegal-le-conseil-constitutionnel-soppose-au-report-de-la-presidentielle\"]}]},{\"@type\":\"ImageObject\",\"inLanguage\":\"fr-FR\",\"@id\":\"https:\/\/www.africa-press.net\/senegal\/politique\/au-senegal-le-conseil-constitutionnel-soppose-au-report-de-la-presidentielle#primaryimage\",\"url\":\"https:\/\/static.africa-press.net\/senegal\/sites\/13\/2024\/02\/sm_1708024546.393246.jpg\",\"contentUrl\":\"https:\/\/static.africa-press.net\/senegal\/sites\/13\/2024\/02\/sm_1708024546.393246.jpg\",\"width\":1215,\"height\":689,\"caption\":\"Au S\u00e9n\u00e9gal, le Conseil constitutionnel s\u2019oppose au report de la pr\u00e9sidentielle\"},{\"@type\":\"BreadcrumbList\",\"@id\":\"https:\/\/www.africa-press.net\/senegal\/politique\/au-senegal-le-conseil-constitutionnel-soppose-au-report-de-la-presidentielle#breadcrumb\",\"itemListElement\":[{\"@type\":\"ListItem\",\"position\":1,\"name\":\"Accueil\",\"item\":\"https:\/\/www.africa-press.net\/senegal\/\"},{\"@type\":\"ListItem\",\"position\":2,\"name\":\"Au S\u00e9n\u00e9gal, le Conseil constitutionnel s\u2019oppose au report de la pr\u00e9sidentielle\"}]},{\"@type\":\"WebSite\",\"@id\":\"https:\/\/www.africa-press.net\/senegal\/#website\",\"url\":\"https:\/\/www.africa-press.net\/senegal\/\",\"name\":\"Africa Press | Senegal | Homepage\",\"description\":\"Just another Africa News Agency Sites site\",\"potentialAction\":[{\"@type\":\"SearchAction\",\"target\":{\"@type\":\"EntryPoint\",\"urlTemplate\":\"https:\/\/www.africa-press.net\/senegal\/?s={search_term_string}\"},\"query-input\":{\"@type\":\"PropertyValueSpecification\",\"valueRequired\":true,\"valueName\":\"search_term_string\"}}],\"inLanguage\":\"fr-FR\"},{\"@type\":\"Person\",\"@id\":\"https:\/\/www.africa-press.net\/senegal\/#\/schema\/person\/2b1cf3cd81a31e3cd26889ca66d677f1\",\"name\":\"cfeditorfr\",\"url\":\"https:\/\/www.africa-press.net\/senegal\/author\/cfeditorfr\"}]}<\/script>\n<!-- \/ Yoast SEO Premium plugin. -->","yoast_head_json":{"title":"Au S\u00e9n\u00e9gal, le Conseil constitutionnel s\u2019oppose au report de la pr\u00e9sidentielle - Senegal","description":"Les Sages ont juge\u0301 contraire a\u0300 la Constitution la loi reportant au 15 de\u0301cembre la pre\u0301sidentielle initialement pre\u0301vu ...","robots":{"index":"index","follow":"follow","max-snippet":"max-snippet:-1","max-image-preview":"max-image-preview:large","max-video-preview":"max-video-preview:-1"},"canonical":"https:\/\/www.africa-press.net\/senegal\/politique\/au-senegal-le-conseil-constitutionnel-soppose-au-report-de-la-presidentielle","og_locale":"fr_FR","og_type":"article","og_title":"Au S\u00e9n\u00e9gal, le Conseil constitutionnel s\u2019oppose au report de la pr\u00e9sidentielle","og_description":"Les Sages ont juge\u0301 contraire a\u0300 la Constitution la loi reportant au 15 de\u0301cembre la pre\u0301sidentielle initialement pre\u0301vu ...","og_url":"https:\/\/www.africa-press.net\/senegal\/politique\/au-senegal-le-conseil-constitutionnel-soppose-au-report-de-la-presidentielle","og_site_name":"Senegal","article_published_time":"2024-02-15T21:00:16+00:00","article_modified_time":"2024-02-15T23:47:19+00:00","og_image":[{"width":1215,"height":689,"url":"https:\/\/static.africa-press.net\/senegal\/sites\/13\/2024\/02\/sm_1708024546.393246.jpg","type":"image\/jpeg"}],"author":"cfeditorfr","twitter_card":"summary_large_image","twitter_misc":{"\u00c9crit par":"cfeditorfr","Dur\u00e9e de lecture estim\u00e9e":"3 minutes"},"schema":{"@context":"https:\/\/schema.org","@graph":[{"@type":"Article","@id":"https:\/\/www.africa-press.net\/senegal\/politique\/au-senegal-le-conseil-constitutionnel-soppose-au-report-de-la-presidentielle#article","isPartOf":{"@id":"https:\/\/www.africa-press.net\/senegal\/politique\/au-senegal-le-conseil-constitutionnel-soppose-au-report-de-la-presidentielle"},"author":{"name":"cfeditorfr","@id":"https:\/\/www.africa-press.net\/senegal\/#\/schema\/person\/2b1cf3cd81a31e3cd26889ca66d677f1"},"headline":"Au S\u00e9n\u00e9gal, le Conseil constitutionnel s\u2019oppose au report de la pr\u00e9sidentielle","datePublished":"2024-02-15T21:00:16+00:00","dateModified":"2024-02-15T23:47:19+00:00","mainEntityOfPage":{"@id":"https:\/\/www.africa-press.net\/senegal\/politique\/au-senegal-le-conseil-constitutionnel-soppose-au-report-de-la-presidentielle"},"wordCount":593,"commentCount":0,"image":{"@id":"https:\/\/www.africa-press.net\/senegal\/politique\/au-senegal-le-conseil-constitutionnel-soppose-au-report-de-la-presidentielle#primaryimage"},"thumbnailUrl":"https:\/\/static.africa-press.net\/senegal\/sites\/13\/2024\/02\/sm_1708024546.393246.jpg","keywords":["Africa Press","Africa Press-Senegal","Senegal"],"articleSection":["Politique","Top Nouvelles","Toutes les actualit\u00e9s"],"inLanguage":"fr-FR","potentialAction":[{"@type":"CommentAction","name":"Comment","target":["https:\/\/www.africa-press.net\/senegal\/politique\/au-senegal-le-conseil-constitutionnel-soppose-au-report-de-la-presidentielle#respond"]}]},{"@type":"WebPage","@id":"https:\/\/www.africa-press.net\/senegal\/politique\/au-senegal-le-conseil-constitutionnel-soppose-au-report-de-la-presidentielle","url":"https:\/\/www.africa-press.net\/senegal\/politique\/au-senegal-le-conseil-constitutionnel-soppose-au-report-de-la-presidentielle","name":"Au S\u00e9n\u00e9gal, le Conseil constitutionnel s\u2019oppose au report de la pr\u00e9sidentielle - Senegal","isPartOf":{"@id":"https:\/\/www.africa-press.net\/senegal\/#website"},"primaryImageOfPage":{"@id":"https:\/\/www.africa-press.net\/senegal\/politique\/au-senegal-le-conseil-constitutionnel-soppose-au-report-de-la-presidentielle#primaryimage"},"image":{"@id":"https:\/\/www.africa-press.net\/senegal\/politique\/au-senegal-le-conseil-constitutionnel-soppose-au-report-de-la-presidentielle#primaryimage"},"thumbnailUrl":"https:\/\/static.africa-press.net\/senegal\/sites\/13\/2024\/02\/sm_1708024546.393246.jpg","datePublished":"2024-02-15T21:00:16+00:00","dateModified":"2024-02-15T23:47:19+00:00","author":{"@id":"https:\/\/www.africa-press.net\/senegal\/#\/schema\/person\/2b1cf3cd81a31e3cd26889ca66d677f1"},"description":"Les Sages ont juge\u0301 contraire a\u0300 la Constitution la loi reportant au 15 de\u0301cembre la pre\u0301sidentielle initialement pre\u0301vu ...","breadcrumb":{"@id":"https:\/\/www.africa-press.net\/senegal\/politique\/au-senegal-le-conseil-constitutionnel-soppose-au-report-de-la-presidentielle#breadcrumb"},"inLanguage":"fr-FR","potentialAction":[{"@type":"ReadAction","target":["https:\/\/www.africa-press.net\/senegal\/politique\/au-senegal-le-conseil-constitutionnel-soppose-au-report-de-la-presidentielle"]}]},{"@type":"ImageObject","inLanguage":"fr-FR","@id":"https:\/\/www.africa-press.net\/senegal\/politique\/au-senegal-le-conseil-constitutionnel-soppose-au-report-de-la-presidentielle#primaryimage","url":"https:\/\/static.africa-press.net\/senegal\/sites\/13\/2024\/02\/sm_1708024546.393246.jpg","contentUrl":"https:\/\/static.africa-press.net\/senegal\/sites\/13\/2024\/02\/sm_1708024546.393246.jpg","width":1215,"height":689,"caption":"Au S\u00e9n\u00e9gal, le Conseil constitutionnel s\u2019oppose au report de la pr\u00e9sidentielle"},{"@type":"BreadcrumbList","@id":"https:\/\/www.africa-press.net\/senegal\/politique\/au-senegal-le-conseil-constitutionnel-soppose-au-report-de-la-presidentielle#breadcrumb","itemListElement":[{"@type":"ListItem","position":1,"name":"Accueil","item":"https:\/\/www.africa-press.net\/senegal\/"},{"@type":"ListItem","position":2,"name":"Au S\u00e9n\u00e9gal, le Conseil constitutionnel s\u2019oppose au report de la pr\u00e9sidentielle"}]},{"@type":"WebSite","@id":"https:\/\/www.africa-press.net\/senegal\/#website","url":"https:\/\/www.africa-press.net\/senegal\/","name":"Africa Press | Senegal | Homepage","description":"Just another Africa News Agency Sites site","potentialAction":[{"@type":"SearchAction","target":{"@type":"EntryPoint","urlTemplate":"https:\/\/www.africa-press.net\/senegal\/?s={search_term_string}"},"query-input":{"@type":"PropertyValueSpecification","valueRequired":true,"valueName":"search_term_string"}}],"inLanguage":"fr-FR"},{"@type":"Person","@id":"https:\/\/www.africa-press.net\/senegal\/#\/schema\/person\/2b1cf3cd81a31e3cd26889ca66d677f1","name":"cfeditorfr","url":"https:\/\/www.africa-press.net\/senegal\/author\/cfeditorfr"}]}},"_links":{"self":[{"href":"https:\/\/www.africa-press.net\/senegal\/wp-json\/wp\/v2\/posts\/55835","targetHints":{"allow":["GET"]}}],"collection":[{"href":"https:\/\/www.africa-press.net\/senegal\/wp-json\/wp\/v2\/posts"}],"about":[{"href":"https:\/\/www.africa-press.net\/senegal\/wp-json\/wp\/v2\/types\/post"}],"author":[{"embeddable":true,"href":"https:\/\/www.africa-press.net\/senegal\/wp-json\/wp\/v2\/users\/82"}],"replies":[{"embeddable":true,"href":"https:\/\/www.africa-press.net\/senegal\/wp-json\/wp\/v2\/comments?post=55835"}],"version-history":[{"count":0,"href":"https:\/\/www.africa-press.net\/senegal\/wp-json\/wp\/v2\/posts\/55835\/revisions"}],"wp:featuredmedia":[{"embeddable":true,"href":"https:\/\/www.africa-press.net\/senegal\/wp-json\/wp\/v2\/media\/55834"}],"wp:attachment":[{"href":"https:\/\/www.africa-press.net\/senegal\/wp-json\/wp\/v2\/media?parent=55835"}],"wp:term":[{"taxonomy":"category","embeddable":true,"href":"https:\/\/www.africa-press.net\/senegal\/wp-json\/wp\/v2\/categories?post=55835"},{"taxonomy":"post_tag","embeddable":true,"href":"https:\/\/www.africa-press.net\/senegal\/wp-json\/wp\/v2\/tags?post=55835"}],"curies":[{"name":"wp","href":"https:\/\/api.w.org\/{rel}","templated":true}]}}