{"id":55852,"date":"2024-02-17T17:43:30","date_gmt":"2024-02-17T17:43:30","guid":{"rendered":"https:\/\/www.africa-press.net\/senegal\/politique\/macky-sall-sengage-a-faire-pleinement-executer-la-decision-du-conseil-constitutionnel"},"modified":"2024-02-17T20:18:56","modified_gmt":"2024-02-17T20:18:56","slug":"macky-sall-sengage-a-faire-pleinement-executer-la-decision-du-conseil-constitutionnel","status":"publish","type":"post","link":"https:\/\/www.africa-press.net\/senegal\/politique\/macky-sall-sengage-a-faire-pleinement-executer-la-decision-du-conseil-constitutionnel","title":{"rendered":"Macky Sall s&rsquo;engage \u00e0 \u2018\u2019faire pleinement ex\u00e9cuter\u2019\u2019 la d\u00e9cision du Conseil constitutionnel"},"content":{"rendered":"<p><span style=\"color: #ff6600\"><strong>Africa-Press &#8211; Senegal. <\/strong><\/span>Le pre\u0301sident se\u0301ne\u0301galais Macky Sall s\u2019est engage\u0301, vendredi, a\u0300 faire exe\u0301cuter pleinement la de\u0301cision du Conseil constitutionnel annulant le report de la pre\u0301sidentielle du 25 fe\u0301vrier, a annonce\u0301 la pre\u0301sidence de la Re\u0301publique.<\/p>\n<p>Statuant suite a\u0300 des recours introduits par des candidats a\u0300 la pre\u0301sidentielle et des de\u0301pute\u0301s, la haute juridiction a casse\u0301 le de\u0301cret du 3 fe\u0301vrier abrogeant un pre\u0301ce\u0301dent convoquant le corps e\u0301lectoral pour le scrutin du 25 fe\u0301vrier et de\u0301clare\u0301 \u2018\u2019contraire a\u0300 la Constitution\u2019\u2019 la loi parlementaire remettant le scrutin pre\u0301sidentiel au 15 de\u0301cembre 2024.<\/p>\n<p>\u2018\u2019Le pre\u0301sident de la Re\u0301publique entend faire pleinement exe\u0301cuter la de\u0301cision du Conseil constitutionnel. A cet effet, le chef de l\u2019E\u0301tat me\u0300nera sans tarder les consultations ne\u0301cessaires pour l\u2019organisation de l\u2019e\u0301lection pre\u0301sidentielle dans les meilleurs de\u0301lais\u2019\u2019, indique un communique\u0301 de la pre\u0301sidence de la Re\u0301publique, consulte\u0301 par Anadolu.<\/p>\n<p>\u2018\u2019Le pre\u0301sident de la Re\u0301publique a pris acte de cette de\u0301cision qui s\u2019inscrit dans le cadre des me\u0301canismes juridictionnels normaux de la de\u0301mocratie et de l\u2019E\u0301tat de droit tels que consacre\u0301s par la Constitution se\u0301ne\u0301galaise\u2019\u2019, souligne le document sans toutefois pre\u0301ciser la date de de\u0301marrage des consultations devant aboutir a\u0300 la tenue du scrutin.<\/p>\n<p>Dans une adresse a\u0300 la nation le 3 fe\u0301vrier a\u0300 quelques heures du de\u0301marrage de la campagne e\u0301lectorale, le pre\u0301sident Sall avait abroge\u0301 le de\u0301cret convoquant le corps e\u0301lectoral pour la pre\u0301sidentielle du 25 fe\u0301vrier 2024, reportant de facto l\u2019e\u0301che\u0301ance e\u0301lectorale.<\/p>\n<p>Deux jours plus tard, le Parlement a valide\u0301 une loi fixant la pre\u0301sidentielle au 15 de\u0301cembre 2024 et prorogeant le mandat de Macky Sall jusqu\u2019a\u0300 l\u2019installation de son successeur.<\/p>\n<p>Des manifestations d\u2019envergure ont e\u0301clate\u0301 a\u0300 partir du 9 fe\u0301vrier dans plusieurs localite\u0301s du pays en re\u0301action au report de la pre\u0301sidentielle. Pas moins de 3 personnes ont perdu la vie lors de ces manifestations.<\/p>\n<p>La Ce\u0301de\u0301ao (Communaute\u0301 e\u0301conomique des E\u0301tats de l&rsquo;Afrique de l\u2019Ouest) ainsi que la communaute\u0301 internationale avaient exhorte\u0301 les autorite\u0301s au respect du calendrier e\u0301lectoral.<\/p>\n<p>Depuis jeudi apre\u0300s-midi plus d\u2019une centaine de de\u0301tenus issus de la socie\u0301te\u0301 civile et de l\u2019opposition (le parti Pastef de Sonko principalement) ont be\u0301ne\u0301ficie\u0301 d\u2019une liberte\u0301 provisoire. Une action s\u2019inscrivant dans la volonte\u0301 du pre\u0301sident Sall de pacifier le pays suite a\u0300 la crise ne\u0301e du report de la pre\u0301sidentielle.<\/p>\n<p>Vingt candidats sont en lice pour la pre\u0301sidentielle a\u0300 laquelle ne prend pas part le pre\u0301sident sortant. Le mandat de Macky Sall arrive a\u0300 terme le 2 avril.<\/p>\n<p><strong>Pour plus d&rsquo;informations et d&rsquo;analyses sur la <a href=\"https:\/\/www.africa-press.net\/senegal\">Senegal<\/a>, suivez <a href=\"https:\/\/www.africa-press.net\/\">Africa-Press<\/a><\/strong><\/p>\n","protected":false},"excerpt":{"rendered":"<p>Africa-Press &#8211; Senegal. Le pre\u0301sident se\u0301ne\u0301galais Macky Sall s\u2019est engage\u0301, vendredi, a\u0300 faire exe\u0301cuter pleinement la de\u0301cision du Conseil constitutionnel annulant le report de la pre\u0301sidentielle du 25 fe\u0301vrier, a annonce\u0301 la pre\u0301sidence de la Re\u0301publique. Statuant suite a\u0300 des recours introduits par des candidats a\u0300 la pre\u0301sidentielle et des de\u0301pute\u0301s, la haute juridiction a [&hellip;]<\/p>\n","protected":false},"author":82,"featured_media":55851,"comment_status":"open","ping_status":"closed","sticky":false,"template":"","format":"standard","meta":{"footnotes":""},"categories":[2,20,10],"tags":[43,47,4035,42,44],"class_list":["post-55852","post","type-post","status-publish","format-standard","has-post-thumbnail","hentry","category-politique","category-top-nouvelles","category-toutes-les-actualites","tag-africa-press-2","tag-africa-press-senegal","tag-decision-du-conseil-constitutionnel","tag-macky-sall","tag-senegal-2"],"yoast_head":"<!-- This site is optimized with the Yoast SEO Premium plugin v26.1 (Yoast SEO v27.0) - https:\/\/yoast.com\/product\/yoast-seo-premium-wordpress\/ -->\n<title>Macky Sall s&#039;engage \u00e0 \u2018\u2019faire pleinement ex\u00e9cuter\u2019\u2019 la d\u00e9cision du Conseil constitutionnel - Senegal<\/title>\n<meta name=\"description\" content=\"Le pre\u0301sident se\u0301ne\u0301galais Macky Sall s\u2019est engage\u0301, vendredi, a\u0300 faire exe\u0301cuter pleinement la de\u0301cision du Conseil con ...\" \/>\n<meta name=\"robots\" content=\"index, follow, max-snippet:-1, max-image-preview:large, max-video-preview:-1\" \/>\n<link rel=\"canonical\" href=\"https:\/\/www.africa-press.net\/senegal\/politique\/macky-sall-sengage-a-faire-pleinement-executer-la-decision-du-conseil-constitutionnel\" \/>\n<meta property=\"og:locale\" content=\"fr_FR\" \/>\n<meta property=\"og:type\" content=\"article\" \/>\n<meta property=\"og:title\" content=\"Macky Sall s&#039;engage \u00e0 \u2018\u2019faire pleinement ex\u00e9cuter\u2019\u2019 la d\u00e9cision du Conseil constitutionnel\" \/>\n<meta property=\"og:description\" content=\"Le pre\u0301sident se\u0301ne\u0301galais Macky Sall s\u2019est engage\u0301, vendredi, a\u0300 faire exe\u0301cuter pleinement la de\u0301cision du Conseil con ...\" \/>\n<meta property=\"og:url\" content=\"https:\/\/www.africa-press.net\/senegal\/politique\/macky-sall-sengage-a-faire-pleinement-executer-la-decision-du-conseil-constitutionnel\" \/>\n<meta property=\"og:site_name\" content=\"Senegal\" \/>\n<meta property=\"article:published_time\" content=\"2024-02-17T17:43:30+00:00\" \/>\n<meta property=\"article:modified_time\" content=\"2024-02-17T20:18:56+00:00\" \/>\n<meta property=\"og:image\" content=\"https:\/\/static.africa-press.net\/senegal\/sites\/13\/2024\/02\/sm_1708184877.14693.jpg\" \/>\n\t<meta property=\"og:image:width\" content=\"864\" \/>\n\t<meta property=\"og:image:height\" content=\"486\" \/>\n\t<meta property=\"og:image:type\" content=\"image\/jpeg\" \/>\n<meta name=\"author\" content=\"cfeditorfr\" \/>\n<meta name=\"twitter:card\" content=\"summary_large_image\" \/>\n<meta name=\"twitter:label1\" content=\"\u00c9crit par\" \/>\n\t<meta name=\"twitter:data1\" content=\"cfeditorfr\" \/>\n\t<meta name=\"twitter:label2\" content=\"Dur\u00e9e de lecture estim\u00e9e\" \/>\n\t<meta name=\"twitter:data2\" content=\"2 minutes\" \/>\n<script type=\"application\/ld+json\" class=\"yoast-schema-graph\">{\"@context\":\"https:\/\/schema.org\",\"@graph\":[{\"@type\":\"Article\",\"@id\":\"https:\/\/www.africa-press.net\/senegal\/politique\/macky-sall-sengage-a-faire-pleinement-executer-la-decision-du-conseil-constitutionnel#article\",\"isPartOf\":{\"@id\":\"https:\/\/www.africa-press.net\/senegal\/politique\/macky-sall-sengage-a-faire-pleinement-executer-la-decision-du-conseil-constitutionnel\"},\"author\":{\"name\":\"cfeditorfr\",\"@id\":\"https:\/\/www.africa-press.net\/senegal\/#\/schema\/person\/2b1cf3cd81a31e3cd26889ca66d677f1\"},\"headline\":\"Macky Sall s&rsquo;engage \u00e0 \u2018\u2019faire pleinement ex\u00e9cuter\u2019\u2019 la d\u00e9cision du Conseil constitutionnel\",\"datePublished\":\"2024-02-17T17:43:30+00:00\",\"dateModified\":\"2024-02-17T20:18:56+00:00\",\"mainEntityOfPage\":{\"@id\":\"https:\/\/www.africa-press.net\/senegal\/politique\/macky-sall-sengage-a-faire-pleinement-executer-la-decision-du-conseil-constitutionnel\"},\"wordCount\":507,\"commentCount\":0,\"image\":{\"@id\":\"https:\/\/www.africa-press.net\/senegal\/politique\/macky-sall-sengage-a-faire-pleinement-executer-la-decision-du-conseil-constitutionnel#primaryimage\"},\"thumbnailUrl\":\"https:\/\/static.africa-press.net\/senegal\/sites\/13\/2024\/02\/sm_1708184877.14693.jpg\",\"keywords\":[\"Africa Press\",\"Africa Press-Senegal\",\"d\u00e9cision du Conseil Constitutionnel\",\"Macky Sall\",\"Senegal\"],\"articleSection\":[\"Politique\",\"Top Nouvelles\",\"Toutes les actualit\u00e9s\"],\"inLanguage\":\"fr-FR\",\"potentialAction\":[{\"@type\":\"CommentAction\",\"name\":\"Comment\",\"target\":[\"https:\/\/www.africa-press.net\/senegal\/politique\/macky-sall-sengage-a-faire-pleinement-executer-la-decision-du-conseil-constitutionnel#respond\"]}]},{\"@type\":\"WebPage\",\"@id\":\"https:\/\/www.africa-press.net\/senegal\/politique\/macky-sall-sengage-a-faire-pleinement-executer-la-decision-du-conseil-constitutionnel\",\"url\":\"https:\/\/www.africa-press.net\/senegal\/politique\/macky-sall-sengage-a-faire-pleinement-executer-la-decision-du-conseil-constitutionnel\",\"name\":\"Macky Sall s'engage \u00e0 \u2018\u2019faire pleinement ex\u00e9cuter\u2019\u2019 la d\u00e9cision du Conseil constitutionnel - Senegal\",\"isPartOf\":{\"@id\":\"https:\/\/www.africa-press.net\/senegal\/#website\"},\"primaryImageOfPage\":{\"@id\":\"https:\/\/www.africa-press.net\/senegal\/politique\/macky-sall-sengage-a-faire-pleinement-executer-la-decision-du-conseil-constitutionnel#primaryimage\"},\"image\":{\"@id\":\"https:\/\/www.africa-press.net\/senegal\/politique\/macky-sall-sengage-a-faire-pleinement-executer-la-decision-du-conseil-constitutionnel#primaryimage\"},\"thumbnailUrl\":\"https:\/\/static.africa-press.net\/senegal\/sites\/13\/2024\/02\/sm_1708184877.14693.jpg\",\"datePublished\":\"2024-02-17T17:43:30+00:00\",\"dateModified\":\"2024-02-17T20:18:56+00:00\",\"author\":{\"@id\":\"https:\/\/www.africa-press.net\/senegal\/#\/schema\/person\/2b1cf3cd81a31e3cd26889ca66d677f1\"},\"description\":\"Le pre\u0301sident se\u0301ne\u0301galais Macky Sall s\u2019est engage\u0301, vendredi, a\u0300 faire exe\u0301cuter pleinement la de\u0301cision du Conseil con ...\",\"breadcrumb\":{\"@id\":\"https:\/\/www.africa-press.net\/senegal\/politique\/macky-sall-sengage-a-faire-pleinement-executer-la-decision-du-conseil-constitutionnel#breadcrumb\"},\"inLanguage\":\"fr-FR\",\"potentialAction\":[{\"@type\":\"ReadAction\",\"target\":[\"https:\/\/www.africa-press.net\/senegal\/politique\/macky-sall-sengage-a-faire-pleinement-executer-la-decision-du-conseil-constitutionnel\"]}]},{\"@type\":\"ImageObject\",\"inLanguage\":\"fr-FR\",\"@id\":\"https:\/\/www.africa-press.net\/senegal\/politique\/macky-sall-sengage-a-faire-pleinement-executer-la-decision-du-conseil-constitutionnel#primaryimage\",\"url\":\"https:\/\/static.africa-press.net\/senegal\/sites\/13\/2024\/02\/sm_1708184877.14693.jpg\",\"contentUrl\":\"https:\/\/static.africa-press.net\/senegal\/sites\/13\/2024\/02\/sm_1708184877.14693.jpg\",\"width\":864,\"height\":486,\"caption\":\"Macky Sall s'engage \u00e0 \u2018\u2019faire pleinement ex\u00e9cuter\u2019\u2019 la d\u00e9cision du Conseil constitutionnel\"},{\"@type\":\"BreadcrumbList\",\"@id\":\"https:\/\/www.africa-press.net\/senegal\/politique\/macky-sall-sengage-a-faire-pleinement-executer-la-decision-du-conseil-constitutionnel#breadcrumb\",\"itemListElement\":[{\"@type\":\"ListItem\",\"position\":1,\"name\":\"Accueil\",\"item\":\"https:\/\/www.africa-press.net\/senegal\/\"},{\"@type\":\"ListItem\",\"position\":2,\"name\":\"Macky Sall s&#8217;engage \u00e0 \u2018\u2019faire pleinement ex\u00e9cuter\u2019\u2019 la d\u00e9cision du Conseil constitutionnel\"}]},{\"@type\":\"WebSite\",\"@id\":\"https:\/\/www.africa-press.net\/senegal\/#website\",\"url\":\"https:\/\/www.africa-press.net\/senegal\/\",\"name\":\"Africa Press | Senegal | Homepage\",\"description\":\"Just another Africa News Agency Sites site\",\"potentialAction\":[{\"@type\":\"SearchAction\",\"target\":{\"@type\":\"EntryPoint\",\"urlTemplate\":\"https:\/\/www.africa-press.net\/senegal\/?s={search_term_string}\"},\"query-input\":{\"@type\":\"PropertyValueSpecification\",\"valueRequired\":true,\"valueName\":\"search_term_string\"}}],\"inLanguage\":\"fr-FR\"},{\"@type\":\"Person\",\"@id\":\"https:\/\/www.africa-press.net\/senegal\/#\/schema\/person\/2b1cf3cd81a31e3cd26889ca66d677f1\",\"name\":\"cfeditorfr\",\"url\":\"https:\/\/www.africa-press.net\/senegal\/author\/cfeditorfr\"}]}<\/script>\n<!-- \/ Yoast SEO Premium plugin. -->","yoast_head_json":{"title":"Macky Sall s'engage \u00e0 \u2018\u2019faire pleinement ex\u00e9cuter\u2019\u2019 la d\u00e9cision du Conseil constitutionnel - Senegal","description":"Le pre\u0301sident se\u0301ne\u0301galais Macky Sall s\u2019est engage\u0301, vendredi, a\u0300 faire exe\u0301cuter pleinement la de\u0301cision du Conseil con ...","robots":{"index":"index","follow":"follow","max-snippet":"max-snippet:-1","max-image-preview":"max-image-preview:large","max-video-preview":"max-video-preview:-1"},"canonical":"https:\/\/www.africa-press.net\/senegal\/politique\/macky-sall-sengage-a-faire-pleinement-executer-la-decision-du-conseil-constitutionnel","og_locale":"fr_FR","og_type":"article","og_title":"Macky Sall s'engage \u00e0 \u2018\u2019faire pleinement ex\u00e9cuter\u2019\u2019 la d\u00e9cision du Conseil constitutionnel","og_description":"Le pre\u0301sident se\u0301ne\u0301galais Macky Sall s\u2019est engage\u0301, vendredi, a\u0300 faire exe\u0301cuter pleinement la de\u0301cision du Conseil con ...","og_url":"https:\/\/www.africa-press.net\/senegal\/politique\/macky-sall-sengage-a-faire-pleinement-executer-la-decision-du-conseil-constitutionnel","og_site_name":"Senegal","article_published_time":"2024-02-17T17:43:30+00:00","article_modified_time":"2024-02-17T20:18:56+00:00","og_image":[{"width":864,"height":486,"url":"https:\/\/static.africa-press.net\/senegal\/sites\/13\/2024\/02\/sm_1708184877.14693.jpg","type":"image\/jpeg"}],"author":"cfeditorfr","twitter_card":"summary_large_image","twitter_misc":{"\u00c9crit par":"cfeditorfr","Dur\u00e9e de lecture estim\u00e9e":"2 minutes"},"schema":{"@context":"https:\/\/schema.org","@graph":[{"@type":"Article","@id":"https:\/\/www.africa-press.net\/senegal\/politique\/macky-sall-sengage-a-faire-pleinement-executer-la-decision-du-conseil-constitutionnel#article","isPartOf":{"@id":"https:\/\/www.africa-press.net\/senegal\/politique\/macky-sall-sengage-a-faire-pleinement-executer-la-decision-du-conseil-constitutionnel"},"author":{"name":"cfeditorfr","@id":"https:\/\/www.africa-press.net\/senegal\/#\/schema\/person\/2b1cf3cd81a31e3cd26889ca66d677f1"},"headline":"Macky Sall s&rsquo;engage \u00e0 \u2018\u2019faire pleinement ex\u00e9cuter\u2019\u2019 la d\u00e9cision du Conseil constitutionnel","datePublished":"2024-02-17T17:43:30+00:00","dateModified":"2024-02-17T20:18:56+00:00","mainEntityOfPage":{"@id":"https:\/\/www.africa-press.net\/senegal\/politique\/macky-sall-sengage-a-faire-pleinement-executer-la-decision-du-conseil-constitutionnel"},"wordCount":507,"commentCount":0,"image":{"@id":"https:\/\/www.africa-press.net\/senegal\/politique\/macky-sall-sengage-a-faire-pleinement-executer-la-decision-du-conseil-constitutionnel#primaryimage"},"thumbnailUrl":"https:\/\/static.africa-press.net\/senegal\/sites\/13\/2024\/02\/sm_1708184877.14693.jpg","keywords":["Africa Press","Africa Press-Senegal","d\u00e9cision du Conseil Constitutionnel","Macky Sall","Senegal"],"articleSection":["Politique","Top Nouvelles","Toutes les actualit\u00e9s"],"inLanguage":"fr-FR","potentialAction":[{"@type":"CommentAction","name":"Comment","target":["https:\/\/www.africa-press.net\/senegal\/politique\/macky-sall-sengage-a-faire-pleinement-executer-la-decision-du-conseil-constitutionnel#respond"]}]},{"@type":"WebPage","@id":"https:\/\/www.africa-press.net\/senegal\/politique\/macky-sall-sengage-a-faire-pleinement-executer-la-decision-du-conseil-constitutionnel","url":"https:\/\/www.africa-press.net\/senegal\/politique\/macky-sall-sengage-a-faire-pleinement-executer-la-decision-du-conseil-constitutionnel","name":"Macky Sall s'engage \u00e0 \u2018\u2019faire pleinement ex\u00e9cuter\u2019\u2019 la d\u00e9cision du Conseil constitutionnel - Senegal","isPartOf":{"@id":"https:\/\/www.africa-press.net\/senegal\/#website"},"primaryImageOfPage":{"@id":"https:\/\/www.africa-press.net\/senegal\/politique\/macky-sall-sengage-a-faire-pleinement-executer-la-decision-du-conseil-constitutionnel#primaryimage"},"image":{"@id":"https:\/\/www.africa-press.net\/senegal\/politique\/macky-sall-sengage-a-faire-pleinement-executer-la-decision-du-conseil-constitutionnel#primaryimage"},"thumbnailUrl":"https:\/\/static.africa-press.net\/senegal\/sites\/13\/2024\/02\/sm_1708184877.14693.jpg","datePublished":"2024-02-17T17:43:30+00:00","dateModified":"2024-02-17T20:18:56+00:00","author":{"@id":"https:\/\/www.africa-press.net\/senegal\/#\/schema\/person\/2b1cf3cd81a31e3cd26889ca66d677f1"},"description":"Le pre\u0301sident se\u0301ne\u0301galais Macky Sall s\u2019est engage\u0301, vendredi, a\u0300 faire exe\u0301cuter pleinement la de\u0301cision du Conseil con ...","breadcrumb":{"@id":"https:\/\/www.africa-press.net\/senegal\/politique\/macky-sall-sengage-a-faire-pleinement-executer-la-decision-du-conseil-constitutionnel#breadcrumb"},"inLanguage":"fr-FR","potentialAction":[{"@type":"ReadAction","target":["https:\/\/www.africa-press.net\/senegal\/politique\/macky-sall-sengage-a-faire-pleinement-executer-la-decision-du-conseil-constitutionnel"]}]},{"@type":"ImageObject","inLanguage":"fr-FR","@id":"https:\/\/www.africa-press.net\/senegal\/politique\/macky-sall-sengage-a-faire-pleinement-executer-la-decision-du-conseil-constitutionnel#primaryimage","url":"https:\/\/static.africa-press.net\/senegal\/sites\/13\/2024\/02\/sm_1708184877.14693.jpg","contentUrl":"https:\/\/static.africa-press.net\/senegal\/sites\/13\/2024\/02\/sm_1708184877.14693.jpg","width":864,"height":486,"caption":"Macky Sall s'engage \u00e0 \u2018\u2019faire pleinement ex\u00e9cuter\u2019\u2019 la d\u00e9cision du Conseil constitutionnel"},{"@type":"BreadcrumbList","@id":"https:\/\/www.africa-press.net\/senegal\/politique\/macky-sall-sengage-a-faire-pleinement-executer-la-decision-du-conseil-constitutionnel#breadcrumb","itemListElement":[{"@type":"ListItem","position":1,"name":"Accueil","item":"https:\/\/www.africa-press.net\/senegal\/"},{"@type":"ListItem","position":2,"name":"Macky Sall s&#8217;engage \u00e0 \u2018\u2019faire pleinement ex\u00e9cuter\u2019\u2019 la d\u00e9cision du Conseil constitutionnel"}]},{"@type":"WebSite","@id":"https:\/\/www.africa-press.net\/senegal\/#website","url":"https:\/\/www.africa-press.net\/senegal\/","name":"Africa Press | Senegal | Homepage","description":"Just another Africa News Agency Sites site","potentialAction":[{"@type":"SearchAction","target":{"@type":"EntryPoint","urlTemplate":"https:\/\/www.africa-press.net\/senegal\/?s={search_term_string}"},"query-input":{"@type":"PropertyValueSpecification","valueRequired":true,"valueName":"search_term_string"}}],"inLanguage":"fr-FR"},{"@type":"Person","@id":"https:\/\/www.africa-press.net\/senegal\/#\/schema\/person\/2b1cf3cd81a31e3cd26889ca66d677f1","name":"cfeditorfr","url":"https:\/\/www.africa-press.net\/senegal\/author\/cfeditorfr"}]}},"_links":{"self":[{"href":"https:\/\/www.africa-press.net\/senegal\/wp-json\/wp\/v2\/posts\/55852","targetHints":{"allow":["GET"]}}],"collection":[{"href":"https:\/\/www.africa-press.net\/senegal\/wp-json\/wp\/v2\/posts"}],"about":[{"href":"https:\/\/www.africa-press.net\/senegal\/wp-json\/wp\/v2\/types\/post"}],"author":[{"embeddable":true,"href":"https:\/\/www.africa-press.net\/senegal\/wp-json\/wp\/v2\/users\/82"}],"replies":[{"embeddable":true,"href":"https:\/\/www.africa-press.net\/senegal\/wp-json\/wp\/v2\/comments?post=55852"}],"version-history":[{"count":0,"href":"https:\/\/www.africa-press.net\/senegal\/wp-json\/wp\/v2\/posts\/55852\/revisions"}],"wp:featuredmedia":[{"embeddable":true,"href":"https:\/\/www.africa-press.net\/senegal\/wp-json\/wp\/v2\/media\/55851"}],"wp:attachment":[{"href":"https:\/\/www.africa-press.net\/senegal\/wp-json\/wp\/v2\/media?parent=55852"}],"wp:term":[{"taxonomy":"category","embeddable":true,"href":"https:\/\/www.africa-press.net\/senegal\/wp-json\/wp\/v2\/categories?post=55852"},{"taxonomy":"post_tag","embeddable":true,"href":"https:\/\/www.africa-press.net\/senegal\/wp-json\/wp\/v2\/tags?post=55852"}],"curies":[{"name":"wp","href":"https:\/\/api.w.org\/{rel}","templated":true}]}}