{"id":55856,"date":"2024-02-17T20:03:11","date_gmt":"2024-02-17T20:03:11","guid":{"rendered":"https:\/\/www.africa-press.net\/senegal\/politique\/retoque-par-le-conseil-constitutionnel-macky-desormais-face-a-ses-propres-contradictions"},"modified":"2024-02-17T21:41:35","modified_gmt":"2024-02-17T21:41:35","slug":"retoque-par-le-conseil-constitutionnel-macky-desormais-face-a-ses-propres-contradictions","status":"publish","type":"post","link":"https:\/\/www.africa-press.net\/senegal\/politique\/retoque-par-le-conseil-constitutionnel-macky-desormais-face-a-ses-propres-contradictions","title":{"rendered":"retoqu\u00e9 par le conseil constitutionnel, Macky d\u00e9sormais face \u00e0 ses propres contradictions"},"content":{"rendered":"<p><span style=\"color: #ff6600\"><strong>Africa-Press &#8211; Senegal. <\/strong><\/span>Le Conseil constitutionnel du Se\u0301ne\u0301gal a annule\u0301 jeudi 15 fe\u0301vrier le report de l\u2019e\u0301lection pre\u0301sidentielle. Dans un communique\u0301 rendu public ce vendredi 16 fe\u0301vrier, le pre\u0301sident se\u0301ne\u0301galais de\u0301clare avoir pris acte de ladite de\u0301cision.<\/p>\n<p>Ce communique\u0301 de la Pre\u0301sidence de la Re\u0301publique du Se\u0301ne\u0301gal pre\u0301cise que le pre\u0301sident Macky Sall a l\u2019intention de \u2018\u2019faire pleinement exe\u0301cuter\u2019\u2019 la de\u0301cision du Conseil constitutionnel. Par ailleurs, la Pre\u0301sidence annonce que le chef de l\u2019E\u0301tat engagera des consultations ne\u0301cessaires pour \u2018\u2019organiser le scrutin pre\u0301sidentiel dans les meilleurs de\u0301lais\u2019\u2019.<\/p>\n<p>En lisant ce document de la Pre\u0301sidence se\u0301ne\u0301galaise, l\u2019on note d\u2019une part, \u2018\u2019l\u2019intention\u2019\u2019 du pre\u0301sident Macky Sall de \u2018\u2019faire pleinement exe\u0301cuter la de\u0301cision du Conseil Constitutionnel\u2019\u2019. Ce qui suppose que le pre\u0301sident Sall est pre\u0302t a\u0300 appliquer la date constitutionnelle qui fixe la tenue de la pre\u0301sidentielle au 25 fe\u0301vrier 2024. C\u2019est-a\u0300-dire dans 9 jours, pour e\u0302tre plus exact. Ce qui est aujourd\u2019hui techniquement une possibilite\u0301 incertaine et risque\u0301e.<\/p>\n<p>D\u2019autre part, ce me\u0302me communique\u0301 vient nuancer voire contrarier cette volonte\u0301 du pre\u0301sident Macky qui annonce dans la foule\u0301e la tenue prochaine de \u2018\u2019consultations ne\u0301cessaires\u2019\u2019 pour \u2018\u2019organiser le me\u0302me scrutin pre\u0301sidentiel dans les meilleurs de\u0301lais\u2019\u2019. L\u2019organisation de ces consultations annonce\u0301es suppose qu\u2019il faille engager des prises de contact avec tous les acteurs ou parties concerne\u0301es ; trouver ensuite une date consensuelle, des personnes ressources tout aussi consensuelles devant diriger les travaux de facilitation. Les conditions sine qua non de ces pre\u0301alables sont ou seront-elles re\u0301unies par le Chef de l\u2019Etat dans les neufs jours restants ? Qu\u2019est-ce que le pre\u0301sident Sall entend par \u2018\u2019 dans les meilleurs de\u0301lais\u2019\u2019 ? Des questions qui, sans doute, de\u0301notent la posture ambivalente dans laquelle s\u2019installe de\u0301sormais l\u2019homme fort de Dakar qui souffle actuellement le chaud et le froid. Face a\u0300 un Conseil constitutionnel ayant retoque\u0301 se\u0300chement le de\u0301cret pre\u0301sidentiel qui avait annule\u0301 la date de la tenue du scrutin pre\u0301sidentiel, et l\u2019opposition politique qui, droit dans ses bottes, re\u0301clame a\u0300 cor et a\u0300 cri le respect de cette date constitutionnelle, d\u2019un co\u0302te\u0301 et de l\u2019autre, sa propre volonte\u0301 de de\u0301samorcer une crise qu\u2019il a lui-me\u0302me alimenter sciemment ou inconsciemment.<\/p>\n<p>Quoiqu\u2019il en soit, ce communique\u0301 de la Pre\u0301sidence, loin d\u2019apporter la solution, risque de faire monter dans les heures ou jours a\u0300 venir la pression sociopolitique dans le pays des Diambars.<\/p>\n<p><strong>Pour plus d&rsquo;informations et d&rsquo;analyses sur la <a href=\"https:\/\/www.africa-press.net\/senegal\">Senegal<\/a>, suivez <a href=\"https:\/\/www.africa-press.net\/\">Africa-Press<\/a><\/strong><\/p>\n","protected":false},"excerpt":{"rendered":"<p>Africa-Press &#8211; Senegal. Le Conseil constitutionnel du Se\u0301ne\u0301gal a annule\u0301 jeudi 15 fe\u0301vrier le report de l\u2019e\u0301lection pre\u0301sidentielle. Dans un communique\u0301 rendu public ce vendredi 16 fe\u0301vrier, le pre\u0301sident se\u0301ne\u0301galais de\u0301clare avoir pris acte de ladite de\u0301cision. Ce communique\u0301 de la Pre\u0301sidence de la Re\u0301publique du Se\u0301ne\u0301gal pre\u0301cise que le pre\u0301sident Macky Sall a l\u2019intention [&hellip;]<\/p>\n","protected":false},"author":82,"featured_media":55855,"comment_status":"open","ping_status":"closed","sticky":false,"template":"","format":"standard","meta":{"footnotes":""},"categories":[2,10],"tags":[43,47,44],"class_list":["post-55856","post","type-post","status-publish","format-standard","has-post-thumbnail","hentry","category-politique","category-toutes-les-actualites","tag-africa-press-2","tag-africa-press-senegal","tag-senegal-2"],"yoast_head":"<!-- This site is optimized with the Yoast SEO Premium plugin v26.1 (Yoast SEO v27.0) - https:\/\/yoast.com\/product\/yoast-seo-premium-wordpress\/ -->\n<title>retoqu\u00e9 par le conseil constitutionnel, Macky d\u00e9sormais face \u00e0 ses propres contradictions - Senegal<\/title>\n<meta name=\"description\" content=\"Le Conseil constitutionnel du Se\u0301ne\u0301gal a annule\u0301 jeudi 15 fe\u0301vrier le report de l\u2019e\u0301lection pre\u0301sidentielle. Dans un co ...\" \/>\n<meta name=\"robots\" content=\"index, follow, max-snippet:-1, max-image-preview:large, max-video-preview:-1\" \/>\n<link rel=\"canonical\" href=\"https:\/\/www.africa-press.net\/senegal\/politique\/retoque-par-le-conseil-constitutionnel-macky-desormais-face-a-ses-propres-contradictions\" \/>\n<meta property=\"og:locale\" content=\"fr_FR\" \/>\n<meta property=\"og:type\" content=\"article\" \/>\n<meta property=\"og:title\" content=\"retoqu\u00e9 par le conseil constitutionnel, Macky d\u00e9sormais face \u00e0 ses propres contradictions\" \/>\n<meta property=\"og:description\" content=\"Le Conseil constitutionnel du Se\u0301ne\u0301gal a annule\u0301 jeudi 15 fe\u0301vrier le report de l\u2019e\u0301lection pre\u0301sidentielle. Dans un co ...\" \/>\n<meta property=\"og:url\" content=\"https:\/\/www.africa-press.net\/senegal\/politique\/retoque-par-le-conseil-constitutionnel-macky-desormais-face-a-ses-propres-contradictions\" \/>\n<meta property=\"og:site_name\" content=\"Senegal\" \/>\n<meta property=\"article:published_time\" content=\"2024-02-17T20:03:11+00:00\" \/>\n<meta property=\"article:modified_time\" content=\"2024-02-17T21:41:35+00:00\" \/>\n<meta property=\"og:image\" content=\"https:\/\/static.africa-press.net\/senegal\/sites\/13\/2024\/02\/sm_1708189742.26934.jpg\" \/>\n\t<meta property=\"og:image:width\" content=\"980\" \/>\n\t<meta property=\"og:image:height\" content=\"551\" \/>\n\t<meta property=\"og:image:type\" content=\"image\/jpeg\" \/>\n<meta name=\"author\" content=\"cfeditorfr\" \/>\n<meta name=\"twitter:card\" content=\"summary_large_image\" \/>\n<meta name=\"twitter:label1\" content=\"\u00c9crit par\" \/>\n\t<meta name=\"twitter:data1\" content=\"cfeditorfr\" \/>\n\t<meta name=\"twitter:label2\" content=\"Dur\u00e9e de lecture estim\u00e9e\" \/>\n\t<meta name=\"twitter:data2\" content=\"2 minutes\" \/>\n<script type=\"application\/ld+json\" class=\"yoast-schema-graph\">{\"@context\":\"https:\/\/schema.org\",\"@graph\":[{\"@type\":\"Article\",\"@id\":\"https:\/\/www.africa-press.net\/senegal\/politique\/retoque-par-le-conseil-constitutionnel-macky-desormais-face-a-ses-propres-contradictions#article\",\"isPartOf\":{\"@id\":\"https:\/\/www.africa-press.net\/senegal\/politique\/retoque-par-le-conseil-constitutionnel-macky-desormais-face-a-ses-propres-contradictions\"},\"author\":{\"name\":\"cfeditorfr\",\"@id\":\"https:\/\/www.africa-press.net\/senegal\/#\/schema\/person\/2b1cf3cd81a31e3cd26889ca66d677f1\"},\"headline\":\"retoqu\u00e9 par le conseil constitutionnel, Macky d\u00e9sormais face \u00e0 ses propres contradictions\",\"datePublished\":\"2024-02-17T20:03:11+00:00\",\"dateModified\":\"2024-02-17T21:41:35+00:00\",\"mainEntityOfPage\":{\"@id\":\"https:\/\/www.africa-press.net\/senegal\/politique\/retoque-par-le-conseil-constitutionnel-macky-desormais-face-a-ses-propres-contradictions\"},\"wordCount\":479,\"commentCount\":0,\"image\":{\"@id\":\"https:\/\/www.africa-press.net\/senegal\/politique\/retoque-par-le-conseil-constitutionnel-macky-desormais-face-a-ses-propres-contradictions#primaryimage\"},\"thumbnailUrl\":\"https:\/\/static.africa-press.net\/senegal\/sites\/13\/2024\/02\/sm_1708189742.26934.jpg\",\"keywords\":[\"Africa Press\",\"Africa Press-Senegal\",\"Senegal\"],\"articleSection\":[\"Politique\",\"Toutes les actualit\u00e9s\"],\"inLanguage\":\"fr-FR\",\"potentialAction\":[{\"@type\":\"CommentAction\",\"name\":\"Comment\",\"target\":[\"https:\/\/www.africa-press.net\/senegal\/politique\/retoque-par-le-conseil-constitutionnel-macky-desormais-face-a-ses-propres-contradictions#respond\"]}]},{\"@type\":\"WebPage\",\"@id\":\"https:\/\/www.africa-press.net\/senegal\/politique\/retoque-par-le-conseil-constitutionnel-macky-desormais-face-a-ses-propres-contradictions\",\"url\":\"https:\/\/www.africa-press.net\/senegal\/politique\/retoque-par-le-conseil-constitutionnel-macky-desormais-face-a-ses-propres-contradictions\",\"name\":\"retoqu\u00e9 par le conseil constitutionnel, Macky d\u00e9sormais face \u00e0 ses propres contradictions - Senegal\",\"isPartOf\":{\"@id\":\"https:\/\/www.africa-press.net\/senegal\/#website\"},\"primaryImageOfPage\":{\"@id\":\"https:\/\/www.africa-press.net\/senegal\/politique\/retoque-par-le-conseil-constitutionnel-macky-desormais-face-a-ses-propres-contradictions#primaryimage\"},\"image\":{\"@id\":\"https:\/\/www.africa-press.net\/senegal\/politique\/retoque-par-le-conseil-constitutionnel-macky-desormais-face-a-ses-propres-contradictions#primaryimage\"},\"thumbnailUrl\":\"https:\/\/static.africa-press.net\/senegal\/sites\/13\/2024\/02\/sm_1708189742.26934.jpg\",\"datePublished\":\"2024-02-17T20:03:11+00:00\",\"dateModified\":\"2024-02-17T21:41:35+00:00\",\"author\":{\"@id\":\"https:\/\/www.africa-press.net\/senegal\/#\/schema\/person\/2b1cf3cd81a31e3cd26889ca66d677f1\"},\"description\":\"Le Conseil constitutionnel du Se\u0301ne\u0301gal a annule\u0301 jeudi 15 fe\u0301vrier le report de l\u2019e\u0301lection pre\u0301sidentielle. Dans un co ...\",\"breadcrumb\":{\"@id\":\"https:\/\/www.africa-press.net\/senegal\/politique\/retoque-par-le-conseil-constitutionnel-macky-desormais-face-a-ses-propres-contradictions#breadcrumb\"},\"inLanguage\":\"fr-FR\",\"potentialAction\":[{\"@type\":\"ReadAction\",\"target\":[\"https:\/\/www.africa-press.net\/senegal\/politique\/retoque-par-le-conseil-constitutionnel-macky-desormais-face-a-ses-propres-contradictions\"]}]},{\"@type\":\"ImageObject\",\"inLanguage\":\"fr-FR\",\"@id\":\"https:\/\/www.africa-press.net\/senegal\/politique\/retoque-par-le-conseil-constitutionnel-macky-desormais-face-a-ses-propres-contradictions#primaryimage\",\"url\":\"https:\/\/static.africa-press.net\/senegal\/sites\/13\/2024\/02\/sm_1708189742.26934.jpg\",\"contentUrl\":\"https:\/\/static.africa-press.net\/senegal\/sites\/13\/2024\/02\/sm_1708189742.26934.jpg\",\"width\":980,\"height\":551,\"caption\":\"retoqu\u00e9 par le conseil constitutionnel, Macky d\u00e9sormais face \u00e0 ses propres contradictions\"},{\"@type\":\"BreadcrumbList\",\"@id\":\"https:\/\/www.africa-press.net\/senegal\/politique\/retoque-par-le-conseil-constitutionnel-macky-desormais-face-a-ses-propres-contradictions#breadcrumb\",\"itemListElement\":[{\"@type\":\"ListItem\",\"position\":1,\"name\":\"Accueil\",\"item\":\"https:\/\/www.africa-press.net\/senegal\/\"},{\"@type\":\"ListItem\",\"position\":2,\"name\":\"retoqu\u00e9 par le conseil constitutionnel, Macky d\u00e9sormais face \u00e0 ses propres contradictions\"}]},{\"@type\":\"WebSite\",\"@id\":\"https:\/\/www.africa-press.net\/senegal\/#website\",\"url\":\"https:\/\/www.africa-press.net\/senegal\/\",\"name\":\"Africa Press | Senegal | Homepage\",\"description\":\"Just another Africa News Agency Sites site\",\"potentialAction\":[{\"@type\":\"SearchAction\",\"target\":{\"@type\":\"EntryPoint\",\"urlTemplate\":\"https:\/\/www.africa-press.net\/senegal\/?s={search_term_string}\"},\"query-input\":{\"@type\":\"PropertyValueSpecification\",\"valueRequired\":true,\"valueName\":\"search_term_string\"}}],\"inLanguage\":\"fr-FR\"},{\"@type\":\"Person\",\"@id\":\"https:\/\/www.africa-press.net\/senegal\/#\/schema\/person\/2b1cf3cd81a31e3cd26889ca66d677f1\",\"name\":\"cfeditorfr\",\"url\":\"https:\/\/www.africa-press.net\/senegal\/author\/cfeditorfr\"}]}<\/script>\n<!-- \/ Yoast SEO Premium plugin. -->","yoast_head_json":{"title":"retoqu\u00e9 par le conseil constitutionnel, Macky d\u00e9sormais face \u00e0 ses propres contradictions - Senegal","description":"Le Conseil constitutionnel du Se\u0301ne\u0301gal a annule\u0301 jeudi 15 fe\u0301vrier le report de l\u2019e\u0301lection pre\u0301sidentielle. Dans un co ...","robots":{"index":"index","follow":"follow","max-snippet":"max-snippet:-1","max-image-preview":"max-image-preview:large","max-video-preview":"max-video-preview:-1"},"canonical":"https:\/\/www.africa-press.net\/senegal\/politique\/retoque-par-le-conseil-constitutionnel-macky-desormais-face-a-ses-propres-contradictions","og_locale":"fr_FR","og_type":"article","og_title":"retoqu\u00e9 par le conseil constitutionnel, Macky d\u00e9sormais face \u00e0 ses propres contradictions","og_description":"Le Conseil constitutionnel du Se\u0301ne\u0301gal a annule\u0301 jeudi 15 fe\u0301vrier le report de l\u2019e\u0301lection pre\u0301sidentielle. Dans un co ...","og_url":"https:\/\/www.africa-press.net\/senegal\/politique\/retoque-par-le-conseil-constitutionnel-macky-desormais-face-a-ses-propres-contradictions","og_site_name":"Senegal","article_published_time":"2024-02-17T20:03:11+00:00","article_modified_time":"2024-02-17T21:41:35+00:00","og_image":[{"width":980,"height":551,"url":"https:\/\/static.africa-press.net\/senegal\/sites\/13\/2024\/02\/sm_1708189742.26934.jpg","type":"image\/jpeg"}],"author":"cfeditorfr","twitter_card":"summary_large_image","twitter_misc":{"\u00c9crit par":"cfeditorfr","Dur\u00e9e de lecture estim\u00e9e":"2 minutes"},"schema":{"@context":"https:\/\/schema.org","@graph":[{"@type":"Article","@id":"https:\/\/www.africa-press.net\/senegal\/politique\/retoque-par-le-conseil-constitutionnel-macky-desormais-face-a-ses-propres-contradictions#article","isPartOf":{"@id":"https:\/\/www.africa-press.net\/senegal\/politique\/retoque-par-le-conseil-constitutionnel-macky-desormais-face-a-ses-propres-contradictions"},"author":{"name":"cfeditorfr","@id":"https:\/\/www.africa-press.net\/senegal\/#\/schema\/person\/2b1cf3cd81a31e3cd26889ca66d677f1"},"headline":"retoqu\u00e9 par le conseil constitutionnel, Macky d\u00e9sormais face \u00e0 ses propres contradictions","datePublished":"2024-02-17T20:03:11+00:00","dateModified":"2024-02-17T21:41:35+00:00","mainEntityOfPage":{"@id":"https:\/\/www.africa-press.net\/senegal\/politique\/retoque-par-le-conseil-constitutionnel-macky-desormais-face-a-ses-propres-contradictions"},"wordCount":479,"commentCount":0,"image":{"@id":"https:\/\/www.africa-press.net\/senegal\/politique\/retoque-par-le-conseil-constitutionnel-macky-desormais-face-a-ses-propres-contradictions#primaryimage"},"thumbnailUrl":"https:\/\/static.africa-press.net\/senegal\/sites\/13\/2024\/02\/sm_1708189742.26934.jpg","keywords":["Africa Press","Africa Press-Senegal","Senegal"],"articleSection":["Politique","Toutes les actualit\u00e9s"],"inLanguage":"fr-FR","potentialAction":[{"@type":"CommentAction","name":"Comment","target":["https:\/\/www.africa-press.net\/senegal\/politique\/retoque-par-le-conseil-constitutionnel-macky-desormais-face-a-ses-propres-contradictions#respond"]}]},{"@type":"WebPage","@id":"https:\/\/www.africa-press.net\/senegal\/politique\/retoque-par-le-conseil-constitutionnel-macky-desormais-face-a-ses-propres-contradictions","url":"https:\/\/www.africa-press.net\/senegal\/politique\/retoque-par-le-conseil-constitutionnel-macky-desormais-face-a-ses-propres-contradictions","name":"retoqu\u00e9 par le conseil constitutionnel, Macky d\u00e9sormais face \u00e0 ses propres contradictions - Senegal","isPartOf":{"@id":"https:\/\/www.africa-press.net\/senegal\/#website"},"primaryImageOfPage":{"@id":"https:\/\/www.africa-press.net\/senegal\/politique\/retoque-par-le-conseil-constitutionnel-macky-desormais-face-a-ses-propres-contradictions#primaryimage"},"image":{"@id":"https:\/\/www.africa-press.net\/senegal\/politique\/retoque-par-le-conseil-constitutionnel-macky-desormais-face-a-ses-propres-contradictions#primaryimage"},"thumbnailUrl":"https:\/\/static.africa-press.net\/senegal\/sites\/13\/2024\/02\/sm_1708189742.26934.jpg","datePublished":"2024-02-17T20:03:11+00:00","dateModified":"2024-02-17T21:41:35+00:00","author":{"@id":"https:\/\/www.africa-press.net\/senegal\/#\/schema\/person\/2b1cf3cd81a31e3cd26889ca66d677f1"},"description":"Le Conseil constitutionnel du Se\u0301ne\u0301gal a annule\u0301 jeudi 15 fe\u0301vrier le report de l\u2019e\u0301lection pre\u0301sidentielle. Dans un co ...","breadcrumb":{"@id":"https:\/\/www.africa-press.net\/senegal\/politique\/retoque-par-le-conseil-constitutionnel-macky-desormais-face-a-ses-propres-contradictions#breadcrumb"},"inLanguage":"fr-FR","potentialAction":[{"@type":"ReadAction","target":["https:\/\/www.africa-press.net\/senegal\/politique\/retoque-par-le-conseil-constitutionnel-macky-desormais-face-a-ses-propres-contradictions"]}]},{"@type":"ImageObject","inLanguage":"fr-FR","@id":"https:\/\/www.africa-press.net\/senegal\/politique\/retoque-par-le-conseil-constitutionnel-macky-desormais-face-a-ses-propres-contradictions#primaryimage","url":"https:\/\/static.africa-press.net\/senegal\/sites\/13\/2024\/02\/sm_1708189742.26934.jpg","contentUrl":"https:\/\/static.africa-press.net\/senegal\/sites\/13\/2024\/02\/sm_1708189742.26934.jpg","width":980,"height":551,"caption":"retoqu\u00e9 par le conseil constitutionnel, Macky d\u00e9sormais face \u00e0 ses propres contradictions"},{"@type":"BreadcrumbList","@id":"https:\/\/www.africa-press.net\/senegal\/politique\/retoque-par-le-conseil-constitutionnel-macky-desormais-face-a-ses-propres-contradictions#breadcrumb","itemListElement":[{"@type":"ListItem","position":1,"name":"Accueil","item":"https:\/\/www.africa-press.net\/senegal\/"},{"@type":"ListItem","position":2,"name":"retoqu\u00e9 par le conseil constitutionnel, Macky d\u00e9sormais face \u00e0 ses propres contradictions"}]},{"@type":"WebSite","@id":"https:\/\/www.africa-press.net\/senegal\/#website","url":"https:\/\/www.africa-press.net\/senegal\/","name":"Africa Press | Senegal | Homepage","description":"Just another Africa News Agency Sites site","potentialAction":[{"@type":"SearchAction","target":{"@type":"EntryPoint","urlTemplate":"https:\/\/www.africa-press.net\/senegal\/?s={search_term_string}"},"query-input":{"@type":"PropertyValueSpecification","valueRequired":true,"valueName":"search_term_string"}}],"inLanguage":"fr-FR"},{"@type":"Person","@id":"https:\/\/www.africa-press.net\/senegal\/#\/schema\/person\/2b1cf3cd81a31e3cd26889ca66d677f1","name":"cfeditorfr","url":"https:\/\/www.africa-press.net\/senegal\/author\/cfeditorfr"}]}},"_links":{"self":[{"href":"https:\/\/www.africa-press.net\/senegal\/wp-json\/wp\/v2\/posts\/55856","targetHints":{"allow":["GET"]}}],"collection":[{"href":"https:\/\/www.africa-press.net\/senegal\/wp-json\/wp\/v2\/posts"}],"about":[{"href":"https:\/\/www.africa-press.net\/senegal\/wp-json\/wp\/v2\/types\/post"}],"author":[{"embeddable":true,"href":"https:\/\/www.africa-press.net\/senegal\/wp-json\/wp\/v2\/users\/82"}],"replies":[{"embeddable":true,"href":"https:\/\/www.africa-press.net\/senegal\/wp-json\/wp\/v2\/comments?post=55856"}],"version-history":[{"count":0,"href":"https:\/\/www.africa-press.net\/senegal\/wp-json\/wp\/v2\/posts\/55856\/revisions"}],"wp:featuredmedia":[{"embeddable":true,"href":"https:\/\/www.africa-press.net\/senegal\/wp-json\/wp\/v2\/media\/55855"}],"wp:attachment":[{"href":"https:\/\/www.africa-press.net\/senegal\/wp-json\/wp\/v2\/media?parent=55856"}],"wp:term":[{"taxonomy":"category","embeddable":true,"href":"https:\/\/www.africa-press.net\/senegal\/wp-json\/wp\/v2\/categories?post=55856"},{"taxonomy":"post_tag","embeddable":true,"href":"https:\/\/www.africa-press.net\/senegal\/wp-json\/wp\/v2\/tags?post=55856"}],"curies":[{"name":"wp","href":"https:\/\/api.w.org\/{rel}","templated":true}]}}