{"id":55894,"date":"2024-02-18T19:37:30","date_gmt":"2024-02-18T19:37:30","guid":{"rendered":"https:\/\/www.africa-press.net\/senegal\/politique\/dakar-des-milliers-de-senegalais-marchent-pour-exiger-un-scrutin-presidentiel-avant-le-2-avril"},"modified":"2024-02-18T21:11:09","modified_gmt":"2024-02-18T21:11:09","slug":"dakar-des-milliers-de-senegalais-marchent-pour-exiger-un-scrutin-presidentiel-avant-le-2-avril","status":"publish","type":"post","link":"https:\/\/www.africa-press.net\/senegal\/politique\/dakar-des-milliers-de-senegalais-marchent-pour-exiger-un-scrutin-presidentiel-avant-le-2-avril","title":{"rendered":"Dakar: des milliers de S\u00e9n\u00e9galais marchent pour exiger un scrutin pr\u00e9sidentiel avant le 2 avril"},"content":{"rendered":"<p><span style=\"color: #ff6600\"><strong>Africa-Press &#8211; Senegal. <\/strong><\/span>Des milliers de Se\u0301ne\u0301galais ont re\u0301pondu, samedi, a\u0300 l\u2019appel a\u0300 mobilisation de la plateforme \u2018\u2019Aar Sunu Election\u2019\u2019 (Prote\u0301geons notre e\u0301lection- regroupant des organisations de la socie\u0301te\u0301 civile) pour manifester en faveur de la tenue de la pre\u0301sidentielle dans les meilleurs de\u0301lais tel que de\u0301cide\u0301 par le Conseil constitutionnel, soit avant le 2 avril 2024.<\/p>\n<p>Ve\u0302tus en majorite\u0301 aux couleurs nationales (vert jaune rouge) et brandissant des pancartes avec des inscriptions comme \u2018\u2019Free Se\u0301ne\u0301gal\u2019\u2019, \u2018\u2019Non au coup d\u2019E\u0301tat constitutionnel\u2019\u2019 ou encore \u2018\u2019Terminus 2 avril 2024\u2019\u2019, les manifestants ont e\u0301te\u0301 encadre\u0301s par des e\u0301le\u0301ments des forces de de\u0301fense et de se\u0301curite\u0301 le long du trajet entre le Rond-point Sipres, sur la voie de de\u0301gagement nord et le quartier Liberte\u0301 VI, dans la capitale se\u0301ne\u0301galaise.<\/p>\n<p>Il s\u2019agit de la premie\u0300re manifestation de rue autorise\u0301e au Se\u0301ne\u0301gal depuis des mois.<\/p>\n<p>\u2018\u2019Aar Sunu Election appelle au maintien de la mobilisation citoyenne afin de pousser au respect du calendrier e\u0301lectoral tel que de\u0301fini dans la Constitution du Se\u0301ne\u0301gal\u2019\u2019, a souligne\u0301 Moundiaye Cisse\u0301, membre de collectif citoyen.<\/p>\n<p>\u2018\u2019Que Macky Sall fixe la date de l&rsquo;e\u0301lection au plus vite, en accord avec toutes les parties prenantes du processus e\u0301lectoral, conforme\u0301ment a\u0300 la de\u0301cision du Conseil constitutionnel. Le 2 avril 2024, il ne sera plus pre\u0301sident du Se\u0301ne\u0301gal\u2019\u2019, a indique\u0301 Aliou Sane\u0301, le coordonnateur du mouvement \u2018\u2019Y\u2019en a marre\u2019\u2019, e\u0301largi de prison il y a juste deux jours.<\/p>\n<p>\u2018\u2019C\u2019est le peuple qui est dans la rue et c\u2019est la preuve que ce que Macky Sall est en train de faire indispose le peuple. Qu\u2019il organise le scrutin avant le 2 avril ; c\u2019est ce que le Conseil constitutionnel a dit et il doit le faire\u2019\u2019, a souligne\u0301, de son co\u0302te\u0301, Makhtar Fall dit \u2018\u2019Gunman Xuman\u2019&rsquo;, un des pionniers du rap se\u0301ne\u0301galais.<\/p>\n<p>Programme\u0301e pour e\u0302tre silencieuse, la marche a toutefois e\u0301te\u0301 anime\u0301e en slogans. \u2018\u2019 Aar Sunu Election, Aar Sunu Election\u2019\u2019, ont scande\u0301 les participants a\u0300 la marche qui a enregistre\u0301 la pre\u0301sence de plusieurs figures politiques.<\/p>\n<p>\u2018\u2019 Libe\u0301rez Sonko &#8211; Sonko nam negn la\u0300\u2019\u2019 (on a ha\u0302te de te revoir) a aussi e\u0301te\u0301 repris en ch\u0153ur a\u0300 plusieurs reprises par des marcheurs acquis a\u0300 la cause du principal opposant a\u0300 Macky Sall.<\/p>\n<p>\u2018\u2019 Macky Sall a dit qu\u2019il va faire exe\u0301cuter la de\u0301cision du Conseil constitutionnel, on espe\u0300re qu\u2019il va le faire le plus to\u0302t possible\u2019\u2019, a insiste\u0301 Aliou Mamadou Dia, candidat a\u0300 la pre\u0301sidentielle.<\/p>\n<p>Selon lui, il n\u2019y a plus lieu de tenir un dialogue comme le souhaitait le pre\u0301sident Sall. \u2018\u2019Il n\u2019a qu\u2019a\u0300 organiser l\u2019e\u0301lection avant la fin de son mandat et son successeur fera le ne\u0301cessaire en ce sens pour amorcer un dialogue afin de stabiliser le climat social\u2019\u2019, a insiste\u0301 Dia.<\/p>\n<p>Statuant suite a\u0300 des recours introduits par des candidats a\u0300 la pre\u0301sidentielle et des de\u0301pute\u0301s, le Conseil constitutionnel a casse\u0301 jeudi le de\u0301cret du 3 fe\u0301vrier abrogeant un pre\u0301ce\u0301dent convoquant le corps e\u0301lectoral pour le scrutin du 25 fe\u0301vrier et de\u0301clare\u0301 \u2018\u2019contraire a\u0300 la Constitution\u2019\u2019 la loi parlementaire remettant le scrutin pre\u0301sidentiel au 15 de\u0301cembre 2024 et prorogeant le mandat du pre\u0301sident Sall jusqu\u2019a\u0300 la passation de pouvoir avec son successeur.<\/p>\n<p>La Haute juridiction a indique\u0301 que le scrutin doit se tenir avant la fin du mandat en cours.<\/p>\n<p>Dans un communique\u0301 de la pre\u0301sidence de la Re\u0301publique publie\u0301 vendredi, le pre\u0301sident Sall a dit prendre acte de la de\u0301cision du conseil constitutionnel et s\u2019est engage\u0301 a\u0300 la faire pleinement exe\u0301cuter.<\/p>\n<p>Les premie\u0300res manifestations d\u2019envergure contre le report de la pre\u0301sidentielle ont e\u0301clate\u0301 a\u0300 partir du 9 fe\u0301vrier dans plusieurs localite\u0301s du pays et ont fait 3 morts.<\/p>\n<p>Depuis jeudi apre\u0300s-midi, plus de 200 de\u0301tenus issus de la socie\u0301te\u0301 civile et de l\u2019opposition (le parti Pastef de Sonko principalement) ont be\u0301ne\u0301ficie\u0301 d\u2019une liberte\u0301 provisoire. Une action s\u2019inscrivant dans la volonte\u0301 du pre\u0301sident Sall de pacifier le pays suite a\u0300 la crise ne\u0301e du report de la pre\u0301sidentielle.<\/p>\n<p>Vingt candidats sont en lice pour la pre\u0301sidentielle a\u0300 laquelle ne prend pas part le pre\u0301sident sortant. Le mandat de Macky Sall arrive a\u0300 terme le 2 avril.<\/p>\n<p><strong>Pour plus d&rsquo;informations et d&rsquo;analyses sur la <a href=\"https:\/\/www.africa-press.net\/senegal\">Senegal<\/a>, suivez <a href=\"https:\/\/www.africa-press.net\/\">Africa-Press<\/a><\/strong><\/p>\n","protected":false},"excerpt":{"rendered":"<p>Africa-Press &#8211; Senegal. Des milliers de Se\u0301ne\u0301galais ont re\u0301pondu, samedi, a\u0300 l\u2019appel a\u0300 mobilisation de la plateforme \u2018\u2019Aar Sunu Election\u2019\u2019 (Prote\u0301geons notre e\u0301lection- regroupant des organisations de la socie\u0301te\u0301 civile) pour manifester en faveur de la tenue de la pre\u0301sidentielle dans les meilleurs de\u0301lais tel que de\u0301cide\u0301 par le Conseil constitutionnel, soit avant le 2 [&hellip;]<\/p>\n","protected":false},"author":82,"featured_media":55893,"comment_status":"open","ping_status":"closed","sticky":false,"template":"","format":"standard","meta":{"footnotes":""},"categories":[2,20,10],"tags":[43,47,45,4037,4036,44],"class_list":["post-55894","post","type-post","status-publish","format-standard","has-post-thumbnail","hentry","category-politique","category-top-nouvelles","category-toutes-les-actualites","tag-africa-press-2","tag-africa-press-senegal","tag-dakar","tag-milliers-de-senegalais","tag-scrutin-presidentiel","tag-senegal-2"],"yoast_head":"<!-- This site is optimized with the Yoast SEO Premium plugin v26.1 (Yoast SEO v27.0) - https:\/\/yoast.com\/product\/yoast-seo-premium-wordpress\/ -->\n<title>Dakar: des milliers de S\u00e9n\u00e9galais marchent pour exiger un scrutin pr\u00e9sidentiel avant le 2 avril - Senegal<\/title>\n<meta name=\"description\" content=\"Des milliers de Se\u0301ne\u0301galais ont re\u0301pondu, samedi, a\u0300 l\u2019appel a\u0300 mobilisation de la plateforme \u2018\u2019Aar Sunu Election\u2019\u2019 (Pr ...\" \/>\n<meta name=\"robots\" content=\"index, follow, max-snippet:-1, max-image-preview:large, max-video-preview:-1\" \/>\n<link rel=\"canonical\" href=\"https:\/\/www.africa-press.net\/senegal\/politique\/dakar-des-milliers-de-senegalais-marchent-pour-exiger-un-scrutin-presidentiel-avant-le-2-avril\" \/>\n<meta property=\"og:locale\" content=\"fr_FR\" \/>\n<meta property=\"og:type\" content=\"article\" \/>\n<meta property=\"og:title\" content=\"Dakar: des milliers de S\u00e9n\u00e9galais marchent pour exiger un scrutin pr\u00e9sidentiel avant le 2 avril\" \/>\n<meta property=\"og:description\" content=\"Des milliers de Se\u0301ne\u0301galais ont re\u0301pondu, samedi, a\u0300 l\u2019appel a\u0300 mobilisation de la plateforme \u2018\u2019Aar Sunu Election\u2019\u2019 (Pr ...\" \/>\n<meta property=\"og:url\" content=\"https:\/\/www.africa-press.net\/senegal\/politique\/dakar-des-milliers-de-senegalais-marchent-pour-exiger-un-scrutin-presidentiel-avant-le-2-avril\" \/>\n<meta property=\"og:site_name\" content=\"Senegal\" \/>\n<meta property=\"article:published_time\" content=\"2024-02-18T19:37:30+00:00\" \/>\n<meta property=\"article:modified_time\" content=\"2024-02-18T21:11:09+00:00\" \/>\n<meta property=\"og:image\" content=\"https:\/\/static.africa-press.net\/senegal\/sites\/13\/2024\/02\/sm_1708274032.367186.jpg\" \/>\n\t<meta property=\"og:image:width\" content=\"864\" \/>\n\t<meta property=\"og:image:height\" content=\"486\" \/>\n\t<meta property=\"og:image:type\" content=\"image\/jpeg\" \/>\n<meta name=\"author\" content=\"cfeditorfr\" \/>\n<meta name=\"twitter:card\" content=\"summary_large_image\" \/>\n<meta name=\"twitter:label1\" content=\"\u00c9crit par\" \/>\n\t<meta name=\"twitter:data1\" content=\"cfeditorfr\" \/>\n\t<meta name=\"twitter:label2\" content=\"Dur\u00e9e de lecture estim\u00e9e\" \/>\n\t<meta name=\"twitter:data2\" content=\"4 minutes\" \/>\n<script type=\"application\/ld+json\" class=\"yoast-schema-graph\">{\"@context\":\"https:\/\/schema.org\",\"@graph\":[{\"@type\":\"Article\",\"@id\":\"https:\/\/www.africa-press.net\/senegal\/politique\/dakar-des-milliers-de-senegalais-marchent-pour-exiger-un-scrutin-presidentiel-avant-le-2-avril#article\",\"isPartOf\":{\"@id\":\"https:\/\/www.africa-press.net\/senegal\/politique\/dakar-des-milliers-de-senegalais-marchent-pour-exiger-un-scrutin-presidentiel-avant-le-2-avril\"},\"author\":{\"name\":\"cfeditorfr\",\"@id\":\"https:\/\/www.africa-press.net\/senegal\/#\/schema\/person\/2b1cf3cd81a31e3cd26889ca66d677f1\"},\"headline\":\"Dakar: des milliers de S\u00e9n\u00e9galais marchent pour exiger un scrutin pr\u00e9sidentiel avant le 2 avril\",\"datePublished\":\"2024-02-18T19:37:30+00:00\",\"dateModified\":\"2024-02-18T21:11:09+00:00\",\"mainEntityOfPage\":{\"@id\":\"https:\/\/www.africa-press.net\/senegal\/politique\/dakar-des-milliers-de-senegalais-marchent-pour-exiger-un-scrutin-presidentiel-avant-le-2-avril\"},\"wordCount\":796,\"commentCount\":0,\"image\":{\"@id\":\"https:\/\/www.africa-press.net\/senegal\/politique\/dakar-des-milliers-de-senegalais-marchent-pour-exiger-un-scrutin-presidentiel-avant-le-2-avril#primaryimage\"},\"thumbnailUrl\":\"https:\/\/static.africa-press.net\/senegal\/sites\/13\/2024\/02\/sm_1708274032.367186.jpg\",\"keywords\":[\"Africa Press\",\"Africa Press-Senegal\",\"dakar\",\"milliers de S\u00e9n\u00e9galais\",\"Scrutin pr\u00e9sidentiel\",\"Senegal\"],\"articleSection\":[\"Politique\",\"Top Nouvelles\",\"Toutes les actualit\u00e9s\"],\"inLanguage\":\"fr-FR\",\"potentialAction\":[{\"@type\":\"CommentAction\",\"name\":\"Comment\",\"target\":[\"https:\/\/www.africa-press.net\/senegal\/politique\/dakar-des-milliers-de-senegalais-marchent-pour-exiger-un-scrutin-presidentiel-avant-le-2-avril#respond\"]}]},{\"@type\":\"WebPage\",\"@id\":\"https:\/\/www.africa-press.net\/senegal\/politique\/dakar-des-milliers-de-senegalais-marchent-pour-exiger-un-scrutin-presidentiel-avant-le-2-avril\",\"url\":\"https:\/\/www.africa-press.net\/senegal\/politique\/dakar-des-milliers-de-senegalais-marchent-pour-exiger-un-scrutin-presidentiel-avant-le-2-avril\",\"name\":\"Dakar: des milliers de S\u00e9n\u00e9galais marchent pour exiger un scrutin pr\u00e9sidentiel avant le 2 avril - Senegal\",\"isPartOf\":{\"@id\":\"https:\/\/www.africa-press.net\/senegal\/#website\"},\"primaryImageOfPage\":{\"@id\":\"https:\/\/www.africa-press.net\/senegal\/politique\/dakar-des-milliers-de-senegalais-marchent-pour-exiger-un-scrutin-presidentiel-avant-le-2-avril#primaryimage\"},\"image\":{\"@id\":\"https:\/\/www.africa-press.net\/senegal\/politique\/dakar-des-milliers-de-senegalais-marchent-pour-exiger-un-scrutin-presidentiel-avant-le-2-avril#primaryimage\"},\"thumbnailUrl\":\"https:\/\/static.africa-press.net\/senegal\/sites\/13\/2024\/02\/sm_1708274032.367186.jpg\",\"datePublished\":\"2024-02-18T19:37:30+00:00\",\"dateModified\":\"2024-02-18T21:11:09+00:00\",\"author\":{\"@id\":\"https:\/\/www.africa-press.net\/senegal\/#\/schema\/person\/2b1cf3cd81a31e3cd26889ca66d677f1\"},\"description\":\"Des milliers de Se\u0301ne\u0301galais ont re\u0301pondu, samedi, a\u0300 l\u2019appel a\u0300 mobilisation de la plateforme \u2018\u2019Aar Sunu Election\u2019\u2019 (Pr ...\",\"breadcrumb\":{\"@id\":\"https:\/\/www.africa-press.net\/senegal\/politique\/dakar-des-milliers-de-senegalais-marchent-pour-exiger-un-scrutin-presidentiel-avant-le-2-avril#breadcrumb\"},\"inLanguage\":\"fr-FR\",\"potentialAction\":[{\"@type\":\"ReadAction\",\"target\":[\"https:\/\/www.africa-press.net\/senegal\/politique\/dakar-des-milliers-de-senegalais-marchent-pour-exiger-un-scrutin-presidentiel-avant-le-2-avril\"]}]},{\"@type\":\"ImageObject\",\"inLanguage\":\"fr-FR\",\"@id\":\"https:\/\/www.africa-press.net\/senegal\/politique\/dakar-des-milliers-de-senegalais-marchent-pour-exiger-un-scrutin-presidentiel-avant-le-2-avril#primaryimage\",\"url\":\"https:\/\/static.africa-press.net\/senegal\/sites\/13\/2024\/02\/sm_1708274032.367186.jpg\",\"contentUrl\":\"https:\/\/static.africa-press.net\/senegal\/sites\/13\/2024\/02\/sm_1708274032.367186.jpg\",\"width\":864,\"height\":486,\"caption\":\"Dakar: des milliers de S\u00e9n\u00e9galais marchent pour exiger un scrutin pr\u00e9sidentiel avant le 2 avril\"},{\"@type\":\"BreadcrumbList\",\"@id\":\"https:\/\/www.africa-press.net\/senegal\/politique\/dakar-des-milliers-de-senegalais-marchent-pour-exiger-un-scrutin-presidentiel-avant-le-2-avril#breadcrumb\",\"itemListElement\":[{\"@type\":\"ListItem\",\"position\":1,\"name\":\"Accueil\",\"item\":\"https:\/\/www.africa-press.net\/senegal\/\"},{\"@type\":\"ListItem\",\"position\":2,\"name\":\"Dakar: des milliers de S\u00e9n\u00e9galais marchent pour exiger un scrutin pr\u00e9sidentiel avant le 2 avril\"}]},{\"@type\":\"WebSite\",\"@id\":\"https:\/\/www.africa-press.net\/senegal\/#website\",\"url\":\"https:\/\/www.africa-press.net\/senegal\/\",\"name\":\"Africa Press | Senegal | Homepage\",\"description\":\"Just another Africa News Agency Sites site\",\"potentialAction\":[{\"@type\":\"SearchAction\",\"target\":{\"@type\":\"EntryPoint\",\"urlTemplate\":\"https:\/\/www.africa-press.net\/senegal\/?s={search_term_string}\"},\"query-input\":{\"@type\":\"PropertyValueSpecification\",\"valueRequired\":true,\"valueName\":\"search_term_string\"}}],\"inLanguage\":\"fr-FR\"},{\"@type\":\"Person\",\"@id\":\"https:\/\/www.africa-press.net\/senegal\/#\/schema\/person\/2b1cf3cd81a31e3cd26889ca66d677f1\",\"name\":\"cfeditorfr\",\"url\":\"https:\/\/www.africa-press.net\/senegal\/author\/cfeditorfr\"}]}<\/script>\n<!-- \/ Yoast SEO Premium plugin. -->","yoast_head_json":{"title":"Dakar: des milliers de S\u00e9n\u00e9galais marchent pour exiger un scrutin pr\u00e9sidentiel avant le 2 avril - Senegal","description":"Des milliers de Se\u0301ne\u0301galais ont re\u0301pondu, samedi, a\u0300 l\u2019appel a\u0300 mobilisation de la plateforme \u2018\u2019Aar Sunu Election\u2019\u2019 (Pr ...","robots":{"index":"index","follow":"follow","max-snippet":"max-snippet:-1","max-image-preview":"max-image-preview:large","max-video-preview":"max-video-preview:-1"},"canonical":"https:\/\/www.africa-press.net\/senegal\/politique\/dakar-des-milliers-de-senegalais-marchent-pour-exiger-un-scrutin-presidentiel-avant-le-2-avril","og_locale":"fr_FR","og_type":"article","og_title":"Dakar: des milliers de S\u00e9n\u00e9galais marchent pour exiger un scrutin pr\u00e9sidentiel avant le 2 avril","og_description":"Des milliers de Se\u0301ne\u0301galais ont re\u0301pondu, samedi, a\u0300 l\u2019appel a\u0300 mobilisation de la plateforme \u2018\u2019Aar Sunu Election\u2019\u2019 (Pr ...","og_url":"https:\/\/www.africa-press.net\/senegal\/politique\/dakar-des-milliers-de-senegalais-marchent-pour-exiger-un-scrutin-presidentiel-avant-le-2-avril","og_site_name":"Senegal","article_published_time":"2024-02-18T19:37:30+00:00","article_modified_time":"2024-02-18T21:11:09+00:00","og_image":[{"width":864,"height":486,"url":"https:\/\/static.africa-press.net\/senegal\/sites\/13\/2024\/02\/sm_1708274032.367186.jpg","type":"image\/jpeg"}],"author":"cfeditorfr","twitter_card":"summary_large_image","twitter_misc":{"\u00c9crit par":"cfeditorfr","Dur\u00e9e de lecture estim\u00e9e":"4 minutes"},"schema":{"@context":"https:\/\/schema.org","@graph":[{"@type":"Article","@id":"https:\/\/www.africa-press.net\/senegal\/politique\/dakar-des-milliers-de-senegalais-marchent-pour-exiger-un-scrutin-presidentiel-avant-le-2-avril#article","isPartOf":{"@id":"https:\/\/www.africa-press.net\/senegal\/politique\/dakar-des-milliers-de-senegalais-marchent-pour-exiger-un-scrutin-presidentiel-avant-le-2-avril"},"author":{"name":"cfeditorfr","@id":"https:\/\/www.africa-press.net\/senegal\/#\/schema\/person\/2b1cf3cd81a31e3cd26889ca66d677f1"},"headline":"Dakar: des milliers de S\u00e9n\u00e9galais marchent pour exiger un scrutin pr\u00e9sidentiel avant le 2 avril","datePublished":"2024-02-18T19:37:30+00:00","dateModified":"2024-02-18T21:11:09+00:00","mainEntityOfPage":{"@id":"https:\/\/www.africa-press.net\/senegal\/politique\/dakar-des-milliers-de-senegalais-marchent-pour-exiger-un-scrutin-presidentiel-avant-le-2-avril"},"wordCount":796,"commentCount":0,"image":{"@id":"https:\/\/www.africa-press.net\/senegal\/politique\/dakar-des-milliers-de-senegalais-marchent-pour-exiger-un-scrutin-presidentiel-avant-le-2-avril#primaryimage"},"thumbnailUrl":"https:\/\/static.africa-press.net\/senegal\/sites\/13\/2024\/02\/sm_1708274032.367186.jpg","keywords":["Africa Press","Africa Press-Senegal","dakar","milliers de S\u00e9n\u00e9galais","Scrutin pr\u00e9sidentiel","Senegal"],"articleSection":["Politique","Top Nouvelles","Toutes les actualit\u00e9s"],"inLanguage":"fr-FR","potentialAction":[{"@type":"CommentAction","name":"Comment","target":["https:\/\/www.africa-press.net\/senegal\/politique\/dakar-des-milliers-de-senegalais-marchent-pour-exiger-un-scrutin-presidentiel-avant-le-2-avril#respond"]}]},{"@type":"WebPage","@id":"https:\/\/www.africa-press.net\/senegal\/politique\/dakar-des-milliers-de-senegalais-marchent-pour-exiger-un-scrutin-presidentiel-avant-le-2-avril","url":"https:\/\/www.africa-press.net\/senegal\/politique\/dakar-des-milliers-de-senegalais-marchent-pour-exiger-un-scrutin-presidentiel-avant-le-2-avril","name":"Dakar: des milliers de S\u00e9n\u00e9galais marchent pour exiger un scrutin pr\u00e9sidentiel avant le 2 avril - Senegal","isPartOf":{"@id":"https:\/\/www.africa-press.net\/senegal\/#website"},"primaryImageOfPage":{"@id":"https:\/\/www.africa-press.net\/senegal\/politique\/dakar-des-milliers-de-senegalais-marchent-pour-exiger-un-scrutin-presidentiel-avant-le-2-avril#primaryimage"},"image":{"@id":"https:\/\/www.africa-press.net\/senegal\/politique\/dakar-des-milliers-de-senegalais-marchent-pour-exiger-un-scrutin-presidentiel-avant-le-2-avril#primaryimage"},"thumbnailUrl":"https:\/\/static.africa-press.net\/senegal\/sites\/13\/2024\/02\/sm_1708274032.367186.jpg","datePublished":"2024-02-18T19:37:30+00:00","dateModified":"2024-02-18T21:11:09+00:00","author":{"@id":"https:\/\/www.africa-press.net\/senegal\/#\/schema\/person\/2b1cf3cd81a31e3cd26889ca66d677f1"},"description":"Des milliers de Se\u0301ne\u0301galais ont re\u0301pondu, samedi, a\u0300 l\u2019appel a\u0300 mobilisation de la plateforme \u2018\u2019Aar Sunu Election\u2019\u2019 (Pr ...","breadcrumb":{"@id":"https:\/\/www.africa-press.net\/senegal\/politique\/dakar-des-milliers-de-senegalais-marchent-pour-exiger-un-scrutin-presidentiel-avant-le-2-avril#breadcrumb"},"inLanguage":"fr-FR","potentialAction":[{"@type":"ReadAction","target":["https:\/\/www.africa-press.net\/senegal\/politique\/dakar-des-milliers-de-senegalais-marchent-pour-exiger-un-scrutin-presidentiel-avant-le-2-avril"]}]},{"@type":"ImageObject","inLanguage":"fr-FR","@id":"https:\/\/www.africa-press.net\/senegal\/politique\/dakar-des-milliers-de-senegalais-marchent-pour-exiger-un-scrutin-presidentiel-avant-le-2-avril#primaryimage","url":"https:\/\/static.africa-press.net\/senegal\/sites\/13\/2024\/02\/sm_1708274032.367186.jpg","contentUrl":"https:\/\/static.africa-press.net\/senegal\/sites\/13\/2024\/02\/sm_1708274032.367186.jpg","width":864,"height":486,"caption":"Dakar: des milliers de S\u00e9n\u00e9galais marchent pour exiger un scrutin pr\u00e9sidentiel avant le 2 avril"},{"@type":"BreadcrumbList","@id":"https:\/\/www.africa-press.net\/senegal\/politique\/dakar-des-milliers-de-senegalais-marchent-pour-exiger-un-scrutin-presidentiel-avant-le-2-avril#breadcrumb","itemListElement":[{"@type":"ListItem","position":1,"name":"Accueil","item":"https:\/\/www.africa-press.net\/senegal\/"},{"@type":"ListItem","position":2,"name":"Dakar: des milliers de S\u00e9n\u00e9galais marchent pour exiger un scrutin pr\u00e9sidentiel avant le 2 avril"}]},{"@type":"WebSite","@id":"https:\/\/www.africa-press.net\/senegal\/#website","url":"https:\/\/www.africa-press.net\/senegal\/","name":"Africa Press | Senegal | Homepage","description":"Just another Africa News Agency Sites site","potentialAction":[{"@type":"SearchAction","target":{"@type":"EntryPoint","urlTemplate":"https:\/\/www.africa-press.net\/senegal\/?s={search_term_string}"},"query-input":{"@type":"PropertyValueSpecification","valueRequired":true,"valueName":"search_term_string"}}],"inLanguage":"fr-FR"},{"@type":"Person","@id":"https:\/\/www.africa-press.net\/senegal\/#\/schema\/person\/2b1cf3cd81a31e3cd26889ca66d677f1","name":"cfeditorfr","url":"https:\/\/www.africa-press.net\/senegal\/author\/cfeditorfr"}]}},"_links":{"self":[{"href":"https:\/\/www.africa-press.net\/senegal\/wp-json\/wp\/v2\/posts\/55894","targetHints":{"allow":["GET"]}}],"collection":[{"href":"https:\/\/www.africa-press.net\/senegal\/wp-json\/wp\/v2\/posts"}],"about":[{"href":"https:\/\/www.africa-press.net\/senegal\/wp-json\/wp\/v2\/types\/post"}],"author":[{"embeddable":true,"href":"https:\/\/www.africa-press.net\/senegal\/wp-json\/wp\/v2\/users\/82"}],"replies":[{"embeddable":true,"href":"https:\/\/www.africa-press.net\/senegal\/wp-json\/wp\/v2\/comments?post=55894"}],"version-history":[{"count":0,"href":"https:\/\/www.africa-press.net\/senegal\/wp-json\/wp\/v2\/posts\/55894\/revisions"}],"wp:featuredmedia":[{"embeddable":true,"href":"https:\/\/www.africa-press.net\/senegal\/wp-json\/wp\/v2\/media\/55893"}],"wp:attachment":[{"href":"https:\/\/www.africa-press.net\/senegal\/wp-json\/wp\/v2\/media?parent=55894"}],"wp:term":[{"taxonomy":"category","embeddable":true,"href":"https:\/\/www.africa-press.net\/senegal\/wp-json\/wp\/v2\/categories?post=55894"},{"taxonomy":"post_tag","embeddable":true,"href":"https:\/\/www.africa-press.net\/senegal\/wp-json\/wp\/v2\/tags?post=55894"}],"curies":[{"name":"wp","href":"https:\/\/api.w.org\/{rel}","templated":true}]}}