{"id":55909,"date":"2024-02-18T23:25:37","date_gmt":"2024-02-18T23:25:37","guid":{"rendered":"https:\/\/www.africa-press.net\/senegal\/politique\/presidentielle-2024-malick-gackou-defie-amadou-ba-et-propose-un-calendrier-electoral"},"modified":"2024-02-19T00:32:36","modified_gmt":"2024-02-19T00:32:36","slug":"presidentielle-2024-malick-gackou-defie-amadou-ba-et-propose-un-calendrier-electoral","status":"publish","type":"post","link":"https:\/\/www.africa-press.net\/senegal\/politique\/presidentielle-2024-malick-gackou-defie-amadou-ba-et-propose-un-calendrier-electoral","title":{"rendered":"Pr\u00e9sidentielle 2024: Malick Gackou d\u00e9fie Amadou Ba et propose un calendrier \u00e9lectoral"},"content":{"rendered":"<p><span style=\"color: #ff6600\"><strong>Africa-Press &#8211; Senegal. <\/strong><\/span>Le candidat a\u0300 l\u2019e\u0301lection pre\u0301sidentielle 2024, Malick Gackou, invite Amadou Ba, candidat de la coalition Benno Bokk Yaakaar a\u0300 se prononcer sur sa nationalite\u0301 et a\u0300 publier son quitus fiscal.<\/p>\n<p>\u201cJe suis en re\u0300gle avec les dispositions de la Constitution. Je brandis mon quitus fiscal. J\u2019exhorte les candidats, le Premier ministre Amadou Ba en premier, a\u0300 proce\u0301der de la sorte\u201d.<\/p>\n<p>Ainsi s\u2019est exprime\u0301 le pre\u0301sident du Grand parti en confe\u0301rence de presse ce dimanche 18 fe\u0301vrier au sie\u0300ge de son parti.<\/p>\n<p>Accuse\u0301 d\u2019avoir une nationalite\u0301 polonaise, le candidat de la coalition Gackou 2024 a re\u0301pondu a\u0300 ses de\u0301tracteurs et assure qu\u2019il a une nationalite\u0301 \u201cexclusivement se\u0301ne\u0301galaise\u201d, comme l\u2019exige la Constitution.<\/p>\n<p>L\u2019ancien n\u00b02 de l\u2019Alliance des forces de progre\u0300s a, par ailleurs, pris acte de la volonte\u0301 du pre\u0301sident de la Re\u0301publique Macky Sall de respecter la de\u0301cision du Conseil constitutionnel et propose la date du 3 mars 2024 pour la tenue de l\u2019e\u0301lection pre\u0301sidentielle. \u201cAvec la proclamation provisoire des re\u0301sultats le 8 mars. Une pe\u0301riode de contentieux de 72 heures jusqu\u2019au 11 mars. Et l\u2019examen des recours cinq jours et proclamation des re\u0301sultats officiels le 17 mars. S\u2019il y a un second tour [&#8230;.] il pourrait se faire le dimanche 31 mars. La campagne e\u0301lectorale doit e\u0302tre ramene\u0301e a\u0300 10 jours au lieu de 21\u201d, estime M. Gackou.<\/p>\n<p>Sur la \u201cde\u0301crispation politique\u201d, le candidat de la coalition Gackou2024 invite le gouvernement a\u0300 libe\u0301rer tous les de\u0301tenus politiques, notamment Ousmane Sonko et Bassirou Diomaye Faye.<\/p>\n<p><strong>Pour plus d&rsquo;informations et d&rsquo;analyses sur la <a href=\"https:\/\/www.africa-press.net\/senegal\">Senegal<\/a>, suivez <a href=\"https:\/\/www.africa-press.net\/\">Africa-Press<\/a><\/strong><\/p>\n","protected":false},"excerpt":{"rendered":"<p>Africa-Press &#8211; Senegal. Le candidat a\u0300 l\u2019e\u0301lection pre\u0301sidentielle 2024, Malick Gackou, invite Amadou Ba, candidat de la coalition Benno Bokk Yaakaar a\u0300 se prononcer sur sa nationalite\u0301 et a\u0300 publier son quitus fiscal. \u201cJe suis en re\u0300gle avec les dispositions de la Constitution. Je brandis mon quitus fiscal. J\u2019exhorte les candidats, le Premier ministre Amadou [&hellip;]<\/p>\n","protected":false},"author":82,"featured_media":55908,"comment_status":"open","ping_status":"closed","sticky":false,"template":"","format":"standard","meta":{"footnotes":""},"categories":[2,10],"tags":[43,47,44],"class_list":["post-55909","post","type-post","status-publish","format-standard","has-post-thumbnail","hentry","category-politique","category-toutes-les-actualites","tag-africa-press-2","tag-africa-press-senegal","tag-senegal-2"],"yoast_head":"<!-- This site is optimized with the Yoast SEO Premium plugin v26.1 (Yoast SEO v27.0) - https:\/\/yoast.com\/product\/yoast-seo-premium-wordpress\/ -->\n<title>Pr\u00e9sidentielle 2024: Malick Gackou d\u00e9fie Amadou Ba et propose un calendrier \u00e9lectoral - Senegal<\/title>\n<meta name=\"description\" content=\"Le candidat a\u0300 l\u2019e\u0301lection pre\u0301sidentielle 2024, Malick Gackou, invite Amadou Ba, candidat de la coalition Benno Bokk Ya ...\" \/>\n<meta name=\"robots\" content=\"index, follow, max-snippet:-1, max-image-preview:large, max-video-preview:-1\" \/>\n<link rel=\"canonical\" href=\"https:\/\/www.africa-press.net\/senegal\/politique\/presidentielle-2024-malick-gackou-defie-amadou-ba-et-propose-un-calendrier-electoral\" \/>\n<meta property=\"og:locale\" content=\"fr_FR\" \/>\n<meta property=\"og:type\" content=\"article\" \/>\n<meta property=\"og:title\" content=\"Pr\u00e9sidentielle 2024: Malick Gackou d\u00e9fie Amadou Ba et propose un calendrier \u00e9lectoral\" \/>\n<meta property=\"og:description\" content=\"Le candidat a\u0300 l\u2019e\u0301lection pre\u0301sidentielle 2024, Malick Gackou, invite Amadou Ba, candidat de la coalition Benno Bokk Ya ...\" \/>\n<meta property=\"og:url\" content=\"https:\/\/www.africa-press.net\/senegal\/politique\/presidentielle-2024-malick-gackou-defie-amadou-ba-et-propose-un-calendrier-electoral\" \/>\n<meta property=\"og:site_name\" content=\"Senegal\" \/>\n<meta property=\"article:published_time\" content=\"2024-02-18T23:25:37+00:00\" \/>\n<meta property=\"article:modified_time\" content=\"2024-02-19T00:32:36+00:00\" \/>\n<meta property=\"og:image\" content=\"https:\/\/static.africa-press.net\/senegal\/sites\/13\/2024\/02\/sm_1708286517.491307.jpg\" \/>\n\t<meta property=\"og:image:width\" content=\"1186\" \/>\n\t<meta property=\"og:image:height\" content=\"578\" \/>\n\t<meta property=\"og:image:type\" content=\"image\/jpeg\" \/>\n<meta name=\"author\" content=\"cfeditorfr\" \/>\n<meta name=\"twitter:card\" content=\"summary_large_image\" \/>\n<meta name=\"twitter:label1\" content=\"\u00c9crit par\" \/>\n\t<meta name=\"twitter:data1\" content=\"cfeditorfr\" \/>\n\t<meta name=\"twitter:label2\" content=\"Dur\u00e9e de lecture estim\u00e9e\" \/>\n\t<meta name=\"twitter:data2\" content=\"2 minutes\" \/>\n<script type=\"application\/ld+json\" class=\"yoast-schema-graph\">{\"@context\":\"https:\/\/schema.org\",\"@graph\":[{\"@type\":\"Article\",\"@id\":\"https:\/\/www.africa-press.net\/senegal\/politique\/presidentielle-2024-malick-gackou-defie-amadou-ba-et-propose-un-calendrier-electoral#article\",\"isPartOf\":{\"@id\":\"https:\/\/www.africa-press.net\/senegal\/politique\/presidentielle-2024-malick-gackou-defie-amadou-ba-et-propose-un-calendrier-electoral\"},\"author\":{\"name\":\"cfeditorfr\",\"@id\":\"https:\/\/www.africa-press.net\/senegal\/#\/schema\/person\/2b1cf3cd81a31e3cd26889ca66d677f1\"},\"headline\":\"Pr\u00e9sidentielle 2024: Malick Gackou d\u00e9fie Amadou Ba et propose un calendrier \u00e9lectoral\",\"datePublished\":\"2024-02-18T23:25:37+00:00\",\"dateModified\":\"2024-02-19T00:32:36+00:00\",\"mainEntityOfPage\":{\"@id\":\"https:\/\/www.africa-press.net\/senegal\/politique\/presidentielle-2024-malick-gackou-defie-amadou-ba-et-propose-un-calendrier-electoral\"},\"wordCount\":298,\"commentCount\":0,\"image\":{\"@id\":\"https:\/\/www.africa-press.net\/senegal\/politique\/presidentielle-2024-malick-gackou-defie-amadou-ba-et-propose-un-calendrier-electoral#primaryimage\"},\"thumbnailUrl\":\"https:\/\/static.africa-press.net\/senegal\/sites\/13\/2024\/02\/sm_1708286517.491307.jpg\",\"keywords\":[\"Africa Press\",\"Africa Press-Senegal\",\"Senegal\"],\"articleSection\":[\"Politique\",\"Toutes les actualit\u00e9s\"],\"inLanguage\":\"fr-FR\",\"potentialAction\":[{\"@type\":\"CommentAction\",\"name\":\"Comment\",\"target\":[\"https:\/\/www.africa-press.net\/senegal\/politique\/presidentielle-2024-malick-gackou-defie-amadou-ba-et-propose-un-calendrier-electoral#respond\"]}]},{\"@type\":\"WebPage\",\"@id\":\"https:\/\/www.africa-press.net\/senegal\/politique\/presidentielle-2024-malick-gackou-defie-amadou-ba-et-propose-un-calendrier-electoral\",\"url\":\"https:\/\/www.africa-press.net\/senegal\/politique\/presidentielle-2024-malick-gackou-defie-amadou-ba-et-propose-un-calendrier-electoral\",\"name\":\"Pr\u00e9sidentielle 2024: Malick Gackou d\u00e9fie Amadou Ba et propose un calendrier \u00e9lectoral - Senegal\",\"isPartOf\":{\"@id\":\"https:\/\/www.africa-press.net\/senegal\/#website\"},\"primaryImageOfPage\":{\"@id\":\"https:\/\/www.africa-press.net\/senegal\/politique\/presidentielle-2024-malick-gackou-defie-amadou-ba-et-propose-un-calendrier-electoral#primaryimage\"},\"image\":{\"@id\":\"https:\/\/www.africa-press.net\/senegal\/politique\/presidentielle-2024-malick-gackou-defie-amadou-ba-et-propose-un-calendrier-electoral#primaryimage\"},\"thumbnailUrl\":\"https:\/\/static.africa-press.net\/senegal\/sites\/13\/2024\/02\/sm_1708286517.491307.jpg\",\"datePublished\":\"2024-02-18T23:25:37+00:00\",\"dateModified\":\"2024-02-19T00:32:36+00:00\",\"author\":{\"@id\":\"https:\/\/www.africa-press.net\/senegal\/#\/schema\/person\/2b1cf3cd81a31e3cd26889ca66d677f1\"},\"description\":\"Le candidat a\u0300 l\u2019e\u0301lection pre\u0301sidentielle 2024, Malick Gackou, invite Amadou Ba, candidat de la coalition Benno Bokk Ya ...\",\"breadcrumb\":{\"@id\":\"https:\/\/www.africa-press.net\/senegal\/politique\/presidentielle-2024-malick-gackou-defie-amadou-ba-et-propose-un-calendrier-electoral#breadcrumb\"},\"inLanguage\":\"fr-FR\",\"potentialAction\":[{\"@type\":\"ReadAction\",\"target\":[\"https:\/\/www.africa-press.net\/senegal\/politique\/presidentielle-2024-malick-gackou-defie-amadou-ba-et-propose-un-calendrier-electoral\"]}]},{\"@type\":\"ImageObject\",\"inLanguage\":\"fr-FR\",\"@id\":\"https:\/\/www.africa-press.net\/senegal\/politique\/presidentielle-2024-malick-gackou-defie-amadou-ba-et-propose-un-calendrier-electoral#primaryimage\",\"url\":\"https:\/\/static.africa-press.net\/senegal\/sites\/13\/2024\/02\/sm_1708286517.491307.jpg\",\"contentUrl\":\"https:\/\/static.africa-press.net\/senegal\/sites\/13\/2024\/02\/sm_1708286517.491307.jpg\",\"width\":1186,\"height\":578,\"caption\":\"Pr\u00e9sidentielle 2024: Malick Gackou d\u00e9fie Amadou Ba et propose un calendrier \u00e9lectoral\"},{\"@type\":\"BreadcrumbList\",\"@id\":\"https:\/\/www.africa-press.net\/senegal\/politique\/presidentielle-2024-malick-gackou-defie-amadou-ba-et-propose-un-calendrier-electoral#breadcrumb\",\"itemListElement\":[{\"@type\":\"ListItem\",\"position\":1,\"name\":\"Accueil\",\"item\":\"https:\/\/www.africa-press.net\/senegal\/\"},{\"@type\":\"ListItem\",\"position\":2,\"name\":\"Pr\u00e9sidentielle 2024: Malick Gackou d\u00e9fie Amadou Ba et propose un calendrier \u00e9lectoral\"}]},{\"@type\":\"WebSite\",\"@id\":\"https:\/\/www.africa-press.net\/senegal\/#website\",\"url\":\"https:\/\/www.africa-press.net\/senegal\/\",\"name\":\"Africa Press | Senegal | Homepage\",\"description\":\"Just another Africa News Agency Sites site\",\"potentialAction\":[{\"@type\":\"SearchAction\",\"target\":{\"@type\":\"EntryPoint\",\"urlTemplate\":\"https:\/\/www.africa-press.net\/senegal\/?s={search_term_string}\"},\"query-input\":{\"@type\":\"PropertyValueSpecification\",\"valueRequired\":true,\"valueName\":\"search_term_string\"}}],\"inLanguage\":\"fr-FR\"},{\"@type\":\"Person\",\"@id\":\"https:\/\/www.africa-press.net\/senegal\/#\/schema\/person\/2b1cf3cd81a31e3cd26889ca66d677f1\",\"name\":\"cfeditorfr\",\"url\":\"https:\/\/www.africa-press.net\/senegal\/author\/cfeditorfr\"}]}<\/script>\n<!-- \/ Yoast SEO Premium plugin. -->","yoast_head_json":{"title":"Pr\u00e9sidentielle 2024: Malick Gackou d\u00e9fie Amadou Ba et propose un calendrier \u00e9lectoral - Senegal","description":"Le candidat a\u0300 l\u2019e\u0301lection pre\u0301sidentielle 2024, Malick Gackou, invite Amadou Ba, candidat de la coalition Benno Bokk Ya ...","robots":{"index":"index","follow":"follow","max-snippet":"max-snippet:-1","max-image-preview":"max-image-preview:large","max-video-preview":"max-video-preview:-1"},"canonical":"https:\/\/www.africa-press.net\/senegal\/politique\/presidentielle-2024-malick-gackou-defie-amadou-ba-et-propose-un-calendrier-electoral","og_locale":"fr_FR","og_type":"article","og_title":"Pr\u00e9sidentielle 2024: Malick Gackou d\u00e9fie Amadou Ba et propose un calendrier \u00e9lectoral","og_description":"Le candidat a\u0300 l\u2019e\u0301lection pre\u0301sidentielle 2024, Malick Gackou, invite Amadou Ba, candidat de la coalition Benno Bokk Ya ...","og_url":"https:\/\/www.africa-press.net\/senegal\/politique\/presidentielle-2024-malick-gackou-defie-amadou-ba-et-propose-un-calendrier-electoral","og_site_name":"Senegal","article_published_time":"2024-02-18T23:25:37+00:00","article_modified_time":"2024-02-19T00:32:36+00:00","og_image":[{"width":1186,"height":578,"url":"https:\/\/static.africa-press.net\/senegal\/sites\/13\/2024\/02\/sm_1708286517.491307.jpg","type":"image\/jpeg"}],"author":"cfeditorfr","twitter_card":"summary_large_image","twitter_misc":{"\u00c9crit par":"cfeditorfr","Dur\u00e9e de lecture estim\u00e9e":"2 minutes"},"schema":{"@context":"https:\/\/schema.org","@graph":[{"@type":"Article","@id":"https:\/\/www.africa-press.net\/senegal\/politique\/presidentielle-2024-malick-gackou-defie-amadou-ba-et-propose-un-calendrier-electoral#article","isPartOf":{"@id":"https:\/\/www.africa-press.net\/senegal\/politique\/presidentielle-2024-malick-gackou-defie-amadou-ba-et-propose-un-calendrier-electoral"},"author":{"name":"cfeditorfr","@id":"https:\/\/www.africa-press.net\/senegal\/#\/schema\/person\/2b1cf3cd81a31e3cd26889ca66d677f1"},"headline":"Pr\u00e9sidentielle 2024: Malick Gackou d\u00e9fie Amadou Ba et propose un calendrier \u00e9lectoral","datePublished":"2024-02-18T23:25:37+00:00","dateModified":"2024-02-19T00:32:36+00:00","mainEntityOfPage":{"@id":"https:\/\/www.africa-press.net\/senegal\/politique\/presidentielle-2024-malick-gackou-defie-amadou-ba-et-propose-un-calendrier-electoral"},"wordCount":298,"commentCount":0,"image":{"@id":"https:\/\/www.africa-press.net\/senegal\/politique\/presidentielle-2024-malick-gackou-defie-amadou-ba-et-propose-un-calendrier-electoral#primaryimage"},"thumbnailUrl":"https:\/\/static.africa-press.net\/senegal\/sites\/13\/2024\/02\/sm_1708286517.491307.jpg","keywords":["Africa Press","Africa Press-Senegal","Senegal"],"articleSection":["Politique","Toutes les actualit\u00e9s"],"inLanguage":"fr-FR","potentialAction":[{"@type":"CommentAction","name":"Comment","target":["https:\/\/www.africa-press.net\/senegal\/politique\/presidentielle-2024-malick-gackou-defie-amadou-ba-et-propose-un-calendrier-electoral#respond"]}]},{"@type":"WebPage","@id":"https:\/\/www.africa-press.net\/senegal\/politique\/presidentielle-2024-malick-gackou-defie-amadou-ba-et-propose-un-calendrier-electoral","url":"https:\/\/www.africa-press.net\/senegal\/politique\/presidentielle-2024-malick-gackou-defie-amadou-ba-et-propose-un-calendrier-electoral","name":"Pr\u00e9sidentielle 2024: Malick Gackou d\u00e9fie Amadou Ba et propose un calendrier \u00e9lectoral - Senegal","isPartOf":{"@id":"https:\/\/www.africa-press.net\/senegal\/#website"},"primaryImageOfPage":{"@id":"https:\/\/www.africa-press.net\/senegal\/politique\/presidentielle-2024-malick-gackou-defie-amadou-ba-et-propose-un-calendrier-electoral#primaryimage"},"image":{"@id":"https:\/\/www.africa-press.net\/senegal\/politique\/presidentielle-2024-malick-gackou-defie-amadou-ba-et-propose-un-calendrier-electoral#primaryimage"},"thumbnailUrl":"https:\/\/static.africa-press.net\/senegal\/sites\/13\/2024\/02\/sm_1708286517.491307.jpg","datePublished":"2024-02-18T23:25:37+00:00","dateModified":"2024-02-19T00:32:36+00:00","author":{"@id":"https:\/\/www.africa-press.net\/senegal\/#\/schema\/person\/2b1cf3cd81a31e3cd26889ca66d677f1"},"description":"Le candidat a\u0300 l\u2019e\u0301lection pre\u0301sidentielle 2024, Malick Gackou, invite Amadou Ba, candidat de la coalition Benno Bokk Ya ...","breadcrumb":{"@id":"https:\/\/www.africa-press.net\/senegal\/politique\/presidentielle-2024-malick-gackou-defie-amadou-ba-et-propose-un-calendrier-electoral#breadcrumb"},"inLanguage":"fr-FR","potentialAction":[{"@type":"ReadAction","target":["https:\/\/www.africa-press.net\/senegal\/politique\/presidentielle-2024-malick-gackou-defie-amadou-ba-et-propose-un-calendrier-electoral"]}]},{"@type":"ImageObject","inLanguage":"fr-FR","@id":"https:\/\/www.africa-press.net\/senegal\/politique\/presidentielle-2024-malick-gackou-defie-amadou-ba-et-propose-un-calendrier-electoral#primaryimage","url":"https:\/\/static.africa-press.net\/senegal\/sites\/13\/2024\/02\/sm_1708286517.491307.jpg","contentUrl":"https:\/\/static.africa-press.net\/senegal\/sites\/13\/2024\/02\/sm_1708286517.491307.jpg","width":1186,"height":578,"caption":"Pr\u00e9sidentielle 2024: Malick Gackou d\u00e9fie Amadou Ba et propose un calendrier \u00e9lectoral"},{"@type":"BreadcrumbList","@id":"https:\/\/www.africa-press.net\/senegal\/politique\/presidentielle-2024-malick-gackou-defie-amadou-ba-et-propose-un-calendrier-electoral#breadcrumb","itemListElement":[{"@type":"ListItem","position":1,"name":"Accueil","item":"https:\/\/www.africa-press.net\/senegal\/"},{"@type":"ListItem","position":2,"name":"Pr\u00e9sidentielle 2024: Malick Gackou d\u00e9fie Amadou Ba et propose un calendrier \u00e9lectoral"}]},{"@type":"WebSite","@id":"https:\/\/www.africa-press.net\/senegal\/#website","url":"https:\/\/www.africa-press.net\/senegal\/","name":"Africa Press | Senegal | Homepage","description":"Just another Africa News Agency Sites site","potentialAction":[{"@type":"SearchAction","target":{"@type":"EntryPoint","urlTemplate":"https:\/\/www.africa-press.net\/senegal\/?s={search_term_string}"},"query-input":{"@type":"PropertyValueSpecification","valueRequired":true,"valueName":"search_term_string"}}],"inLanguage":"fr-FR"},{"@type":"Person","@id":"https:\/\/www.africa-press.net\/senegal\/#\/schema\/person\/2b1cf3cd81a31e3cd26889ca66d677f1","name":"cfeditorfr","url":"https:\/\/www.africa-press.net\/senegal\/author\/cfeditorfr"}]}},"_links":{"self":[{"href":"https:\/\/www.africa-press.net\/senegal\/wp-json\/wp\/v2\/posts\/55909","targetHints":{"allow":["GET"]}}],"collection":[{"href":"https:\/\/www.africa-press.net\/senegal\/wp-json\/wp\/v2\/posts"}],"about":[{"href":"https:\/\/www.africa-press.net\/senegal\/wp-json\/wp\/v2\/types\/post"}],"author":[{"embeddable":true,"href":"https:\/\/www.africa-press.net\/senegal\/wp-json\/wp\/v2\/users\/82"}],"replies":[{"embeddable":true,"href":"https:\/\/www.africa-press.net\/senegal\/wp-json\/wp\/v2\/comments?post=55909"}],"version-history":[{"count":0,"href":"https:\/\/www.africa-press.net\/senegal\/wp-json\/wp\/v2\/posts\/55909\/revisions"}],"wp:featuredmedia":[{"embeddable":true,"href":"https:\/\/www.africa-press.net\/senegal\/wp-json\/wp\/v2\/media\/55908"}],"wp:attachment":[{"href":"https:\/\/www.africa-press.net\/senegal\/wp-json\/wp\/v2\/media?parent=55909"}],"wp:term":[{"taxonomy":"category","embeddable":true,"href":"https:\/\/www.africa-press.net\/senegal\/wp-json\/wp\/v2\/categories?post=55909"},{"taxonomy":"post_tag","embeddable":true,"href":"https:\/\/www.africa-press.net\/senegal\/wp-json\/wp\/v2\/tags?post=55909"}],"curies":[{"name":"wp","href":"https:\/\/api.w.org\/{rel}","templated":true}]}}