{"id":55911,"date":"2024-02-18T23:27:44","date_gmt":"2024-02-18T23:27:44","guid":{"rendered":"https:\/\/www.africa-press.net\/senegal\/politique\/invalidation-du-report-de-la-presidentielle-lassemblee-nationale-prend-acte"},"modified":"2024-02-19T00:33:07","modified_gmt":"2024-02-19T00:33:07","slug":"invalidation-du-report-de-la-presidentielle-lassemblee-nationale-prend-acte","status":"publish","type":"post","link":"https:\/\/www.africa-press.net\/senegal\/politique\/invalidation-du-report-de-la-presidentielle-lassemblee-nationale-prend-acte","title":{"rendered":"Invalidation du report de la pr\u00e9sidentielle : l&rsquo;Assembl\u00e9e nationale \u00ab\u00a0prend acte\u00a0\u00bb"},"content":{"rendered":"<p><span style=\"color: #ff6600\"><strong>Africa-Press &#8211; Senegal. <\/strong><\/span>L\u2019Assemble\u0301e nationale a de\u0301clare\u0301, dimanche, prendre acte de la de\u0301cision d\u2019annulation du report de l\u2019e\u0301lection pre\u0301sidentielle annonce\u0301e jeudi par le Conseil constitutionnelle tout en estimant qu\u2019elle \u2018\u2019remet en cause la souverainete\u0301 du pouvoir constituant de l\u2019Institution parlementaire\u2019\u2019.<\/p>\n<p>\u2018\u2019L\u2019Assemble\u0301e nationale du Se\u0301ne\u0301gal prend acte de cette de\u0301cision du Conseil constitutionnel, quand bien me\u0302me elle porte le signe d\u2019un revirement jurisprudentiel quant au contro\u0302le de constitutionnalite\u0301 d\u2019une loi constitutionnelle\u2019, indique l\u2019institution parlementaire dans un communique\u0301.<\/p>\n<p>Le Conseil constitutionnel a annule\u0301 une loi vote\u0301e 5 fe\u0301vrier par l\u2019Assemble\u0301e nationale pour reporter au 15 de\u0301cembre l\u2019e\u0301lection pre\u0301sidentielle initialement fixe\u0301e au 25 fe\u0301vrier.<\/p>\n<p>La haute juridiction a estime\u0301 que cette loi portant de\u0301rogation aux dispositions de l\u2019article 31 de la Constitution est \u2018\u2019contraire a\u0300 la Constitution\u2019\u2019.<\/p>\n<p>Cette de\u0301cision du Conseil constitutionnel \u2018\u2019remet en cause la souverainete\u0301 du pouvoir constituant de l\u2019institution parlementaire, souligne l\u2019Assemble\u0301e nationale non sans re\u0301affirmer son \u2018\u2019attachement aux valeurs de de\u0301mocratie et plus particulie\u0300rement a\u0300 la se\u0301paration des pouvoirs\u2019\u2019.<\/p>\n<p>Elle explique que la proposition de loi, a\u0300 l\u2019initiative d\u2019un groupe parlementaire de l\u2019opposition, avait pour but de donner du temps aux autorite\u0301s compe\u0301tentes pour corriger, par le dialogue, les nombreux dysfonctionnements constate\u0301s dans le processus de validation des candidatures par le Conseil constitutionnel.<\/p>\n<p><strong>Pour plus d&rsquo;informations et d&rsquo;analyses sur la <a href=\"https:\/\/www.africa-press.net\/senegal\">Senegal<\/a>, suivez <a href=\"https:\/\/www.africa-press.net\/\">Africa-Press<\/a><\/strong><\/p>\n","protected":false},"excerpt":{"rendered":"<p>Africa-Press &#8211; Senegal. L\u2019Assemble\u0301e nationale a de\u0301clare\u0301, dimanche, prendre acte de la de\u0301cision d\u2019annulation du report de l\u2019e\u0301lection pre\u0301sidentielle annonce\u0301e jeudi par le Conseil constitutionnelle tout en estimant qu\u2019elle \u2018\u2019remet en cause la souverainete\u0301 du pouvoir constituant de l\u2019Institution parlementaire\u2019\u2019. \u2018\u2019L\u2019Assemble\u0301e nationale du Se\u0301ne\u0301gal prend acte de cette de\u0301cision du Conseil constitutionnel, quand bien me\u0302me [&hellip;]<\/p>\n","protected":false},"author":82,"featured_media":55910,"comment_status":"open","ping_status":"closed","sticky":false,"template":"","format":"standard","meta":{"footnotes":""},"categories":[2,10],"tags":[43,47,44],"class_list":["post-55911","post","type-post","status-publish","format-standard","has-post-thumbnail","hentry","category-politique","category-toutes-les-actualites","tag-africa-press-2","tag-africa-press-senegal","tag-senegal-2"],"yoast_head":"<!-- This site is optimized with the Yoast SEO Premium plugin v26.1 (Yoast SEO v27.0) - https:\/\/yoast.com\/product\/yoast-seo-premium-wordpress\/ -->\n<title>Invalidation du report de la pr\u00e9sidentielle : l&#039;Assembl\u00e9e nationale &quot;prend acte&quot; - Senegal<\/title>\n<meta name=\"description\" content=\"L\u2019Assemble\u0301e nationale a de\u0301clare\u0301, dimanche, prendre acte de la de\u0301cision d\u2019annulation du report de l\u2019e\u0301lection pre\u0301sid ...\" \/>\n<meta name=\"robots\" content=\"index, follow, max-snippet:-1, max-image-preview:large, max-video-preview:-1\" \/>\n<link rel=\"canonical\" href=\"https:\/\/www.africa-press.net\/senegal\/politique\/invalidation-du-report-de-la-presidentielle-lassemblee-nationale-prend-acte\" \/>\n<meta property=\"og:locale\" content=\"fr_FR\" \/>\n<meta property=\"og:type\" content=\"article\" \/>\n<meta property=\"og:title\" content=\"Invalidation du report de la pr\u00e9sidentielle : l&#039;Assembl\u00e9e nationale &quot;prend acte&quot;\" \/>\n<meta property=\"og:description\" content=\"L\u2019Assemble\u0301e nationale a de\u0301clare\u0301, dimanche, prendre acte de la de\u0301cision d\u2019annulation du report de l\u2019e\u0301lection pre\u0301sid ...\" \/>\n<meta property=\"og:url\" content=\"https:\/\/www.africa-press.net\/senegal\/politique\/invalidation-du-report-de-la-presidentielle-lassemblee-nationale-prend-acte\" \/>\n<meta property=\"og:site_name\" content=\"Senegal\" \/>\n<meta property=\"article:published_time\" content=\"2024-02-18T23:27:44+00:00\" \/>\n<meta property=\"article:modified_time\" content=\"2024-02-19T00:33:07+00:00\" \/>\n<meta property=\"og:image\" content=\"https:\/\/static.africa-press.net\/senegal\/sites\/13\/2024\/02\/sm_1708286537.167486.jpg\" \/>\n\t<meta property=\"og:image:width\" content=\"1300\" \/>\n\t<meta property=\"og:image:height\" content=\"635\" \/>\n\t<meta property=\"og:image:type\" content=\"image\/jpeg\" \/>\n<meta name=\"author\" content=\"cfeditorfr\" \/>\n<meta name=\"twitter:card\" content=\"summary_large_image\" \/>\n<meta name=\"twitter:label1\" content=\"\u00c9crit par\" \/>\n\t<meta name=\"twitter:data1\" content=\"cfeditorfr\" \/>\n\t<meta name=\"twitter:label2\" content=\"Dur\u00e9e de lecture estim\u00e9e\" \/>\n\t<meta name=\"twitter:data2\" content=\"1 minute\" \/>\n<script type=\"application\/ld+json\" class=\"yoast-schema-graph\">{\"@context\":\"https:\/\/schema.org\",\"@graph\":[{\"@type\":\"Article\",\"@id\":\"https:\/\/www.africa-press.net\/senegal\/politique\/invalidation-du-report-de-la-presidentielle-lassemblee-nationale-prend-acte#article\",\"isPartOf\":{\"@id\":\"https:\/\/www.africa-press.net\/senegal\/politique\/invalidation-du-report-de-la-presidentielle-lassemblee-nationale-prend-acte\"},\"author\":{\"name\":\"cfeditorfr\",\"@id\":\"https:\/\/www.africa-press.net\/senegal\/#\/schema\/person\/2b1cf3cd81a31e3cd26889ca66d677f1\"},\"headline\":\"Invalidation du report de la pr\u00e9sidentielle : l&rsquo;Assembl\u00e9e nationale \u00ab\u00a0prend acte\u00a0\u00bb\",\"datePublished\":\"2024-02-18T23:27:44+00:00\",\"dateModified\":\"2024-02-19T00:33:07+00:00\",\"mainEntityOfPage\":{\"@id\":\"https:\/\/www.africa-press.net\/senegal\/politique\/invalidation-du-report-de-la-presidentielle-lassemblee-nationale-prend-acte\"},\"wordCount\":272,\"commentCount\":0,\"image\":{\"@id\":\"https:\/\/www.africa-press.net\/senegal\/politique\/invalidation-du-report-de-la-presidentielle-lassemblee-nationale-prend-acte#primaryimage\"},\"thumbnailUrl\":\"https:\/\/static.africa-press.net\/senegal\/sites\/13\/2024\/02\/sm_1708286537.167486.jpg\",\"keywords\":[\"Africa Press\",\"Africa Press-Senegal\",\"Senegal\"],\"articleSection\":[\"Politique\",\"Toutes les actualit\u00e9s\"],\"inLanguage\":\"fr-FR\",\"potentialAction\":[{\"@type\":\"CommentAction\",\"name\":\"Comment\",\"target\":[\"https:\/\/www.africa-press.net\/senegal\/politique\/invalidation-du-report-de-la-presidentielle-lassemblee-nationale-prend-acte#respond\"]}]},{\"@type\":\"WebPage\",\"@id\":\"https:\/\/www.africa-press.net\/senegal\/politique\/invalidation-du-report-de-la-presidentielle-lassemblee-nationale-prend-acte\",\"url\":\"https:\/\/www.africa-press.net\/senegal\/politique\/invalidation-du-report-de-la-presidentielle-lassemblee-nationale-prend-acte\",\"name\":\"Invalidation du report de la pr\u00e9sidentielle : l'Assembl\u00e9e nationale \\\"prend acte\\\" - Senegal\",\"isPartOf\":{\"@id\":\"https:\/\/www.africa-press.net\/senegal\/#website\"},\"primaryImageOfPage\":{\"@id\":\"https:\/\/www.africa-press.net\/senegal\/politique\/invalidation-du-report-de-la-presidentielle-lassemblee-nationale-prend-acte#primaryimage\"},\"image\":{\"@id\":\"https:\/\/www.africa-press.net\/senegal\/politique\/invalidation-du-report-de-la-presidentielle-lassemblee-nationale-prend-acte#primaryimage\"},\"thumbnailUrl\":\"https:\/\/static.africa-press.net\/senegal\/sites\/13\/2024\/02\/sm_1708286537.167486.jpg\",\"datePublished\":\"2024-02-18T23:27:44+00:00\",\"dateModified\":\"2024-02-19T00:33:07+00:00\",\"author\":{\"@id\":\"https:\/\/www.africa-press.net\/senegal\/#\/schema\/person\/2b1cf3cd81a31e3cd26889ca66d677f1\"},\"description\":\"L\u2019Assemble\u0301e nationale a de\u0301clare\u0301, dimanche, prendre acte de la de\u0301cision d\u2019annulation du report de l\u2019e\u0301lection pre\u0301sid ...\",\"breadcrumb\":{\"@id\":\"https:\/\/www.africa-press.net\/senegal\/politique\/invalidation-du-report-de-la-presidentielle-lassemblee-nationale-prend-acte#breadcrumb\"},\"inLanguage\":\"fr-FR\",\"potentialAction\":[{\"@type\":\"ReadAction\",\"target\":[\"https:\/\/www.africa-press.net\/senegal\/politique\/invalidation-du-report-de-la-presidentielle-lassemblee-nationale-prend-acte\"]}]},{\"@type\":\"ImageObject\",\"inLanguage\":\"fr-FR\",\"@id\":\"https:\/\/www.africa-press.net\/senegal\/politique\/invalidation-du-report-de-la-presidentielle-lassemblee-nationale-prend-acte#primaryimage\",\"url\":\"https:\/\/static.africa-press.net\/senegal\/sites\/13\/2024\/02\/sm_1708286537.167486.jpg\",\"contentUrl\":\"https:\/\/static.africa-press.net\/senegal\/sites\/13\/2024\/02\/sm_1708286537.167486.jpg\",\"width\":1300,\"height\":635,\"caption\":\"Invalidation du report de la pr\u00e9sidentielle : l'Assembl\u00e9e nationale \\\"prend acte\\\"\"},{\"@type\":\"BreadcrumbList\",\"@id\":\"https:\/\/www.africa-press.net\/senegal\/politique\/invalidation-du-report-de-la-presidentielle-lassemblee-nationale-prend-acte#breadcrumb\",\"itemListElement\":[{\"@type\":\"ListItem\",\"position\":1,\"name\":\"Accueil\",\"item\":\"https:\/\/www.africa-press.net\/senegal\/\"},{\"@type\":\"ListItem\",\"position\":2,\"name\":\"Invalidation du report de la pr\u00e9sidentielle : l&#8217;Assembl\u00e9e nationale &#8220;prend acte&#8221;\"}]},{\"@type\":\"WebSite\",\"@id\":\"https:\/\/www.africa-press.net\/senegal\/#website\",\"url\":\"https:\/\/www.africa-press.net\/senegal\/\",\"name\":\"Africa Press | Senegal | Homepage\",\"description\":\"Just another Africa News Agency Sites site\",\"potentialAction\":[{\"@type\":\"SearchAction\",\"target\":{\"@type\":\"EntryPoint\",\"urlTemplate\":\"https:\/\/www.africa-press.net\/senegal\/?s={search_term_string}\"},\"query-input\":{\"@type\":\"PropertyValueSpecification\",\"valueRequired\":true,\"valueName\":\"search_term_string\"}}],\"inLanguage\":\"fr-FR\"},{\"@type\":\"Person\",\"@id\":\"https:\/\/www.africa-press.net\/senegal\/#\/schema\/person\/2b1cf3cd81a31e3cd26889ca66d677f1\",\"name\":\"cfeditorfr\",\"url\":\"https:\/\/www.africa-press.net\/senegal\/author\/cfeditorfr\"}]}<\/script>\n<!-- \/ Yoast SEO Premium plugin. -->","yoast_head_json":{"title":"Invalidation du report de la pr\u00e9sidentielle : l'Assembl\u00e9e nationale \"prend acte\" - Senegal","description":"L\u2019Assemble\u0301e nationale a de\u0301clare\u0301, dimanche, prendre acte de la de\u0301cision d\u2019annulation du report de l\u2019e\u0301lection pre\u0301sid ...","robots":{"index":"index","follow":"follow","max-snippet":"max-snippet:-1","max-image-preview":"max-image-preview:large","max-video-preview":"max-video-preview:-1"},"canonical":"https:\/\/www.africa-press.net\/senegal\/politique\/invalidation-du-report-de-la-presidentielle-lassemblee-nationale-prend-acte","og_locale":"fr_FR","og_type":"article","og_title":"Invalidation du report de la pr\u00e9sidentielle : l'Assembl\u00e9e nationale \"prend acte\"","og_description":"L\u2019Assemble\u0301e nationale a de\u0301clare\u0301, dimanche, prendre acte de la de\u0301cision d\u2019annulation du report de l\u2019e\u0301lection pre\u0301sid ...","og_url":"https:\/\/www.africa-press.net\/senegal\/politique\/invalidation-du-report-de-la-presidentielle-lassemblee-nationale-prend-acte","og_site_name":"Senegal","article_published_time":"2024-02-18T23:27:44+00:00","article_modified_time":"2024-02-19T00:33:07+00:00","og_image":[{"width":1300,"height":635,"url":"https:\/\/static.africa-press.net\/senegal\/sites\/13\/2024\/02\/sm_1708286537.167486.jpg","type":"image\/jpeg"}],"author":"cfeditorfr","twitter_card":"summary_large_image","twitter_misc":{"\u00c9crit par":"cfeditorfr","Dur\u00e9e de lecture estim\u00e9e":"1 minute"},"schema":{"@context":"https:\/\/schema.org","@graph":[{"@type":"Article","@id":"https:\/\/www.africa-press.net\/senegal\/politique\/invalidation-du-report-de-la-presidentielle-lassemblee-nationale-prend-acte#article","isPartOf":{"@id":"https:\/\/www.africa-press.net\/senegal\/politique\/invalidation-du-report-de-la-presidentielle-lassemblee-nationale-prend-acte"},"author":{"name":"cfeditorfr","@id":"https:\/\/www.africa-press.net\/senegal\/#\/schema\/person\/2b1cf3cd81a31e3cd26889ca66d677f1"},"headline":"Invalidation du report de la pr\u00e9sidentielle : l&rsquo;Assembl\u00e9e nationale \u00ab\u00a0prend acte\u00a0\u00bb","datePublished":"2024-02-18T23:27:44+00:00","dateModified":"2024-02-19T00:33:07+00:00","mainEntityOfPage":{"@id":"https:\/\/www.africa-press.net\/senegal\/politique\/invalidation-du-report-de-la-presidentielle-lassemblee-nationale-prend-acte"},"wordCount":272,"commentCount":0,"image":{"@id":"https:\/\/www.africa-press.net\/senegal\/politique\/invalidation-du-report-de-la-presidentielle-lassemblee-nationale-prend-acte#primaryimage"},"thumbnailUrl":"https:\/\/static.africa-press.net\/senegal\/sites\/13\/2024\/02\/sm_1708286537.167486.jpg","keywords":["Africa Press","Africa Press-Senegal","Senegal"],"articleSection":["Politique","Toutes les actualit\u00e9s"],"inLanguage":"fr-FR","potentialAction":[{"@type":"CommentAction","name":"Comment","target":["https:\/\/www.africa-press.net\/senegal\/politique\/invalidation-du-report-de-la-presidentielle-lassemblee-nationale-prend-acte#respond"]}]},{"@type":"WebPage","@id":"https:\/\/www.africa-press.net\/senegal\/politique\/invalidation-du-report-de-la-presidentielle-lassemblee-nationale-prend-acte","url":"https:\/\/www.africa-press.net\/senegal\/politique\/invalidation-du-report-de-la-presidentielle-lassemblee-nationale-prend-acte","name":"Invalidation du report de la pr\u00e9sidentielle : l'Assembl\u00e9e nationale \"prend acte\" - Senegal","isPartOf":{"@id":"https:\/\/www.africa-press.net\/senegal\/#website"},"primaryImageOfPage":{"@id":"https:\/\/www.africa-press.net\/senegal\/politique\/invalidation-du-report-de-la-presidentielle-lassemblee-nationale-prend-acte#primaryimage"},"image":{"@id":"https:\/\/www.africa-press.net\/senegal\/politique\/invalidation-du-report-de-la-presidentielle-lassemblee-nationale-prend-acte#primaryimage"},"thumbnailUrl":"https:\/\/static.africa-press.net\/senegal\/sites\/13\/2024\/02\/sm_1708286537.167486.jpg","datePublished":"2024-02-18T23:27:44+00:00","dateModified":"2024-02-19T00:33:07+00:00","author":{"@id":"https:\/\/www.africa-press.net\/senegal\/#\/schema\/person\/2b1cf3cd81a31e3cd26889ca66d677f1"},"description":"L\u2019Assemble\u0301e nationale a de\u0301clare\u0301, dimanche, prendre acte de la de\u0301cision d\u2019annulation du report de l\u2019e\u0301lection pre\u0301sid ...","breadcrumb":{"@id":"https:\/\/www.africa-press.net\/senegal\/politique\/invalidation-du-report-de-la-presidentielle-lassemblee-nationale-prend-acte#breadcrumb"},"inLanguage":"fr-FR","potentialAction":[{"@type":"ReadAction","target":["https:\/\/www.africa-press.net\/senegal\/politique\/invalidation-du-report-de-la-presidentielle-lassemblee-nationale-prend-acte"]}]},{"@type":"ImageObject","inLanguage":"fr-FR","@id":"https:\/\/www.africa-press.net\/senegal\/politique\/invalidation-du-report-de-la-presidentielle-lassemblee-nationale-prend-acte#primaryimage","url":"https:\/\/static.africa-press.net\/senegal\/sites\/13\/2024\/02\/sm_1708286537.167486.jpg","contentUrl":"https:\/\/static.africa-press.net\/senegal\/sites\/13\/2024\/02\/sm_1708286537.167486.jpg","width":1300,"height":635,"caption":"Invalidation du report de la pr\u00e9sidentielle : l'Assembl\u00e9e nationale \"prend acte\""},{"@type":"BreadcrumbList","@id":"https:\/\/www.africa-press.net\/senegal\/politique\/invalidation-du-report-de-la-presidentielle-lassemblee-nationale-prend-acte#breadcrumb","itemListElement":[{"@type":"ListItem","position":1,"name":"Accueil","item":"https:\/\/www.africa-press.net\/senegal\/"},{"@type":"ListItem","position":2,"name":"Invalidation du report de la pr\u00e9sidentielle : l&#8217;Assembl\u00e9e nationale &#8220;prend acte&#8221;"}]},{"@type":"WebSite","@id":"https:\/\/www.africa-press.net\/senegal\/#website","url":"https:\/\/www.africa-press.net\/senegal\/","name":"Africa Press | Senegal | Homepage","description":"Just another Africa News Agency Sites site","potentialAction":[{"@type":"SearchAction","target":{"@type":"EntryPoint","urlTemplate":"https:\/\/www.africa-press.net\/senegal\/?s={search_term_string}"},"query-input":{"@type":"PropertyValueSpecification","valueRequired":true,"valueName":"search_term_string"}}],"inLanguage":"fr-FR"},{"@type":"Person","@id":"https:\/\/www.africa-press.net\/senegal\/#\/schema\/person\/2b1cf3cd81a31e3cd26889ca66d677f1","name":"cfeditorfr","url":"https:\/\/www.africa-press.net\/senegal\/author\/cfeditorfr"}]}},"_links":{"self":[{"href":"https:\/\/www.africa-press.net\/senegal\/wp-json\/wp\/v2\/posts\/55911","targetHints":{"allow":["GET"]}}],"collection":[{"href":"https:\/\/www.africa-press.net\/senegal\/wp-json\/wp\/v2\/posts"}],"about":[{"href":"https:\/\/www.africa-press.net\/senegal\/wp-json\/wp\/v2\/types\/post"}],"author":[{"embeddable":true,"href":"https:\/\/www.africa-press.net\/senegal\/wp-json\/wp\/v2\/users\/82"}],"replies":[{"embeddable":true,"href":"https:\/\/www.africa-press.net\/senegal\/wp-json\/wp\/v2\/comments?post=55911"}],"version-history":[{"count":0,"href":"https:\/\/www.africa-press.net\/senegal\/wp-json\/wp\/v2\/posts\/55911\/revisions"}],"wp:featuredmedia":[{"embeddable":true,"href":"https:\/\/www.africa-press.net\/senegal\/wp-json\/wp\/v2\/media\/55910"}],"wp:attachment":[{"href":"https:\/\/www.africa-press.net\/senegal\/wp-json\/wp\/v2\/media?parent=55911"}],"wp:term":[{"taxonomy":"category","embeddable":true,"href":"https:\/\/www.africa-press.net\/senegal\/wp-json\/wp\/v2\/categories?post=55911"},{"taxonomy":"post_tag","embeddable":true,"href":"https:\/\/www.africa-press.net\/senegal\/wp-json\/wp\/v2\/tags?post=55911"}],"curies":[{"name":"wp","href":"https:\/\/api.w.org\/{rel}","templated":true}]}}