{"id":55914,"date":"2024-02-18T23:28:43","date_gmt":"2024-02-18T23:28:43","guid":{"rendered":"https:\/\/www.africa-press.net\/senegal\/politique\/presidentielle-2024-la-coalition-diomaye-president-exige-la-liberation-de-son-candidat"},"modified":"2024-02-19T00:33:29","modified_gmt":"2024-02-19T00:33:29","slug":"presidentielle-2024-la-coalition-diomaye-president-exige-la-liberation-de-son-candidat","status":"publish","type":"post","link":"https:\/\/www.africa-press.net\/senegal\/politique\/presidentielle-2024-la-coalition-diomaye-president-exige-la-liberation-de-son-candidat","title":{"rendered":"Pr\u00e9sidentielle 2024 : La coalition Diomaye Pr\u00e9sident exige la lib\u00e9ration de son candidat"},"content":{"rendered":"<p><span style=\"color: #ff6600\"><strong>Africa-Press &#8211; Senegal. <\/strong><\/span>Les soutiens de Bassirou Diomaye Faye, candidat d&rsquo;opposition incarce\u0301re\u0301 a\u0300 la pre\u0301sidentielle reporte\u0301e au Se\u0301ne\u0301gal, ont exige\u0301 sa \u00ab\u00a0libe\u0301ration sans de\u0301lai\u00a0\u00bb au nom \u00ab\u00a0de l&rsquo;e\u0301galite\u0301 de traitement\u00a0\u00bb, indique un communique\u0301 transmis dimanche a\u0300 Seneweb.<\/p>\n<p>\u00ab\u00a0Tous les candidats doivent e\u0302tre soumis au principe constitutionnel de l\u2019e\u0301galite\u0301 de traitement. C\u2019est pourquoi la libe\u0301ration sans de\u0301lai du candidat Bassirou Diomaye Diakhar Faye est une exigence populaire et respectueuse de la Constitution\u00a0\u00bb, indique le communique\u0301 de Diomaye Pre\u0301sident, la coalition qui le soutient.<\/p>\n<p>Elle souligne e\u0301galement \u00ab\u00a0la ne\u0301cessite\u0301 de libe\u0301rer urgemment le pre\u0301sident Ousmane Sonko, leader de l\u2019opposition\u00a0\u00bb.<\/p>\n<p>M. Sonko est e\u0301croue\u0301 depuis juillet 2023 pour appel a\u0300 l&rsquo;insurrection, association de malfaiteurs en lien avec une entreprise terroriste et atteinte a\u0300 la su\u0302rete\u0301 de l\u2019E\u0301tat.<\/p>\n<p>Bassirou Diomaye Faye est lui en de\u0301tention pre\u0301ventive depuis avril 2023. Le fait qu&rsquo;il n&rsquo;ait pas encore e\u0301te\u0301 juge\u0301 et condamne\u0301 est apparemment la raison pour laquelle sa candidature avait e\u0301te\u0301 retenue par le Conseil constitutionnel.<\/p>\n<p>Fin janvier, l&rsquo;Union europe\u0301enne avait juge\u0301 \u00ab\u00a0tre\u0300s important que les candidats qui ont e\u0301te\u0301 retenus par le Conseil constitutionnel puissent faire campagne en toute e\u0301galite\u0301\u00a0\u00bb avec leurs adversaires.<\/p>\n<p>Plusieurs dizaines d&rsquo;opposants ont e\u0301te\u0301 libe\u0301re\u0301s ces derniers jours, un geste d&rsquo;apaisement du re\u0301gime du pre\u0301sident Macky Sall qui ne reconnai\u0302t pas l&rsquo;existence de prisonniers politiques au Se\u0301ne\u0301gal.<\/p>\n<p>\u00ab\u00a0Tout en se fe\u0301licitant de la libe\u0301ration des de\u0301tenus politiques\u00a0\u00bb, la coalition Diomaye Pre\u0301sident \u00ab\u00a0demande que tous les prisonniers politiques encore injustement incarce\u0301re\u0301s soient imme\u0301diatement libe\u0301re\u0301s\u00a0\u00bb.<\/p>\n<p>La Rencontre africaine pour la de\u0301fense des droits de l&rsquo;homme (Raddho) s&rsquo;est fe\u0301licite\u0301e dans un communique\u0301 de la libe\u0301ration de ces personnes \u00ab\u00a0injustement\u00a0\u00bb de\u0301tenues, pour certaines depuis plus de deux ans.<\/p>\n<p>\u00ab\u00a0Selon des sources concordantes, 664 de\u0301tenus auraient recouvre\u0301 la liberte\u0301 et rejoint leur famille\u00a0\u00bb entre jeudi et vendredi, selon la Raddho.<\/p>\n<p>\u00ab\u00a0Cette vague de libe\u0301rations ne doit pas nous faire oublier que la plupart des personnes qui ont retrouve\u0301 aujourd\u2019hui la liberte\u0301 avaient e\u0301te\u0301 arbitrairement arre\u0302te\u0301es et ille\u0301galement de\u0301tenues dans des conditions extre\u0302mement inhumaines\u00a0\u00bb, affirme le communique\u0301.<\/p>\n<p>L&rsquo;ONG juge \u00ab\u00a0impe\u0301ratif, dans un pays dont la Constitution proclame que la personne humaine est +sacre\u0301e+ et +inviolable+ et que +l\u2019E\u0301tat a l\u2019obligation de la respecter et de la prote\u0301ger+, que les conditions d\u2019arrestation et de de\u0301tention des personnes soient respectueuses de la dignite\u0301 humaine\u00a0\u00bb.<\/p>\n<p>Le Se\u0301ne\u0301gal est entre\u0301 en crise de\u0301but fe\u0301vrier a\u0300 la suite du report de la pre\u0301sidentielle, initialement pre\u0301vue le 25 fe\u0301vrier, au 15 de\u0301cembre.<\/p>\n<p>Cet ajournement a e\u0301te\u0301 invalide\u0301 jeudi par le Conseil constitutionnel qui a exige\u0301 que le scrutin se tienne \u00ab\u00a0dans les meilleurs de\u0301lais\u00a0\u00bb, une de\u0301cision que s&rsquo;est engage\u0301 a\u0300 respecter le pre\u0301sident Macky Sall, dont le mandat de cinq ans expire le 2 avril.<\/p>\n<p><strong>Pour plus d&rsquo;informations et d&rsquo;analyses sur la <a href=\"https:\/\/www.africa-press.net\/senegal\">Senegal<\/a>, suivez <a href=\"https:\/\/www.africa-press.net\/\">Africa-Press<\/a><\/strong><\/p>\n","protected":false},"excerpt":{"rendered":"<p>Africa-Press &#8211; Senegal. Les soutiens de Bassirou Diomaye Faye, candidat d&rsquo;opposition incarce\u0301re\u0301 a\u0300 la pre\u0301sidentielle reporte\u0301e au Se\u0301ne\u0301gal, ont exige\u0301 sa \u00ab\u00a0libe\u0301ration sans de\u0301lai\u00a0\u00bb au nom \u00ab\u00a0de l&rsquo;e\u0301galite\u0301 de traitement\u00a0\u00bb, indique un communique\u0301 transmis dimanche a\u0300 Seneweb. \u00ab\u00a0Tous les candidats doivent e\u0302tre soumis au principe constitutionnel de l\u2019e\u0301galite\u0301 de traitement. C\u2019est pourquoi la libe\u0301ration sans [&hellip;]<\/p>\n","protected":false},"author":82,"featured_media":55913,"comment_status":"open","ping_status":"closed","sticky":false,"template":"","format":"standard","meta":{"footnotes":""},"categories":[2,10],"tags":[43,47,44],"class_list":["post-55914","post","type-post","status-publish","format-standard","has-post-thumbnail","hentry","category-politique","category-toutes-les-actualites","tag-africa-press-2","tag-africa-press-senegal","tag-senegal-2"],"yoast_head":"<!-- This site is optimized with the Yoast SEO Premium plugin v26.1 (Yoast SEO v27.0) - https:\/\/yoast.com\/product\/yoast-seo-premium-wordpress\/ -->\n<title>Pr\u00e9sidentielle 2024 : La coalition Diomaye Pr\u00e9sident exige la lib\u00e9ration de son candidat - Senegal<\/title>\n<meta name=\"description\" content=\"Les soutiens de Bassirou Diomaye Faye, candidat d&#039;opposition incarce\u0301re\u0301 a\u0300 la pre\u0301sidentielle reporte\u0301e au Se\u0301ne\u0301gal, o ...\" \/>\n<meta name=\"robots\" content=\"index, follow, max-snippet:-1, max-image-preview:large, max-video-preview:-1\" \/>\n<link rel=\"canonical\" href=\"https:\/\/www.africa-press.net\/senegal\/politique\/presidentielle-2024-la-coalition-diomaye-president-exige-la-liberation-de-son-candidat\" \/>\n<meta property=\"og:locale\" content=\"fr_FR\" \/>\n<meta property=\"og:type\" content=\"article\" \/>\n<meta property=\"og:title\" content=\"Pr\u00e9sidentielle 2024 : La coalition Diomaye Pr\u00e9sident exige la lib\u00e9ration de son candidat\" \/>\n<meta property=\"og:description\" content=\"Les soutiens de Bassirou Diomaye Faye, candidat d&#039;opposition incarce\u0301re\u0301 a\u0300 la pre\u0301sidentielle reporte\u0301e au Se\u0301ne\u0301gal, o ...\" \/>\n<meta property=\"og:url\" content=\"https:\/\/www.africa-press.net\/senegal\/politique\/presidentielle-2024-la-coalition-diomaye-president-exige-la-liberation-de-son-candidat\" \/>\n<meta property=\"og:site_name\" content=\"Senegal\" \/>\n<meta property=\"article:published_time\" content=\"2024-02-18T23:28:43+00:00\" \/>\n<meta property=\"article:modified_time\" content=\"2024-02-19T00:33:29+00:00\" \/>\n<meta property=\"og:image\" content=\"https:\/\/static.africa-press.net\/senegal\/sites\/13\/2024\/02\/sm_1708286555.408725.jpg\" \/>\n\t<meta property=\"og:image:width\" content=\"1188\" \/>\n\t<meta property=\"og:image:height\" content=\"577\" \/>\n\t<meta property=\"og:image:type\" content=\"image\/jpeg\" \/>\n<meta name=\"author\" content=\"cfeditorfr\" \/>\n<meta name=\"twitter:card\" content=\"summary_large_image\" \/>\n<meta name=\"twitter:label1\" content=\"\u00c9crit par\" \/>\n\t<meta name=\"twitter:data1\" content=\"cfeditorfr\" \/>\n\t<meta name=\"twitter:label2\" content=\"Dur\u00e9e de lecture estim\u00e9e\" \/>\n\t<meta name=\"twitter:data2\" content=\"3 minutes\" \/>\n<script type=\"application\/ld+json\" class=\"yoast-schema-graph\">{\"@context\":\"https:\/\/schema.org\",\"@graph\":[{\"@type\":\"Article\",\"@id\":\"https:\/\/www.africa-press.net\/senegal\/politique\/presidentielle-2024-la-coalition-diomaye-president-exige-la-liberation-de-son-candidat#article\",\"isPartOf\":{\"@id\":\"https:\/\/www.africa-press.net\/senegal\/politique\/presidentielle-2024-la-coalition-diomaye-president-exige-la-liberation-de-son-candidat\"},\"author\":{\"name\":\"cfeditorfr\",\"@id\":\"https:\/\/www.africa-press.net\/senegal\/#\/schema\/person\/2b1cf3cd81a31e3cd26889ca66d677f1\"},\"headline\":\"Pr\u00e9sidentielle 2024 : La coalition Diomaye Pr\u00e9sident exige la lib\u00e9ration de son candidat\",\"datePublished\":\"2024-02-18T23:28:43+00:00\",\"dateModified\":\"2024-02-19T00:33:29+00:00\",\"mainEntityOfPage\":{\"@id\":\"https:\/\/www.africa-press.net\/senegal\/politique\/presidentielle-2024-la-coalition-diomaye-president-exige-la-liberation-de-son-candidat\"},\"wordCount\":558,\"commentCount\":0,\"image\":{\"@id\":\"https:\/\/www.africa-press.net\/senegal\/politique\/presidentielle-2024-la-coalition-diomaye-president-exige-la-liberation-de-son-candidat#primaryimage\"},\"thumbnailUrl\":\"https:\/\/static.africa-press.net\/senegal\/sites\/13\/2024\/02\/sm_1708286555.408725.jpg\",\"keywords\":[\"Africa Press\",\"Africa Press-Senegal\",\"Senegal\"],\"articleSection\":[\"Politique\",\"Toutes les actualit\u00e9s\"],\"inLanguage\":\"fr-FR\",\"potentialAction\":[{\"@type\":\"CommentAction\",\"name\":\"Comment\",\"target\":[\"https:\/\/www.africa-press.net\/senegal\/politique\/presidentielle-2024-la-coalition-diomaye-president-exige-la-liberation-de-son-candidat#respond\"]}]},{\"@type\":\"WebPage\",\"@id\":\"https:\/\/www.africa-press.net\/senegal\/politique\/presidentielle-2024-la-coalition-diomaye-president-exige-la-liberation-de-son-candidat\",\"url\":\"https:\/\/www.africa-press.net\/senegal\/politique\/presidentielle-2024-la-coalition-diomaye-president-exige-la-liberation-de-son-candidat\",\"name\":\"Pr\u00e9sidentielle 2024 : La coalition Diomaye Pr\u00e9sident exige la lib\u00e9ration de son candidat - Senegal\",\"isPartOf\":{\"@id\":\"https:\/\/www.africa-press.net\/senegal\/#website\"},\"primaryImageOfPage\":{\"@id\":\"https:\/\/www.africa-press.net\/senegal\/politique\/presidentielle-2024-la-coalition-diomaye-president-exige-la-liberation-de-son-candidat#primaryimage\"},\"image\":{\"@id\":\"https:\/\/www.africa-press.net\/senegal\/politique\/presidentielle-2024-la-coalition-diomaye-president-exige-la-liberation-de-son-candidat#primaryimage\"},\"thumbnailUrl\":\"https:\/\/static.africa-press.net\/senegal\/sites\/13\/2024\/02\/sm_1708286555.408725.jpg\",\"datePublished\":\"2024-02-18T23:28:43+00:00\",\"dateModified\":\"2024-02-19T00:33:29+00:00\",\"author\":{\"@id\":\"https:\/\/www.africa-press.net\/senegal\/#\/schema\/person\/2b1cf3cd81a31e3cd26889ca66d677f1\"},\"description\":\"Les soutiens de Bassirou Diomaye Faye, candidat d'opposition incarce\u0301re\u0301 a\u0300 la pre\u0301sidentielle reporte\u0301e au Se\u0301ne\u0301gal, o ...\",\"breadcrumb\":{\"@id\":\"https:\/\/www.africa-press.net\/senegal\/politique\/presidentielle-2024-la-coalition-diomaye-president-exige-la-liberation-de-son-candidat#breadcrumb\"},\"inLanguage\":\"fr-FR\",\"potentialAction\":[{\"@type\":\"ReadAction\",\"target\":[\"https:\/\/www.africa-press.net\/senegal\/politique\/presidentielle-2024-la-coalition-diomaye-president-exige-la-liberation-de-son-candidat\"]}]},{\"@type\":\"ImageObject\",\"inLanguage\":\"fr-FR\",\"@id\":\"https:\/\/www.africa-press.net\/senegal\/politique\/presidentielle-2024-la-coalition-diomaye-president-exige-la-liberation-de-son-candidat#primaryimage\",\"url\":\"https:\/\/static.africa-press.net\/senegal\/sites\/13\/2024\/02\/sm_1708286555.408725.jpg\",\"contentUrl\":\"https:\/\/static.africa-press.net\/senegal\/sites\/13\/2024\/02\/sm_1708286555.408725.jpg\",\"width\":1188,\"height\":577,\"caption\":\"Pr\u00e9sidentielle 2024 : La coalition Diomaye Pr\u00e9sident exige la lib\u00e9ration de son candidat\"},{\"@type\":\"BreadcrumbList\",\"@id\":\"https:\/\/www.africa-press.net\/senegal\/politique\/presidentielle-2024-la-coalition-diomaye-president-exige-la-liberation-de-son-candidat#breadcrumb\",\"itemListElement\":[{\"@type\":\"ListItem\",\"position\":1,\"name\":\"Accueil\",\"item\":\"https:\/\/www.africa-press.net\/senegal\/\"},{\"@type\":\"ListItem\",\"position\":2,\"name\":\"Pr\u00e9sidentielle 2024 : La coalition Diomaye Pr\u00e9sident exige la lib\u00e9ration de son candidat\"}]},{\"@type\":\"WebSite\",\"@id\":\"https:\/\/www.africa-press.net\/senegal\/#website\",\"url\":\"https:\/\/www.africa-press.net\/senegal\/\",\"name\":\"Africa Press | Senegal | Homepage\",\"description\":\"Just another Africa News Agency Sites site\",\"potentialAction\":[{\"@type\":\"SearchAction\",\"target\":{\"@type\":\"EntryPoint\",\"urlTemplate\":\"https:\/\/www.africa-press.net\/senegal\/?s={search_term_string}\"},\"query-input\":{\"@type\":\"PropertyValueSpecification\",\"valueRequired\":true,\"valueName\":\"search_term_string\"}}],\"inLanguage\":\"fr-FR\"},{\"@type\":\"Person\",\"@id\":\"https:\/\/www.africa-press.net\/senegal\/#\/schema\/person\/2b1cf3cd81a31e3cd26889ca66d677f1\",\"name\":\"cfeditorfr\",\"url\":\"https:\/\/www.africa-press.net\/senegal\/author\/cfeditorfr\"}]}<\/script>\n<!-- \/ Yoast SEO Premium plugin. -->","yoast_head_json":{"title":"Pr\u00e9sidentielle 2024 : La coalition Diomaye Pr\u00e9sident exige la lib\u00e9ration de son candidat - Senegal","description":"Les soutiens de Bassirou Diomaye Faye, candidat d'opposition incarce\u0301re\u0301 a\u0300 la pre\u0301sidentielle reporte\u0301e au Se\u0301ne\u0301gal, o ...","robots":{"index":"index","follow":"follow","max-snippet":"max-snippet:-1","max-image-preview":"max-image-preview:large","max-video-preview":"max-video-preview:-1"},"canonical":"https:\/\/www.africa-press.net\/senegal\/politique\/presidentielle-2024-la-coalition-diomaye-president-exige-la-liberation-de-son-candidat","og_locale":"fr_FR","og_type":"article","og_title":"Pr\u00e9sidentielle 2024 : La coalition Diomaye Pr\u00e9sident exige la lib\u00e9ration de son candidat","og_description":"Les soutiens de Bassirou Diomaye Faye, candidat d'opposition incarce\u0301re\u0301 a\u0300 la pre\u0301sidentielle reporte\u0301e au Se\u0301ne\u0301gal, o ...","og_url":"https:\/\/www.africa-press.net\/senegal\/politique\/presidentielle-2024-la-coalition-diomaye-president-exige-la-liberation-de-son-candidat","og_site_name":"Senegal","article_published_time":"2024-02-18T23:28:43+00:00","article_modified_time":"2024-02-19T00:33:29+00:00","og_image":[{"width":1188,"height":577,"url":"https:\/\/static.africa-press.net\/senegal\/sites\/13\/2024\/02\/sm_1708286555.408725.jpg","type":"image\/jpeg"}],"author":"cfeditorfr","twitter_card":"summary_large_image","twitter_misc":{"\u00c9crit par":"cfeditorfr","Dur\u00e9e de lecture estim\u00e9e":"3 minutes"},"schema":{"@context":"https:\/\/schema.org","@graph":[{"@type":"Article","@id":"https:\/\/www.africa-press.net\/senegal\/politique\/presidentielle-2024-la-coalition-diomaye-president-exige-la-liberation-de-son-candidat#article","isPartOf":{"@id":"https:\/\/www.africa-press.net\/senegal\/politique\/presidentielle-2024-la-coalition-diomaye-president-exige-la-liberation-de-son-candidat"},"author":{"name":"cfeditorfr","@id":"https:\/\/www.africa-press.net\/senegal\/#\/schema\/person\/2b1cf3cd81a31e3cd26889ca66d677f1"},"headline":"Pr\u00e9sidentielle 2024 : La coalition Diomaye Pr\u00e9sident exige la lib\u00e9ration de son candidat","datePublished":"2024-02-18T23:28:43+00:00","dateModified":"2024-02-19T00:33:29+00:00","mainEntityOfPage":{"@id":"https:\/\/www.africa-press.net\/senegal\/politique\/presidentielle-2024-la-coalition-diomaye-president-exige-la-liberation-de-son-candidat"},"wordCount":558,"commentCount":0,"image":{"@id":"https:\/\/www.africa-press.net\/senegal\/politique\/presidentielle-2024-la-coalition-diomaye-president-exige-la-liberation-de-son-candidat#primaryimage"},"thumbnailUrl":"https:\/\/static.africa-press.net\/senegal\/sites\/13\/2024\/02\/sm_1708286555.408725.jpg","keywords":["Africa Press","Africa Press-Senegal","Senegal"],"articleSection":["Politique","Toutes les actualit\u00e9s"],"inLanguage":"fr-FR","potentialAction":[{"@type":"CommentAction","name":"Comment","target":["https:\/\/www.africa-press.net\/senegal\/politique\/presidentielle-2024-la-coalition-diomaye-president-exige-la-liberation-de-son-candidat#respond"]}]},{"@type":"WebPage","@id":"https:\/\/www.africa-press.net\/senegal\/politique\/presidentielle-2024-la-coalition-diomaye-president-exige-la-liberation-de-son-candidat","url":"https:\/\/www.africa-press.net\/senegal\/politique\/presidentielle-2024-la-coalition-diomaye-president-exige-la-liberation-de-son-candidat","name":"Pr\u00e9sidentielle 2024 : La coalition Diomaye Pr\u00e9sident exige la lib\u00e9ration de son candidat - Senegal","isPartOf":{"@id":"https:\/\/www.africa-press.net\/senegal\/#website"},"primaryImageOfPage":{"@id":"https:\/\/www.africa-press.net\/senegal\/politique\/presidentielle-2024-la-coalition-diomaye-president-exige-la-liberation-de-son-candidat#primaryimage"},"image":{"@id":"https:\/\/www.africa-press.net\/senegal\/politique\/presidentielle-2024-la-coalition-diomaye-president-exige-la-liberation-de-son-candidat#primaryimage"},"thumbnailUrl":"https:\/\/static.africa-press.net\/senegal\/sites\/13\/2024\/02\/sm_1708286555.408725.jpg","datePublished":"2024-02-18T23:28:43+00:00","dateModified":"2024-02-19T00:33:29+00:00","author":{"@id":"https:\/\/www.africa-press.net\/senegal\/#\/schema\/person\/2b1cf3cd81a31e3cd26889ca66d677f1"},"description":"Les soutiens de Bassirou Diomaye Faye, candidat d'opposition incarce\u0301re\u0301 a\u0300 la pre\u0301sidentielle reporte\u0301e au Se\u0301ne\u0301gal, o ...","breadcrumb":{"@id":"https:\/\/www.africa-press.net\/senegal\/politique\/presidentielle-2024-la-coalition-diomaye-president-exige-la-liberation-de-son-candidat#breadcrumb"},"inLanguage":"fr-FR","potentialAction":[{"@type":"ReadAction","target":["https:\/\/www.africa-press.net\/senegal\/politique\/presidentielle-2024-la-coalition-diomaye-president-exige-la-liberation-de-son-candidat"]}]},{"@type":"ImageObject","inLanguage":"fr-FR","@id":"https:\/\/www.africa-press.net\/senegal\/politique\/presidentielle-2024-la-coalition-diomaye-president-exige-la-liberation-de-son-candidat#primaryimage","url":"https:\/\/static.africa-press.net\/senegal\/sites\/13\/2024\/02\/sm_1708286555.408725.jpg","contentUrl":"https:\/\/static.africa-press.net\/senegal\/sites\/13\/2024\/02\/sm_1708286555.408725.jpg","width":1188,"height":577,"caption":"Pr\u00e9sidentielle 2024 : La coalition Diomaye Pr\u00e9sident exige la lib\u00e9ration de son candidat"},{"@type":"BreadcrumbList","@id":"https:\/\/www.africa-press.net\/senegal\/politique\/presidentielle-2024-la-coalition-diomaye-president-exige-la-liberation-de-son-candidat#breadcrumb","itemListElement":[{"@type":"ListItem","position":1,"name":"Accueil","item":"https:\/\/www.africa-press.net\/senegal\/"},{"@type":"ListItem","position":2,"name":"Pr\u00e9sidentielle 2024 : La coalition Diomaye Pr\u00e9sident exige la lib\u00e9ration de son candidat"}]},{"@type":"WebSite","@id":"https:\/\/www.africa-press.net\/senegal\/#website","url":"https:\/\/www.africa-press.net\/senegal\/","name":"Africa Press | Senegal | Homepage","description":"Just another Africa News Agency Sites site","potentialAction":[{"@type":"SearchAction","target":{"@type":"EntryPoint","urlTemplate":"https:\/\/www.africa-press.net\/senegal\/?s={search_term_string}"},"query-input":{"@type":"PropertyValueSpecification","valueRequired":true,"valueName":"search_term_string"}}],"inLanguage":"fr-FR"},{"@type":"Person","@id":"https:\/\/www.africa-press.net\/senegal\/#\/schema\/person\/2b1cf3cd81a31e3cd26889ca66d677f1","name":"cfeditorfr","url":"https:\/\/www.africa-press.net\/senegal\/author\/cfeditorfr"}]}},"_links":{"self":[{"href":"https:\/\/www.africa-press.net\/senegal\/wp-json\/wp\/v2\/posts\/55914","targetHints":{"allow":["GET"]}}],"collection":[{"href":"https:\/\/www.africa-press.net\/senegal\/wp-json\/wp\/v2\/posts"}],"about":[{"href":"https:\/\/www.africa-press.net\/senegal\/wp-json\/wp\/v2\/types\/post"}],"author":[{"embeddable":true,"href":"https:\/\/www.africa-press.net\/senegal\/wp-json\/wp\/v2\/users\/82"}],"replies":[{"embeddable":true,"href":"https:\/\/www.africa-press.net\/senegal\/wp-json\/wp\/v2\/comments?post=55914"}],"version-history":[{"count":0,"href":"https:\/\/www.africa-press.net\/senegal\/wp-json\/wp\/v2\/posts\/55914\/revisions"}],"wp:featuredmedia":[{"embeddable":true,"href":"https:\/\/www.africa-press.net\/senegal\/wp-json\/wp\/v2\/media\/55913"}],"wp:attachment":[{"href":"https:\/\/www.africa-press.net\/senegal\/wp-json\/wp\/v2\/media?parent=55914"}],"wp:term":[{"taxonomy":"category","embeddable":true,"href":"https:\/\/www.africa-press.net\/senegal\/wp-json\/wp\/v2\/categories?post=55914"},{"taxonomy":"post_tag","embeddable":true,"href":"https:\/\/www.africa-press.net\/senegal\/wp-json\/wp\/v2\/tags?post=55914"}],"curies":[{"name":"wp","href":"https:\/\/api.w.org\/{rel}","templated":true}]}}