{"id":55917,"date":"2024-02-18T15:00:48","date_gmt":"2024-02-18T15:00:48","guid":{"rendered":"https:\/\/www.africa-press.net\/senegal\/politique\/senegal-lunion-africaine-souhaite-des-elections-inclusives-libres-et-transparentes-aussi-vite-que-possible"},"modified":"2024-02-19T00:33:48","modified_gmt":"2024-02-19T00:33:48","slug":"senegal-lunion-africaine-souhaite-des-elections-inclusives-libres-et-transparentes-aussi-vite-que-possible","status":"publish","type":"post","link":"https:\/\/www.africa-press.net\/senegal\/politique\/senegal-lunion-africaine-souhaite-des-elections-inclusives-libres-et-transparentes-aussi-vite-que-possible","title":{"rendered":"S\u00e9n\u00e9gal : l&rsquo;Union africaine souhaite des \u00e9lections \u00a0\u00bb inclusives, libres et transparentes\u00a0\u00bb, aussi vite que possible"},"content":{"rendered":"<p><span style=\"color: #ff6600\"><strong>Africa-Press &#8211; Senegal. <\/strong><\/span>Le pre\u0301sident de la Commission de l&rsquo;Union africaine, Moussa Faki Mahamat, a souhaite\u0301 samedi la tenue d'\u00a0\u00bbe\u0301lections inclusives, libres et transparentes\u00a0\u00bb dans les meilleurs de\u0301lais au Se\u0301ne\u0301gal, apre\u0300s l&rsquo;annulation du report de la pre\u0301sidentielle qui y a de\u0301clenche\u0301 une crise.<\/p>\n<p>\u00ab\u00a0La situation au Se\u0301ne\u0301gal pays mode\u0300le en matie\u0300re de de\u0301mocratie nous pre\u0301occupe plus haut point\u00a0\u00bb, a de\u0301clare\u0301 Moussa Faki Mahamat a\u0300 l&rsquo;ouverture du sommet de l&rsquo;UA.<\/p>\n<p>Il a salue\u0301 \u00ab\u00a0la position du gouvernement se\u0301ne\u0301galais de prendre en haute conside\u0301ration\u00a0\u00bb la de\u0301cision du Conseil constitutionnel, qui a invalide\u0301 jeudi la de\u0301cision du pre\u0301sident se\u0301ne\u0301galais, Macky Sall, de reporter l&rsquo;e\u0301lection pre\u0301sidentielle.<\/p>\n<p>Il a souhaite\u0301 \u00ab\u00a0plein succe\u0300s aux consultations engage\u0301es par le gouvernement pour de\u0301cider dans un esprit consensuel la meilleure voie pour l&rsquo;organisation d&rsquo;e\u0301lections inclusive libres et transparentes\u00a0\u00bb dans les meilleurs de\u0301lais.<\/p>\n<p>Le chef de l&rsquo;Etat se\u0301ne\u0301galais s&rsquo;est engage\u0301 vendredi a\u0300 organiser la pre\u0301sidentielle \u00ab\u00a0dans les meilleurs de\u0301lais\u00a0\u00bb, en respectant l&rsquo;avis du Conseil constitutionnel.<\/p>\n<p>Sa de\u0301cision de\u0301but fe\u0301vrier de reporter a\u0300 la dernie\u0300re minute le scrutin du 25 fe\u0301vrier au mois de de\u0301cembre avait de\u0301clenche\u0301 la pire crise que le Se\u0301ne\u0301gal ait connue depuis des de\u0301cennies.<\/p>\n<p>Au pouvoir dans ce pays d&rsquo;Afrique de l&rsquo;Ouest depuis 2012, M. Sall avait affirme\u0301 ajourner les e\u0301lections en raison de diffe\u0301rends concernant la disqualification de candidats potentiels et de la crainte d&rsquo;un retour aux troubles observe\u0301s en 2021 et 2023.<\/p>\n<p>L&rsquo;opposition le suspectait de vouloir se maintenir au pouvoir par cette de\u0301cision.<\/p>\n<p><strong>Pour plus d&rsquo;informations et d&rsquo;analyses sur la <a href=\"https:\/\/www.africa-press.net\/senegal\">Senegal<\/a>, suivez <a href=\"https:\/\/www.africa-press.net\/\">Africa-Press<\/a><\/strong><\/p>\n","protected":false},"excerpt":{"rendered":"<p>Africa-Press &#8211; Senegal. Le pre\u0301sident de la Commission de l&rsquo;Union africaine, Moussa Faki Mahamat, a souhaite\u0301 samedi la tenue d&rsquo;\u00a0\u00bbe\u0301lections inclusives, libres et transparentes\u00a0\u00bb dans les meilleurs de\u0301lais au Se\u0301ne\u0301gal, apre\u0300s l&rsquo;annulation du report de la pre\u0301sidentielle qui y a de\u0301clenche\u0301 une crise. \u00ab\u00a0La situation au Se\u0301ne\u0301gal pays mode\u0300le en matie\u0300re de de\u0301mocratie nous pre\u0301occupe [&hellip;]<\/p>\n","protected":false},"author":82,"featured_media":55915,"comment_status":"open","ping_status":"closed","sticky":false,"template":"","format":"standard","meta":{"footnotes":""},"categories":[2,20,10],"tags":[43,47,44],"class_list":["post-55917","post","type-post","status-publish","format-standard","has-post-thumbnail","hentry","category-politique","category-top-nouvelles","category-toutes-les-actualites","tag-africa-press-2","tag-africa-press-senegal","tag-senegal-2"],"yoast_head":"<!-- This site is optimized with the Yoast SEO Premium plugin v26.1 (Yoast SEO v27.0) - https:\/\/yoast.com\/product\/yoast-seo-premium-wordpress\/ -->\n<title>S\u00e9n\u00e9gal : l&#039;Union africaine souhaite des \u00e9lections &quot; inclusives, libres et transparentes&quot;, aussi vite que possible - Senegal<\/title>\n<meta name=\"description\" content=\"Le pre\u0301sident de la Commission de l&#039;Union africaine, Moussa Faki Mahamat, a souhaite\u0301 samedi la tenue d&#039;&quot;e\u0301lections incl ...\" \/>\n<meta name=\"robots\" content=\"index, follow, max-snippet:-1, max-image-preview:large, max-video-preview:-1\" \/>\n<link rel=\"canonical\" href=\"https:\/\/www.africa-press.net\/senegal\/politique\/senegal-lunion-africaine-souhaite-des-elections-inclusives-libres-et-transparentes-aussi-vite-que-possible\" \/>\n<meta property=\"og:locale\" content=\"fr_FR\" \/>\n<meta property=\"og:type\" content=\"article\" \/>\n<meta property=\"og:title\" content=\"S\u00e9n\u00e9gal : l&#039;Union africaine souhaite des \u00e9lections &quot; inclusives, libres et transparentes&quot;, aussi vite que possible\" \/>\n<meta property=\"og:description\" content=\"Le pre\u0301sident de la Commission de l&#039;Union africaine, Moussa Faki Mahamat, a souhaite\u0301 samedi la tenue d&#039;&quot;e\u0301lections incl ...\" \/>\n<meta property=\"og:url\" content=\"https:\/\/www.africa-press.net\/senegal\/politique\/senegal-lunion-africaine-souhaite-des-elections-inclusives-libres-et-transparentes-aussi-vite-que-possible\" \/>\n<meta property=\"og:site_name\" content=\"Senegal\" \/>\n<meta property=\"article:published_time\" content=\"2024-02-18T15:00:48+00:00\" \/>\n<meta property=\"article:modified_time\" content=\"2024-02-19T00:33:48+00:00\" \/>\n<meta property=\"og:image\" content=\"https:\/\/static.africa-press.net\/senegal\/sites\/13\/2024\/02\/sm_1708286581.545177.jpg\" \/>\n\t<meta property=\"og:image:width\" content=\"1298\" \/>\n\t<meta property=\"og:image:height\" content=\"635\" \/>\n\t<meta property=\"og:image:type\" content=\"image\/jpeg\" \/>\n<meta name=\"author\" content=\"cfeditorfr\" \/>\n<meta name=\"twitter:card\" content=\"summary_large_image\" \/>\n<meta name=\"twitter:label1\" content=\"\u00c9crit par\" \/>\n\t<meta name=\"twitter:data1\" content=\"cfeditorfr\" \/>\n\t<meta name=\"twitter:label2\" content=\"Dur\u00e9e de lecture estim\u00e9e\" \/>\n\t<meta name=\"twitter:data2\" content=\"2 minutes\" \/>\n<script type=\"application\/ld+json\" class=\"yoast-schema-graph\">{\"@context\":\"https:\/\/schema.org\",\"@graph\":[{\"@type\":\"Article\",\"@id\":\"https:\/\/www.africa-press.net\/senegal\/politique\/senegal-lunion-africaine-souhaite-des-elections-inclusives-libres-et-transparentes-aussi-vite-que-possible#article\",\"isPartOf\":{\"@id\":\"https:\/\/www.africa-press.net\/senegal\/politique\/senegal-lunion-africaine-souhaite-des-elections-inclusives-libres-et-transparentes-aussi-vite-que-possible\"},\"author\":{\"name\":\"cfeditorfr\",\"@id\":\"https:\/\/www.africa-press.net\/senegal\/#\/schema\/person\/2b1cf3cd81a31e3cd26889ca66d677f1\"},\"headline\":\"S\u00e9n\u00e9gal : l&rsquo;Union africaine souhaite des \u00e9lections \u00a0\u00bb inclusives, libres et transparentes\u00a0\u00bb, aussi vite que possible\",\"datePublished\":\"2024-02-18T15:00:48+00:00\",\"dateModified\":\"2024-02-19T00:33:48+00:00\",\"mainEntityOfPage\":{\"@id\":\"https:\/\/www.africa-press.net\/senegal\/politique\/senegal-lunion-africaine-souhaite-des-elections-inclusives-libres-et-transparentes-aussi-vite-que-possible\"},\"wordCount\":327,\"commentCount\":0,\"image\":{\"@id\":\"https:\/\/www.africa-press.net\/senegal\/politique\/senegal-lunion-africaine-souhaite-des-elections-inclusives-libres-et-transparentes-aussi-vite-que-possible#primaryimage\"},\"thumbnailUrl\":\"https:\/\/static.africa-press.net\/senegal\/sites\/13\/2024\/02\/sm_1708286581.545177.jpg\",\"keywords\":[\"Africa Press\",\"Africa Press-Senegal\",\"Senegal\"],\"articleSection\":[\"Politique\",\"Top Nouvelles\",\"Toutes les actualit\u00e9s\"],\"inLanguage\":\"fr-FR\",\"potentialAction\":[{\"@type\":\"CommentAction\",\"name\":\"Comment\",\"target\":[\"https:\/\/www.africa-press.net\/senegal\/politique\/senegal-lunion-africaine-souhaite-des-elections-inclusives-libres-et-transparentes-aussi-vite-que-possible#respond\"]}]},{\"@type\":\"WebPage\",\"@id\":\"https:\/\/www.africa-press.net\/senegal\/politique\/senegal-lunion-africaine-souhaite-des-elections-inclusives-libres-et-transparentes-aussi-vite-que-possible\",\"url\":\"https:\/\/www.africa-press.net\/senegal\/politique\/senegal-lunion-africaine-souhaite-des-elections-inclusives-libres-et-transparentes-aussi-vite-que-possible\",\"name\":\"S\u00e9n\u00e9gal : l'Union africaine souhaite des \u00e9lections \\\" inclusives, libres et transparentes\\\", aussi vite que possible - Senegal\",\"isPartOf\":{\"@id\":\"https:\/\/www.africa-press.net\/senegal\/#website\"},\"primaryImageOfPage\":{\"@id\":\"https:\/\/www.africa-press.net\/senegal\/politique\/senegal-lunion-africaine-souhaite-des-elections-inclusives-libres-et-transparentes-aussi-vite-que-possible#primaryimage\"},\"image\":{\"@id\":\"https:\/\/www.africa-press.net\/senegal\/politique\/senegal-lunion-africaine-souhaite-des-elections-inclusives-libres-et-transparentes-aussi-vite-que-possible#primaryimage\"},\"thumbnailUrl\":\"https:\/\/static.africa-press.net\/senegal\/sites\/13\/2024\/02\/sm_1708286581.545177.jpg\",\"datePublished\":\"2024-02-18T15:00:48+00:00\",\"dateModified\":\"2024-02-19T00:33:48+00:00\",\"author\":{\"@id\":\"https:\/\/www.africa-press.net\/senegal\/#\/schema\/person\/2b1cf3cd81a31e3cd26889ca66d677f1\"},\"description\":\"Le pre\u0301sident de la Commission de l'Union africaine, Moussa Faki Mahamat, a souhaite\u0301 samedi la tenue d'\\\"e\u0301lections incl ...\",\"breadcrumb\":{\"@id\":\"https:\/\/www.africa-press.net\/senegal\/politique\/senegal-lunion-africaine-souhaite-des-elections-inclusives-libres-et-transparentes-aussi-vite-que-possible#breadcrumb\"},\"inLanguage\":\"fr-FR\",\"potentialAction\":[{\"@type\":\"ReadAction\",\"target\":[\"https:\/\/www.africa-press.net\/senegal\/politique\/senegal-lunion-africaine-souhaite-des-elections-inclusives-libres-et-transparentes-aussi-vite-que-possible\"]}]},{\"@type\":\"ImageObject\",\"inLanguage\":\"fr-FR\",\"@id\":\"https:\/\/www.africa-press.net\/senegal\/politique\/senegal-lunion-africaine-souhaite-des-elections-inclusives-libres-et-transparentes-aussi-vite-que-possible#primaryimage\",\"url\":\"https:\/\/static.africa-press.net\/senegal\/sites\/13\/2024\/02\/sm_1708286581.545177.jpg\",\"contentUrl\":\"https:\/\/static.africa-press.net\/senegal\/sites\/13\/2024\/02\/sm_1708286581.545177.jpg\",\"width\":1298,\"height\":635,\"caption\":\"S\u00e9n\u00e9gal : l'Union africaine souhaite des \u00e9lections \\\" inclusives, libres et transparentes\\\", aussi vite que possible\"},{\"@type\":\"BreadcrumbList\",\"@id\":\"https:\/\/www.africa-press.net\/senegal\/politique\/senegal-lunion-africaine-souhaite-des-elections-inclusives-libres-et-transparentes-aussi-vite-que-possible#breadcrumb\",\"itemListElement\":[{\"@type\":\"ListItem\",\"position\":1,\"name\":\"Accueil\",\"item\":\"https:\/\/www.africa-press.net\/senegal\/\"},{\"@type\":\"ListItem\",\"position\":2,\"name\":\"S\u00e9n\u00e9gal : l&#8217;Union africaine souhaite des \u00e9lections &#8221; inclusives, libres et transparentes&#8221;, aussi vite que possible\"}]},{\"@type\":\"WebSite\",\"@id\":\"https:\/\/www.africa-press.net\/senegal\/#website\",\"url\":\"https:\/\/www.africa-press.net\/senegal\/\",\"name\":\"Africa Press | Senegal | Homepage\",\"description\":\"Just another Africa News Agency Sites site\",\"potentialAction\":[{\"@type\":\"SearchAction\",\"target\":{\"@type\":\"EntryPoint\",\"urlTemplate\":\"https:\/\/www.africa-press.net\/senegal\/?s={search_term_string}\"},\"query-input\":{\"@type\":\"PropertyValueSpecification\",\"valueRequired\":true,\"valueName\":\"search_term_string\"}}],\"inLanguage\":\"fr-FR\"},{\"@type\":\"Person\",\"@id\":\"https:\/\/www.africa-press.net\/senegal\/#\/schema\/person\/2b1cf3cd81a31e3cd26889ca66d677f1\",\"name\":\"cfeditorfr\",\"url\":\"https:\/\/www.africa-press.net\/senegal\/author\/cfeditorfr\"}]}<\/script>\n<!-- \/ Yoast SEO Premium plugin. -->","yoast_head_json":{"title":"S\u00e9n\u00e9gal : l'Union africaine souhaite des \u00e9lections \" inclusives, libres et transparentes\", aussi vite que possible - Senegal","description":"Le pre\u0301sident de la Commission de l'Union africaine, Moussa Faki Mahamat, a souhaite\u0301 samedi la tenue d'\"e\u0301lections incl ...","robots":{"index":"index","follow":"follow","max-snippet":"max-snippet:-1","max-image-preview":"max-image-preview:large","max-video-preview":"max-video-preview:-1"},"canonical":"https:\/\/www.africa-press.net\/senegal\/politique\/senegal-lunion-africaine-souhaite-des-elections-inclusives-libres-et-transparentes-aussi-vite-que-possible","og_locale":"fr_FR","og_type":"article","og_title":"S\u00e9n\u00e9gal : l'Union africaine souhaite des \u00e9lections \" inclusives, libres et transparentes\", aussi vite que possible","og_description":"Le pre\u0301sident de la Commission de l'Union africaine, Moussa Faki Mahamat, a souhaite\u0301 samedi la tenue d'\"e\u0301lections incl ...","og_url":"https:\/\/www.africa-press.net\/senegal\/politique\/senegal-lunion-africaine-souhaite-des-elections-inclusives-libres-et-transparentes-aussi-vite-que-possible","og_site_name":"Senegal","article_published_time":"2024-02-18T15:00:48+00:00","article_modified_time":"2024-02-19T00:33:48+00:00","og_image":[{"width":1298,"height":635,"url":"https:\/\/static.africa-press.net\/senegal\/sites\/13\/2024\/02\/sm_1708286581.545177.jpg","type":"image\/jpeg"}],"author":"cfeditorfr","twitter_card":"summary_large_image","twitter_misc":{"\u00c9crit par":"cfeditorfr","Dur\u00e9e de lecture estim\u00e9e":"2 minutes"},"schema":{"@context":"https:\/\/schema.org","@graph":[{"@type":"Article","@id":"https:\/\/www.africa-press.net\/senegal\/politique\/senegal-lunion-africaine-souhaite-des-elections-inclusives-libres-et-transparentes-aussi-vite-que-possible#article","isPartOf":{"@id":"https:\/\/www.africa-press.net\/senegal\/politique\/senegal-lunion-africaine-souhaite-des-elections-inclusives-libres-et-transparentes-aussi-vite-que-possible"},"author":{"name":"cfeditorfr","@id":"https:\/\/www.africa-press.net\/senegal\/#\/schema\/person\/2b1cf3cd81a31e3cd26889ca66d677f1"},"headline":"S\u00e9n\u00e9gal : l&rsquo;Union africaine souhaite des \u00e9lections \u00a0\u00bb inclusives, libres et transparentes\u00a0\u00bb, aussi vite que possible","datePublished":"2024-02-18T15:00:48+00:00","dateModified":"2024-02-19T00:33:48+00:00","mainEntityOfPage":{"@id":"https:\/\/www.africa-press.net\/senegal\/politique\/senegal-lunion-africaine-souhaite-des-elections-inclusives-libres-et-transparentes-aussi-vite-que-possible"},"wordCount":327,"commentCount":0,"image":{"@id":"https:\/\/www.africa-press.net\/senegal\/politique\/senegal-lunion-africaine-souhaite-des-elections-inclusives-libres-et-transparentes-aussi-vite-que-possible#primaryimage"},"thumbnailUrl":"https:\/\/static.africa-press.net\/senegal\/sites\/13\/2024\/02\/sm_1708286581.545177.jpg","keywords":["Africa Press","Africa Press-Senegal","Senegal"],"articleSection":["Politique","Top Nouvelles","Toutes les actualit\u00e9s"],"inLanguage":"fr-FR","potentialAction":[{"@type":"CommentAction","name":"Comment","target":["https:\/\/www.africa-press.net\/senegal\/politique\/senegal-lunion-africaine-souhaite-des-elections-inclusives-libres-et-transparentes-aussi-vite-que-possible#respond"]}]},{"@type":"WebPage","@id":"https:\/\/www.africa-press.net\/senegal\/politique\/senegal-lunion-africaine-souhaite-des-elections-inclusives-libres-et-transparentes-aussi-vite-que-possible","url":"https:\/\/www.africa-press.net\/senegal\/politique\/senegal-lunion-africaine-souhaite-des-elections-inclusives-libres-et-transparentes-aussi-vite-que-possible","name":"S\u00e9n\u00e9gal : l'Union africaine souhaite des \u00e9lections \" inclusives, libres et transparentes\", aussi vite que possible - Senegal","isPartOf":{"@id":"https:\/\/www.africa-press.net\/senegal\/#website"},"primaryImageOfPage":{"@id":"https:\/\/www.africa-press.net\/senegal\/politique\/senegal-lunion-africaine-souhaite-des-elections-inclusives-libres-et-transparentes-aussi-vite-que-possible#primaryimage"},"image":{"@id":"https:\/\/www.africa-press.net\/senegal\/politique\/senegal-lunion-africaine-souhaite-des-elections-inclusives-libres-et-transparentes-aussi-vite-que-possible#primaryimage"},"thumbnailUrl":"https:\/\/static.africa-press.net\/senegal\/sites\/13\/2024\/02\/sm_1708286581.545177.jpg","datePublished":"2024-02-18T15:00:48+00:00","dateModified":"2024-02-19T00:33:48+00:00","author":{"@id":"https:\/\/www.africa-press.net\/senegal\/#\/schema\/person\/2b1cf3cd81a31e3cd26889ca66d677f1"},"description":"Le pre\u0301sident de la Commission de l'Union africaine, Moussa Faki Mahamat, a souhaite\u0301 samedi la tenue d'\"e\u0301lections incl ...","breadcrumb":{"@id":"https:\/\/www.africa-press.net\/senegal\/politique\/senegal-lunion-africaine-souhaite-des-elections-inclusives-libres-et-transparentes-aussi-vite-que-possible#breadcrumb"},"inLanguage":"fr-FR","potentialAction":[{"@type":"ReadAction","target":["https:\/\/www.africa-press.net\/senegal\/politique\/senegal-lunion-africaine-souhaite-des-elections-inclusives-libres-et-transparentes-aussi-vite-que-possible"]}]},{"@type":"ImageObject","inLanguage":"fr-FR","@id":"https:\/\/www.africa-press.net\/senegal\/politique\/senegal-lunion-africaine-souhaite-des-elections-inclusives-libres-et-transparentes-aussi-vite-que-possible#primaryimage","url":"https:\/\/static.africa-press.net\/senegal\/sites\/13\/2024\/02\/sm_1708286581.545177.jpg","contentUrl":"https:\/\/static.africa-press.net\/senegal\/sites\/13\/2024\/02\/sm_1708286581.545177.jpg","width":1298,"height":635,"caption":"S\u00e9n\u00e9gal : l'Union africaine souhaite des \u00e9lections \" inclusives, libres et transparentes\", aussi vite que possible"},{"@type":"BreadcrumbList","@id":"https:\/\/www.africa-press.net\/senegal\/politique\/senegal-lunion-africaine-souhaite-des-elections-inclusives-libres-et-transparentes-aussi-vite-que-possible#breadcrumb","itemListElement":[{"@type":"ListItem","position":1,"name":"Accueil","item":"https:\/\/www.africa-press.net\/senegal\/"},{"@type":"ListItem","position":2,"name":"S\u00e9n\u00e9gal : l&#8217;Union africaine souhaite des \u00e9lections &#8221; inclusives, libres et transparentes&#8221;, aussi vite que possible"}]},{"@type":"WebSite","@id":"https:\/\/www.africa-press.net\/senegal\/#website","url":"https:\/\/www.africa-press.net\/senegal\/","name":"Africa Press | Senegal | Homepage","description":"Just another Africa News Agency Sites site","potentialAction":[{"@type":"SearchAction","target":{"@type":"EntryPoint","urlTemplate":"https:\/\/www.africa-press.net\/senegal\/?s={search_term_string}"},"query-input":{"@type":"PropertyValueSpecification","valueRequired":true,"valueName":"search_term_string"}}],"inLanguage":"fr-FR"},{"@type":"Person","@id":"https:\/\/www.africa-press.net\/senegal\/#\/schema\/person\/2b1cf3cd81a31e3cd26889ca66d677f1","name":"cfeditorfr","url":"https:\/\/www.africa-press.net\/senegal\/author\/cfeditorfr"}]}},"_links":{"self":[{"href":"https:\/\/www.africa-press.net\/senegal\/wp-json\/wp\/v2\/posts\/55917","targetHints":{"allow":["GET"]}}],"collection":[{"href":"https:\/\/www.africa-press.net\/senegal\/wp-json\/wp\/v2\/posts"}],"about":[{"href":"https:\/\/www.africa-press.net\/senegal\/wp-json\/wp\/v2\/types\/post"}],"author":[{"embeddable":true,"href":"https:\/\/www.africa-press.net\/senegal\/wp-json\/wp\/v2\/users\/82"}],"replies":[{"embeddable":true,"href":"https:\/\/www.africa-press.net\/senegal\/wp-json\/wp\/v2\/comments?post=55917"}],"version-history":[{"count":0,"href":"https:\/\/www.africa-press.net\/senegal\/wp-json\/wp\/v2\/posts\/55917\/revisions"}],"wp:featuredmedia":[{"embeddable":true,"href":"https:\/\/www.africa-press.net\/senegal\/wp-json\/wp\/v2\/media\/55915"}],"wp:attachment":[{"href":"https:\/\/www.africa-press.net\/senegal\/wp-json\/wp\/v2\/media?parent=55917"}],"wp:term":[{"taxonomy":"category","embeddable":true,"href":"https:\/\/www.africa-press.net\/senegal\/wp-json\/wp\/v2\/categories?post=55917"},{"taxonomy":"post_tag","embeddable":true,"href":"https:\/\/www.africa-press.net\/senegal\/wp-json\/wp\/v2\/tags?post=55917"}],"curies":[{"name":"wp","href":"https:\/\/api.w.org\/{rel}","templated":true}]}}