{"id":55921,"date":"2024-02-18T23:33:17","date_gmt":"2024-02-18T23:33:17","guid":{"rendered":"https:\/\/www.africa-press.net\/senegal\/politique\/melenchon-les-senegalais-devraient-pouvoir-choisir-qui-ils-veulent-comme-president"},"modified":"2024-02-18T23:33:17","modified_gmt":"2024-02-18T23:33:17","slug":"melenchon-les-senegalais-devraient-pouvoir-choisir-qui-ils-veulent-comme-president","status":"publish","type":"post","link":"https:\/\/www.africa-press.net\/senegal\/politique\/melenchon-les-senegalais-devraient-pouvoir-choisir-qui-ils-veulent-comme-president","title":{"rendered":"M\u00e9lenchon : \u00ab\u00a0Les S\u00e9n\u00e9galais devraient pouvoir choisir qui ils veulent comme pr\u00e9sident\u00a0\u00bb"},"content":{"rendered":"<p><span style=\"color: #ff6600\"><strong>Africa-Press &#8211; Senegal. <\/strong><\/span>Les Se\u0301ne\u0301galais \u00ab\u00a0devraient pouvoir s&rsquo;exprimer librement et choisir qui ils veulent comme pre\u0301sident de la Re\u0301publique\u00a0\u00bb, a lance\u0301 samedi le leader de la gauche radicale Jean-Luc Me\u0301lenchon lors d&rsquo;un rassemblement de la diaspora se\u0301ne\u0301galaise a\u0300 Paris, tandis que des milliers d&rsquo;opposants manifestaient a\u0300 Dakar leur opposition au report de l&rsquo;e\u0301lection pre\u0301sidentielle.<\/p>\n<p>\u00ab\u00a0La vertu des e\u0301lections est qu&rsquo;elles permettent de se corriger d&rsquo;une e\u0301lection a\u0300 l&rsquo;autre (&#8230;) si on enle\u0300ve a\u0300 la force de la loi et aux e\u0301lections cette puissance, c&rsquo;est comme si on les vidait de toute utilite\u0301 et de toute leur re\u0301alite\u0301\u00a0\u00bb, a ajoute\u0301 le chef de file de La France insoumise.<\/p>\n<p>Jean-Luc Me\u0301lenchon a livre\u0301 un discours devant quelques centaines de personnes re\u0301unies place de la Re\u0301publique a\u0300 Paris, dont certaines scandaient \u00ab\u00a0Macky de\u0301gage, le peuple en a marre\u00a0\u00bb, selon une e\u0301quipe de l&rsquo;AFP sur place.<\/p>\n<p>Des milliers d&rsquo;opposants au pre\u0301sident se\u0301ne\u0301galais Macky Sall manifestaient au me\u0302me moment samedi a\u0300 Dakar, premie\u0300re marche autorise\u0301e depuis l&rsquo;annonce il y a deux semaines par le chef de l&rsquo;Etat du report de la pre\u0301sidentielle du 25 fe\u0301vrier, de\u0301cision ensuite invalide\u0301e par le Conseil constitutionnel.<\/p>\n<p>Les pre\u0301ce\u0301dentes manifestations organise\u0301es pour s\u2019opposer au report et au vote de de\u0301pute\u0301s fixant la date du scrutin au 15 de\u0301cembre, toutes interdites, avaient donne\u0301 lieu a\u0300 des violences et de nombreuses arrestations. Trois personnes avaient e\u0301te\u0301 tue\u0301es le 9 fe\u0301vrier.<\/p>\n<p>Le fondateur de la France insoumise e\u0301tait accompagne\u0301 a\u0300 la tribune du de\u0301pute\u0301 des Se\u0301ne\u0301galais de l&rsquo;e\u0301tranger Alioune Sall, membre du Pastef, le parti du principal opposant Ousmane Sonko, dissous en juillet 2023.<\/p>\n<p>\u00ab\u00a0Il y a de\u0301ja\u0300 quelques temps que je me fais un honneur de me tenir aux co\u0302te\u0301s d&rsquo;Ousmane Sonko lorsqu&rsquo;il a commence\u0301 la bataille qu&rsquo;il a engage\u0301\u00a0\u00bb mais \u00ab\u00a0ce que nous repre\u0301sentons ici, ce sont toutes les oppositions se\u0301ne\u0301galaises dans leurs diversite\u0301s\u00a0\u00bb, a rappele\u0301 Jean-Luc Me\u0301lenchon.<\/p>\n<p><strong>Pour plus d&rsquo;informations et d&rsquo;analyses sur la <a href=\"https:\/\/www.africa-press.net\/senegal\">Senegal<\/a>, suivez <a href=\"https:\/\/www.africa-press.net\/\">Africa-Press<\/a><\/strong><\/p>\n","protected":false},"excerpt":{"rendered":"<p>Africa-Press &#8211; Senegal. Les Se\u0301ne\u0301galais \u00ab\u00a0devraient pouvoir s&rsquo;exprimer librement et choisir qui ils veulent comme pre\u0301sident de la Re\u0301publique\u00a0\u00bb, a lance\u0301 samedi le leader de la gauche radicale Jean-Luc Me\u0301lenchon lors d&rsquo;un rassemblement de la diaspora se\u0301ne\u0301galaise a\u0300 Paris, tandis que des milliers d&rsquo;opposants manifestaient a\u0300 Dakar leur opposition au report de l&rsquo;e\u0301lection pre\u0301sidentielle. \u00ab\u00a0La [&hellip;]<\/p>\n","protected":false},"author":82,"featured_media":55920,"comment_status":"open","ping_status":"closed","sticky":false,"template":"","format":"standard","meta":{"footnotes":""},"categories":[2,10],"tags":[43,47,44],"class_list":["post-55921","post","type-post","status-publish","format-standard","has-post-thumbnail","hentry","category-politique","category-toutes-les-actualites","tag-africa-press-2","tag-africa-press-senegal","tag-senegal-2"],"yoast_head":"<!-- This site is optimized with the Yoast SEO Premium plugin v26.1 (Yoast SEO v27.0) - https:\/\/yoast.com\/product\/yoast-seo-premium-wordpress\/ -->\n<title>M\u00e9lenchon : &quot;Les S\u00e9n\u00e9galais devraient pouvoir choisir qui ils veulent comme pr\u00e9sident&quot; - Senegal<\/title>\n<meta name=\"robots\" content=\"index, follow, max-snippet:-1, max-image-preview:large, max-video-preview:-1\" \/>\n<link rel=\"canonical\" href=\"https:\/\/www.africa-press.net\/senegal\/politique\/melenchon-les-senegalais-devraient-pouvoir-choisir-qui-ils-veulent-comme-president\" \/>\n<meta property=\"og:locale\" content=\"fr_FR\" \/>\n<meta property=\"og:type\" content=\"article\" \/>\n<meta property=\"og:title\" content=\"M\u00e9lenchon : &quot;Les S\u00e9n\u00e9galais devraient pouvoir choisir qui ils veulent comme pr\u00e9sident&quot;\" \/>\n<meta property=\"og:description\" content=\"Africa-Press &#8211; Senegal. Les Se\u0301ne\u0301galais \u00ab\u00a0devraient pouvoir s&rsquo;exprimer librement et choisir qui ils veulent comme pre\u0301sident de la Re\u0301publique\u00a0\u00bb, a lance\u0301 samedi le leader de la gauche radicale Jean-Luc Me\u0301lenchon lors d&rsquo;un rassemblement de la diaspora se\u0301ne\u0301galaise a\u0300 Paris, tandis que des milliers d&rsquo;opposants manifestaient a\u0300 Dakar leur opposition au report de l&rsquo;e\u0301lection pre\u0301sidentielle. \u00ab\u00a0La [&hellip;]\" \/>\n<meta property=\"og:url\" content=\"https:\/\/www.africa-press.net\/senegal\/politique\/melenchon-les-senegalais-devraient-pouvoir-choisir-qui-ils-veulent-comme-president\" \/>\n<meta property=\"og:site_name\" content=\"Senegal\" \/>\n<meta property=\"article:published_time\" content=\"2024-02-18T23:33:17+00:00\" \/>\n<meta name=\"author\" content=\"cfeditorfr\" \/>\n<meta name=\"twitter:card\" content=\"summary_large_image\" \/>\n<meta name=\"twitter:label1\" content=\"\u00c9crit par\" \/>\n\t<meta name=\"twitter:data1\" content=\"cfeditorfr\" \/>\n\t<meta name=\"twitter:label2\" content=\"Dur\u00e9e de lecture estim\u00e9e\" \/>\n\t<meta name=\"twitter:data2\" content=\"2 minutes\" \/>\n<script type=\"application\/ld+json\" class=\"yoast-schema-graph\">{\"@context\":\"https:\/\/schema.org\",\"@graph\":[{\"@type\":\"Article\",\"@id\":\"https:\/\/www.africa-press.net\/senegal\/politique\/melenchon-les-senegalais-devraient-pouvoir-choisir-qui-ils-veulent-comme-president#article\",\"isPartOf\":{\"@id\":\"https:\/\/www.africa-press.net\/senegal\/politique\/melenchon-les-senegalais-devraient-pouvoir-choisir-qui-ils-veulent-comme-president\"},\"author\":{\"name\":\"cfeditorfr\",\"@id\":\"https:\/\/www.africa-press.net\/senegal\/#\/schema\/person\/2b1cf3cd81a31e3cd26889ca66d677f1\"},\"headline\":\"M\u00e9lenchon : \u00ab\u00a0Les S\u00e9n\u00e9galais devraient pouvoir choisir qui ils veulent comme pr\u00e9sident\u00a0\u00bb\",\"datePublished\":\"2024-02-18T23:33:17+00:00\",\"mainEntityOfPage\":{\"@id\":\"https:\/\/www.africa-press.net\/senegal\/politique\/melenchon-les-senegalais-devraient-pouvoir-choisir-qui-ils-veulent-comme-president\"},\"wordCount\":397,\"commentCount\":0,\"image\":{\"@id\":\"https:\/\/www.africa-press.net\/senegal\/politique\/melenchon-les-senegalais-devraient-pouvoir-choisir-qui-ils-veulent-comme-president#primaryimage\"},\"thumbnailUrl\":\"https:\/\/static.africa-press.net\/senegal\/sites\/13\/2024\/02\/sm_1708289167.5037.jpg\",\"keywords\":[\"Africa Press\",\"Africa Press-Senegal\",\"Senegal\"],\"articleSection\":[\"Politique\",\"Toutes les actualit\u00e9s\"],\"inLanguage\":\"fr-FR\",\"potentialAction\":[{\"@type\":\"CommentAction\",\"name\":\"Comment\",\"target\":[\"https:\/\/www.africa-press.net\/senegal\/politique\/melenchon-les-senegalais-devraient-pouvoir-choisir-qui-ils-veulent-comme-president#respond\"]}]},{\"@type\":\"WebPage\",\"@id\":\"https:\/\/www.africa-press.net\/senegal\/politique\/melenchon-les-senegalais-devraient-pouvoir-choisir-qui-ils-veulent-comme-president\",\"url\":\"https:\/\/www.africa-press.net\/senegal\/politique\/melenchon-les-senegalais-devraient-pouvoir-choisir-qui-ils-veulent-comme-president\",\"name\":\"M\u00e9lenchon : \\\"Les S\u00e9n\u00e9galais devraient pouvoir choisir qui ils veulent comme pr\u00e9sident\\\" - Senegal\",\"isPartOf\":{\"@id\":\"https:\/\/www.africa-press.net\/senegal\/#website\"},\"primaryImageOfPage\":{\"@id\":\"https:\/\/www.africa-press.net\/senegal\/politique\/melenchon-les-senegalais-devraient-pouvoir-choisir-qui-ils-veulent-comme-president#primaryimage\"},\"image\":{\"@id\":\"https:\/\/www.africa-press.net\/senegal\/politique\/melenchon-les-senegalais-devraient-pouvoir-choisir-qui-ils-veulent-comme-president#primaryimage\"},\"thumbnailUrl\":\"https:\/\/static.africa-press.net\/senegal\/sites\/13\/2024\/02\/sm_1708289167.5037.jpg\",\"datePublished\":\"2024-02-18T23:33:17+00:00\",\"author\":{\"@id\":\"https:\/\/www.africa-press.net\/senegal\/#\/schema\/person\/2b1cf3cd81a31e3cd26889ca66d677f1\"},\"breadcrumb\":{\"@id\":\"https:\/\/www.africa-press.net\/senegal\/politique\/melenchon-les-senegalais-devraient-pouvoir-choisir-qui-ils-veulent-comme-president#breadcrumb\"},\"inLanguage\":\"fr-FR\",\"potentialAction\":[{\"@type\":\"ReadAction\",\"target\":[\"https:\/\/www.africa-press.net\/senegal\/politique\/melenchon-les-senegalais-devraient-pouvoir-choisir-qui-ils-veulent-comme-president\"]}]},{\"@type\":\"ImageObject\",\"inLanguage\":\"fr-FR\",\"@id\":\"https:\/\/www.africa-press.net\/senegal\/politique\/melenchon-les-senegalais-devraient-pouvoir-choisir-qui-ils-veulent-comme-president#primaryimage\",\"url\":\"https:\/\/static.africa-press.net\/senegal\/sites\/13\/2024\/02\/sm_1708289167.5037.jpg\",\"contentUrl\":\"https:\/\/static.africa-press.net\/senegal\/sites\/13\/2024\/02\/sm_1708289167.5037.jpg\",\"width\":1306,\"height\":632,\"caption\":\"M\u00e9lenchon : \\\"Les S\u00e9n\u00e9galais devraient pouvoir choisir qui ils veulent comme pr\u00e9sident\\\"\"},{\"@type\":\"BreadcrumbList\",\"@id\":\"https:\/\/www.africa-press.net\/senegal\/politique\/melenchon-les-senegalais-devraient-pouvoir-choisir-qui-ils-veulent-comme-president#breadcrumb\",\"itemListElement\":[{\"@type\":\"ListItem\",\"position\":1,\"name\":\"Accueil\",\"item\":\"https:\/\/www.africa-press.net\/senegal\/\"},{\"@type\":\"ListItem\",\"position\":2,\"name\":\"M\u00e9lenchon : &#8220;Les S\u00e9n\u00e9galais devraient pouvoir choisir qui ils veulent comme pr\u00e9sident&#8221;\"}]},{\"@type\":\"WebSite\",\"@id\":\"https:\/\/www.africa-press.net\/senegal\/#website\",\"url\":\"https:\/\/www.africa-press.net\/senegal\/\",\"name\":\"Africa Press | Senegal | Homepage\",\"description\":\"Just another Africa News Agency Sites site\",\"potentialAction\":[{\"@type\":\"SearchAction\",\"target\":{\"@type\":\"EntryPoint\",\"urlTemplate\":\"https:\/\/www.africa-press.net\/senegal\/?s={search_term_string}\"},\"query-input\":{\"@type\":\"PropertyValueSpecification\",\"valueRequired\":true,\"valueName\":\"search_term_string\"}}],\"inLanguage\":\"fr-FR\"},{\"@type\":\"Person\",\"@id\":\"https:\/\/www.africa-press.net\/senegal\/#\/schema\/person\/2b1cf3cd81a31e3cd26889ca66d677f1\",\"name\":\"cfeditorfr\",\"url\":\"https:\/\/www.africa-press.net\/senegal\/author\/cfeditorfr\"}]}<\/script>\n<!-- \/ Yoast SEO Premium plugin. -->","yoast_head_json":{"title":"M\u00e9lenchon : \"Les S\u00e9n\u00e9galais devraient pouvoir choisir qui ils veulent comme pr\u00e9sident\" - Senegal","robots":{"index":"index","follow":"follow","max-snippet":"max-snippet:-1","max-image-preview":"max-image-preview:large","max-video-preview":"max-video-preview:-1"},"canonical":"https:\/\/www.africa-press.net\/senegal\/politique\/melenchon-les-senegalais-devraient-pouvoir-choisir-qui-ils-veulent-comme-president","og_locale":"fr_FR","og_type":"article","og_title":"M\u00e9lenchon : \"Les S\u00e9n\u00e9galais devraient pouvoir choisir qui ils veulent comme pr\u00e9sident\"","og_description":"Africa-Press &#8211; Senegal. Les Se\u0301ne\u0301galais \u00ab\u00a0devraient pouvoir s&rsquo;exprimer librement et choisir qui ils veulent comme pre\u0301sident de la Re\u0301publique\u00a0\u00bb, a lance\u0301 samedi le leader de la gauche radicale Jean-Luc Me\u0301lenchon lors d&rsquo;un rassemblement de la diaspora se\u0301ne\u0301galaise a\u0300 Paris, tandis que des milliers d&rsquo;opposants manifestaient a\u0300 Dakar leur opposition au report de l&rsquo;e\u0301lection pre\u0301sidentielle. \u00ab\u00a0La [&hellip;]","og_url":"https:\/\/www.africa-press.net\/senegal\/politique\/melenchon-les-senegalais-devraient-pouvoir-choisir-qui-ils-veulent-comme-president","og_site_name":"Senegal","article_published_time":"2024-02-18T23:33:17+00:00","author":"cfeditorfr","twitter_card":"summary_large_image","twitter_misc":{"\u00c9crit par":"cfeditorfr","Dur\u00e9e de lecture estim\u00e9e":"2 minutes"},"schema":{"@context":"https:\/\/schema.org","@graph":[{"@type":"Article","@id":"https:\/\/www.africa-press.net\/senegal\/politique\/melenchon-les-senegalais-devraient-pouvoir-choisir-qui-ils-veulent-comme-president#article","isPartOf":{"@id":"https:\/\/www.africa-press.net\/senegal\/politique\/melenchon-les-senegalais-devraient-pouvoir-choisir-qui-ils-veulent-comme-president"},"author":{"name":"cfeditorfr","@id":"https:\/\/www.africa-press.net\/senegal\/#\/schema\/person\/2b1cf3cd81a31e3cd26889ca66d677f1"},"headline":"M\u00e9lenchon : \u00ab\u00a0Les S\u00e9n\u00e9galais devraient pouvoir choisir qui ils veulent comme pr\u00e9sident\u00a0\u00bb","datePublished":"2024-02-18T23:33:17+00:00","mainEntityOfPage":{"@id":"https:\/\/www.africa-press.net\/senegal\/politique\/melenchon-les-senegalais-devraient-pouvoir-choisir-qui-ils-veulent-comme-president"},"wordCount":397,"commentCount":0,"image":{"@id":"https:\/\/www.africa-press.net\/senegal\/politique\/melenchon-les-senegalais-devraient-pouvoir-choisir-qui-ils-veulent-comme-president#primaryimage"},"thumbnailUrl":"https:\/\/static.africa-press.net\/senegal\/sites\/13\/2024\/02\/sm_1708289167.5037.jpg","keywords":["Africa Press","Africa Press-Senegal","Senegal"],"articleSection":["Politique","Toutes les actualit\u00e9s"],"inLanguage":"fr-FR","potentialAction":[{"@type":"CommentAction","name":"Comment","target":["https:\/\/www.africa-press.net\/senegal\/politique\/melenchon-les-senegalais-devraient-pouvoir-choisir-qui-ils-veulent-comme-president#respond"]}]},{"@type":"WebPage","@id":"https:\/\/www.africa-press.net\/senegal\/politique\/melenchon-les-senegalais-devraient-pouvoir-choisir-qui-ils-veulent-comme-president","url":"https:\/\/www.africa-press.net\/senegal\/politique\/melenchon-les-senegalais-devraient-pouvoir-choisir-qui-ils-veulent-comme-president","name":"M\u00e9lenchon : \"Les S\u00e9n\u00e9galais devraient pouvoir choisir qui ils veulent comme pr\u00e9sident\" - Senegal","isPartOf":{"@id":"https:\/\/www.africa-press.net\/senegal\/#website"},"primaryImageOfPage":{"@id":"https:\/\/www.africa-press.net\/senegal\/politique\/melenchon-les-senegalais-devraient-pouvoir-choisir-qui-ils-veulent-comme-president#primaryimage"},"image":{"@id":"https:\/\/www.africa-press.net\/senegal\/politique\/melenchon-les-senegalais-devraient-pouvoir-choisir-qui-ils-veulent-comme-president#primaryimage"},"thumbnailUrl":"https:\/\/static.africa-press.net\/senegal\/sites\/13\/2024\/02\/sm_1708289167.5037.jpg","datePublished":"2024-02-18T23:33:17+00:00","author":{"@id":"https:\/\/www.africa-press.net\/senegal\/#\/schema\/person\/2b1cf3cd81a31e3cd26889ca66d677f1"},"breadcrumb":{"@id":"https:\/\/www.africa-press.net\/senegal\/politique\/melenchon-les-senegalais-devraient-pouvoir-choisir-qui-ils-veulent-comme-president#breadcrumb"},"inLanguage":"fr-FR","potentialAction":[{"@type":"ReadAction","target":["https:\/\/www.africa-press.net\/senegal\/politique\/melenchon-les-senegalais-devraient-pouvoir-choisir-qui-ils-veulent-comme-president"]}]},{"@type":"ImageObject","inLanguage":"fr-FR","@id":"https:\/\/www.africa-press.net\/senegal\/politique\/melenchon-les-senegalais-devraient-pouvoir-choisir-qui-ils-veulent-comme-president#primaryimage","url":"https:\/\/static.africa-press.net\/senegal\/sites\/13\/2024\/02\/sm_1708289167.5037.jpg","contentUrl":"https:\/\/static.africa-press.net\/senegal\/sites\/13\/2024\/02\/sm_1708289167.5037.jpg","width":1306,"height":632,"caption":"M\u00e9lenchon : \"Les S\u00e9n\u00e9galais devraient pouvoir choisir qui ils veulent comme pr\u00e9sident\""},{"@type":"BreadcrumbList","@id":"https:\/\/www.africa-press.net\/senegal\/politique\/melenchon-les-senegalais-devraient-pouvoir-choisir-qui-ils-veulent-comme-president#breadcrumb","itemListElement":[{"@type":"ListItem","position":1,"name":"Accueil","item":"https:\/\/www.africa-press.net\/senegal\/"},{"@type":"ListItem","position":2,"name":"M\u00e9lenchon : &#8220;Les S\u00e9n\u00e9galais devraient pouvoir choisir qui ils veulent comme pr\u00e9sident&#8221;"}]},{"@type":"WebSite","@id":"https:\/\/www.africa-press.net\/senegal\/#website","url":"https:\/\/www.africa-press.net\/senegal\/","name":"Africa Press | Senegal | Homepage","description":"Just another Africa News Agency Sites site","potentialAction":[{"@type":"SearchAction","target":{"@type":"EntryPoint","urlTemplate":"https:\/\/www.africa-press.net\/senegal\/?s={search_term_string}"},"query-input":{"@type":"PropertyValueSpecification","valueRequired":true,"valueName":"search_term_string"}}],"inLanguage":"fr-FR"},{"@type":"Person","@id":"https:\/\/www.africa-press.net\/senegal\/#\/schema\/person\/2b1cf3cd81a31e3cd26889ca66d677f1","name":"cfeditorfr","url":"https:\/\/www.africa-press.net\/senegal\/author\/cfeditorfr"}]}},"_links":{"self":[{"href":"https:\/\/www.africa-press.net\/senegal\/wp-json\/wp\/v2\/posts\/55921","targetHints":{"allow":["GET"]}}],"collection":[{"href":"https:\/\/www.africa-press.net\/senegal\/wp-json\/wp\/v2\/posts"}],"about":[{"href":"https:\/\/www.africa-press.net\/senegal\/wp-json\/wp\/v2\/types\/post"}],"author":[{"embeddable":true,"href":"https:\/\/www.africa-press.net\/senegal\/wp-json\/wp\/v2\/users\/82"}],"replies":[{"embeddable":true,"href":"https:\/\/www.africa-press.net\/senegal\/wp-json\/wp\/v2\/comments?post=55921"}],"version-history":[{"count":0,"href":"https:\/\/www.africa-press.net\/senegal\/wp-json\/wp\/v2\/posts\/55921\/revisions"}],"wp:featuredmedia":[{"embeddable":true,"href":"https:\/\/www.africa-press.net\/senegal\/wp-json\/wp\/v2\/media\/55920"}],"wp:attachment":[{"href":"https:\/\/www.africa-press.net\/senegal\/wp-json\/wp\/v2\/media?parent=55921"}],"wp:term":[{"taxonomy":"category","embeddable":true,"href":"https:\/\/www.africa-press.net\/senegal\/wp-json\/wp\/v2\/categories?post=55921"},{"taxonomy":"post_tag","embeddable":true,"href":"https:\/\/www.africa-press.net\/senegal\/wp-json\/wp\/v2\/tags?post=55921"}],"curies":[{"name":"wp","href":"https:\/\/api.w.org\/{rel}","templated":true}]}}