{"id":55950,"date":"2024-02-20T12:00:40","date_gmt":"2024-02-20T12:00:40","guid":{"rendered":"https:\/\/www.africa-press.net\/senegal\/politique\/pas-encore-de-date-pour-la-presidentielle-16-candidats-en-colere-contre-macky-sall"},"modified":"2024-02-21T01:18:46","modified_gmt":"2024-02-21T01:18:46","slug":"pas-encore-de-date-pour-la-presidentielle-16-candidats-en-colere-contre-macky-sall","status":"publish","type":"post","link":"https:\/\/www.africa-press.net\/senegal\/politique\/pas-encore-de-date-pour-la-presidentielle-16-candidats-en-colere-contre-macky-sall","title":{"rendered":"Pas encore de date pour la pr\u00e9sidentielle : 16 candidats en col\u00e8re contre Macky Sall"},"content":{"rendered":"<p><span style=\"color: #ff6600\"><strong>Africa-Press &#8211; Senegal. <\/strong><\/span>16 des 19 candidats a\u0300 l\u2019e\u0301lection pre\u0301sidentielle ont hausse\u0301 le ton, ce mardi 20 fe\u0301vrier. Le motif: la date du scrutin qui n\u2019est pas toujours fixe\u0301e apre\u0300s la de\u0301cision rendue par les sages du Conseil constitutionnel. Ainsi, ils ont de\u0301crie\u0301 \u00able sabotage en cours\u00bb du processus e\u0301lectoral par Macky Sall.<\/p>\n<p>\u00abDepuis la De\u0301cision du Conseil constitutionnel du jeudi 15 fe\u0301vrier 2024 annulant le report de l&rsquo;e\u0301lection pre\u0301sidentielle tente\u0301 par le re\u0301gime de Macky Sall et enjoignant l&rsquo;indication d&rsquo;une nouvelle date dans les meilleurs de\u0301lais, une lenteur inexplicable est constate\u0301e. Rien n&rsquo;a e\u0301te\u0301 entrepris. Pourtant, le cadre le\u0301gal est clairement fixe\u0301 et aucun obstacle juridique ou de fait ne se dresse contre la fixation d&rsquo;une date que le Se\u0301ne\u0301gal et la communaute\u0301 internationale attendent avec impatience et inquie\u0301tude \u00bb, ont fait savoir Aliou Mamadou Dia et Cie dans le communique\u0301 parcouru.<\/p>\n<p><b>\u00ab Cette situation re\u0301ve\u0300le un refus du Pre\u0301sident de la Re\u0301publique de prendre en charge sa mission re\u0301galienne d&rsquo;organisation d&rsquo;une e\u0301lection libre et transparente \u00bb<\/b><\/p>\n<p>De plus, avancent-ils, \u00abnous constatons que les ope\u0301rations e\u0301lectorales peinent a\u0300 reprendre leur cours normal malgre\u0301 la de\u0301cision du Conseil constitutionnel exigeant leur poursuite \u00bb.<\/p>\n<p>Les candidats ont soutenu qu\u2019en effet, les mandataires des candidats rencontrent des difficulte\u0301s pour prendre possession du fichier e\u0301lectoral et tout fonctionne au rythme de la mauvaise volonte\u0301 du Pre\u0301sident Macky pour de\u0301clencher le processus de sa succession ine\u0301vitable.<\/p>\n<p>A leurs yeux, il est manifeste que cette situation re\u0301ve\u0300le un refus du Pre\u0301sident de la Re\u0301publique de prendre en charge sa mission re\u0301galienne d&rsquo;organisation d&rsquo;une e\u0301lection libre et transparente.<\/p>\n<p>\u00abLe cas du Se\u0301ne\u0301gal est au bout de toutes les le\u0300vres et e\u0301corne l&rsquo;image de notre pays jadis conside\u0301re\u0301 comme une vitrine de la de\u0301mocratie en Afrique. Tout porte a\u0300 croire que Macky Sall n&rsquo;arrive pas a\u0300 dige\u0301rer la mise en e\u0301chec par le Conseil constitutionnel et le peuple de sa tentative de saboter l&rsquo;e\u0301lection pre\u0301sidentielle. Le FC 25 de\u0301nonce les tentatives de discre\u0301diter nos institutions, notamment le Conseil constitutionnel. Le FC 25 pre\u0301cise que la responsabilite\u0301 personnelle de Macky Sall reste engage\u0301e dans cette pe\u0301rilleuse entreprise et met e\u0301galement en garde tous ceux qui contribuent, de pre\u0300s ou de loin, au sabotage de l&rsquo;e\u0301lection pre\u0301sidentielle \u00bb, de\u0301clarent-ils.<\/p>\n<p><b>Une confe\u0301rence de presse sera organise\u0301e le jeudi 22 fe\u0301vrier prochain<\/b><\/p>\n<p>Ce faisant, le FC25 se dit de\u0301termine\u0301 a\u0300 de\u0301fendre les droits du peuple et convie la presse nationale et internationale a\u0300 une confe\u0301rence de presse le jeudi 22 fe\u0301vrier 2024 pour annoncer une se\u0301rie d&rsquo;actions visant a\u0300 garantir la tenue du scrutin dans les de\u0301lais impartis. \u00ab Il est impe\u0301ratif que le Pre\u0301sident Macky Sall respecte la volonte\u0301 du peuple se\u0301ne\u0301galais et fixe une date pour l&rsquo;e\u0301lection pre\u0301sidentielle \u00bb, tonnent-ils.<\/p>\n<p>En tout e\u0301tat de cause, poursuivent-ils, le FC 25 rappelle qu&rsquo;a\u0300 compter du 2 avril 2024, il ne sera plus Pre\u0301sident de la Re\u0301publique du Se\u0301ne\u0301gal. \u00ab Il doit respecter le peuple se\u0301ne\u0301galais qui a toujours fait preuve de maturite\u0301 en choisissant son Pre\u0301sident de la Re\u0301publique. Il ne faut pas lui voler cette occasion ! On ne ne\u0301gocie pas la de\u0301mocratie et le respect du droit fondamental de voter. Le FC 25 condamne fermement toute tentative de retarder le processus e\u0301lectoral et de violer les droits le\u0301gitimes des candidats \u00bb, renseignent les 16 candidats.<\/p>\n<p>Par ailleurs, Pr Daouda Ndiaye et Cie ont pris acte de la de\u0301cision du Conseil constitutionnel mettant a\u0300 jour une nouvelle liste de 19 candidats. \u00ab Ce qui vient confirmer, s&rsquo;il en e\u0301tait encore besoin, l&rsquo;impe\u0301rieuse ne\u0301cessite\u0301 de poursuivre le processus e\u0301lectoral en cours \u00bb, font-ils remarquer.<\/p>\n<p><strong>Pour plus d&rsquo;informations et d&rsquo;analyses sur la <a href=\"https:\/\/www.africa-press.net\/senegal\">Senegal<\/a>, suivez <a href=\"https:\/\/www.africa-press.net\/\">Africa-Press<\/a><\/strong><\/p>\n","protected":false},"excerpt":{"rendered":"<p>Africa-Press &#8211; Senegal. 16 des 19 candidats a\u0300 l\u2019e\u0301lection pre\u0301sidentielle ont hausse\u0301 le ton, ce mardi 20 fe\u0301vrier. Le motif: la date du scrutin qui n\u2019est pas toujours fixe\u0301e apre\u0300s la de\u0301cision rendue par les sages du Conseil constitutionnel. Ainsi, ils ont de\u0301crie\u0301 \u00able sabotage en cours\u00bb du processus e\u0301lectoral par Macky Sall. \u00abDepuis la [&hellip;]<\/p>\n","protected":false},"author":82,"featured_media":55949,"comment_status":"open","ping_status":"closed","sticky":false,"template":"","format":"standard","meta":{"footnotes":""},"categories":[2,20,10],"tags":[43,47,44],"class_list":["post-55950","post","type-post","status-publish","format-standard","has-post-thumbnail","hentry","category-politique","category-top-nouvelles","category-toutes-les-actualites","tag-africa-press-2","tag-africa-press-senegal","tag-senegal-2"],"yoast_head":"<!-- This site is optimized with the Yoast SEO Premium plugin v26.1 (Yoast SEO v27.0) - https:\/\/yoast.com\/product\/yoast-seo-premium-wordpress\/ -->\n<title>Pas encore de date pour la pr\u00e9sidentielle : 16 candidats en col\u00e8re contre Macky Sall - Senegal<\/title>\n<meta name=\"description\" content=\"16 des 19 candidats a\u0300 l\u2019e\u0301lection pre\u0301sidentielle ont hausse\u0301 le ton, ce mardi 20 fe\u0301vrier. Le motif: la date du scruti ...\" \/>\n<meta name=\"robots\" content=\"index, follow, max-snippet:-1, max-image-preview:large, max-video-preview:-1\" \/>\n<link rel=\"canonical\" href=\"https:\/\/www.africa-press.net\/senegal\/politique\/pas-encore-de-date-pour-la-presidentielle-16-candidats-en-colere-contre-macky-sall\" \/>\n<meta property=\"og:locale\" content=\"fr_FR\" \/>\n<meta property=\"og:type\" content=\"article\" \/>\n<meta property=\"og:title\" content=\"Pas encore de date pour la pr\u00e9sidentielle : 16 candidats en col\u00e8re contre Macky Sall\" \/>\n<meta property=\"og:description\" content=\"16 des 19 candidats a\u0300 l\u2019e\u0301lection pre\u0301sidentielle ont hausse\u0301 le ton, ce mardi 20 fe\u0301vrier. Le motif: la date du scruti ...\" \/>\n<meta property=\"og:url\" content=\"https:\/\/www.africa-press.net\/senegal\/politique\/pas-encore-de-date-pour-la-presidentielle-16-candidats-en-colere-contre-macky-sall\" \/>\n<meta property=\"og:site_name\" content=\"Senegal\" \/>\n<meta property=\"article:published_time\" content=\"2024-02-20T12:00:40+00:00\" \/>\n<meta property=\"article:modified_time\" content=\"2024-02-21T01:18:46+00:00\" \/>\n<meta property=\"og:image\" content=\"https:\/\/static.africa-press.net\/senegal\/sites\/13\/2024\/02\/sm_1708462069.424041.jpg\" \/>\n\t<meta property=\"og:image:width\" content=\"1304\" \/>\n\t<meta property=\"og:image:height\" content=\"634\" \/>\n\t<meta property=\"og:image:type\" content=\"image\/jpeg\" \/>\n<meta name=\"author\" content=\"cfeditorfr\" \/>\n<meta name=\"twitter:card\" content=\"summary_large_image\" \/>\n<meta name=\"twitter:label1\" content=\"\u00c9crit par\" \/>\n\t<meta name=\"twitter:data1\" content=\"cfeditorfr\" \/>\n\t<meta name=\"twitter:label2\" content=\"Dur\u00e9e de lecture estim\u00e9e\" \/>\n\t<meta name=\"twitter:data2\" content=\"3 minutes\" \/>\n<script type=\"application\/ld+json\" class=\"yoast-schema-graph\">{\"@context\":\"https:\/\/schema.org\",\"@graph\":[{\"@type\":\"Article\",\"@id\":\"https:\/\/www.africa-press.net\/senegal\/politique\/pas-encore-de-date-pour-la-presidentielle-16-candidats-en-colere-contre-macky-sall#article\",\"isPartOf\":{\"@id\":\"https:\/\/www.africa-press.net\/senegal\/politique\/pas-encore-de-date-pour-la-presidentielle-16-candidats-en-colere-contre-macky-sall\"},\"author\":{\"name\":\"cfeditorfr\",\"@id\":\"https:\/\/www.africa-press.net\/senegal\/#\/schema\/person\/2b1cf3cd81a31e3cd26889ca66d677f1\"},\"headline\":\"Pas encore de date pour la pr\u00e9sidentielle : 16 candidats en col\u00e8re contre Macky Sall\",\"datePublished\":\"2024-02-20T12:00:40+00:00\",\"dateModified\":\"2024-02-21T01:18:46+00:00\",\"mainEntityOfPage\":{\"@id\":\"https:\/\/www.africa-press.net\/senegal\/politique\/pas-encore-de-date-pour-la-presidentielle-16-candidats-en-colere-contre-macky-sall\"},\"wordCount\":706,\"commentCount\":0,\"image\":{\"@id\":\"https:\/\/www.africa-press.net\/senegal\/politique\/pas-encore-de-date-pour-la-presidentielle-16-candidats-en-colere-contre-macky-sall#primaryimage\"},\"thumbnailUrl\":\"https:\/\/static.africa-press.net\/senegal\/sites\/13\/2024\/02\/sm_1708462069.424041.jpg\",\"keywords\":[\"Africa Press\",\"Africa Press-Senegal\",\"Senegal\"],\"articleSection\":[\"Politique\",\"Top Nouvelles\",\"Toutes les actualit\u00e9s\"],\"inLanguage\":\"fr-FR\",\"potentialAction\":[{\"@type\":\"CommentAction\",\"name\":\"Comment\",\"target\":[\"https:\/\/www.africa-press.net\/senegal\/politique\/pas-encore-de-date-pour-la-presidentielle-16-candidats-en-colere-contre-macky-sall#respond\"]}]},{\"@type\":\"WebPage\",\"@id\":\"https:\/\/www.africa-press.net\/senegal\/politique\/pas-encore-de-date-pour-la-presidentielle-16-candidats-en-colere-contre-macky-sall\",\"url\":\"https:\/\/www.africa-press.net\/senegal\/politique\/pas-encore-de-date-pour-la-presidentielle-16-candidats-en-colere-contre-macky-sall\",\"name\":\"Pas encore de date pour la pr\u00e9sidentielle : 16 candidats en col\u00e8re contre Macky Sall - Senegal\",\"isPartOf\":{\"@id\":\"https:\/\/www.africa-press.net\/senegal\/#website\"},\"primaryImageOfPage\":{\"@id\":\"https:\/\/www.africa-press.net\/senegal\/politique\/pas-encore-de-date-pour-la-presidentielle-16-candidats-en-colere-contre-macky-sall#primaryimage\"},\"image\":{\"@id\":\"https:\/\/www.africa-press.net\/senegal\/politique\/pas-encore-de-date-pour-la-presidentielle-16-candidats-en-colere-contre-macky-sall#primaryimage\"},\"thumbnailUrl\":\"https:\/\/static.africa-press.net\/senegal\/sites\/13\/2024\/02\/sm_1708462069.424041.jpg\",\"datePublished\":\"2024-02-20T12:00:40+00:00\",\"dateModified\":\"2024-02-21T01:18:46+00:00\",\"author\":{\"@id\":\"https:\/\/www.africa-press.net\/senegal\/#\/schema\/person\/2b1cf3cd81a31e3cd26889ca66d677f1\"},\"description\":\"16 des 19 candidats a\u0300 l\u2019e\u0301lection pre\u0301sidentielle ont hausse\u0301 le ton, ce mardi 20 fe\u0301vrier. Le motif: la date du scruti ...\",\"breadcrumb\":{\"@id\":\"https:\/\/www.africa-press.net\/senegal\/politique\/pas-encore-de-date-pour-la-presidentielle-16-candidats-en-colere-contre-macky-sall#breadcrumb\"},\"inLanguage\":\"fr-FR\",\"potentialAction\":[{\"@type\":\"ReadAction\",\"target\":[\"https:\/\/www.africa-press.net\/senegal\/politique\/pas-encore-de-date-pour-la-presidentielle-16-candidats-en-colere-contre-macky-sall\"]}]},{\"@type\":\"ImageObject\",\"inLanguage\":\"fr-FR\",\"@id\":\"https:\/\/www.africa-press.net\/senegal\/politique\/pas-encore-de-date-pour-la-presidentielle-16-candidats-en-colere-contre-macky-sall#primaryimage\",\"url\":\"https:\/\/static.africa-press.net\/senegal\/sites\/13\/2024\/02\/sm_1708462069.424041.jpg\",\"contentUrl\":\"https:\/\/static.africa-press.net\/senegal\/sites\/13\/2024\/02\/sm_1708462069.424041.jpg\",\"width\":1304,\"height\":634,\"caption\":\"Pas encore de date pour la pr\u00e9sidentielle : 16 candidats en col\u00e8re contre Macky Sall\"},{\"@type\":\"BreadcrumbList\",\"@id\":\"https:\/\/www.africa-press.net\/senegal\/politique\/pas-encore-de-date-pour-la-presidentielle-16-candidats-en-colere-contre-macky-sall#breadcrumb\",\"itemListElement\":[{\"@type\":\"ListItem\",\"position\":1,\"name\":\"Accueil\",\"item\":\"https:\/\/www.africa-press.net\/senegal\/\"},{\"@type\":\"ListItem\",\"position\":2,\"name\":\"Pas encore de date pour la pr\u00e9sidentielle : 16 candidats en col\u00e8re contre Macky Sall\"}]},{\"@type\":\"WebSite\",\"@id\":\"https:\/\/www.africa-press.net\/senegal\/#website\",\"url\":\"https:\/\/www.africa-press.net\/senegal\/\",\"name\":\"Africa Press | Senegal | Homepage\",\"description\":\"Just another Africa News Agency Sites site\",\"potentialAction\":[{\"@type\":\"SearchAction\",\"target\":{\"@type\":\"EntryPoint\",\"urlTemplate\":\"https:\/\/www.africa-press.net\/senegal\/?s={search_term_string}\"},\"query-input\":{\"@type\":\"PropertyValueSpecification\",\"valueRequired\":true,\"valueName\":\"search_term_string\"}}],\"inLanguage\":\"fr-FR\"},{\"@type\":\"Person\",\"@id\":\"https:\/\/www.africa-press.net\/senegal\/#\/schema\/person\/2b1cf3cd81a31e3cd26889ca66d677f1\",\"name\":\"cfeditorfr\",\"url\":\"https:\/\/www.africa-press.net\/senegal\/author\/cfeditorfr\"}]}<\/script>\n<!-- \/ Yoast SEO Premium plugin. -->","yoast_head_json":{"title":"Pas encore de date pour la pr\u00e9sidentielle : 16 candidats en col\u00e8re contre Macky Sall - Senegal","description":"16 des 19 candidats a\u0300 l\u2019e\u0301lection pre\u0301sidentielle ont hausse\u0301 le ton, ce mardi 20 fe\u0301vrier. Le motif: la date du scruti ...","robots":{"index":"index","follow":"follow","max-snippet":"max-snippet:-1","max-image-preview":"max-image-preview:large","max-video-preview":"max-video-preview:-1"},"canonical":"https:\/\/www.africa-press.net\/senegal\/politique\/pas-encore-de-date-pour-la-presidentielle-16-candidats-en-colere-contre-macky-sall","og_locale":"fr_FR","og_type":"article","og_title":"Pas encore de date pour la pr\u00e9sidentielle : 16 candidats en col\u00e8re contre Macky Sall","og_description":"16 des 19 candidats a\u0300 l\u2019e\u0301lection pre\u0301sidentielle ont hausse\u0301 le ton, ce mardi 20 fe\u0301vrier. Le motif: la date du scruti ...","og_url":"https:\/\/www.africa-press.net\/senegal\/politique\/pas-encore-de-date-pour-la-presidentielle-16-candidats-en-colere-contre-macky-sall","og_site_name":"Senegal","article_published_time":"2024-02-20T12:00:40+00:00","article_modified_time":"2024-02-21T01:18:46+00:00","og_image":[{"width":1304,"height":634,"url":"https:\/\/static.africa-press.net\/senegal\/sites\/13\/2024\/02\/sm_1708462069.424041.jpg","type":"image\/jpeg"}],"author":"cfeditorfr","twitter_card":"summary_large_image","twitter_misc":{"\u00c9crit par":"cfeditorfr","Dur\u00e9e de lecture estim\u00e9e":"3 minutes"},"schema":{"@context":"https:\/\/schema.org","@graph":[{"@type":"Article","@id":"https:\/\/www.africa-press.net\/senegal\/politique\/pas-encore-de-date-pour-la-presidentielle-16-candidats-en-colere-contre-macky-sall#article","isPartOf":{"@id":"https:\/\/www.africa-press.net\/senegal\/politique\/pas-encore-de-date-pour-la-presidentielle-16-candidats-en-colere-contre-macky-sall"},"author":{"name":"cfeditorfr","@id":"https:\/\/www.africa-press.net\/senegal\/#\/schema\/person\/2b1cf3cd81a31e3cd26889ca66d677f1"},"headline":"Pas encore de date pour la pr\u00e9sidentielle : 16 candidats en col\u00e8re contre Macky Sall","datePublished":"2024-02-20T12:00:40+00:00","dateModified":"2024-02-21T01:18:46+00:00","mainEntityOfPage":{"@id":"https:\/\/www.africa-press.net\/senegal\/politique\/pas-encore-de-date-pour-la-presidentielle-16-candidats-en-colere-contre-macky-sall"},"wordCount":706,"commentCount":0,"image":{"@id":"https:\/\/www.africa-press.net\/senegal\/politique\/pas-encore-de-date-pour-la-presidentielle-16-candidats-en-colere-contre-macky-sall#primaryimage"},"thumbnailUrl":"https:\/\/static.africa-press.net\/senegal\/sites\/13\/2024\/02\/sm_1708462069.424041.jpg","keywords":["Africa Press","Africa Press-Senegal","Senegal"],"articleSection":["Politique","Top Nouvelles","Toutes les actualit\u00e9s"],"inLanguage":"fr-FR","potentialAction":[{"@type":"CommentAction","name":"Comment","target":["https:\/\/www.africa-press.net\/senegal\/politique\/pas-encore-de-date-pour-la-presidentielle-16-candidats-en-colere-contre-macky-sall#respond"]}]},{"@type":"WebPage","@id":"https:\/\/www.africa-press.net\/senegal\/politique\/pas-encore-de-date-pour-la-presidentielle-16-candidats-en-colere-contre-macky-sall","url":"https:\/\/www.africa-press.net\/senegal\/politique\/pas-encore-de-date-pour-la-presidentielle-16-candidats-en-colere-contre-macky-sall","name":"Pas encore de date pour la pr\u00e9sidentielle : 16 candidats en col\u00e8re contre Macky Sall - Senegal","isPartOf":{"@id":"https:\/\/www.africa-press.net\/senegal\/#website"},"primaryImageOfPage":{"@id":"https:\/\/www.africa-press.net\/senegal\/politique\/pas-encore-de-date-pour-la-presidentielle-16-candidats-en-colere-contre-macky-sall#primaryimage"},"image":{"@id":"https:\/\/www.africa-press.net\/senegal\/politique\/pas-encore-de-date-pour-la-presidentielle-16-candidats-en-colere-contre-macky-sall#primaryimage"},"thumbnailUrl":"https:\/\/static.africa-press.net\/senegal\/sites\/13\/2024\/02\/sm_1708462069.424041.jpg","datePublished":"2024-02-20T12:00:40+00:00","dateModified":"2024-02-21T01:18:46+00:00","author":{"@id":"https:\/\/www.africa-press.net\/senegal\/#\/schema\/person\/2b1cf3cd81a31e3cd26889ca66d677f1"},"description":"16 des 19 candidats a\u0300 l\u2019e\u0301lection pre\u0301sidentielle ont hausse\u0301 le ton, ce mardi 20 fe\u0301vrier. Le motif: la date du scruti ...","breadcrumb":{"@id":"https:\/\/www.africa-press.net\/senegal\/politique\/pas-encore-de-date-pour-la-presidentielle-16-candidats-en-colere-contre-macky-sall#breadcrumb"},"inLanguage":"fr-FR","potentialAction":[{"@type":"ReadAction","target":["https:\/\/www.africa-press.net\/senegal\/politique\/pas-encore-de-date-pour-la-presidentielle-16-candidats-en-colere-contre-macky-sall"]}]},{"@type":"ImageObject","inLanguage":"fr-FR","@id":"https:\/\/www.africa-press.net\/senegal\/politique\/pas-encore-de-date-pour-la-presidentielle-16-candidats-en-colere-contre-macky-sall#primaryimage","url":"https:\/\/static.africa-press.net\/senegal\/sites\/13\/2024\/02\/sm_1708462069.424041.jpg","contentUrl":"https:\/\/static.africa-press.net\/senegal\/sites\/13\/2024\/02\/sm_1708462069.424041.jpg","width":1304,"height":634,"caption":"Pas encore de date pour la pr\u00e9sidentielle : 16 candidats en col\u00e8re contre Macky Sall"},{"@type":"BreadcrumbList","@id":"https:\/\/www.africa-press.net\/senegal\/politique\/pas-encore-de-date-pour-la-presidentielle-16-candidats-en-colere-contre-macky-sall#breadcrumb","itemListElement":[{"@type":"ListItem","position":1,"name":"Accueil","item":"https:\/\/www.africa-press.net\/senegal\/"},{"@type":"ListItem","position":2,"name":"Pas encore de date pour la pr\u00e9sidentielle : 16 candidats en col\u00e8re contre Macky Sall"}]},{"@type":"WebSite","@id":"https:\/\/www.africa-press.net\/senegal\/#website","url":"https:\/\/www.africa-press.net\/senegal\/","name":"Africa Press | Senegal | Homepage","description":"Just another Africa News Agency Sites site","potentialAction":[{"@type":"SearchAction","target":{"@type":"EntryPoint","urlTemplate":"https:\/\/www.africa-press.net\/senegal\/?s={search_term_string}"},"query-input":{"@type":"PropertyValueSpecification","valueRequired":true,"valueName":"search_term_string"}}],"inLanguage":"fr-FR"},{"@type":"Person","@id":"https:\/\/www.africa-press.net\/senegal\/#\/schema\/person\/2b1cf3cd81a31e3cd26889ca66d677f1","name":"cfeditorfr","url":"https:\/\/www.africa-press.net\/senegal\/author\/cfeditorfr"}]}},"_links":{"self":[{"href":"https:\/\/www.africa-press.net\/senegal\/wp-json\/wp\/v2\/posts\/55950","targetHints":{"allow":["GET"]}}],"collection":[{"href":"https:\/\/www.africa-press.net\/senegal\/wp-json\/wp\/v2\/posts"}],"about":[{"href":"https:\/\/www.africa-press.net\/senegal\/wp-json\/wp\/v2\/types\/post"}],"author":[{"embeddable":true,"href":"https:\/\/www.africa-press.net\/senegal\/wp-json\/wp\/v2\/users\/82"}],"replies":[{"embeddable":true,"href":"https:\/\/www.africa-press.net\/senegal\/wp-json\/wp\/v2\/comments?post=55950"}],"version-history":[{"count":0,"href":"https:\/\/www.africa-press.net\/senegal\/wp-json\/wp\/v2\/posts\/55950\/revisions"}],"wp:featuredmedia":[{"embeddable":true,"href":"https:\/\/www.africa-press.net\/senegal\/wp-json\/wp\/v2\/media\/55949"}],"wp:attachment":[{"href":"https:\/\/www.africa-press.net\/senegal\/wp-json\/wp\/v2\/media?parent=55950"}],"wp:term":[{"taxonomy":"category","embeddable":true,"href":"https:\/\/www.africa-press.net\/senegal\/wp-json\/wp\/v2\/categories?post=55950"},{"taxonomy":"post_tag","embeddable":true,"href":"https:\/\/www.africa-press.net\/senegal\/wp-json\/wp\/v2\/tags?post=55950"}],"curies":[{"name":"wp","href":"https:\/\/api.w.org\/{rel}","templated":true}]}}