{"id":55953,"date":"2024-02-20T13:00:21","date_gmt":"2024-02-20T13:00:21","guid":{"rendered":"https:\/\/www.africa-press.net\/senegal\/politique\/audience-leonardo-santos-simao-des-nations-unies-devoile-le-contenu-de-la-discussion-avec-macky"},"modified":"2024-02-21T01:19:13","modified_gmt":"2024-02-21T01:19:13","slug":"audience-leonardo-santos-simao-des-nations-unies-devoile-le-contenu-de-la-discussion-avec-macky","status":"publish","type":"post","link":"https:\/\/www.africa-press.net\/senegal\/politique\/audience-leonardo-santos-simao-des-nations-unies-devoile-le-contenu-de-la-discussion-avec-macky","title":{"rendered":"Audience: Leonardo Santos Sim\u00e3o des Nations Unies d\u00e9voile le contenu de la discussion avec Macky"},"content":{"rendered":"<p><span style=\"color: #ff6600\"><strong>Africa-Press &#8211; Senegal. <\/strong><\/span>C\u2019est l\u2019heure des audiences au palais de la Re\u0301publique. Ce mardi 20 fe\u0301vrier, le repre\u0301sentant spe\u0301cial du secre\u0301taire ge\u0301ne\u0301ral et chef du Bureau des Nations Unies pour l\u2019Afrique de l\u2019Ouest et le Sahel (UNOWAS), Leonardo Santos Sima\u0303o, a rencontre\u0301 le chef de l\u2019E\u0301tat Macky Sall.<\/p>\n<p>Dans un communique\u0301 rec\u0327u, il est mentionne\u0301 que les deux personnalite\u0301s ont e\u0301change\u0301 sur divers sujets relatifs a\u0300 la paix et a\u0300 la se\u0301curite\u0301 dans la sous-re\u0301gion. Ils ont e\u0301galement aborde\u0301 les re\u0301cents de\u0301veloppements politiques au Se\u0301ne\u0301gal.<\/p>\n<p>\u00abLe repre\u0301sentant spe\u0301cial a salue\u0301 l\u2019engagement constant du Se\u0301ne\u0301gal pour la consolidation de la paix et la de\u0301mocratie en Afrique de l\u2019Ouest et au Sahel. Il a exhorte\u0301 tous les acteurs nationaux a\u0300 \u0153uvrer ensemble afin de cre\u0301er un environnement propice a\u0300 une e\u0301lection pacifique et transparente, dans le cadre de la Constitution se\u0301ne\u0301galaise \u00bb, souligne-t-on dans le document.<\/p>\n<p>Par ailleurs, Leonardo Santos Sima\u0303o a re\u0301ite\u0301re\u0301 le soutien continu des Nations Unies et son engagement personnel a\u0300 accompagner les efforts du pays visant a\u0300 consolider la de\u0301mocratie, promouvoir la paix, la stabilite\u0301 et le de\u0301veloppement durable.<\/p>\n<p><strong>Pour plus d&rsquo;informations et d&rsquo;analyses sur la <a href=\"https:\/\/www.africa-press.net\/senegal\">Senegal<\/a>, suivez <a href=\"https:\/\/www.africa-press.net\/\">Africa-Press<\/a><\/strong><\/p>\n","protected":false},"excerpt":{"rendered":"<p>Africa-Press &#8211; Senegal. C\u2019est l\u2019heure des audiences au palais de la Re\u0301publique. Ce mardi 20 fe\u0301vrier, le repre\u0301sentant spe\u0301cial du secre\u0301taire ge\u0301ne\u0301ral et chef du Bureau des Nations Unies pour l\u2019Afrique de l\u2019Ouest et le Sahel (UNOWAS), Leonardo Santos Sima\u0303o, a rencontre\u0301 le chef de l\u2019E\u0301tat Macky Sall. Dans un communique\u0301 rec\u0327u, il est mentionne\u0301 [&hellip;]<\/p>\n","protected":false},"author":82,"featured_media":55951,"comment_status":"open","ping_status":"closed","sticky":false,"template":"","format":"standard","meta":{"footnotes":""},"categories":[2,20,10],"tags":[43,47,44],"class_list":["post-55953","post","type-post","status-publish","format-standard","has-post-thumbnail","hentry","category-politique","category-top-nouvelles","category-toutes-les-actualites","tag-africa-press-2","tag-africa-press-senegal","tag-senegal-2"],"yoast_head":"<!-- This site is optimized with the Yoast SEO Premium plugin v26.1 (Yoast SEO v27.0) - https:\/\/yoast.com\/product\/yoast-seo-premium-wordpress\/ -->\n<title>Audience: Leonardo Santos Sim\u00e3o des Nations Unies d\u00e9voile le contenu de la discussion avec Macky - Senegal<\/title>\n<meta name=\"description\" content=\"C\u2019est l\u2019heure des audiences au palais de la Re\u0301publique. Ce mardi 20 fe\u0301vrier, le repre\u0301sentant spe\u0301cial du secre\u0301taire ...\" \/>\n<meta name=\"robots\" content=\"index, follow, max-snippet:-1, max-image-preview:large, max-video-preview:-1\" \/>\n<link rel=\"canonical\" href=\"https:\/\/www.africa-press.net\/senegal\/politique\/audience-leonardo-santos-simao-des-nations-unies-devoile-le-contenu-de-la-discussion-avec-macky\" \/>\n<meta property=\"og:locale\" content=\"fr_FR\" \/>\n<meta property=\"og:type\" content=\"article\" \/>\n<meta property=\"og:title\" content=\"Audience: Leonardo Santos Sim\u00e3o des Nations Unies d\u00e9voile le contenu de la discussion avec Macky\" \/>\n<meta property=\"og:description\" content=\"C\u2019est l\u2019heure des audiences au palais de la Re\u0301publique. Ce mardi 20 fe\u0301vrier, le repre\u0301sentant spe\u0301cial du secre\u0301taire ...\" \/>\n<meta property=\"og:url\" content=\"https:\/\/www.africa-press.net\/senegal\/politique\/audience-leonardo-santos-simao-des-nations-unies-devoile-le-contenu-de-la-discussion-avec-macky\" \/>\n<meta property=\"og:site_name\" content=\"Senegal\" \/>\n<meta property=\"article:published_time\" content=\"2024-02-20T13:00:21+00:00\" \/>\n<meta property=\"article:modified_time\" content=\"2024-02-21T01:19:13+00:00\" \/>\n<meta property=\"og:image\" content=\"https:\/\/static.africa-press.net\/senegal\/sites\/13\/2024\/02\/sm_1708462089.433315.jpg\" \/>\n\t<meta property=\"og:image:width\" content=\"1308\" \/>\n\t<meta property=\"og:image:height\" content=\"633\" \/>\n\t<meta property=\"og:image:type\" content=\"image\/jpeg\" \/>\n<meta name=\"author\" content=\"cfeditorfr\" \/>\n<meta name=\"twitter:card\" content=\"summary_large_image\" \/>\n<meta name=\"twitter:label1\" content=\"\u00c9crit par\" \/>\n\t<meta name=\"twitter:data1\" content=\"cfeditorfr\" \/>\n\t<meta name=\"twitter:label2\" content=\"Dur\u00e9e de lecture estim\u00e9e\" \/>\n\t<meta name=\"twitter:data2\" content=\"2 minutes\" \/>\n<script type=\"application\/ld+json\" class=\"yoast-schema-graph\">{\"@context\":\"https:\/\/schema.org\",\"@graph\":[{\"@type\":\"Article\",\"@id\":\"https:\/\/www.africa-press.net\/senegal\/politique\/audience-leonardo-santos-simao-des-nations-unies-devoile-le-contenu-de-la-discussion-avec-macky#article\",\"isPartOf\":{\"@id\":\"https:\/\/www.africa-press.net\/senegal\/politique\/audience-leonardo-santos-simao-des-nations-unies-devoile-le-contenu-de-la-discussion-avec-macky\"},\"author\":{\"name\":\"cfeditorfr\",\"@id\":\"https:\/\/www.africa-press.net\/senegal\/#\/schema\/person\/2b1cf3cd81a31e3cd26889ca66d677f1\"},\"headline\":\"Audience: Leonardo Santos Sim\u00e3o des Nations Unies d\u00e9voile le contenu de la discussion avec Macky\",\"datePublished\":\"2024-02-20T13:00:21+00:00\",\"dateModified\":\"2024-02-21T01:19:13+00:00\",\"mainEntityOfPage\":{\"@id\":\"https:\/\/www.africa-press.net\/senegal\/politique\/audience-leonardo-santos-simao-des-nations-unies-devoile-le-contenu-de-la-discussion-avec-macky\"},\"wordCount\":248,\"commentCount\":0,\"image\":{\"@id\":\"https:\/\/www.africa-press.net\/senegal\/politique\/audience-leonardo-santos-simao-des-nations-unies-devoile-le-contenu-de-la-discussion-avec-macky#primaryimage\"},\"thumbnailUrl\":\"https:\/\/static.africa-press.net\/senegal\/sites\/13\/2024\/02\/sm_1708462089.433315.jpg\",\"keywords\":[\"Africa Press\",\"Africa Press-Senegal\",\"Senegal\"],\"articleSection\":[\"Politique\",\"Top Nouvelles\",\"Toutes les actualit\u00e9s\"],\"inLanguage\":\"fr-FR\",\"potentialAction\":[{\"@type\":\"CommentAction\",\"name\":\"Comment\",\"target\":[\"https:\/\/www.africa-press.net\/senegal\/politique\/audience-leonardo-santos-simao-des-nations-unies-devoile-le-contenu-de-la-discussion-avec-macky#respond\"]}]},{\"@type\":\"WebPage\",\"@id\":\"https:\/\/www.africa-press.net\/senegal\/politique\/audience-leonardo-santos-simao-des-nations-unies-devoile-le-contenu-de-la-discussion-avec-macky\",\"url\":\"https:\/\/www.africa-press.net\/senegal\/politique\/audience-leonardo-santos-simao-des-nations-unies-devoile-le-contenu-de-la-discussion-avec-macky\",\"name\":\"Audience: Leonardo Santos Sim\u00e3o des Nations Unies d\u00e9voile le contenu de la discussion avec Macky - Senegal\",\"isPartOf\":{\"@id\":\"https:\/\/www.africa-press.net\/senegal\/#website\"},\"primaryImageOfPage\":{\"@id\":\"https:\/\/www.africa-press.net\/senegal\/politique\/audience-leonardo-santos-simao-des-nations-unies-devoile-le-contenu-de-la-discussion-avec-macky#primaryimage\"},\"image\":{\"@id\":\"https:\/\/www.africa-press.net\/senegal\/politique\/audience-leonardo-santos-simao-des-nations-unies-devoile-le-contenu-de-la-discussion-avec-macky#primaryimage\"},\"thumbnailUrl\":\"https:\/\/static.africa-press.net\/senegal\/sites\/13\/2024\/02\/sm_1708462089.433315.jpg\",\"datePublished\":\"2024-02-20T13:00:21+00:00\",\"dateModified\":\"2024-02-21T01:19:13+00:00\",\"author\":{\"@id\":\"https:\/\/www.africa-press.net\/senegal\/#\/schema\/person\/2b1cf3cd81a31e3cd26889ca66d677f1\"},\"description\":\"C\u2019est l\u2019heure des audiences au palais de la Re\u0301publique. Ce mardi 20 fe\u0301vrier, le repre\u0301sentant spe\u0301cial du secre\u0301taire ...\",\"breadcrumb\":{\"@id\":\"https:\/\/www.africa-press.net\/senegal\/politique\/audience-leonardo-santos-simao-des-nations-unies-devoile-le-contenu-de-la-discussion-avec-macky#breadcrumb\"},\"inLanguage\":\"fr-FR\",\"potentialAction\":[{\"@type\":\"ReadAction\",\"target\":[\"https:\/\/www.africa-press.net\/senegal\/politique\/audience-leonardo-santos-simao-des-nations-unies-devoile-le-contenu-de-la-discussion-avec-macky\"]}]},{\"@type\":\"ImageObject\",\"inLanguage\":\"fr-FR\",\"@id\":\"https:\/\/www.africa-press.net\/senegal\/politique\/audience-leonardo-santos-simao-des-nations-unies-devoile-le-contenu-de-la-discussion-avec-macky#primaryimage\",\"url\":\"https:\/\/static.africa-press.net\/senegal\/sites\/13\/2024\/02\/sm_1708462089.433315.jpg\",\"contentUrl\":\"https:\/\/static.africa-press.net\/senegal\/sites\/13\/2024\/02\/sm_1708462089.433315.jpg\",\"width\":1308,\"height\":633,\"caption\":\"Audience: Leonardo Santos Sim\u00e3o des Nations Unies d\u00e9voile le contenu de la discussion avec Macky\"},{\"@type\":\"BreadcrumbList\",\"@id\":\"https:\/\/www.africa-press.net\/senegal\/politique\/audience-leonardo-santos-simao-des-nations-unies-devoile-le-contenu-de-la-discussion-avec-macky#breadcrumb\",\"itemListElement\":[{\"@type\":\"ListItem\",\"position\":1,\"name\":\"Accueil\",\"item\":\"https:\/\/www.africa-press.net\/senegal\/\"},{\"@type\":\"ListItem\",\"position\":2,\"name\":\"Audience: Leonardo Santos Sim\u00e3o des Nations Unies d\u00e9voile le contenu de la discussion avec Macky\"}]},{\"@type\":\"WebSite\",\"@id\":\"https:\/\/www.africa-press.net\/senegal\/#website\",\"url\":\"https:\/\/www.africa-press.net\/senegal\/\",\"name\":\"Africa Press | Senegal | Homepage\",\"description\":\"Just another Africa News Agency Sites site\",\"potentialAction\":[{\"@type\":\"SearchAction\",\"target\":{\"@type\":\"EntryPoint\",\"urlTemplate\":\"https:\/\/www.africa-press.net\/senegal\/?s={search_term_string}\"},\"query-input\":{\"@type\":\"PropertyValueSpecification\",\"valueRequired\":true,\"valueName\":\"search_term_string\"}}],\"inLanguage\":\"fr-FR\"},{\"@type\":\"Person\",\"@id\":\"https:\/\/www.africa-press.net\/senegal\/#\/schema\/person\/2b1cf3cd81a31e3cd26889ca66d677f1\",\"name\":\"cfeditorfr\",\"url\":\"https:\/\/www.africa-press.net\/senegal\/author\/cfeditorfr\"}]}<\/script>\n<!-- \/ Yoast SEO Premium plugin. -->","yoast_head_json":{"title":"Audience: Leonardo Santos Sim\u00e3o des Nations Unies d\u00e9voile le contenu de la discussion avec Macky - Senegal","description":"C\u2019est l\u2019heure des audiences au palais de la Re\u0301publique. Ce mardi 20 fe\u0301vrier, le repre\u0301sentant spe\u0301cial du secre\u0301taire ...","robots":{"index":"index","follow":"follow","max-snippet":"max-snippet:-1","max-image-preview":"max-image-preview:large","max-video-preview":"max-video-preview:-1"},"canonical":"https:\/\/www.africa-press.net\/senegal\/politique\/audience-leonardo-santos-simao-des-nations-unies-devoile-le-contenu-de-la-discussion-avec-macky","og_locale":"fr_FR","og_type":"article","og_title":"Audience: Leonardo Santos Sim\u00e3o des Nations Unies d\u00e9voile le contenu de la discussion avec Macky","og_description":"C\u2019est l\u2019heure des audiences au palais de la Re\u0301publique. Ce mardi 20 fe\u0301vrier, le repre\u0301sentant spe\u0301cial du secre\u0301taire ...","og_url":"https:\/\/www.africa-press.net\/senegal\/politique\/audience-leonardo-santos-simao-des-nations-unies-devoile-le-contenu-de-la-discussion-avec-macky","og_site_name":"Senegal","article_published_time":"2024-02-20T13:00:21+00:00","article_modified_time":"2024-02-21T01:19:13+00:00","og_image":[{"width":1308,"height":633,"url":"https:\/\/static.africa-press.net\/senegal\/sites\/13\/2024\/02\/sm_1708462089.433315.jpg","type":"image\/jpeg"}],"author":"cfeditorfr","twitter_card":"summary_large_image","twitter_misc":{"\u00c9crit par":"cfeditorfr","Dur\u00e9e de lecture estim\u00e9e":"2 minutes"},"schema":{"@context":"https:\/\/schema.org","@graph":[{"@type":"Article","@id":"https:\/\/www.africa-press.net\/senegal\/politique\/audience-leonardo-santos-simao-des-nations-unies-devoile-le-contenu-de-la-discussion-avec-macky#article","isPartOf":{"@id":"https:\/\/www.africa-press.net\/senegal\/politique\/audience-leonardo-santos-simao-des-nations-unies-devoile-le-contenu-de-la-discussion-avec-macky"},"author":{"name":"cfeditorfr","@id":"https:\/\/www.africa-press.net\/senegal\/#\/schema\/person\/2b1cf3cd81a31e3cd26889ca66d677f1"},"headline":"Audience: Leonardo Santos Sim\u00e3o des Nations Unies d\u00e9voile le contenu de la discussion avec Macky","datePublished":"2024-02-20T13:00:21+00:00","dateModified":"2024-02-21T01:19:13+00:00","mainEntityOfPage":{"@id":"https:\/\/www.africa-press.net\/senegal\/politique\/audience-leonardo-santos-simao-des-nations-unies-devoile-le-contenu-de-la-discussion-avec-macky"},"wordCount":248,"commentCount":0,"image":{"@id":"https:\/\/www.africa-press.net\/senegal\/politique\/audience-leonardo-santos-simao-des-nations-unies-devoile-le-contenu-de-la-discussion-avec-macky#primaryimage"},"thumbnailUrl":"https:\/\/static.africa-press.net\/senegal\/sites\/13\/2024\/02\/sm_1708462089.433315.jpg","keywords":["Africa Press","Africa Press-Senegal","Senegal"],"articleSection":["Politique","Top Nouvelles","Toutes les actualit\u00e9s"],"inLanguage":"fr-FR","potentialAction":[{"@type":"CommentAction","name":"Comment","target":["https:\/\/www.africa-press.net\/senegal\/politique\/audience-leonardo-santos-simao-des-nations-unies-devoile-le-contenu-de-la-discussion-avec-macky#respond"]}]},{"@type":"WebPage","@id":"https:\/\/www.africa-press.net\/senegal\/politique\/audience-leonardo-santos-simao-des-nations-unies-devoile-le-contenu-de-la-discussion-avec-macky","url":"https:\/\/www.africa-press.net\/senegal\/politique\/audience-leonardo-santos-simao-des-nations-unies-devoile-le-contenu-de-la-discussion-avec-macky","name":"Audience: Leonardo Santos Sim\u00e3o des Nations Unies d\u00e9voile le contenu de la discussion avec Macky - Senegal","isPartOf":{"@id":"https:\/\/www.africa-press.net\/senegal\/#website"},"primaryImageOfPage":{"@id":"https:\/\/www.africa-press.net\/senegal\/politique\/audience-leonardo-santos-simao-des-nations-unies-devoile-le-contenu-de-la-discussion-avec-macky#primaryimage"},"image":{"@id":"https:\/\/www.africa-press.net\/senegal\/politique\/audience-leonardo-santos-simao-des-nations-unies-devoile-le-contenu-de-la-discussion-avec-macky#primaryimage"},"thumbnailUrl":"https:\/\/static.africa-press.net\/senegal\/sites\/13\/2024\/02\/sm_1708462089.433315.jpg","datePublished":"2024-02-20T13:00:21+00:00","dateModified":"2024-02-21T01:19:13+00:00","author":{"@id":"https:\/\/www.africa-press.net\/senegal\/#\/schema\/person\/2b1cf3cd81a31e3cd26889ca66d677f1"},"description":"C\u2019est l\u2019heure des audiences au palais de la Re\u0301publique. Ce mardi 20 fe\u0301vrier, le repre\u0301sentant spe\u0301cial du secre\u0301taire ...","breadcrumb":{"@id":"https:\/\/www.africa-press.net\/senegal\/politique\/audience-leonardo-santos-simao-des-nations-unies-devoile-le-contenu-de-la-discussion-avec-macky#breadcrumb"},"inLanguage":"fr-FR","potentialAction":[{"@type":"ReadAction","target":["https:\/\/www.africa-press.net\/senegal\/politique\/audience-leonardo-santos-simao-des-nations-unies-devoile-le-contenu-de-la-discussion-avec-macky"]}]},{"@type":"ImageObject","inLanguage":"fr-FR","@id":"https:\/\/www.africa-press.net\/senegal\/politique\/audience-leonardo-santos-simao-des-nations-unies-devoile-le-contenu-de-la-discussion-avec-macky#primaryimage","url":"https:\/\/static.africa-press.net\/senegal\/sites\/13\/2024\/02\/sm_1708462089.433315.jpg","contentUrl":"https:\/\/static.africa-press.net\/senegal\/sites\/13\/2024\/02\/sm_1708462089.433315.jpg","width":1308,"height":633,"caption":"Audience: Leonardo Santos Sim\u00e3o des Nations Unies d\u00e9voile le contenu de la discussion avec Macky"},{"@type":"BreadcrumbList","@id":"https:\/\/www.africa-press.net\/senegal\/politique\/audience-leonardo-santos-simao-des-nations-unies-devoile-le-contenu-de-la-discussion-avec-macky#breadcrumb","itemListElement":[{"@type":"ListItem","position":1,"name":"Accueil","item":"https:\/\/www.africa-press.net\/senegal\/"},{"@type":"ListItem","position":2,"name":"Audience: Leonardo Santos Sim\u00e3o des Nations Unies d\u00e9voile le contenu de la discussion avec Macky"}]},{"@type":"WebSite","@id":"https:\/\/www.africa-press.net\/senegal\/#website","url":"https:\/\/www.africa-press.net\/senegal\/","name":"Africa Press | Senegal | Homepage","description":"Just another Africa News Agency Sites site","potentialAction":[{"@type":"SearchAction","target":{"@type":"EntryPoint","urlTemplate":"https:\/\/www.africa-press.net\/senegal\/?s={search_term_string}"},"query-input":{"@type":"PropertyValueSpecification","valueRequired":true,"valueName":"search_term_string"}}],"inLanguage":"fr-FR"},{"@type":"Person","@id":"https:\/\/www.africa-press.net\/senegal\/#\/schema\/person\/2b1cf3cd81a31e3cd26889ca66d677f1","name":"cfeditorfr","url":"https:\/\/www.africa-press.net\/senegal\/author\/cfeditorfr"}]}},"_links":{"self":[{"href":"https:\/\/www.africa-press.net\/senegal\/wp-json\/wp\/v2\/posts\/55953","targetHints":{"allow":["GET"]}}],"collection":[{"href":"https:\/\/www.africa-press.net\/senegal\/wp-json\/wp\/v2\/posts"}],"about":[{"href":"https:\/\/www.africa-press.net\/senegal\/wp-json\/wp\/v2\/types\/post"}],"author":[{"embeddable":true,"href":"https:\/\/www.africa-press.net\/senegal\/wp-json\/wp\/v2\/users\/82"}],"replies":[{"embeddable":true,"href":"https:\/\/www.africa-press.net\/senegal\/wp-json\/wp\/v2\/comments?post=55953"}],"version-history":[{"count":0,"href":"https:\/\/www.africa-press.net\/senegal\/wp-json\/wp\/v2\/posts\/55953\/revisions"}],"wp:featuredmedia":[{"embeddable":true,"href":"https:\/\/www.africa-press.net\/senegal\/wp-json\/wp\/v2\/media\/55951"}],"wp:attachment":[{"href":"https:\/\/www.africa-press.net\/senegal\/wp-json\/wp\/v2\/media?parent=55953"}],"wp:term":[{"taxonomy":"category","embeddable":true,"href":"https:\/\/www.africa-press.net\/senegal\/wp-json\/wp\/v2\/categories?post=55953"},{"taxonomy":"post_tag","embeddable":true,"href":"https:\/\/www.africa-press.net\/senegal\/wp-json\/wp\/v2\/tags?post=55953"}],"curies":[{"name":"wp","href":"https:\/\/api.w.org\/{rel}","templated":true}]}}