{"id":55958,"date":"2024-02-20T23:59:01","date_gmt":"2024-02-20T23:59:01","guid":{"rendered":"https:\/\/www.africa-press.net\/senegal\/politique\/tas-tacle-certains-hommes-politiques-ils-sont-complices-de-la-destabilisation-orchestree-par-macky-sall"},"modified":"2024-02-21T01:20:02","modified_gmt":"2024-02-21T01:20:02","slug":"tas-tacle-certains-hommes-politiques-ils-sont-complices-de-la-destabilisation-orchestree-par-macky-sall","status":"publish","type":"post","link":"https:\/\/www.africa-press.net\/senegal\/politique\/tas-tacle-certains-hommes-politiques-ils-sont-complices-de-la-destabilisation-orchestree-par-macky-sall","title":{"rendered":"TAS tacle certains hommes politiques : \u00ab\u00a0Ils sont complices de la d\u00e9stabilisation orchestr\u00e9e par Macky Sall\u00a0\u00bb"},"content":{"rendered":"<p><span style=\"color: #ff6600\"><strong>Africa-Press &#8211; Senegal. <\/strong><\/span>Thierno Alassane Sall (TAS) n&rsquo;a pas e\u0301te\u0301 tendre avec certains hommes politiques. Dans une de\u0301claration publie\u0301e sur les re\u0301seaux sociaux, TAS a tacle\u0301 les candidats recale\u0301s qui avaient rencontre\u0301 Macky Sall et ceux qui discutaient avec lui discre\u0300tement pour un report de l&rsquo;e\u0301lection.<\/p>\n<p>\u00ab\u00a0Il apparai\u0302t donc que les discussions avec les candidats recale\u0301s n&rsquo;e\u0301taient qu&rsquo;une vaste mascarade pour justifier son coup d&rsquo;E\u0301tat constitutionnel. On sait aujourd&rsquo;hui que bien avant cette rencontre, des rencontres discre\u0300tes avaient lieu qui visaient rien moins que le report de l&rsquo;e\u0301lection. Ceux qui ont propose\u0301 des compromis coupables, tels que \u00ab\u00a0l&rsquo;amnistie contre une e\u0301lection inclusive\u00a0\u00bb, sont complices de la de\u0301stabilisation orchestre\u0301e par Macky Sall sous nos yeux. Ils portent e\u0301galement une grande responsabilite\u0301 dans le cycle de violence vers lequel le Se\u0301ne\u0301gal se dirige, ainsi que les 3 morts de\u0301ja\u0300 enregistre\u0301s. On ne fonde pas une paix durable sur le me\u0301pris des lois\u00a0\u00bb, a affirme\u0301 le leader de la Re\u0301publique des Valeurs.<\/p>\n<p>Thierno Alassane Sall se veut e\u0301galement tre\u0300s prudent sur l&rsquo;annonce de Macky Sall de se conformer a\u0300 la de\u0301cision du Conseil constitutionnel. Selon lui, Macky Sall a montre\u0301 qu&rsquo;il peut ne pas respecter ses promesses, dont la dernie\u0300re fut de reporter la Pre\u0301sidentielle. \u00ab Macky Sall re\u0301affirmait devant le Se\u0301ne\u0301gal et le monde le caracte\u0300re de\u0301finitif et sans recours des de\u0301cisions du Conseil constitutionnel. Il confirmait que l&rsquo;e\u0301lection pre\u0301sidentielle se tiendrait le 25 fe\u0301vrier. On sait ce qu&rsquo;il advint de ce bel esprit re\u0301publicain et le\u0301galiste: le 3 fe\u0301vrier, le chef supre\u0302me des Arme\u0301es, Macky Sall se mit devant les Se\u0301ne\u0301galais pour annoncer ce qui s&rsquo;ave\u0300re e\u0302tre un coup d&rsquo;E\u0301tat constitutionnel \u00bb, ajoute-t-il.<\/p>\n<p><strong>Pour plus d&rsquo;informations et d&rsquo;analyses sur la <a href=\"https:\/\/www.africa-press.net\/senegal\">Senegal<\/a>, suivez <a href=\"https:\/\/www.africa-press.net\/\">Africa-Press<\/a><\/strong><\/p>\n","protected":false},"excerpt":{"rendered":"<p>Africa-Press &#8211; Senegal. Thierno Alassane Sall (TAS) n&rsquo;a pas e\u0301te\u0301 tendre avec certains hommes politiques. Dans une de\u0301claration publie\u0301e sur les re\u0301seaux sociaux, TAS a tacle\u0301 les candidats recale\u0301s qui avaient rencontre\u0301 Macky Sall et ceux qui discutaient avec lui discre\u0300tement pour un report de l&rsquo;e\u0301lection. \u00ab\u00a0Il apparai\u0302t donc que les discussions avec les candidats [&hellip;]<\/p>\n","protected":false},"author":82,"featured_media":55957,"comment_status":"open","ping_status":"closed","sticky":false,"template":"","format":"standard","meta":{"footnotes":""},"categories":[2,10],"tags":[43,47,44],"class_list":["post-55958","post","type-post","status-publish","format-standard","has-post-thumbnail","hentry","category-politique","category-toutes-les-actualites","tag-africa-press-2","tag-africa-press-senegal","tag-senegal-2"],"yoast_head":"<!-- This site is optimized with the Yoast SEO Premium plugin v26.1 (Yoast SEO v27.0) - https:\/\/yoast.com\/product\/yoast-seo-premium-wordpress\/ -->\n<title>TAS tacle certains hommes politiques : &quot;Ils sont complices de la d\u00e9stabilisation orchestr\u00e9e par Macky Sall&quot; - Senegal<\/title>\n<meta name=\"description\" content=\"Thierno Alassane Sall (TAS) n&#039;a pas e\u0301te\u0301 tendre avec certains hommes politiques. Dans une de\u0301claration publie\u0301e sur les ...\" \/>\n<meta name=\"robots\" content=\"index, follow, max-snippet:-1, max-image-preview:large, max-video-preview:-1\" \/>\n<link rel=\"canonical\" href=\"https:\/\/www.africa-press.net\/senegal\/politique\/tas-tacle-certains-hommes-politiques-ils-sont-complices-de-la-destabilisation-orchestree-par-macky-sall\" \/>\n<meta property=\"og:locale\" content=\"fr_FR\" \/>\n<meta property=\"og:type\" content=\"article\" \/>\n<meta property=\"og:title\" content=\"TAS tacle certains hommes politiques : &quot;Ils sont complices de la d\u00e9stabilisation orchestr\u00e9e par Macky Sall&quot;\" \/>\n<meta property=\"og:description\" content=\"Thierno Alassane Sall (TAS) n&#039;a pas e\u0301te\u0301 tendre avec certains hommes politiques. Dans une de\u0301claration publie\u0301e sur les ...\" \/>\n<meta property=\"og:url\" content=\"https:\/\/www.africa-press.net\/senegal\/politique\/tas-tacle-certains-hommes-politiques-ils-sont-complices-de-la-destabilisation-orchestree-par-macky-sall\" \/>\n<meta property=\"og:site_name\" content=\"Senegal\" \/>\n<meta property=\"article:published_time\" content=\"2024-02-20T23:59:01+00:00\" \/>\n<meta property=\"article:modified_time\" content=\"2024-02-21T01:20:02+00:00\" \/>\n<meta property=\"og:image\" content=\"https:\/\/static.africa-press.net\/senegal\/sites\/13\/2024\/02\/sm_1708462139.315047.jpg\" \/>\n\t<meta property=\"og:image:width\" content=\"1305\" \/>\n\t<meta property=\"og:image:height\" content=\"635\" \/>\n\t<meta property=\"og:image:type\" content=\"image\/jpeg\" \/>\n<meta name=\"author\" content=\"cfeditorfr\" \/>\n<meta name=\"twitter:card\" content=\"summary_large_image\" \/>\n<meta name=\"twitter:label1\" content=\"\u00c9crit par\" \/>\n\t<meta name=\"twitter:data1\" content=\"cfeditorfr\" \/>\n\t<meta name=\"twitter:label2\" content=\"Dur\u00e9e de lecture estim\u00e9e\" \/>\n\t<meta name=\"twitter:data2\" content=\"2 minutes\" \/>\n<script type=\"application\/ld+json\" class=\"yoast-schema-graph\">{\"@context\":\"https:\/\/schema.org\",\"@graph\":[{\"@type\":\"Article\",\"@id\":\"https:\/\/www.africa-press.net\/senegal\/politique\/tas-tacle-certains-hommes-politiques-ils-sont-complices-de-la-destabilisation-orchestree-par-macky-sall#article\",\"isPartOf\":{\"@id\":\"https:\/\/www.africa-press.net\/senegal\/politique\/tas-tacle-certains-hommes-politiques-ils-sont-complices-de-la-destabilisation-orchestree-par-macky-sall\"},\"author\":{\"name\":\"cfeditorfr\",\"@id\":\"https:\/\/www.africa-press.net\/senegal\/#\/schema\/person\/2b1cf3cd81a31e3cd26889ca66d677f1\"},\"headline\":\"TAS tacle certains hommes politiques : \u00ab\u00a0Ils sont complices de la d\u00e9stabilisation orchestr\u00e9e par Macky Sall\u00a0\u00bb\",\"datePublished\":\"2024-02-20T23:59:01+00:00\",\"dateModified\":\"2024-02-21T01:20:02+00:00\",\"mainEntityOfPage\":{\"@id\":\"https:\/\/www.africa-press.net\/senegal\/politique\/tas-tacle-certains-hommes-politiques-ils-sont-complices-de-la-destabilisation-orchestree-par-macky-sall\"},\"wordCount\":357,\"commentCount\":0,\"image\":{\"@id\":\"https:\/\/www.africa-press.net\/senegal\/politique\/tas-tacle-certains-hommes-politiques-ils-sont-complices-de-la-destabilisation-orchestree-par-macky-sall#primaryimage\"},\"thumbnailUrl\":\"https:\/\/static.africa-press.net\/senegal\/sites\/13\/2024\/02\/sm_1708462139.315047.jpg\",\"keywords\":[\"Africa Press\",\"Africa Press-Senegal\",\"Senegal\"],\"articleSection\":[\"Politique\",\"Toutes les actualit\u00e9s\"],\"inLanguage\":\"fr-FR\",\"potentialAction\":[{\"@type\":\"CommentAction\",\"name\":\"Comment\",\"target\":[\"https:\/\/www.africa-press.net\/senegal\/politique\/tas-tacle-certains-hommes-politiques-ils-sont-complices-de-la-destabilisation-orchestree-par-macky-sall#respond\"]}]},{\"@type\":\"WebPage\",\"@id\":\"https:\/\/www.africa-press.net\/senegal\/politique\/tas-tacle-certains-hommes-politiques-ils-sont-complices-de-la-destabilisation-orchestree-par-macky-sall\",\"url\":\"https:\/\/www.africa-press.net\/senegal\/politique\/tas-tacle-certains-hommes-politiques-ils-sont-complices-de-la-destabilisation-orchestree-par-macky-sall\",\"name\":\"TAS tacle certains hommes politiques : \\\"Ils sont complices de la d\u00e9stabilisation orchestr\u00e9e par Macky Sall\\\" - Senegal\",\"isPartOf\":{\"@id\":\"https:\/\/www.africa-press.net\/senegal\/#website\"},\"primaryImageOfPage\":{\"@id\":\"https:\/\/www.africa-press.net\/senegal\/politique\/tas-tacle-certains-hommes-politiques-ils-sont-complices-de-la-destabilisation-orchestree-par-macky-sall#primaryimage\"},\"image\":{\"@id\":\"https:\/\/www.africa-press.net\/senegal\/politique\/tas-tacle-certains-hommes-politiques-ils-sont-complices-de-la-destabilisation-orchestree-par-macky-sall#primaryimage\"},\"thumbnailUrl\":\"https:\/\/static.africa-press.net\/senegal\/sites\/13\/2024\/02\/sm_1708462139.315047.jpg\",\"datePublished\":\"2024-02-20T23:59:01+00:00\",\"dateModified\":\"2024-02-21T01:20:02+00:00\",\"author\":{\"@id\":\"https:\/\/www.africa-press.net\/senegal\/#\/schema\/person\/2b1cf3cd81a31e3cd26889ca66d677f1\"},\"description\":\"Thierno Alassane Sall (TAS) n'a pas e\u0301te\u0301 tendre avec certains hommes politiques. Dans une de\u0301claration publie\u0301e sur les ...\",\"breadcrumb\":{\"@id\":\"https:\/\/www.africa-press.net\/senegal\/politique\/tas-tacle-certains-hommes-politiques-ils-sont-complices-de-la-destabilisation-orchestree-par-macky-sall#breadcrumb\"},\"inLanguage\":\"fr-FR\",\"potentialAction\":[{\"@type\":\"ReadAction\",\"target\":[\"https:\/\/www.africa-press.net\/senegal\/politique\/tas-tacle-certains-hommes-politiques-ils-sont-complices-de-la-destabilisation-orchestree-par-macky-sall\"]}]},{\"@type\":\"ImageObject\",\"inLanguage\":\"fr-FR\",\"@id\":\"https:\/\/www.africa-press.net\/senegal\/politique\/tas-tacle-certains-hommes-politiques-ils-sont-complices-de-la-destabilisation-orchestree-par-macky-sall#primaryimage\",\"url\":\"https:\/\/static.africa-press.net\/senegal\/sites\/13\/2024\/02\/sm_1708462139.315047.jpg\",\"contentUrl\":\"https:\/\/static.africa-press.net\/senegal\/sites\/13\/2024\/02\/sm_1708462139.315047.jpg\",\"width\":1305,\"height\":635,\"caption\":\"TAS tacle certains hommes politiques : \\\"Ils sont complices de la d\u00e9stabilisation orchestr\u00e9e par Macky Sall\\\"\"},{\"@type\":\"BreadcrumbList\",\"@id\":\"https:\/\/www.africa-press.net\/senegal\/politique\/tas-tacle-certains-hommes-politiques-ils-sont-complices-de-la-destabilisation-orchestree-par-macky-sall#breadcrumb\",\"itemListElement\":[{\"@type\":\"ListItem\",\"position\":1,\"name\":\"Accueil\",\"item\":\"https:\/\/www.africa-press.net\/senegal\/\"},{\"@type\":\"ListItem\",\"position\":2,\"name\":\"TAS tacle certains hommes politiques : &#8220;Ils sont complices de la d\u00e9stabilisation orchestr\u00e9e par Macky Sall&#8221;\"}]},{\"@type\":\"WebSite\",\"@id\":\"https:\/\/www.africa-press.net\/senegal\/#website\",\"url\":\"https:\/\/www.africa-press.net\/senegal\/\",\"name\":\"Africa Press | Senegal | Homepage\",\"description\":\"Just another Africa News Agency Sites site\",\"potentialAction\":[{\"@type\":\"SearchAction\",\"target\":{\"@type\":\"EntryPoint\",\"urlTemplate\":\"https:\/\/www.africa-press.net\/senegal\/?s={search_term_string}\"},\"query-input\":{\"@type\":\"PropertyValueSpecification\",\"valueRequired\":true,\"valueName\":\"search_term_string\"}}],\"inLanguage\":\"fr-FR\"},{\"@type\":\"Person\",\"@id\":\"https:\/\/www.africa-press.net\/senegal\/#\/schema\/person\/2b1cf3cd81a31e3cd26889ca66d677f1\",\"name\":\"cfeditorfr\",\"url\":\"https:\/\/www.africa-press.net\/senegal\/author\/cfeditorfr\"}]}<\/script>\n<!-- \/ Yoast SEO Premium plugin. -->","yoast_head_json":{"title":"TAS tacle certains hommes politiques : \"Ils sont complices de la d\u00e9stabilisation orchestr\u00e9e par Macky Sall\" - Senegal","description":"Thierno Alassane Sall (TAS) n'a pas e\u0301te\u0301 tendre avec certains hommes politiques. Dans une de\u0301claration publie\u0301e sur les ...","robots":{"index":"index","follow":"follow","max-snippet":"max-snippet:-1","max-image-preview":"max-image-preview:large","max-video-preview":"max-video-preview:-1"},"canonical":"https:\/\/www.africa-press.net\/senegal\/politique\/tas-tacle-certains-hommes-politiques-ils-sont-complices-de-la-destabilisation-orchestree-par-macky-sall","og_locale":"fr_FR","og_type":"article","og_title":"TAS tacle certains hommes politiques : \"Ils sont complices de la d\u00e9stabilisation orchestr\u00e9e par Macky Sall\"","og_description":"Thierno Alassane Sall (TAS) n'a pas e\u0301te\u0301 tendre avec certains hommes politiques. Dans une de\u0301claration publie\u0301e sur les ...","og_url":"https:\/\/www.africa-press.net\/senegal\/politique\/tas-tacle-certains-hommes-politiques-ils-sont-complices-de-la-destabilisation-orchestree-par-macky-sall","og_site_name":"Senegal","article_published_time":"2024-02-20T23:59:01+00:00","article_modified_time":"2024-02-21T01:20:02+00:00","og_image":[{"width":1305,"height":635,"url":"https:\/\/static.africa-press.net\/senegal\/sites\/13\/2024\/02\/sm_1708462139.315047.jpg","type":"image\/jpeg"}],"author":"cfeditorfr","twitter_card":"summary_large_image","twitter_misc":{"\u00c9crit par":"cfeditorfr","Dur\u00e9e de lecture estim\u00e9e":"2 minutes"},"schema":{"@context":"https:\/\/schema.org","@graph":[{"@type":"Article","@id":"https:\/\/www.africa-press.net\/senegal\/politique\/tas-tacle-certains-hommes-politiques-ils-sont-complices-de-la-destabilisation-orchestree-par-macky-sall#article","isPartOf":{"@id":"https:\/\/www.africa-press.net\/senegal\/politique\/tas-tacle-certains-hommes-politiques-ils-sont-complices-de-la-destabilisation-orchestree-par-macky-sall"},"author":{"name":"cfeditorfr","@id":"https:\/\/www.africa-press.net\/senegal\/#\/schema\/person\/2b1cf3cd81a31e3cd26889ca66d677f1"},"headline":"TAS tacle certains hommes politiques : \u00ab\u00a0Ils sont complices de la d\u00e9stabilisation orchestr\u00e9e par Macky Sall\u00a0\u00bb","datePublished":"2024-02-20T23:59:01+00:00","dateModified":"2024-02-21T01:20:02+00:00","mainEntityOfPage":{"@id":"https:\/\/www.africa-press.net\/senegal\/politique\/tas-tacle-certains-hommes-politiques-ils-sont-complices-de-la-destabilisation-orchestree-par-macky-sall"},"wordCount":357,"commentCount":0,"image":{"@id":"https:\/\/www.africa-press.net\/senegal\/politique\/tas-tacle-certains-hommes-politiques-ils-sont-complices-de-la-destabilisation-orchestree-par-macky-sall#primaryimage"},"thumbnailUrl":"https:\/\/static.africa-press.net\/senegal\/sites\/13\/2024\/02\/sm_1708462139.315047.jpg","keywords":["Africa Press","Africa Press-Senegal","Senegal"],"articleSection":["Politique","Toutes les actualit\u00e9s"],"inLanguage":"fr-FR","potentialAction":[{"@type":"CommentAction","name":"Comment","target":["https:\/\/www.africa-press.net\/senegal\/politique\/tas-tacle-certains-hommes-politiques-ils-sont-complices-de-la-destabilisation-orchestree-par-macky-sall#respond"]}]},{"@type":"WebPage","@id":"https:\/\/www.africa-press.net\/senegal\/politique\/tas-tacle-certains-hommes-politiques-ils-sont-complices-de-la-destabilisation-orchestree-par-macky-sall","url":"https:\/\/www.africa-press.net\/senegal\/politique\/tas-tacle-certains-hommes-politiques-ils-sont-complices-de-la-destabilisation-orchestree-par-macky-sall","name":"TAS tacle certains hommes politiques : \"Ils sont complices de la d\u00e9stabilisation orchestr\u00e9e par Macky Sall\" - Senegal","isPartOf":{"@id":"https:\/\/www.africa-press.net\/senegal\/#website"},"primaryImageOfPage":{"@id":"https:\/\/www.africa-press.net\/senegal\/politique\/tas-tacle-certains-hommes-politiques-ils-sont-complices-de-la-destabilisation-orchestree-par-macky-sall#primaryimage"},"image":{"@id":"https:\/\/www.africa-press.net\/senegal\/politique\/tas-tacle-certains-hommes-politiques-ils-sont-complices-de-la-destabilisation-orchestree-par-macky-sall#primaryimage"},"thumbnailUrl":"https:\/\/static.africa-press.net\/senegal\/sites\/13\/2024\/02\/sm_1708462139.315047.jpg","datePublished":"2024-02-20T23:59:01+00:00","dateModified":"2024-02-21T01:20:02+00:00","author":{"@id":"https:\/\/www.africa-press.net\/senegal\/#\/schema\/person\/2b1cf3cd81a31e3cd26889ca66d677f1"},"description":"Thierno Alassane Sall (TAS) n'a pas e\u0301te\u0301 tendre avec certains hommes politiques. Dans une de\u0301claration publie\u0301e sur les ...","breadcrumb":{"@id":"https:\/\/www.africa-press.net\/senegal\/politique\/tas-tacle-certains-hommes-politiques-ils-sont-complices-de-la-destabilisation-orchestree-par-macky-sall#breadcrumb"},"inLanguage":"fr-FR","potentialAction":[{"@type":"ReadAction","target":["https:\/\/www.africa-press.net\/senegal\/politique\/tas-tacle-certains-hommes-politiques-ils-sont-complices-de-la-destabilisation-orchestree-par-macky-sall"]}]},{"@type":"ImageObject","inLanguage":"fr-FR","@id":"https:\/\/www.africa-press.net\/senegal\/politique\/tas-tacle-certains-hommes-politiques-ils-sont-complices-de-la-destabilisation-orchestree-par-macky-sall#primaryimage","url":"https:\/\/static.africa-press.net\/senegal\/sites\/13\/2024\/02\/sm_1708462139.315047.jpg","contentUrl":"https:\/\/static.africa-press.net\/senegal\/sites\/13\/2024\/02\/sm_1708462139.315047.jpg","width":1305,"height":635,"caption":"TAS tacle certains hommes politiques : \"Ils sont complices de la d\u00e9stabilisation orchestr\u00e9e par Macky Sall\""},{"@type":"BreadcrumbList","@id":"https:\/\/www.africa-press.net\/senegal\/politique\/tas-tacle-certains-hommes-politiques-ils-sont-complices-de-la-destabilisation-orchestree-par-macky-sall#breadcrumb","itemListElement":[{"@type":"ListItem","position":1,"name":"Accueil","item":"https:\/\/www.africa-press.net\/senegal\/"},{"@type":"ListItem","position":2,"name":"TAS tacle certains hommes politiques : &#8220;Ils sont complices de la d\u00e9stabilisation orchestr\u00e9e par Macky Sall&#8221;"}]},{"@type":"WebSite","@id":"https:\/\/www.africa-press.net\/senegal\/#website","url":"https:\/\/www.africa-press.net\/senegal\/","name":"Africa Press | Senegal | Homepage","description":"Just another Africa News Agency Sites site","potentialAction":[{"@type":"SearchAction","target":{"@type":"EntryPoint","urlTemplate":"https:\/\/www.africa-press.net\/senegal\/?s={search_term_string}"},"query-input":{"@type":"PropertyValueSpecification","valueRequired":true,"valueName":"search_term_string"}}],"inLanguage":"fr-FR"},{"@type":"Person","@id":"https:\/\/www.africa-press.net\/senegal\/#\/schema\/person\/2b1cf3cd81a31e3cd26889ca66d677f1","name":"cfeditorfr","url":"https:\/\/www.africa-press.net\/senegal\/author\/cfeditorfr"}]}},"_links":{"self":[{"href":"https:\/\/www.africa-press.net\/senegal\/wp-json\/wp\/v2\/posts\/55958","targetHints":{"allow":["GET"]}}],"collection":[{"href":"https:\/\/www.africa-press.net\/senegal\/wp-json\/wp\/v2\/posts"}],"about":[{"href":"https:\/\/www.africa-press.net\/senegal\/wp-json\/wp\/v2\/types\/post"}],"author":[{"embeddable":true,"href":"https:\/\/www.africa-press.net\/senegal\/wp-json\/wp\/v2\/users\/82"}],"replies":[{"embeddable":true,"href":"https:\/\/www.africa-press.net\/senegal\/wp-json\/wp\/v2\/comments?post=55958"}],"version-history":[{"count":0,"href":"https:\/\/www.africa-press.net\/senegal\/wp-json\/wp\/v2\/posts\/55958\/revisions"}],"wp:featuredmedia":[{"embeddable":true,"href":"https:\/\/www.africa-press.net\/senegal\/wp-json\/wp\/v2\/media\/55957"}],"wp:attachment":[{"href":"https:\/\/www.africa-press.net\/senegal\/wp-json\/wp\/v2\/media?parent=55958"}],"wp:term":[{"taxonomy":"category","embeddable":true,"href":"https:\/\/www.africa-press.net\/senegal\/wp-json\/wp\/v2\/categories?post=55958"},{"taxonomy":"post_tag","embeddable":true,"href":"https:\/\/www.africa-press.net\/senegal\/wp-json\/wp\/v2\/tags?post=55958"}],"curies":[{"name":"wp","href":"https:\/\/api.w.org\/{rel}","templated":true}]}}