{"id":56012,"date":"2024-02-22T21:45:03","date_gmt":"2024-02-22T21:45:03","guid":{"rendered":"https:\/\/www.africa-press.net\/senegal\/politique\/la-4eme-edition-de-la-soiree-tik-tok-se-tiendra-le-24-fevrier-au-palais-du-peuple"},"modified":"2024-02-23T00:38:48","modified_gmt":"2024-02-23T00:38:48","slug":"la-4eme-edition-de-la-soiree-tik-tok-se-tiendra-le-24-fevrier-au-palais-du-peuple","status":"publish","type":"post","link":"https:\/\/www.africa-press.net\/senegal\/culture-et-art\/la-4eme-edition-de-la-soiree-tik-tok-se-tiendra-le-24-fevrier-au-palais-du-peuple","title":{"rendered":"la 4\u00e8me \u00e9dition de la soir\u00e9e Tik Tok se tiendra le 24 f\u00e9vrier au palais du peuple"},"content":{"rendered":"<p><span style=\"color: #ff6600\"><strong>Africa-Press &#8211; Senegal. <\/strong><\/span>L\u2019annonce a e\u0301te\u0301 faite ce jeudi 22 fe\u0301vrier, par les organisateurs de l\u2019e\u0301ve\u0301nement lors d\u2019une confe\u0301rence de presse tenue dans un lieu de loisir de la place. Cette rencontre re\u0301unira cette anne\u0301e, plus d\u2019une vingtaine d\u2019influenceurs ( Diana Bouli, Alex Merryl, Fay Nara, Abou, le Ge\u0301ne\u0301ral Kamissoko et autres) venus de 10 pays africains (la Co\u0302te d\u2019Ivoire, le Cameroun, le Se\u0301ne\u0301gal, le Mali, le Maroc, le Be\u0301nin etc).<\/p>\n<p>A l\u2019entame de son intervention, Aminata Diabate\u0301 commune\u0301ment appele\u0301e Mimiche Diabate\u0301 ,qui est l\u2019initiatrice de cet e\u0301ve\u0301nement a\u0300 travers son agence Midiacom, a parle\u0301 de la manie\u0300re dont elle a re\u0301ussi a\u0300 cre\u0301er l\u2019e\u0301ve\u0301nement de\u0301nomme\u0301 \u00ab La soire\u0301e Tiktok \u00bb jusqu\u2019a\u0300 cette 4e\u0300me e\u0301dition qui aura lieu le 24 fe\u0301vrier au palais du peuple. \u00ab Pour la petite histoire cet e\u0301ve\u0300nement part d\u2019une simple rencontre entre Mimiche et ses fans. Vu que j\u2019ai rencontre\u0301 une plate-forme qui s\u2019appelle Tik Tok, une plate-forme qui permet de partager nos quotidiens, qui permet de mettre en lumie\u0300re les artistes, la culture de chez toi et qui peut te permettre de cre\u0301er ton petit monde dans le domaine du commerce ou n\u2019importe quel monde. Je m\u2019investis, je rec\u0327ois un peu plus d\u2019abonne\u0301s, je suis admire\u0301e par les gens tout de suite je pense a\u0300 cre\u0301er un e\u0301ve\u0301nement, la rencontre de Mimiche et ses fans. Ce qui a e\u0301te\u0301 un ve\u0301ritable succe\u0300s, peut-e\u0302tre que je m\u2019attendais a\u0300 2 ou 3 personnes voire 200 personnes mais je me retrouve avec plus de 2000 personnes. Alors cela m\u2019inspire, il faut dire qu\u2019au de\u0301but c\u0327a n\u2019a pas e\u0301te\u0301 facile d\u2019autres disaient mais c\u0327a c\u2019est quel projet ? Mais bon, la rencontre des influenceurs il faut la vivre pour savoir ce que c\u2019est et ce qu\u2019on fait aux yeux du monde entier. Donc apre\u0300s la premie\u0300re e\u0301dition on s\u2019est lance\u0301 pour la deuxie\u0300me e\u0301dition qui a connu le succe\u0300s.Tout de suite je me suis dit, au lieu que c\u0327a ne soit la rencontre de Mimiche et ses fans pourquoi ne pas l\u2019ouvrir a\u0300 l\u2019Afrique et au monde. La participation de l\u2019Afrique, le monde a aime\u0301 (&#8230;) Et pour cette 4e\u0300me e\u0301dition, c\u2019est vrai qu\u2019il y a eu 7 a\u0300 8 pays africains pourquoi ne pas rendre l\u2019e\u0301ve\u0301nement panafricain. C\u2019est vrai que ce n\u2019est pas facile mais avec l\u2019accompagnement des bonnes personnes je pense qu\u2019on peut le faire. Et aujourd\u2019hui on a plus d\u2019une dizaine de pays qui sont la\u0300, le Be\u0301nin qui est repre\u0301sente\u0301 au moins par trois influenceurs,la Co\u0302te d\u2019Ivoire, le Cameroun, le Se\u0301ne\u0301gal le Mali, le Maroc etc,plus d\u2019une vingtaine d\u2019influenceurs en Guine\u0301e \u00bb, a explique\u0301 Mimiche Diabate\u0301.<\/p>\n<p>Elle promet un meilleur spectacle a\u0300 ses fans: \u00bble but de cet e\u0301ve\u0301nement c\u2019est de mettre la lumie\u0300re sur mon pays(&#8230;) D\u2019abord il y aura une sortie individuelle et apre\u0300s une sortie collective comme l\u2019anne\u0301e dernie\u0300re \u00bb, a-t-elle promis.<\/p>\n<p>Ensuite, les invite\u0301s, a\u0300 tour de ro\u0302le, ont pris la parole pour appeler les gens a\u0300 re\u0301pondre massivement a\u0300 ce rendez-vous. Arrive\u0301e a\u0300 son tour, Fay Nara, une influenceuse Se\u0301ne\u0301galaise qui fait partie des invite\u0301s de cette soire\u0301e, dira qu\u2019elle a failli ne pas venir, par peur d\u2019e\u0302tre rejete\u0301e par les Guine\u0301ens suite a\u0300 la situation qu\u2019ont ve\u0301cue l\u2019artiste Sou\u0302l Bangs et sa femme Manamba tout re\u0301cemment au Se\u0301ne\u0301gal. Elle a donc tenu a\u0300 s\u2019excuser aupre\u0300s des Guine\u0301ens. \u00ab C\u2019est un plaisir d\u2019e\u0302tre ici devant, c\u2019est ma troisie\u0300me fois en Guine\u0301e. Je ne peux pas commencer a\u0300 m\u2019exprimer sans m\u2019excuser par rapport a\u0300 ce qui sest passe\u0301 avec votre fre\u0300re Sou\u0302l Bangs au Se\u0301ne\u0301gal.C\u2019est vrai qu\u2019on nous a invite\u0301s a\u0300 l\u2019e\u0301ve\u0301nement, mais suite a\u0300 cet e\u0301ve\u0300nement qui s\u2019est passe\u0301 a\u0300 l\u2019ae\u0301roport on a voulu se re\u0301tracter parce qu\u2019on pensait qu\u2019on n\u2019e\u0301tait pas aussi la bienvenue en Guine\u0301e. Je pense honne\u0302tement qu\u2019on est des fre\u0300res et s\u0153urs. Donc je me suis dit ce n\u2019est pas a\u0300 cause de c\u0327a que je ne vais pas venir en Guine\u0301e. Ce serait aussi comme favoriser la subdivision de nos fre\u0300res. On est des ouest-africains, on le restera. En tout cas, c\u2019est un plaisir d\u2019e\u0302tre ici en Guine\u0301e. Rendez-vous le 24 fe\u0301vrier au palais du peuple \u00bb, a-t-elle indique\u0301.<\/p>\n<p><strong>Pour plus d&rsquo;informations et d&rsquo;analyses sur la <a href=\"https:\/\/www.africa-press.net\/senegal\">Senegal<\/a>, suivez <a href=\"https:\/\/www.africa-press.net\/\">Africa-Press<\/a><\/strong><\/p>\n","protected":false},"excerpt":{"rendered":"<p>Africa-Press &#8211; Senegal. L\u2019annonce a e\u0301te\u0301 faite ce jeudi 22 fe\u0301vrier, par les organisateurs de l\u2019e\u0301ve\u0301nement lors d\u2019une confe\u0301rence de presse tenue dans un lieu de loisir de la place. Cette rencontre re\u0301unira cette anne\u0301e, plus d\u2019une vingtaine d\u2019influenceurs ( Diana Bouli, Alex Merryl, Fay Nara, Abou, le Ge\u0301ne\u0301ral Kamissoko et autres) venus de 10 [&hellip;]<\/p>\n","protected":false},"author":82,"featured_media":56011,"comment_status":"open","ping_status":"closed","sticky":false,"template":"","format":"standard","meta":{"footnotes":""},"categories":[5,10],"tags":[43,47,44],"class_list":["post-56012","post","type-post","status-publish","format-standard","has-post-thumbnail","hentry","category-culture-et-art","category-toutes-les-actualites","tag-africa-press-2","tag-africa-press-senegal","tag-senegal-2"],"yoast_head":"<!-- This site is optimized with the Yoast SEO Premium plugin v26.1 (Yoast SEO v27.0) - https:\/\/yoast.com\/product\/yoast-seo-premium-wordpress\/ -->\n<title>la 4\u00e8me \u00e9dition de la soir\u00e9e Tik Tok se tiendra le 24 f\u00e9vrier au palais du peuple - Senegal<\/title>\n<meta name=\"description\" content=\"L\u2019annonce a e\u0301te\u0301 faite ce jeudi 22 fe\u0301vrier, par les organisateurs de l\u2019e\u0301ve\u0301nement lors d\u2019une confe\u0301rence de presse te ...\" \/>\n<meta name=\"robots\" content=\"index, follow, max-snippet:-1, max-image-preview:large, max-video-preview:-1\" \/>\n<link rel=\"canonical\" href=\"https:\/\/www.africa-press.net\/senegal\/culture-et-art\/la-4eme-edition-de-la-soiree-tik-tok-se-tiendra-le-24-fevrier-au-palais-du-peuple\" \/>\n<meta property=\"og:locale\" content=\"fr_FR\" \/>\n<meta property=\"og:type\" content=\"article\" \/>\n<meta property=\"og:title\" content=\"la 4\u00e8me \u00e9dition de la soir\u00e9e Tik Tok se tiendra le 24 f\u00e9vrier au palais du peuple\" \/>\n<meta property=\"og:description\" content=\"L\u2019annonce a e\u0301te\u0301 faite ce jeudi 22 fe\u0301vrier, par les organisateurs de l\u2019e\u0301ve\u0301nement lors d\u2019une confe\u0301rence de presse te ...\" \/>\n<meta property=\"og:url\" content=\"https:\/\/www.africa-press.net\/senegal\/culture-et-art\/la-4eme-edition-de-la-soiree-tik-tok-se-tiendra-le-24-fevrier-au-palais-du-peuple\" \/>\n<meta property=\"og:site_name\" content=\"Senegal\" \/>\n<meta property=\"article:published_time\" content=\"2024-02-22T21:45:03+00:00\" \/>\n<meta property=\"article:modified_time\" content=\"2024-02-23T00:38:48+00:00\" \/>\n<meta property=\"og:image\" content=\"https:\/\/static.africa-press.net\/senegal\/sites\/13\/2024\/02\/sm_1708632098.727005.jpg\" \/>\n\t<meta property=\"og:image:width\" content=\"841\" \/>\n\t<meta property=\"og:image:height\" content=\"635\" \/>\n\t<meta property=\"og:image:type\" content=\"image\/jpeg\" \/>\n<meta name=\"author\" content=\"cfeditorfr\" \/>\n<meta name=\"twitter:card\" content=\"summary_large_image\" \/>\n<meta name=\"twitter:label1\" content=\"\u00c9crit par\" \/>\n\t<meta name=\"twitter:data1\" content=\"cfeditorfr\" \/>\n\t<meta name=\"twitter:label2\" content=\"Dur\u00e9e de lecture estim\u00e9e\" \/>\n\t<meta name=\"twitter:data2\" content=\"4 minutes\" \/>\n<script type=\"application\/ld+json\" class=\"yoast-schema-graph\">{\"@context\":\"https:\/\/schema.org\",\"@graph\":[{\"@type\":\"Article\",\"@id\":\"https:\/\/www.africa-press.net\/senegal\/culture-et-art\/la-4eme-edition-de-la-soiree-tik-tok-se-tiendra-le-24-fevrier-au-palais-du-peuple#article\",\"isPartOf\":{\"@id\":\"https:\/\/www.africa-press.net\/senegal\/culture-et-art\/la-4eme-edition-de-la-soiree-tik-tok-se-tiendra-le-24-fevrier-au-palais-du-peuple\"},\"author\":{\"name\":\"cfeditorfr\",\"@id\":\"https:\/\/www.africa-press.net\/senegal\/#\/schema\/person\/2b1cf3cd81a31e3cd26889ca66d677f1\"},\"headline\":\"la 4\u00e8me \u00e9dition de la soir\u00e9e Tik Tok se tiendra le 24 f\u00e9vrier au palais du peuple\",\"datePublished\":\"2024-02-22T21:45:03+00:00\",\"dateModified\":\"2024-02-23T00:38:48+00:00\",\"mainEntityOfPage\":{\"@id\":\"https:\/\/www.africa-press.net\/senegal\/culture-et-art\/la-4eme-edition-de-la-soiree-tik-tok-se-tiendra-le-24-fevrier-au-palais-du-peuple\"},\"wordCount\":875,\"commentCount\":0,\"image\":{\"@id\":\"https:\/\/www.africa-press.net\/senegal\/culture-et-art\/la-4eme-edition-de-la-soiree-tik-tok-se-tiendra-le-24-fevrier-au-palais-du-peuple#primaryimage\"},\"thumbnailUrl\":\"https:\/\/static.africa-press.net\/senegal\/sites\/13\/2024\/02\/sm_1708632098.727005.jpg\",\"keywords\":[\"Africa Press\",\"Africa Press-Senegal\",\"Senegal\"],\"articleSection\":[\"Culture et Art\",\"Toutes les actualit\u00e9s\"],\"inLanguage\":\"fr-FR\",\"potentialAction\":[{\"@type\":\"CommentAction\",\"name\":\"Comment\",\"target\":[\"https:\/\/www.africa-press.net\/senegal\/culture-et-art\/la-4eme-edition-de-la-soiree-tik-tok-se-tiendra-le-24-fevrier-au-palais-du-peuple#respond\"]}]},{\"@type\":\"WebPage\",\"@id\":\"https:\/\/www.africa-press.net\/senegal\/culture-et-art\/la-4eme-edition-de-la-soiree-tik-tok-se-tiendra-le-24-fevrier-au-palais-du-peuple\",\"url\":\"https:\/\/www.africa-press.net\/senegal\/culture-et-art\/la-4eme-edition-de-la-soiree-tik-tok-se-tiendra-le-24-fevrier-au-palais-du-peuple\",\"name\":\"la 4\u00e8me \u00e9dition de la soir\u00e9e Tik Tok se tiendra le 24 f\u00e9vrier au palais du peuple - Senegal\",\"isPartOf\":{\"@id\":\"https:\/\/www.africa-press.net\/senegal\/#website\"},\"primaryImageOfPage\":{\"@id\":\"https:\/\/www.africa-press.net\/senegal\/culture-et-art\/la-4eme-edition-de-la-soiree-tik-tok-se-tiendra-le-24-fevrier-au-palais-du-peuple#primaryimage\"},\"image\":{\"@id\":\"https:\/\/www.africa-press.net\/senegal\/culture-et-art\/la-4eme-edition-de-la-soiree-tik-tok-se-tiendra-le-24-fevrier-au-palais-du-peuple#primaryimage\"},\"thumbnailUrl\":\"https:\/\/static.africa-press.net\/senegal\/sites\/13\/2024\/02\/sm_1708632098.727005.jpg\",\"datePublished\":\"2024-02-22T21:45:03+00:00\",\"dateModified\":\"2024-02-23T00:38:48+00:00\",\"author\":{\"@id\":\"https:\/\/www.africa-press.net\/senegal\/#\/schema\/person\/2b1cf3cd81a31e3cd26889ca66d677f1\"},\"description\":\"L\u2019annonce a e\u0301te\u0301 faite ce jeudi 22 fe\u0301vrier, par les organisateurs de l\u2019e\u0301ve\u0301nement lors d\u2019une confe\u0301rence de presse te ...\",\"breadcrumb\":{\"@id\":\"https:\/\/www.africa-press.net\/senegal\/culture-et-art\/la-4eme-edition-de-la-soiree-tik-tok-se-tiendra-le-24-fevrier-au-palais-du-peuple#breadcrumb\"},\"inLanguage\":\"fr-FR\",\"potentialAction\":[{\"@type\":\"ReadAction\",\"target\":[\"https:\/\/www.africa-press.net\/senegal\/culture-et-art\/la-4eme-edition-de-la-soiree-tik-tok-se-tiendra-le-24-fevrier-au-palais-du-peuple\"]}]},{\"@type\":\"ImageObject\",\"inLanguage\":\"fr-FR\",\"@id\":\"https:\/\/www.africa-press.net\/senegal\/culture-et-art\/la-4eme-edition-de-la-soiree-tik-tok-se-tiendra-le-24-fevrier-au-palais-du-peuple#primaryimage\",\"url\":\"https:\/\/static.africa-press.net\/senegal\/sites\/13\/2024\/02\/sm_1708632098.727005.jpg\",\"contentUrl\":\"https:\/\/static.africa-press.net\/senegal\/sites\/13\/2024\/02\/sm_1708632098.727005.jpg\",\"width\":841,\"height\":635,\"caption\":\"la 4\u00e8me \u00e9dition de la soir\u00e9e Tik Tok se tiendra le 24 f\u00e9vrier au palais du peuple\"},{\"@type\":\"BreadcrumbList\",\"@id\":\"https:\/\/www.africa-press.net\/senegal\/culture-et-art\/la-4eme-edition-de-la-soiree-tik-tok-se-tiendra-le-24-fevrier-au-palais-du-peuple#breadcrumb\",\"itemListElement\":[{\"@type\":\"ListItem\",\"position\":1,\"name\":\"Accueil\",\"item\":\"https:\/\/www.africa-press.net\/senegal\/\"},{\"@type\":\"ListItem\",\"position\":2,\"name\":\"la 4\u00e8me \u00e9dition de la soir\u00e9e Tik Tok se tiendra le 24 f\u00e9vrier au palais du peuple\"}]},{\"@type\":\"WebSite\",\"@id\":\"https:\/\/www.africa-press.net\/senegal\/#website\",\"url\":\"https:\/\/www.africa-press.net\/senegal\/\",\"name\":\"Africa Press | Senegal | Homepage\",\"description\":\"Just another Africa News Agency Sites site\",\"potentialAction\":[{\"@type\":\"SearchAction\",\"target\":{\"@type\":\"EntryPoint\",\"urlTemplate\":\"https:\/\/www.africa-press.net\/senegal\/?s={search_term_string}\"},\"query-input\":{\"@type\":\"PropertyValueSpecification\",\"valueRequired\":true,\"valueName\":\"search_term_string\"}}],\"inLanguage\":\"fr-FR\"},{\"@type\":\"Person\",\"@id\":\"https:\/\/www.africa-press.net\/senegal\/#\/schema\/person\/2b1cf3cd81a31e3cd26889ca66d677f1\",\"name\":\"cfeditorfr\",\"url\":\"https:\/\/www.africa-press.net\/senegal\/author\/cfeditorfr\"}]}<\/script>\n<!-- \/ Yoast SEO Premium plugin. -->","yoast_head_json":{"title":"la 4\u00e8me \u00e9dition de la soir\u00e9e Tik Tok se tiendra le 24 f\u00e9vrier au palais du peuple - Senegal","description":"L\u2019annonce a e\u0301te\u0301 faite ce jeudi 22 fe\u0301vrier, par les organisateurs de l\u2019e\u0301ve\u0301nement lors d\u2019une confe\u0301rence de presse te ...","robots":{"index":"index","follow":"follow","max-snippet":"max-snippet:-1","max-image-preview":"max-image-preview:large","max-video-preview":"max-video-preview:-1"},"canonical":"https:\/\/www.africa-press.net\/senegal\/culture-et-art\/la-4eme-edition-de-la-soiree-tik-tok-se-tiendra-le-24-fevrier-au-palais-du-peuple","og_locale":"fr_FR","og_type":"article","og_title":"la 4\u00e8me \u00e9dition de la soir\u00e9e Tik Tok se tiendra le 24 f\u00e9vrier au palais du peuple","og_description":"L\u2019annonce a e\u0301te\u0301 faite ce jeudi 22 fe\u0301vrier, par les organisateurs de l\u2019e\u0301ve\u0301nement lors d\u2019une confe\u0301rence de presse te ...","og_url":"https:\/\/www.africa-press.net\/senegal\/culture-et-art\/la-4eme-edition-de-la-soiree-tik-tok-se-tiendra-le-24-fevrier-au-palais-du-peuple","og_site_name":"Senegal","article_published_time":"2024-02-22T21:45:03+00:00","article_modified_time":"2024-02-23T00:38:48+00:00","og_image":[{"width":841,"height":635,"url":"https:\/\/static.africa-press.net\/senegal\/sites\/13\/2024\/02\/sm_1708632098.727005.jpg","type":"image\/jpeg"}],"author":"cfeditorfr","twitter_card":"summary_large_image","twitter_misc":{"\u00c9crit par":"cfeditorfr","Dur\u00e9e de lecture estim\u00e9e":"4 minutes"},"schema":{"@context":"https:\/\/schema.org","@graph":[{"@type":"Article","@id":"https:\/\/www.africa-press.net\/senegal\/culture-et-art\/la-4eme-edition-de-la-soiree-tik-tok-se-tiendra-le-24-fevrier-au-palais-du-peuple#article","isPartOf":{"@id":"https:\/\/www.africa-press.net\/senegal\/culture-et-art\/la-4eme-edition-de-la-soiree-tik-tok-se-tiendra-le-24-fevrier-au-palais-du-peuple"},"author":{"name":"cfeditorfr","@id":"https:\/\/www.africa-press.net\/senegal\/#\/schema\/person\/2b1cf3cd81a31e3cd26889ca66d677f1"},"headline":"la 4\u00e8me \u00e9dition de la soir\u00e9e Tik Tok se tiendra le 24 f\u00e9vrier au palais du peuple","datePublished":"2024-02-22T21:45:03+00:00","dateModified":"2024-02-23T00:38:48+00:00","mainEntityOfPage":{"@id":"https:\/\/www.africa-press.net\/senegal\/culture-et-art\/la-4eme-edition-de-la-soiree-tik-tok-se-tiendra-le-24-fevrier-au-palais-du-peuple"},"wordCount":875,"commentCount":0,"image":{"@id":"https:\/\/www.africa-press.net\/senegal\/culture-et-art\/la-4eme-edition-de-la-soiree-tik-tok-se-tiendra-le-24-fevrier-au-palais-du-peuple#primaryimage"},"thumbnailUrl":"https:\/\/static.africa-press.net\/senegal\/sites\/13\/2024\/02\/sm_1708632098.727005.jpg","keywords":["Africa Press","Africa Press-Senegal","Senegal"],"articleSection":["Culture et Art","Toutes les actualit\u00e9s"],"inLanguage":"fr-FR","potentialAction":[{"@type":"CommentAction","name":"Comment","target":["https:\/\/www.africa-press.net\/senegal\/culture-et-art\/la-4eme-edition-de-la-soiree-tik-tok-se-tiendra-le-24-fevrier-au-palais-du-peuple#respond"]}]},{"@type":"WebPage","@id":"https:\/\/www.africa-press.net\/senegal\/culture-et-art\/la-4eme-edition-de-la-soiree-tik-tok-se-tiendra-le-24-fevrier-au-palais-du-peuple","url":"https:\/\/www.africa-press.net\/senegal\/culture-et-art\/la-4eme-edition-de-la-soiree-tik-tok-se-tiendra-le-24-fevrier-au-palais-du-peuple","name":"la 4\u00e8me \u00e9dition de la soir\u00e9e Tik Tok se tiendra le 24 f\u00e9vrier au palais du peuple - Senegal","isPartOf":{"@id":"https:\/\/www.africa-press.net\/senegal\/#website"},"primaryImageOfPage":{"@id":"https:\/\/www.africa-press.net\/senegal\/culture-et-art\/la-4eme-edition-de-la-soiree-tik-tok-se-tiendra-le-24-fevrier-au-palais-du-peuple#primaryimage"},"image":{"@id":"https:\/\/www.africa-press.net\/senegal\/culture-et-art\/la-4eme-edition-de-la-soiree-tik-tok-se-tiendra-le-24-fevrier-au-palais-du-peuple#primaryimage"},"thumbnailUrl":"https:\/\/static.africa-press.net\/senegal\/sites\/13\/2024\/02\/sm_1708632098.727005.jpg","datePublished":"2024-02-22T21:45:03+00:00","dateModified":"2024-02-23T00:38:48+00:00","author":{"@id":"https:\/\/www.africa-press.net\/senegal\/#\/schema\/person\/2b1cf3cd81a31e3cd26889ca66d677f1"},"description":"L\u2019annonce a e\u0301te\u0301 faite ce jeudi 22 fe\u0301vrier, par les organisateurs de l\u2019e\u0301ve\u0301nement lors d\u2019une confe\u0301rence de presse te ...","breadcrumb":{"@id":"https:\/\/www.africa-press.net\/senegal\/culture-et-art\/la-4eme-edition-de-la-soiree-tik-tok-se-tiendra-le-24-fevrier-au-palais-du-peuple#breadcrumb"},"inLanguage":"fr-FR","potentialAction":[{"@type":"ReadAction","target":["https:\/\/www.africa-press.net\/senegal\/culture-et-art\/la-4eme-edition-de-la-soiree-tik-tok-se-tiendra-le-24-fevrier-au-palais-du-peuple"]}]},{"@type":"ImageObject","inLanguage":"fr-FR","@id":"https:\/\/www.africa-press.net\/senegal\/culture-et-art\/la-4eme-edition-de-la-soiree-tik-tok-se-tiendra-le-24-fevrier-au-palais-du-peuple#primaryimage","url":"https:\/\/static.africa-press.net\/senegal\/sites\/13\/2024\/02\/sm_1708632098.727005.jpg","contentUrl":"https:\/\/static.africa-press.net\/senegal\/sites\/13\/2024\/02\/sm_1708632098.727005.jpg","width":841,"height":635,"caption":"la 4\u00e8me \u00e9dition de la soir\u00e9e Tik Tok se tiendra le 24 f\u00e9vrier au palais du peuple"},{"@type":"BreadcrumbList","@id":"https:\/\/www.africa-press.net\/senegal\/culture-et-art\/la-4eme-edition-de-la-soiree-tik-tok-se-tiendra-le-24-fevrier-au-palais-du-peuple#breadcrumb","itemListElement":[{"@type":"ListItem","position":1,"name":"Accueil","item":"https:\/\/www.africa-press.net\/senegal\/"},{"@type":"ListItem","position":2,"name":"la 4\u00e8me \u00e9dition de la soir\u00e9e Tik Tok se tiendra le 24 f\u00e9vrier au palais du peuple"}]},{"@type":"WebSite","@id":"https:\/\/www.africa-press.net\/senegal\/#website","url":"https:\/\/www.africa-press.net\/senegal\/","name":"Africa Press | Senegal | Homepage","description":"Just another Africa News Agency Sites site","potentialAction":[{"@type":"SearchAction","target":{"@type":"EntryPoint","urlTemplate":"https:\/\/www.africa-press.net\/senegal\/?s={search_term_string}"},"query-input":{"@type":"PropertyValueSpecification","valueRequired":true,"valueName":"search_term_string"}}],"inLanguage":"fr-FR"},{"@type":"Person","@id":"https:\/\/www.africa-press.net\/senegal\/#\/schema\/person\/2b1cf3cd81a31e3cd26889ca66d677f1","name":"cfeditorfr","url":"https:\/\/www.africa-press.net\/senegal\/author\/cfeditorfr"}]}},"_links":{"self":[{"href":"https:\/\/www.africa-press.net\/senegal\/wp-json\/wp\/v2\/posts\/56012","targetHints":{"allow":["GET"]}}],"collection":[{"href":"https:\/\/www.africa-press.net\/senegal\/wp-json\/wp\/v2\/posts"}],"about":[{"href":"https:\/\/www.africa-press.net\/senegal\/wp-json\/wp\/v2\/types\/post"}],"author":[{"embeddable":true,"href":"https:\/\/www.africa-press.net\/senegal\/wp-json\/wp\/v2\/users\/82"}],"replies":[{"embeddable":true,"href":"https:\/\/www.africa-press.net\/senegal\/wp-json\/wp\/v2\/comments?post=56012"}],"version-history":[{"count":0,"href":"https:\/\/www.africa-press.net\/senegal\/wp-json\/wp\/v2\/posts\/56012\/revisions"}],"wp:featuredmedia":[{"embeddable":true,"href":"https:\/\/www.africa-press.net\/senegal\/wp-json\/wp\/v2\/media\/56011"}],"wp:attachment":[{"href":"https:\/\/www.africa-press.net\/senegal\/wp-json\/wp\/v2\/media?parent=56012"}],"wp:term":[{"taxonomy":"category","embeddable":true,"href":"https:\/\/www.africa-press.net\/senegal\/wp-json\/wp\/v2\/categories?post=56012"},{"taxonomy":"post_tag","embeddable":true,"href":"https:\/\/www.africa-press.net\/senegal\/wp-json\/wp\/v2\/tags?post=56012"}],"curies":[{"name":"wp","href":"https:\/\/api.w.org\/{rel}","templated":true}]}}