{"id":56025,"date":"2024-02-23T20:00:43","date_gmt":"2024-02-23T20:00:43","guid":{"rendered":"https:\/\/www.africa-press.net\/senegal\/politique\/cedeao-macky-sall-se-rend-a-abuja-pour-le-sommet-consacre-au-burkina-au-mali-et-au-niger"},"modified":"2024-02-23T21:49:23","modified_gmt":"2024-02-23T21:49:23","slug":"cedeao-macky-sall-se-rend-a-abuja-pour-le-sommet-consacre-au-burkina-au-mali-et-au-niger","status":"publish","type":"post","link":"https:\/\/www.africa-press.net\/senegal\/politique\/cedeao-macky-sall-se-rend-a-abuja-pour-le-sommet-consacre-au-burkina-au-mali-et-au-niger","title":{"rendered":"CEDEAO: Macky Sall se rend \u00e0 Abuja pour le sommet consacr\u00e9 au Burkina, au Mali et au Niger"},"content":{"rendered":"<p><span style=\"color: #ff6600\"><strong>Africa-Press &#8211; Senegal. <\/strong><\/span>En de\u0301pit de la crise politique aigue\u0308 qui secoue son pays depuis l\u2019annulation de la pre\u0301sidentielle qu\u2019il avait prononce\u0301e le 3 fe\u0301vrier 2024, Macky Salk a de l\u2019e\u0301nergie a\u0300 consacrer aux difficulte\u0301s que rencontre l\u2019espace communautaire.<\/p>\n<p>La Communaute\u0301 e\u0301conomique des E\u0301tats de l\u2019Afrique de l\u2019Ouest (CEDEAO) qui est aujourd\u2019hui confronte\u0301e a\u0300 la scission de trois pays du Sahel, a\u0300 savoir le Niger, le Mali et le Burkina Faso doit trouver des re\u0301ponses approprie\u0301es. Et pour ce rendez-vous important pour pe\u0301renniser l\u2019inte\u0301gration sous-re\u0301gionale, Macky Sall a quitte\u0301 Dakar, ce vendredi a\u0300 destination de Abuja, au Nige\u0301ria.<\/p>\n<p>\u00ab Le Pre\u0301sident Macky Sall a quitte\u0301 Dakar pour Abuja, au Nigeria, afin de participer au sommet extraordinaire de la CEDEAO demain \u00bb, annonce la pre\u0301sidence de la Re\u0301publique se\u0301ne\u0301galaise dans une note sur les re\u0301seaux sociaux.<\/p>\n<p>Selon la me\u0302me source, ce rendez-vous sera l\u2019occasion \u00ab d\u2019e\u0301valuer la situation politique et se\u0301curitaire apre\u0300s le retrait du Mali, du Burkina Faso et du Niger de la CEDEAO. \u00bb<\/p>\n<p>Jeudi, le pre\u0301sident se\u0301ne\u0301galais a re\u0301affirme\u0301 au cours d\u2019un entretien avec des me\u0301dias locaux sa volonte\u0301 de quitter ses fonctions de chef de l\u2019E\u0301tat le 2 avril 2024 comme le stipule la Constitution du Se\u0301ne\u0301gal.<\/p>\n<p>Toutefois, le pre\u0301sident se\u0301ne\u0301galais n\u2019a pas fixe\u0301 la date de l\u2019e\u0301lection pre\u0301sidentielle comme demande\u0301 par le Conseil constitutionnel dans la de\u0301cision par laquelle elle a de\u0301clare\u0301 contraire a\u0300 la Constitution la loi vote\u0301e a\u0300 l\u2019Assemble\u0301e nationale et a annule\u0301 le de\u0301cret du pre\u0301sident Macky Sall qui abrogeait le de\u0301cret portant convocation du corps e\u0301lectoral pour la pre\u0301sidentielle initialement pre\u0301vue le dimanche 25 fe\u0301vrier 2024.<\/p>\n<p><strong>Pour plus d&rsquo;informations et d&rsquo;analyses sur la <a href=\"https:\/\/www.africa-press.net\/senegal\">Senegal<\/a>, suivez <a href=\"https:\/\/www.africa-press.net\/\">Africa-Press<\/a><\/strong><\/p>\n","protected":false},"excerpt":{"rendered":"<p>Africa-Press &#8211; Senegal. En de\u0301pit de la crise politique aigue\u0308 qui secoue son pays depuis l\u2019annulation de la pre\u0301sidentielle qu\u2019il avait prononce\u0301e le 3 fe\u0301vrier 2024, Macky Salk a de l\u2019e\u0301nergie a\u0300 consacrer aux difficulte\u0301s que rencontre l\u2019espace communautaire. La Communaute\u0301 e\u0301conomique des E\u0301tats de l\u2019Afrique de l\u2019Ouest (CEDEAO) qui est aujourd\u2019hui confronte\u0301e a\u0300 la [&hellip;]<\/p>\n","protected":false},"author":82,"featured_media":56024,"comment_status":"open","ping_status":"closed","sticky":false,"template":"","format":"standard","meta":{"footnotes":""},"categories":[2,20,10],"tags":[43,47,44],"class_list":["post-56025","post","type-post","status-publish","format-standard","has-post-thumbnail","hentry","category-politique","category-top-nouvelles","category-toutes-les-actualites","tag-africa-press-2","tag-africa-press-senegal","tag-senegal-2"],"yoast_head":"<!-- This site is optimized with the Yoast SEO Premium plugin v26.1 (Yoast SEO v27.0) - https:\/\/yoast.com\/product\/yoast-seo-premium-wordpress\/ -->\n<title>CEDEAO: Macky Sall se rend \u00e0 Abuja pour le sommet consacr\u00e9 au Burkina, au Mali et au Niger - Senegal<\/title>\n<meta name=\"description\" content=\"En de\u0301pit de la crise politique aigue\u0308 qui secoue son pays depuis l\u2019annulation de la pre\u0301sidentielle qu\u2019il avait prononc ...\" \/>\n<meta name=\"robots\" content=\"index, follow, max-snippet:-1, max-image-preview:large, max-video-preview:-1\" \/>\n<link rel=\"canonical\" href=\"https:\/\/www.africa-press.net\/senegal\/politique\/cedeao-macky-sall-se-rend-a-abuja-pour-le-sommet-consacre-au-burkina-au-mali-et-au-niger\" \/>\n<meta property=\"og:locale\" content=\"fr_FR\" \/>\n<meta property=\"og:type\" content=\"article\" \/>\n<meta property=\"og:title\" content=\"CEDEAO: Macky Sall se rend \u00e0 Abuja pour le sommet consacr\u00e9 au Burkina, au Mali et au Niger\" \/>\n<meta property=\"og:description\" content=\"En de\u0301pit de la crise politique aigue\u0308 qui secoue son pays depuis l\u2019annulation de la pre\u0301sidentielle qu\u2019il avait prononc ...\" \/>\n<meta property=\"og:url\" content=\"https:\/\/www.africa-press.net\/senegal\/politique\/cedeao-macky-sall-se-rend-a-abuja-pour-le-sommet-consacre-au-burkina-au-mali-et-au-niger\" \/>\n<meta property=\"og:site_name\" content=\"Senegal\" \/>\n<meta property=\"article:published_time\" content=\"2024-02-23T20:00:43+00:00\" \/>\n<meta property=\"article:modified_time\" content=\"2024-02-23T21:49:23+00:00\" \/>\n<meta property=\"og:image\" content=\"https:\/\/static.africa-press.net\/senegal\/sites\/13\/2024\/02\/sm_1708708445.117623.jpg\" \/>\n\t<meta property=\"og:image:width\" content=\"1140\" \/>\n\t<meta property=\"og:image:height\" content=\"480\" \/>\n\t<meta property=\"og:image:type\" content=\"image\/jpeg\" \/>\n<meta name=\"author\" content=\"cfeditorfr\" \/>\n<meta name=\"twitter:card\" content=\"summary_large_image\" \/>\n<meta name=\"twitter:label1\" content=\"\u00c9crit par\" \/>\n\t<meta name=\"twitter:data1\" content=\"cfeditorfr\" \/>\n\t<meta name=\"twitter:label2\" content=\"Dur\u00e9e de lecture estim\u00e9e\" \/>\n\t<meta name=\"twitter:data2\" content=\"2 minutes\" \/>\n<script type=\"application\/ld+json\" class=\"yoast-schema-graph\">{\"@context\":\"https:\/\/schema.org\",\"@graph\":[{\"@type\":\"Article\",\"@id\":\"https:\/\/www.africa-press.net\/senegal\/politique\/cedeao-macky-sall-se-rend-a-abuja-pour-le-sommet-consacre-au-burkina-au-mali-et-au-niger#article\",\"isPartOf\":{\"@id\":\"https:\/\/www.africa-press.net\/senegal\/politique\/cedeao-macky-sall-se-rend-a-abuja-pour-le-sommet-consacre-au-burkina-au-mali-et-au-niger\"},\"author\":{\"name\":\"cfeditorfr\",\"@id\":\"https:\/\/www.africa-press.net\/senegal\/#\/schema\/person\/2b1cf3cd81a31e3cd26889ca66d677f1\"},\"headline\":\"CEDEAO: Macky Sall se rend \u00e0 Abuja pour le sommet consacr\u00e9 au Burkina, au Mali et au Niger\",\"datePublished\":\"2024-02-23T20:00:43+00:00\",\"dateModified\":\"2024-02-23T21:49:23+00:00\",\"mainEntityOfPage\":{\"@id\":\"https:\/\/www.africa-press.net\/senegal\/politique\/cedeao-macky-sall-se-rend-a-abuja-pour-le-sommet-consacre-au-burkina-au-mali-et-au-niger\"},\"wordCount\":347,\"commentCount\":0,\"image\":{\"@id\":\"https:\/\/www.africa-press.net\/senegal\/politique\/cedeao-macky-sall-se-rend-a-abuja-pour-le-sommet-consacre-au-burkina-au-mali-et-au-niger#primaryimage\"},\"thumbnailUrl\":\"https:\/\/static.africa-press.net\/senegal\/sites\/13\/2024\/02\/sm_1708708445.117623.jpg\",\"keywords\":[\"Africa Press\",\"Africa Press-Senegal\",\"Senegal\"],\"articleSection\":[\"Politique\",\"Top Nouvelles\",\"Toutes les actualit\u00e9s\"],\"inLanguage\":\"fr-FR\",\"potentialAction\":[{\"@type\":\"CommentAction\",\"name\":\"Comment\",\"target\":[\"https:\/\/www.africa-press.net\/senegal\/politique\/cedeao-macky-sall-se-rend-a-abuja-pour-le-sommet-consacre-au-burkina-au-mali-et-au-niger#respond\"]}]},{\"@type\":\"WebPage\",\"@id\":\"https:\/\/www.africa-press.net\/senegal\/politique\/cedeao-macky-sall-se-rend-a-abuja-pour-le-sommet-consacre-au-burkina-au-mali-et-au-niger\",\"url\":\"https:\/\/www.africa-press.net\/senegal\/politique\/cedeao-macky-sall-se-rend-a-abuja-pour-le-sommet-consacre-au-burkina-au-mali-et-au-niger\",\"name\":\"CEDEAO: Macky Sall se rend \u00e0 Abuja pour le sommet consacr\u00e9 au Burkina, au Mali et au Niger - Senegal\",\"isPartOf\":{\"@id\":\"https:\/\/www.africa-press.net\/senegal\/#website\"},\"primaryImageOfPage\":{\"@id\":\"https:\/\/www.africa-press.net\/senegal\/politique\/cedeao-macky-sall-se-rend-a-abuja-pour-le-sommet-consacre-au-burkina-au-mali-et-au-niger#primaryimage\"},\"image\":{\"@id\":\"https:\/\/www.africa-press.net\/senegal\/politique\/cedeao-macky-sall-se-rend-a-abuja-pour-le-sommet-consacre-au-burkina-au-mali-et-au-niger#primaryimage\"},\"thumbnailUrl\":\"https:\/\/static.africa-press.net\/senegal\/sites\/13\/2024\/02\/sm_1708708445.117623.jpg\",\"datePublished\":\"2024-02-23T20:00:43+00:00\",\"dateModified\":\"2024-02-23T21:49:23+00:00\",\"author\":{\"@id\":\"https:\/\/www.africa-press.net\/senegal\/#\/schema\/person\/2b1cf3cd81a31e3cd26889ca66d677f1\"},\"description\":\"En de\u0301pit de la crise politique aigue\u0308 qui secoue son pays depuis l\u2019annulation de la pre\u0301sidentielle qu\u2019il avait prononc ...\",\"breadcrumb\":{\"@id\":\"https:\/\/www.africa-press.net\/senegal\/politique\/cedeao-macky-sall-se-rend-a-abuja-pour-le-sommet-consacre-au-burkina-au-mali-et-au-niger#breadcrumb\"},\"inLanguage\":\"fr-FR\",\"potentialAction\":[{\"@type\":\"ReadAction\",\"target\":[\"https:\/\/www.africa-press.net\/senegal\/politique\/cedeao-macky-sall-se-rend-a-abuja-pour-le-sommet-consacre-au-burkina-au-mali-et-au-niger\"]}]},{\"@type\":\"ImageObject\",\"inLanguage\":\"fr-FR\",\"@id\":\"https:\/\/www.africa-press.net\/senegal\/politique\/cedeao-macky-sall-se-rend-a-abuja-pour-le-sommet-consacre-au-burkina-au-mali-et-au-niger#primaryimage\",\"url\":\"https:\/\/static.africa-press.net\/senegal\/sites\/13\/2024\/02\/sm_1708708445.117623.jpg\",\"contentUrl\":\"https:\/\/static.africa-press.net\/senegal\/sites\/13\/2024\/02\/sm_1708708445.117623.jpg\",\"width\":1140,\"height\":480,\"caption\":\"CEDEAO: Macky Sall se rend \u00e0 Abuja pour le sommet consacr\u00e9 au Burkina, au Mali et au Niger\"},{\"@type\":\"BreadcrumbList\",\"@id\":\"https:\/\/www.africa-press.net\/senegal\/politique\/cedeao-macky-sall-se-rend-a-abuja-pour-le-sommet-consacre-au-burkina-au-mali-et-au-niger#breadcrumb\",\"itemListElement\":[{\"@type\":\"ListItem\",\"position\":1,\"name\":\"Accueil\",\"item\":\"https:\/\/www.africa-press.net\/senegal\/\"},{\"@type\":\"ListItem\",\"position\":2,\"name\":\"CEDEAO: Macky Sall se rend \u00e0 Abuja pour le sommet consacr\u00e9 au Burkina, au Mali et au Niger\"}]},{\"@type\":\"WebSite\",\"@id\":\"https:\/\/www.africa-press.net\/senegal\/#website\",\"url\":\"https:\/\/www.africa-press.net\/senegal\/\",\"name\":\"Africa Press | Senegal | Homepage\",\"description\":\"Just another Africa News Agency Sites site\",\"potentialAction\":[{\"@type\":\"SearchAction\",\"target\":{\"@type\":\"EntryPoint\",\"urlTemplate\":\"https:\/\/www.africa-press.net\/senegal\/?s={search_term_string}\"},\"query-input\":{\"@type\":\"PropertyValueSpecification\",\"valueRequired\":true,\"valueName\":\"search_term_string\"}}],\"inLanguage\":\"fr-FR\"},{\"@type\":\"Person\",\"@id\":\"https:\/\/www.africa-press.net\/senegal\/#\/schema\/person\/2b1cf3cd81a31e3cd26889ca66d677f1\",\"name\":\"cfeditorfr\",\"url\":\"https:\/\/www.africa-press.net\/senegal\/author\/cfeditorfr\"}]}<\/script>\n<!-- \/ Yoast SEO Premium plugin. -->","yoast_head_json":{"title":"CEDEAO: Macky Sall se rend \u00e0 Abuja pour le sommet consacr\u00e9 au Burkina, au Mali et au Niger - Senegal","description":"En de\u0301pit de la crise politique aigue\u0308 qui secoue son pays depuis l\u2019annulation de la pre\u0301sidentielle qu\u2019il avait prononc ...","robots":{"index":"index","follow":"follow","max-snippet":"max-snippet:-1","max-image-preview":"max-image-preview:large","max-video-preview":"max-video-preview:-1"},"canonical":"https:\/\/www.africa-press.net\/senegal\/politique\/cedeao-macky-sall-se-rend-a-abuja-pour-le-sommet-consacre-au-burkina-au-mali-et-au-niger","og_locale":"fr_FR","og_type":"article","og_title":"CEDEAO: Macky Sall se rend \u00e0 Abuja pour le sommet consacr\u00e9 au Burkina, au Mali et au Niger","og_description":"En de\u0301pit de la crise politique aigue\u0308 qui secoue son pays depuis l\u2019annulation de la pre\u0301sidentielle qu\u2019il avait prononc ...","og_url":"https:\/\/www.africa-press.net\/senegal\/politique\/cedeao-macky-sall-se-rend-a-abuja-pour-le-sommet-consacre-au-burkina-au-mali-et-au-niger","og_site_name":"Senegal","article_published_time":"2024-02-23T20:00:43+00:00","article_modified_time":"2024-02-23T21:49:23+00:00","og_image":[{"width":1140,"height":480,"url":"https:\/\/static.africa-press.net\/senegal\/sites\/13\/2024\/02\/sm_1708708445.117623.jpg","type":"image\/jpeg"}],"author":"cfeditorfr","twitter_card":"summary_large_image","twitter_misc":{"\u00c9crit par":"cfeditorfr","Dur\u00e9e de lecture estim\u00e9e":"2 minutes"},"schema":{"@context":"https:\/\/schema.org","@graph":[{"@type":"Article","@id":"https:\/\/www.africa-press.net\/senegal\/politique\/cedeao-macky-sall-se-rend-a-abuja-pour-le-sommet-consacre-au-burkina-au-mali-et-au-niger#article","isPartOf":{"@id":"https:\/\/www.africa-press.net\/senegal\/politique\/cedeao-macky-sall-se-rend-a-abuja-pour-le-sommet-consacre-au-burkina-au-mali-et-au-niger"},"author":{"name":"cfeditorfr","@id":"https:\/\/www.africa-press.net\/senegal\/#\/schema\/person\/2b1cf3cd81a31e3cd26889ca66d677f1"},"headline":"CEDEAO: Macky Sall se rend \u00e0 Abuja pour le sommet consacr\u00e9 au Burkina, au Mali et au Niger","datePublished":"2024-02-23T20:00:43+00:00","dateModified":"2024-02-23T21:49:23+00:00","mainEntityOfPage":{"@id":"https:\/\/www.africa-press.net\/senegal\/politique\/cedeao-macky-sall-se-rend-a-abuja-pour-le-sommet-consacre-au-burkina-au-mali-et-au-niger"},"wordCount":347,"commentCount":0,"image":{"@id":"https:\/\/www.africa-press.net\/senegal\/politique\/cedeao-macky-sall-se-rend-a-abuja-pour-le-sommet-consacre-au-burkina-au-mali-et-au-niger#primaryimage"},"thumbnailUrl":"https:\/\/static.africa-press.net\/senegal\/sites\/13\/2024\/02\/sm_1708708445.117623.jpg","keywords":["Africa Press","Africa Press-Senegal","Senegal"],"articleSection":["Politique","Top Nouvelles","Toutes les actualit\u00e9s"],"inLanguage":"fr-FR","potentialAction":[{"@type":"CommentAction","name":"Comment","target":["https:\/\/www.africa-press.net\/senegal\/politique\/cedeao-macky-sall-se-rend-a-abuja-pour-le-sommet-consacre-au-burkina-au-mali-et-au-niger#respond"]}]},{"@type":"WebPage","@id":"https:\/\/www.africa-press.net\/senegal\/politique\/cedeao-macky-sall-se-rend-a-abuja-pour-le-sommet-consacre-au-burkina-au-mali-et-au-niger","url":"https:\/\/www.africa-press.net\/senegal\/politique\/cedeao-macky-sall-se-rend-a-abuja-pour-le-sommet-consacre-au-burkina-au-mali-et-au-niger","name":"CEDEAO: Macky Sall se rend \u00e0 Abuja pour le sommet consacr\u00e9 au Burkina, au Mali et au Niger - Senegal","isPartOf":{"@id":"https:\/\/www.africa-press.net\/senegal\/#website"},"primaryImageOfPage":{"@id":"https:\/\/www.africa-press.net\/senegal\/politique\/cedeao-macky-sall-se-rend-a-abuja-pour-le-sommet-consacre-au-burkina-au-mali-et-au-niger#primaryimage"},"image":{"@id":"https:\/\/www.africa-press.net\/senegal\/politique\/cedeao-macky-sall-se-rend-a-abuja-pour-le-sommet-consacre-au-burkina-au-mali-et-au-niger#primaryimage"},"thumbnailUrl":"https:\/\/static.africa-press.net\/senegal\/sites\/13\/2024\/02\/sm_1708708445.117623.jpg","datePublished":"2024-02-23T20:00:43+00:00","dateModified":"2024-02-23T21:49:23+00:00","author":{"@id":"https:\/\/www.africa-press.net\/senegal\/#\/schema\/person\/2b1cf3cd81a31e3cd26889ca66d677f1"},"description":"En de\u0301pit de la crise politique aigue\u0308 qui secoue son pays depuis l\u2019annulation de la pre\u0301sidentielle qu\u2019il avait prononc ...","breadcrumb":{"@id":"https:\/\/www.africa-press.net\/senegal\/politique\/cedeao-macky-sall-se-rend-a-abuja-pour-le-sommet-consacre-au-burkina-au-mali-et-au-niger#breadcrumb"},"inLanguage":"fr-FR","potentialAction":[{"@type":"ReadAction","target":["https:\/\/www.africa-press.net\/senegal\/politique\/cedeao-macky-sall-se-rend-a-abuja-pour-le-sommet-consacre-au-burkina-au-mali-et-au-niger"]}]},{"@type":"ImageObject","inLanguage":"fr-FR","@id":"https:\/\/www.africa-press.net\/senegal\/politique\/cedeao-macky-sall-se-rend-a-abuja-pour-le-sommet-consacre-au-burkina-au-mali-et-au-niger#primaryimage","url":"https:\/\/static.africa-press.net\/senegal\/sites\/13\/2024\/02\/sm_1708708445.117623.jpg","contentUrl":"https:\/\/static.africa-press.net\/senegal\/sites\/13\/2024\/02\/sm_1708708445.117623.jpg","width":1140,"height":480,"caption":"CEDEAO: Macky Sall se rend \u00e0 Abuja pour le sommet consacr\u00e9 au Burkina, au Mali et au Niger"},{"@type":"BreadcrumbList","@id":"https:\/\/www.africa-press.net\/senegal\/politique\/cedeao-macky-sall-se-rend-a-abuja-pour-le-sommet-consacre-au-burkina-au-mali-et-au-niger#breadcrumb","itemListElement":[{"@type":"ListItem","position":1,"name":"Accueil","item":"https:\/\/www.africa-press.net\/senegal\/"},{"@type":"ListItem","position":2,"name":"CEDEAO: Macky Sall se rend \u00e0 Abuja pour le sommet consacr\u00e9 au Burkina, au Mali et au Niger"}]},{"@type":"WebSite","@id":"https:\/\/www.africa-press.net\/senegal\/#website","url":"https:\/\/www.africa-press.net\/senegal\/","name":"Africa Press | Senegal | Homepage","description":"Just another Africa News Agency Sites site","potentialAction":[{"@type":"SearchAction","target":{"@type":"EntryPoint","urlTemplate":"https:\/\/www.africa-press.net\/senegal\/?s={search_term_string}"},"query-input":{"@type":"PropertyValueSpecification","valueRequired":true,"valueName":"search_term_string"}}],"inLanguage":"fr-FR"},{"@type":"Person","@id":"https:\/\/www.africa-press.net\/senegal\/#\/schema\/person\/2b1cf3cd81a31e3cd26889ca66d677f1","name":"cfeditorfr","url":"https:\/\/www.africa-press.net\/senegal\/author\/cfeditorfr"}]}},"_links":{"self":[{"href":"https:\/\/www.africa-press.net\/senegal\/wp-json\/wp\/v2\/posts\/56025","targetHints":{"allow":["GET"]}}],"collection":[{"href":"https:\/\/www.africa-press.net\/senegal\/wp-json\/wp\/v2\/posts"}],"about":[{"href":"https:\/\/www.africa-press.net\/senegal\/wp-json\/wp\/v2\/types\/post"}],"author":[{"embeddable":true,"href":"https:\/\/www.africa-press.net\/senegal\/wp-json\/wp\/v2\/users\/82"}],"replies":[{"embeddable":true,"href":"https:\/\/www.africa-press.net\/senegal\/wp-json\/wp\/v2\/comments?post=56025"}],"version-history":[{"count":0,"href":"https:\/\/www.africa-press.net\/senegal\/wp-json\/wp\/v2\/posts\/56025\/revisions"}],"wp:featuredmedia":[{"embeddable":true,"href":"https:\/\/www.africa-press.net\/senegal\/wp-json\/wp\/v2\/media\/56024"}],"wp:attachment":[{"href":"https:\/\/www.africa-press.net\/senegal\/wp-json\/wp\/v2\/media?parent=56025"}],"wp:term":[{"taxonomy":"category","embeddable":true,"href":"https:\/\/www.africa-press.net\/senegal\/wp-json\/wp\/v2\/categories?post=56025"},{"taxonomy":"post_tag","embeddable":true,"href":"https:\/\/www.africa-press.net\/senegal\/wp-json\/wp\/v2\/tags?post=56025"}],"curies":[{"name":"wp","href":"https:\/\/api.w.org\/{rel}","templated":true}]}}