{"id":56043,"date":"2024-02-24T20:33:17","date_gmt":"2024-02-24T20:33:17","guid":{"rendered":"https:\/\/www.africa-press.net\/senegal\/politique\/entretien-de-macky-sall-avec-la-presse-le-directoire-de-campagne-de-amadou-ba-adhere-a-la-demarche-du-chef-de-letat"},"modified":"2024-02-24T21:49:18","modified_gmt":"2024-02-24T21:49:18","slug":"entretien-de-macky-sall-avec-la-presse-le-directoire-de-campagne-de-amadou-ba-adhere-a-la-demarche-du-chef-de-letat","status":"publish","type":"post","link":"https:\/\/www.africa-press.net\/senegal\/politique\/entretien-de-macky-sall-avec-la-presse-le-directoire-de-campagne-de-amadou-ba-adhere-a-la-demarche-du-chef-de-letat","title":{"rendered":"Entretien de Macky Sall avec la presse : Le Directoire de campagne de Amadou Ba adh\u00e8re \u00e0 la d\u00e9marche du chef de l\u2019\u00c9tat"},"content":{"rendered":"<p><span style=\"color: #ff6600\"><strong>Africa-Press &#8211; Senegal. <\/strong><\/span>Le Directoire de Campagne du candidat Amadou Ba \u201cadhe\u0300re sans re\u0301serve a\u0300 la de\u0301marche re\u0301publicaine du Chef de l\u2019Etat et re\u0301affirme la disponibilite\u0301 entie\u0300re pour un dialogue inclusif en vue d\u2019aller re\u0301solument vers l\u2019e\u0301lection\u201d, dans un communique\u0301 parvenu a\u0300 Seneweb que nous publions in extenso.<\/p>\n<p>\u201cLe Directoire de Campagne du candidat Amadou BA adhe\u0300re sans re\u0301serve a\u0300 la de\u0301marche re\u0301publicaine du Chef de l\u2019Etat et re\u0301affirme la disponibilite\u0301 entie\u0300re pour un dialogue inclusif en vue d\u2019aller re\u0301solument vers l\u2019e\u0301lection<\/p>\n<p>Le directoire de Campagne du candidat Amadou BA a releve\u0301, avec satisfaction, les propos rassurants et sages du Pre\u0301sident de la Re\u0301publique lors de l\u2019entretien du Pre\u0301sident de la Re\u0301publique avec la presse le jeudi 22 fe\u0301vrier 2023. Soucieux d\u2019un climat apaise\u0301 et serein, le Chef de l\u2019Etat a apporte\u0301 des re\u0301ponses claires et pre\u0301cises sur le dialogue qu\u2019il propose aux forces vives.<\/p>\n<p>Le Directoire de Campagne du Candidat Amadou fe\u0301licite ainsi chaleureusement le Pre\u0301sident Macky Sall pour sa hauteur et sa que\u0302te de consensus au nom de l\u2019inte\u0301re\u0302t national. En re\u0301ite\u0301rant sa mission de garant du fonctionnement re\u0301gulier des institutions, il a donne\u0301, encore une fois, la preuve de son attachement a\u0300 la le\u0301galite\u0301 re\u0301publicaine et aux re\u0300gles attache\u0301es a\u0300 l\u2019organisation d\u2019e\u0301lections transparentes, libres et de\u0301mocratiques.<\/p>\n<p>Le Directoire de Campagne du candidat Amadou BA adhe\u0300re sans re\u0301serve a\u0300 la de\u0301marche re\u0301publicaine du Chef de l\u2019Etat et re\u0301affirme la disponibilite\u0301 entie\u0300re pour un dialogue inclusif en vue d\u2019aller re\u0301solument vers l\u2019e\u0301lection. Au nom du candidat Amadou BA, le Directoire de campagne appelle tous les acteurs a\u0300 faire du Dialogue national un creuset d\u2019e\u0301changes et de solutions consensuelles au grand be\u0301ne\u0301fice de notre mode\u0300le de\u0301mocratique.<\/p>\n<p>Le Directoire de Campagne salue, par la me\u0302me occasion, la posture re\u0301publicaine du Candidat Amadou BA qui a marque\u0301 son respect des institutions et son ouverture au dialogue. Le Directoire lui renouvelle sa confiance et son soutien re\u0301solu dans sa marche vers la re\u0301alisation de son ambition pour le Se\u0301ne\u0301gal: ba\u0302tir une paix durable sur les pas du Pre\u0301sident Macky SALL, cre\u0301er des opportunite\u0301s d\u2019emploi massif pour les jeunes et ame\u0301liorer nettement le pouvoir d\u2019achat des me\u0301nages. \u201d<\/p>\n<p><strong>Pour plus d&rsquo;informations et d&rsquo;analyses sur la <a href=\"https:\/\/www.africa-press.net\/senegal\">Senegal<\/a>, suivez <a href=\"https:\/\/www.africa-press.net\/\">Africa-Press<\/a><\/strong><\/p>\n","protected":false},"excerpt":{"rendered":"<p>Africa-Press &#8211; Senegal. Le Directoire de Campagne du candidat Amadou Ba \u201cadhe\u0300re sans re\u0301serve a\u0300 la de\u0301marche re\u0301publicaine du Chef de l\u2019Etat et re\u0301affirme la disponibilite\u0301 entie\u0300re pour un dialogue inclusif en vue d\u2019aller re\u0301solument vers l\u2019e\u0301lection\u201d, dans un communique\u0301 parvenu a\u0300 Seneweb que nous publions in extenso. \u201cLe Directoire de Campagne du candidat Amadou [&hellip;]<\/p>\n","protected":false},"author":82,"featured_media":56042,"comment_status":"open","ping_status":"closed","sticky":false,"template":"","format":"standard","meta":{"footnotes":""},"categories":[2,20,10],"tags":[43,47,44],"class_list":["post-56043","post","type-post","status-publish","format-standard","has-post-thumbnail","hentry","category-politique","category-top-nouvelles","category-toutes-les-actualites","tag-africa-press-2","tag-africa-press-senegal","tag-senegal-2"],"yoast_head":"<!-- This site is optimized with the Yoast SEO Premium plugin v26.1 (Yoast SEO v27.0) - https:\/\/yoast.com\/product\/yoast-seo-premium-wordpress\/ -->\n<title>Entretien de Macky Sall avec la presse : Le Directoire de campagne de Amadou Ba adh\u00e8re \u00e0 la d\u00e9marche du chef de l\u2019\u00c9tat - Senegal<\/title>\n<meta name=\"description\" content=\"Le Directoire de Campagne du candidat Amadou Ba \u201cadhe\u0300re sans re\u0301serve a\u0300 la de\u0301marche re\u0301publicaine du Chef de l\u2019Etat e ...\" \/>\n<meta name=\"robots\" content=\"index, follow, max-snippet:-1, max-image-preview:large, max-video-preview:-1\" \/>\n<link rel=\"canonical\" href=\"https:\/\/www.africa-press.net\/senegal\/politique\/entretien-de-macky-sall-avec-la-presse-le-directoire-de-campagne-de-amadou-ba-adhere-a-la-demarche-du-chef-de-letat\" \/>\n<meta property=\"og:locale\" content=\"fr_FR\" \/>\n<meta property=\"og:type\" content=\"article\" \/>\n<meta property=\"og:title\" content=\"Entretien de Macky Sall avec la presse : Le Directoire de campagne de Amadou Ba adh\u00e8re \u00e0 la d\u00e9marche du chef de l\u2019\u00c9tat\" \/>\n<meta property=\"og:description\" content=\"Le Directoire de Campagne du candidat Amadou Ba \u201cadhe\u0300re sans re\u0301serve a\u0300 la de\u0301marche re\u0301publicaine du Chef de l\u2019Etat e ...\" \/>\n<meta property=\"og:url\" content=\"https:\/\/www.africa-press.net\/senegal\/politique\/entretien-de-macky-sall-avec-la-presse-le-directoire-de-campagne-de-amadou-ba-adhere-a-la-demarche-du-chef-de-letat\" \/>\n<meta property=\"og:site_name\" content=\"Senegal\" \/>\n<meta property=\"article:published_time\" content=\"2024-02-24T20:33:17+00:00\" \/>\n<meta property=\"article:modified_time\" content=\"2024-02-24T21:49:18+00:00\" \/>\n<meta property=\"og:image\" content=\"https:\/\/static.africa-press.net\/senegal\/sites\/13\/2024\/02\/sm_1708795015.687489.jpg\" \/>\n\t<meta property=\"og:image:width\" content=\"1303\" \/>\n\t<meta property=\"og:image:height\" content=\"635\" \/>\n\t<meta property=\"og:image:type\" content=\"image\/jpeg\" \/>\n<meta name=\"author\" content=\"cfeditorfr\" \/>\n<meta name=\"twitter:card\" content=\"summary_large_image\" \/>\n<meta name=\"twitter:label1\" content=\"\u00c9crit par\" \/>\n\t<meta name=\"twitter:data1\" content=\"cfeditorfr\" \/>\n\t<meta name=\"twitter:label2\" content=\"Dur\u00e9e de lecture estim\u00e9e\" \/>\n\t<meta name=\"twitter:data2\" content=\"2 minutes\" \/>\n<script type=\"application\/ld+json\" class=\"yoast-schema-graph\">{\"@context\":\"https:\/\/schema.org\",\"@graph\":[{\"@type\":\"Article\",\"@id\":\"https:\/\/www.africa-press.net\/senegal\/politique\/entretien-de-macky-sall-avec-la-presse-le-directoire-de-campagne-de-amadou-ba-adhere-a-la-demarche-du-chef-de-letat#article\",\"isPartOf\":{\"@id\":\"https:\/\/www.africa-press.net\/senegal\/politique\/entretien-de-macky-sall-avec-la-presse-le-directoire-de-campagne-de-amadou-ba-adhere-a-la-demarche-du-chef-de-letat\"},\"author\":{\"name\":\"cfeditorfr\",\"@id\":\"https:\/\/www.africa-press.net\/senegal\/#\/schema\/person\/2b1cf3cd81a31e3cd26889ca66d677f1\"},\"headline\":\"Entretien de Macky Sall avec la presse : Le Directoire de campagne de Amadou Ba adh\u00e8re \u00e0 la d\u00e9marche du chef de l\u2019\u00c9tat\",\"datePublished\":\"2024-02-24T20:33:17+00:00\",\"dateModified\":\"2024-02-24T21:49:18+00:00\",\"mainEntityOfPage\":{\"@id\":\"https:\/\/www.africa-press.net\/senegal\/politique\/entretien-de-macky-sall-avec-la-presse-le-directoire-de-campagne-de-amadou-ba-adhere-a-la-demarche-du-chef-de-letat\"},\"wordCount\":468,\"commentCount\":0,\"image\":{\"@id\":\"https:\/\/www.africa-press.net\/senegal\/politique\/entretien-de-macky-sall-avec-la-presse-le-directoire-de-campagne-de-amadou-ba-adhere-a-la-demarche-du-chef-de-letat#primaryimage\"},\"thumbnailUrl\":\"https:\/\/static.africa-press.net\/senegal\/sites\/13\/2024\/02\/sm_1708795015.687489.jpg\",\"keywords\":[\"Africa Press\",\"Africa Press-Senegal\",\"Senegal\"],\"articleSection\":[\"Politique\",\"Top Nouvelles\",\"Toutes les actualit\u00e9s\"],\"inLanguage\":\"fr-FR\",\"potentialAction\":[{\"@type\":\"CommentAction\",\"name\":\"Comment\",\"target\":[\"https:\/\/www.africa-press.net\/senegal\/politique\/entretien-de-macky-sall-avec-la-presse-le-directoire-de-campagne-de-amadou-ba-adhere-a-la-demarche-du-chef-de-letat#respond\"]}]},{\"@type\":\"WebPage\",\"@id\":\"https:\/\/www.africa-press.net\/senegal\/politique\/entretien-de-macky-sall-avec-la-presse-le-directoire-de-campagne-de-amadou-ba-adhere-a-la-demarche-du-chef-de-letat\",\"url\":\"https:\/\/www.africa-press.net\/senegal\/politique\/entretien-de-macky-sall-avec-la-presse-le-directoire-de-campagne-de-amadou-ba-adhere-a-la-demarche-du-chef-de-letat\",\"name\":\"Entretien de Macky Sall avec la presse : Le Directoire de campagne de Amadou Ba adh\u00e8re \u00e0 la d\u00e9marche du chef de l\u2019\u00c9tat - Senegal\",\"isPartOf\":{\"@id\":\"https:\/\/www.africa-press.net\/senegal\/#website\"},\"primaryImageOfPage\":{\"@id\":\"https:\/\/www.africa-press.net\/senegal\/politique\/entretien-de-macky-sall-avec-la-presse-le-directoire-de-campagne-de-amadou-ba-adhere-a-la-demarche-du-chef-de-letat#primaryimage\"},\"image\":{\"@id\":\"https:\/\/www.africa-press.net\/senegal\/politique\/entretien-de-macky-sall-avec-la-presse-le-directoire-de-campagne-de-amadou-ba-adhere-a-la-demarche-du-chef-de-letat#primaryimage\"},\"thumbnailUrl\":\"https:\/\/static.africa-press.net\/senegal\/sites\/13\/2024\/02\/sm_1708795015.687489.jpg\",\"datePublished\":\"2024-02-24T20:33:17+00:00\",\"dateModified\":\"2024-02-24T21:49:18+00:00\",\"author\":{\"@id\":\"https:\/\/www.africa-press.net\/senegal\/#\/schema\/person\/2b1cf3cd81a31e3cd26889ca66d677f1\"},\"description\":\"Le Directoire de Campagne du candidat Amadou Ba \u201cadhe\u0300re sans re\u0301serve a\u0300 la de\u0301marche re\u0301publicaine du Chef de l\u2019Etat e ...\",\"breadcrumb\":{\"@id\":\"https:\/\/www.africa-press.net\/senegal\/politique\/entretien-de-macky-sall-avec-la-presse-le-directoire-de-campagne-de-amadou-ba-adhere-a-la-demarche-du-chef-de-letat#breadcrumb\"},\"inLanguage\":\"fr-FR\",\"potentialAction\":[{\"@type\":\"ReadAction\",\"target\":[\"https:\/\/www.africa-press.net\/senegal\/politique\/entretien-de-macky-sall-avec-la-presse-le-directoire-de-campagne-de-amadou-ba-adhere-a-la-demarche-du-chef-de-letat\"]}]},{\"@type\":\"ImageObject\",\"inLanguage\":\"fr-FR\",\"@id\":\"https:\/\/www.africa-press.net\/senegal\/politique\/entretien-de-macky-sall-avec-la-presse-le-directoire-de-campagne-de-amadou-ba-adhere-a-la-demarche-du-chef-de-letat#primaryimage\",\"url\":\"https:\/\/static.africa-press.net\/senegal\/sites\/13\/2024\/02\/sm_1708795015.687489.jpg\",\"contentUrl\":\"https:\/\/static.africa-press.net\/senegal\/sites\/13\/2024\/02\/sm_1708795015.687489.jpg\",\"width\":1303,\"height\":635,\"caption\":\"Entretien de Macky Sall avec la presse : Le Directoire de campagne de Amadou Ba adh\u00e8re \u00e0 la d\u00e9marche du chef de l\u2019\u00c9tat\"},{\"@type\":\"BreadcrumbList\",\"@id\":\"https:\/\/www.africa-press.net\/senegal\/politique\/entretien-de-macky-sall-avec-la-presse-le-directoire-de-campagne-de-amadou-ba-adhere-a-la-demarche-du-chef-de-letat#breadcrumb\",\"itemListElement\":[{\"@type\":\"ListItem\",\"position\":1,\"name\":\"Accueil\",\"item\":\"https:\/\/www.africa-press.net\/senegal\/\"},{\"@type\":\"ListItem\",\"position\":2,\"name\":\"Entretien de Macky Sall avec la presse : Le Directoire de campagne de Amadou Ba adh\u00e8re \u00e0 la d\u00e9marche du chef de l\u2019\u00c9tat\"}]},{\"@type\":\"WebSite\",\"@id\":\"https:\/\/www.africa-press.net\/senegal\/#website\",\"url\":\"https:\/\/www.africa-press.net\/senegal\/\",\"name\":\"Africa Press | Senegal | Homepage\",\"description\":\"Just another Africa News Agency Sites site\",\"potentialAction\":[{\"@type\":\"SearchAction\",\"target\":{\"@type\":\"EntryPoint\",\"urlTemplate\":\"https:\/\/www.africa-press.net\/senegal\/?s={search_term_string}\"},\"query-input\":{\"@type\":\"PropertyValueSpecification\",\"valueRequired\":true,\"valueName\":\"search_term_string\"}}],\"inLanguage\":\"fr-FR\"},{\"@type\":\"Person\",\"@id\":\"https:\/\/www.africa-press.net\/senegal\/#\/schema\/person\/2b1cf3cd81a31e3cd26889ca66d677f1\",\"name\":\"cfeditorfr\",\"url\":\"https:\/\/www.africa-press.net\/senegal\/author\/cfeditorfr\"}]}<\/script>\n<!-- \/ Yoast SEO Premium plugin. -->","yoast_head_json":{"title":"Entretien de Macky Sall avec la presse : Le Directoire de campagne de Amadou Ba adh\u00e8re \u00e0 la d\u00e9marche du chef de l\u2019\u00c9tat - Senegal","description":"Le Directoire de Campagne du candidat Amadou Ba \u201cadhe\u0300re sans re\u0301serve a\u0300 la de\u0301marche re\u0301publicaine du Chef de l\u2019Etat e ...","robots":{"index":"index","follow":"follow","max-snippet":"max-snippet:-1","max-image-preview":"max-image-preview:large","max-video-preview":"max-video-preview:-1"},"canonical":"https:\/\/www.africa-press.net\/senegal\/politique\/entretien-de-macky-sall-avec-la-presse-le-directoire-de-campagne-de-amadou-ba-adhere-a-la-demarche-du-chef-de-letat","og_locale":"fr_FR","og_type":"article","og_title":"Entretien de Macky Sall avec la presse : Le Directoire de campagne de Amadou Ba adh\u00e8re \u00e0 la d\u00e9marche du chef de l\u2019\u00c9tat","og_description":"Le Directoire de Campagne du candidat Amadou Ba \u201cadhe\u0300re sans re\u0301serve a\u0300 la de\u0301marche re\u0301publicaine du Chef de l\u2019Etat e ...","og_url":"https:\/\/www.africa-press.net\/senegal\/politique\/entretien-de-macky-sall-avec-la-presse-le-directoire-de-campagne-de-amadou-ba-adhere-a-la-demarche-du-chef-de-letat","og_site_name":"Senegal","article_published_time":"2024-02-24T20:33:17+00:00","article_modified_time":"2024-02-24T21:49:18+00:00","og_image":[{"width":1303,"height":635,"url":"https:\/\/static.africa-press.net\/senegal\/sites\/13\/2024\/02\/sm_1708795015.687489.jpg","type":"image\/jpeg"}],"author":"cfeditorfr","twitter_card":"summary_large_image","twitter_misc":{"\u00c9crit par":"cfeditorfr","Dur\u00e9e de lecture estim\u00e9e":"2 minutes"},"schema":{"@context":"https:\/\/schema.org","@graph":[{"@type":"Article","@id":"https:\/\/www.africa-press.net\/senegal\/politique\/entretien-de-macky-sall-avec-la-presse-le-directoire-de-campagne-de-amadou-ba-adhere-a-la-demarche-du-chef-de-letat#article","isPartOf":{"@id":"https:\/\/www.africa-press.net\/senegal\/politique\/entretien-de-macky-sall-avec-la-presse-le-directoire-de-campagne-de-amadou-ba-adhere-a-la-demarche-du-chef-de-letat"},"author":{"name":"cfeditorfr","@id":"https:\/\/www.africa-press.net\/senegal\/#\/schema\/person\/2b1cf3cd81a31e3cd26889ca66d677f1"},"headline":"Entretien de Macky Sall avec la presse : Le Directoire de campagne de Amadou Ba adh\u00e8re \u00e0 la d\u00e9marche du chef de l\u2019\u00c9tat","datePublished":"2024-02-24T20:33:17+00:00","dateModified":"2024-02-24T21:49:18+00:00","mainEntityOfPage":{"@id":"https:\/\/www.africa-press.net\/senegal\/politique\/entretien-de-macky-sall-avec-la-presse-le-directoire-de-campagne-de-amadou-ba-adhere-a-la-demarche-du-chef-de-letat"},"wordCount":468,"commentCount":0,"image":{"@id":"https:\/\/www.africa-press.net\/senegal\/politique\/entretien-de-macky-sall-avec-la-presse-le-directoire-de-campagne-de-amadou-ba-adhere-a-la-demarche-du-chef-de-letat#primaryimage"},"thumbnailUrl":"https:\/\/static.africa-press.net\/senegal\/sites\/13\/2024\/02\/sm_1708795015.687489.jpg","keywords":["Africa Press","Africa Press-Senegal","Senegal"],"articleSection":["Politique","Top Nouvelles","Toutes les actualit\u00e9s"],"inLanguage":"fr-FR","potentialAction":[{"@type":"CommentAction","name":"Comment","target":["https:\/\/www.africa-press.net\/senegal\/politique\/entretien-de-macky-sall-avec-la-presse-le-directoire-de-campagne-de-amadou-ba-adhere-a-la-demarche-du-chef-de-letat#respond"]}]},{"@type":"WebPage","@id":"https:\/\/www.africa-press.net\/senegal\/politique\/entretien-de-macky-sall-avec-la-presse-le-directoire-de-campagne-de-amadou-ba-adhere-a-la-demarche-du-chef-de-letat","url":"https:\/\/www.africa-press.net\/senegal\/politique\/entretien-de-macky-sall-avec-la-presse-le-directoire-de-campagne-de-amadou-ba-adhere-a-la-demarche-du-chef-de-letat","name":"Entretien de Macky Sall avec la presse : Le Directoire de campagne de Amadou Ba adh\u00e8re \u00e0 la d\u00e9marche du chef de l\u2019\u00c9tat - Senegal","isPartOf":{"@id":"https:\/\/www.africa-press.net\/senegal\/#website"},"primaryImageOfPage":{"@id":"https:\/\/www.africa-press.net\/senegal\/politique\/entretien-de-macky-sall-avec-la-presse-le-directoire-de-campagne-de-amadou-ba-adhere-a-la-demarche-du-chef-de-letat#primaryimage"},"image":{"@id":"https:\/\/www.africa-press.net\/senegal\/politique\/entretien-de-macky-sall-avec-la-presse-le-directoire-de-campagne-de-amadou-ba-adhere-a-la-demarche-du-chef-de-letat#primaryimage"},"thumbnailUrl":"https:\/\/static.africa-press.net\/senegal\/sites\/13\/2024\/02\/sm_1708795015.687489.jpg","datePublished":"2024-02-24T20:33:17+00:00","dateModified":"2024-02-24T21:49:18+00:00","author":{"@id":"https:\/\/www.africa-press.net\/senegal\/#\/schema\/person\/2b1cf3cd81a31e3cd26889ca66d677f1"},"description":"Le Directoire de Campagne du candidat Amadou Ba \u201cadhe\u0300re sans re\u0301serve a\u0300 la de\u0301marche re\u0301publicaine du Chef de l\u2019Etat e ...","breadcrumb":{"@id":"https:\/\/www.africa-press.net\/senegal\/politique\/entretien-de-macky-sall-avec-la-presse-le-directoire-de-campagne-de-amadou-ba-adhere-a-la-demarche-du-chef-de-letat#breadcrumb"},"inLanguage":"fr-FR","potentialAction":[{"@type":"ReadAction","target":["https:\/\/www.africa-press.net\/senegal\/politique\/entretien-de-macky-sall-avec-la-presse-le-directoire-de-campagne-de-amadou-ba-adhere-a-la-demarche-du-chef-de-letat"]}]},{"@type":"ImageObject","inLanguage":"fr-FR","@id":"https:\/\/www.africa-press.net\/senegal\/politique\/entretien-de-macky-sall-avec-la-presse-le-directoire-de-campagne-de-amadou-ba-adhere-a-la-demarche-du-chef-de-letat#primaryimage","url":"https:\/\/static.africa-press.net\/senegal\/sites\/13\/2024\/02\/sm_1708795015.687489.jpg","contentUrl":"https:\/\/static.africa-press.net\/senegal\/sites\/13\/2024\/02\/sm_1708795015.687489.jpg","width":1303,"height":635,"caption":"Entretien de Macky Sall avec la presse : Le Directoire de campagne de Amadou Ba adh\u00e8re \u00e0 la d\u00e9marche du chef de l\u2019\u00c9tat"},{"@type":"BreadcrumbList","@id":"https:\/\/www.africa-press.net\/senegal\/politique\/entretien-de-macky-sall-avec-la-presse-le-directoire-de-campagne-de-amadou-ba-adhere-a-la-demarche-du-chef-de-letat#breadcrumb","itemListElement":[{"@type":"ListItem","position":1,"name":"Accueil","item":"https:\/\/www.africa-press.net\/senegal\/"},{"@type":"ListItem","position":2,"name":"Entretien de Macky Sall avec la presse : Le Directoire de campagne de Amadou Ba adh\u00e8re \u00e0 la d\u00e9marche du chef de l\u2019\u00c9tat"}]},{"@type":"WebSite","@id":"https:\/\/www.africa-press.net\/senegal\/#website","url":"https:\/\/www.africa-press.net\/senegal\/","name":"Africa Press | Senegal | Homepage","description":"Just another Africa News Agency Sites site","potentialAction":[{"@type":"SearchAction","target":{"@type":"EntryPoint","urlTemplate":"https:\/\/www.africa-press.net\/senegal\/?s={search_term_string}"},"query-input":{"@type":"PropertyValueSpecification","valueRequired":true,"valueName":"search_term_string"}}],"inLanguage":"fr-FR"},{"@type":"Person","@id":"https:\/\/www.africa-press.net\/senegal\/#\/schema\/person\/2b1cf3cd81a31e3cd26889ca66d677f1","name":"cfeditorfr","url":"https:\/\/www.africa-press.net\/senegal\/author\/cfeditorfr"}]}},"_links":{"self":[{"href":"https:\/\/www.africa-press.net\/senegal\/wp-json\/wp\/v2\/posts\/56043","targetHints":{"allow":["GET"]}}],"collection":[{"href":"https:\/\/www.africa-press.net\/senegal\/wp-json\/wp\/v2\/posts"}],"about":[{"href":"https:\/\/www.africa-press.net\/senegal\/wp-json\/wp\/v2\/types\/post"}],"author":[{"embeddable":true,"href":"https:\/\/www.africa-press.net\/senegal\/wp-json\/wp\/v2\/users\/82"}],"replies":[{"embeddable":true,"href":"https:\/\/www.africa-press.net\/senegal\/wp-json\/wp\/v2\/comments?post=56043"}],"version-history":[{"count":0,"href":"https:\/\/www.africa-press.net\/senegal\/wp-json\/wp\/v2\/posts\/56043\/revisions"}],"wp:featuredmedia":[{"embeddable":true,"href":"https:\/\/www.africa-press.net\/senegal\/wp-json\/wp\/v2\/media\/56042"}],"wp:attachment":[{"href":"https:\/\/www.africa-press.net\/senegal\/wp-json\/wp\/v2\/media?parent=56043"}],"wp:term":[{"taxonomy":"category","embeddable":true,"href":"https:\/\/www.africa-press.net\/senegal\/wp-json\/wp\/v2\/categories?post=56043"},{"taxonomy":"post_tag","embeddable":true,"href":"https:\/\/www.africa-press.net\/senegal\/wp-json\/wp\/v2\/tags?post=56043"}],"curies":[{"name":"wp","href":"https:\/\/api.w.org\/{rel}","templated":true}]}}