{"id":56049,"date":"2024-02-24T21:21:59","date_gmt":"2024-02-24T21:21:59","guid":{"rendered":"https:\/\/www.africa-press.net\/senegal\/politique\/supposee-rencontre-macky-candidats-retenus-sidiki-kaba-confirme-le-fc25-dement-formellement"},"modified":"2024-02-24T22:51:59","modified_gmt":"2024-02-24T22:51:59","slug":"supposee-rencontre-macky-candidats-retenus-sidiki-kaba-confirme-le-fc25-dement-formellement","status":"publish","type":"post","link":"https:\/\/www.africa-press.net\/senegal\/politique\/supposee-rencontre-macky-candidats-retenus-sidiki-kaba-confirme-le-fc25-dement-formellement","title":{"rendered":"Suppos\u00e9e rencontre Macky-candidats retenus: Sidiki Kaba confirme, le FC25 d\u00e9ment formellement !"},"content":{"rendered":"<p><span style=\"color: #ff6600\"><strong>Africa-Press &#8211; Senegal. <\/strong><\/span>Comme annonce\u0301 par Seneweb qui citait, un peu plus to\u0302t, le ministre Abdoulaye Saydou Sow, le pre\u0301sident sortant, Macky Sall, semble de\u0301termine\u0301 a\u0300 recevoir les candidats retenus par le Conseil constitutionnel, ce lundi a\u0300 11h, avant de faire de me\u0302me pour les recale\u0301s a\u0300 12h.<\/p>\n<p>\u00ab\u00a0Le Ministre de l&rsquo;Inte\u0301rieur informe que Son Excellence Monsieur le Pre\u0301sident de la Re\u0301publique Macky Sall recevra, en pre\u0301lude au Dialogue national, le lundi 26 fe\u0301vrier 2024 au Centre international Abdou Diouf (CICAD) les 19 candidats retenus par le Conseil Constitutionnel a\u0300 11h et les candidats recale\u0301s a\u0300 12h\u00a0\u00bb, lit-on dans un communique\u0301 rendu public par Sidiki Kaba. Il rappelle que l&rsquo;ouverture du Dialogue aura lieu le me\u0302me jour a\u0300 16h sous la pre\u0301sidence effective du Chef de l&rsquo;Etat.<\/p>\n<p>De son co\u0302te\u0301, le FC25, regroupant les candidats valide\u0301s par le Conseil constitutionnel, a de\u0301menti cette information, maintenant sa de\u0301cision de ne pas participer a\u0300 ces concertations.<\/p>\n<p>\u00ab\u00a0Notre position est ferme et inchange\u0301e: nous refusons de cautionner (le coup d&rsquo;e\u0301tat constitutionnel de Macky Sall, qui se de\u0301ploie, entre autres, a\u0300 travers) un processus (e\u0301lectoral) qui manque de transparence et d&rsquo;e\u0301quite\u0301\u00a0\u00bb, ont-ils fait savoir soulignant que les de\u0301clarations attribue\u0301es a\u0300 Abdoulaye Saydou Sow dans l&rsquo;e\u0301mission Jakaarlo de la Tfm sont incorrectes et trompeuses. \u00ab\u00a0Aucune rencontre entre les candidats du FC25 et le Pre\u0301sident n&rsquo;a e\u0301te\u0301 programme\u0301e avant le lancement du dialogue. (Apre\u0300s avoir de\u0301cline\u0301 fermement l&rsquo;invitation de Macky Sall, nous avons de\u0301cide\u0301 d&rsquo;une part, de saisir le Conseil constitutionnel et, d&rsquo;autre part, d&rsquo;aller a\u0300 la rencontre du peuple pour organiser avec lui le ve\u0301ritable dialogue du peuple)\u00a0\u00bb, ont notamment insiste\u0301 les candidats.<\/p>\n<p>Dans son communique\u0301, le FC25 rappelle que sa de\u0301cision de ne pas participer a\u0300 ces discussions est motive\u0301e par son \u00ab\u00a0engagement envers la de\u0301mocratie et le respect des principes fondamentaux de transparence et d&rsquo;e\u0301galite\u0301 des chances pour tous les candidats\u00a0\u00bb.<\/p>\n<p>Le document rele\u0300ve, enfin, que \u00ab\u00a0le FC25 demeure uni dans sa de\u0301cision de ne pas participer au dialogue sur la date de l&rsquo;e\u0301lection pre\u0301sidentielle, et nous restons fermes dans notre engagement a\u0300 de\u0301fendre les inte\u0301re\u0302ts du peuple se\u0301ne\u0301galais et a\u0300 \u0153uvrer pour des e\u0301lections libres et e\u0301quitables\u00a0\u00bb.<\/p>\n<p><strong>Pour plus d&rsquo;informations et d&rsquo;analyses sur la <a href=\"https:\/\/www.africa-press.net\/senegal\">Senegal<\/a>, suivez <a href=\"https:\/\/www.africa-press.net\/\">Africa-Press<\/a><\/strong><\/p>\n","protected":false},"excerpt":{"rendered":"<p>Africa-Press &#8211; Senegal. Comme annonce\u0301 par Seneweb qui citait, un peu plus to\u0302t, le ministre Abdoulaye Saydou Sow, le pre\u0301sident sortant, Macky Sall, semble de\u0301termine\u0301 a\u0300 recevoir les candidats retenus par le Conseil constitutionnel, ce lundi a\u0300 11h, avant de faire de me\u0302me pour les recale\u0301s a\u0300 12h. \u00ab\u00a0Le Ministre de l&rsquo;Inte\u0301rieur informe que Son [&hellip;]<\/p>\n","protected":false},"author":82,"featured_media":56048,"comment_status":"open","ping_status":"closed","sticky":false,"template":"","format":"standard","meta":{"footnotes":""},"categories":[2,10],"tags":[43,47,44],"class_list":["post-56049","post","type-post","status-publish","format-standard","has-post-thumbnail","hentry","category-politique","category-toutes-les-actualites","tag-africa-press-2","tag-africa-press-senegal","tag-senegal-2"],"yoast_head":"<!-- This site is optimized with the Yoast SEO Premium plugin v26.1 (Yoast SEO v27.0) - https:\/\/yoast.com\/product\/yoast-seo-premium-wordpress\/ -->\n<title>Suppos\u00e9e rencontre Macky-candidats retenus: Sidiki Kaba confirme, le FC25 d\u00e9ment formellement ! - Senegal<\/title>\n<meta name=\"description\" content=\"Comme annonce\u0301 par Seneweb qui citait, un peu plus to\u0302t, le ministre Abdoulaye Saydou Sow, le pre\u0301sident sortant, Macky ...\" \/>\n<meta name=\"robots\" content=\"index, follow, max-snippet:-1, max-image-preview:large, max-video-preview:-1\" \/>\n<link rel=\"canonical\" href=\"https:\/\/www.africa-press.net\/senegal\/politique\/supposee-rencontre-macky-candidats-retenus-sidiki-kaba-confirme-le-fc25-dement-formellement\" \/>\n<meta property=\"og:locale\" content=\"fr_FR\" \/>\n<meta property=\"og:type\" content=\"article\" \/>\n<meta property=\"og:title\" content=\"Suppos\u00e9e rencontre Macky-candidats retenus: Sidiki Kaba confirme, le FC25 d\u00e9ment formellement !\" \/>\n<meta property=\"og:description\" content=\"Comme annonce\u0301 par Seneweb qui citait, un peu plus to\u0302t, le ministre Abdoulaye Saydou Sow, le pre\u0301sident sortant, Macky ...\" \/>\n<meta property=\"og:url\" content=\"https:\/\/www.africa-press.net\/senegal\/politique\/supposee-rencontre-macky-candidats-retenus-sidiki-kaba-confirme-le-fc25-dement-formellement\" \/>\n<meta property=\"og:site_name\" content=\"Senegal\" \/>\n<meta property=\"article:published_time\" content=\"2024-02-24T21:21:59+00:00\" \/>\n<meta property=\"article:modified_time\" content=\"2024-02-24T22:51:59+00:00\" \/>\n<meta property=\"og:image\" content=\"https:\/\/static.africa-press.net\/senegal\/sites\/13\/2024\/02\/sm_1708798840.311919.jpg\" \/>\n\t<meta property=\"og:image:width\" content=\"1306\" \/>\n\t<meta property=\"og:image:height\" content=\"634\" \/>\n\t<meta property=\"og:image:type\" content=\"image\/jpeg\" \/>\n<meta name=\"author\" content=\"cfeditorfr\" \/>\n<meta name=\"twitter:card\" content=\"summary_large_image\" \/>\n<meta name=\"twitter:label1\" content=\"\u00c9crit par\" \/>\n\t<meta name=\"twitter:data1\" content=\"cfeditorfr\" \/>\n\t<meta name=\"twitter:label2\" content=\"Dur\u00e9e de lecture estim\u00e9e\" \/>\n\t<meta name=\"twitter:data2\" content=\"2 minutes\" \/>\n<script type=\"application\/ld+json\" class=\"yoast-schema-graph\">{\"@context\":\"https:\/\/schema.org\",\"@graph\":[{\"@type\":\"Article\",\"@id\":\"https:\/\/www.africa-press.net\/senegal\/politique\/supposee-rencontre-macky-candidats-retenus-sidiki-kaba-confirme-le-fc25-dement-formellement#article\",\"isPartOf\":{\"@id\":\"https:\/\/www.africa-press.net\/senegal\/politique\/supposee-rencontre-macky-candidats-retenus-sidiki-kaba-confirme-le-fc25-dement-formellement\"},\"author\":{\"name\":\"cfeditorfr\",\"@id\":\"https:\/\/www.africa-press.net\/senegal\/#\/schema\/person\/2b1cf3cd81a31e3cd26889ca66d677f1\"},\"headline\":\"Suppos\u00e9e rencontre Macky-candidats retenus: Sidiki Kaba confirme, le FC25 d\u00e9ment formellement !\",\"datePublished\":\"2024-02-24T21:21:59+00:00\",\"dateModified\":\"2024-02-24T22:51:59+00:00\",\"mainEntityOfPage\":{\"@id\":\"https:\/\/www.africa-press.net\/senegal\/politique\/supposee-rencontre-macky-candidats-retenus-sidiki-kaba-confirme-le-fc25-dement-formellement\"},\"wordCount\":437,\"commentCount\":0,\"image\":{\"@id\":\"https:\/\/www.africa-press.net\/senegal\/politique\/supposee-rencontre-macky-candidats-retenus-sidiki-kaba-confirme-le-fc25-dement-formellement#primaryimage\"},\"thumbnailUrl\":\"https:\/\/static.africa-press.net\/senegal\/sites\/13\/2024\/02\/sm_1708798840.311919.jpg\",\"keywords\":[\"Africa Press\",\"Africa Press-Senegal\",\"Senegal\"],\"articleSection\":[\"Politique\",\"Toutes les actualit\u00e9s\"],\"inLanguage\":\"fr-FR\",\"potentialAction\":[{\"@type\":\"CommentAction\",\"name\":\"Comment\",\"target\":[\"https:\/\/www.africa-press.net\/senegal\/politique\/supposee-rencontre-macky-candidats-retenus-sidiki-kaba-confirme-le-fc25-dement-formellement#respond\"]}]},{\"@type\":\"WebPage\",\"@id\":\"https:\/\/www.africa-press.net\/senegal\/politique\/supposee-rencontre-macky-candidats-retenus-sidiki-kaba-confirme-le-fc25-dement-formellement\",\"url\":\"https:\/\/www.africa-press.net\/senegal\/politique\/supposee-rencontre-macky-candidats-retenus-sidiki-kaba-confirme-le-fc25-dement-formellement\",\"name\":\"Suppos\u00e9e rencontre Macky-candidats retenus: Sidiki Kaba confirme, le FC25 d\u00e9ment formellement ! - Senegal\",\"isPartOf\":{\"@id\":\"https:\/\/www.africa-press.net\/senegal\/#website\"},\"primaryImageOfPage\":{\"@id\":\"https:\/\/www.africa-press.net\/senegal\/politique\/supposee-rencontre-macky-candidats-retenus-sidiki-kaba-confirme-le-fc25-dement-formellement#primaryimage\"},\"image\":{\"@id\":\"https:\/\/www.africa-press.net\/senegal\/politique\/supposee-rencontre-macky-candidats-retenus-sidiki-kaba-confirme-le-fc25-dement-formellement#primaryimage\"},\"thumbnailUrl\":\"https:\/\/static.africa-press.net\/senegal\/sites\/13\/2024\/02\/sm_1708798840.311919.jpg\",\"datePublished\":\"2024-02-24T21:21:59+00:00\",\"dateModified\":\"2024-02-24T22:51:59+00:00\",\"author\":{\"@id\":\"https:\/\/www.africa-press.net\/senegal\/#\/schema\/person\/2b1cf3cd81a31e3cd26889ca66d677f1\"},\"description\":\"Comme annonce\u0301 par Seneweb qui citait, un peu plus to\u0302t, le ministre Abdoulaye Saydou Sow, le pre\u0301sident sortant, Macky ...\",\"breadcrumb\":{\"@id\":\"https:\/\/www.africa-press.net\/senegal\/politique\/supposee-rencontre-macky-candidats-retenus-sidiki-kaba-confirme-le-fc25-dement-formellement#breadcrumb\"},\"inLanguage\":\"fr-FR\",\"potentialAction\":[{\"@type\":\"ReadAction\",\"target\":[\"https:\/\/www.africa-press.net\/senegal\/politique\/supposee-rencontre-macky-candidats-retenus-sidiki-kaba-confirme-le-fc25-dement-formellement\"]}]},{\"@type\":\"ImageObject\",\"inLanguage\":\"fr-FR\",\"@id\":\"https:\/\/www.africa-press.net\/senegal\/politique\/supposee-rencontre-macky-candidats-retenus-sidiki-kaba-confirme-le-fc25-dement-formellement#primaryimage\",\"url\":\"https:\/\/static.africa-press.net\/senegal\/sites\/13\/2024\/02\/sm_1708798840.311919.jpg\",\"contentUrl\":\"https:\/\/static.africa-press.net\/senegal\/sites\/13\/2024\/02\/sm_1708798840.311919.jpg\",\"width\":1306,\"height\":634,\"caption\":\"Suppos\u00e9e rencontre Macky-candidats retenus: Sidiki Kaba confirme, le FC25 d\u00e9ment formellement !\"},{\"@type\":\"BreadcrumbList\",\"@id\":\"https:\/\/www.africa-press.net\/senegal\/politique\/supposee-rencontre-macky-candidats-retenus-sidiki-kaba-confirme-le-fc25-dement-formellement#breadcrumb\",\"itemListElement\":[{\"@type\":\"ListItem\",\"position\":1,\"name\":\"Accueil\",\"item\":\"https:\/\/www.africa-press.net\/senegal\/\"},{\"@type\":\"ListItem\",\"position\":2,\"name\":\"Suppos\u00e9e rencontre Macky-candidats retenus: Sidiki Kaba confirme, le FC25 d\u00e9ment formellement !\"}]},{\"@type\":\"WebSite\",\"@id\":\"https:\/\/www.africa-press.net\/senegal\/#website\",\"url\":\"https:\/\/www.africa-press.net\/senegal\/\",\"name\":\"Africa Press | Senegal | Homepage\",\"description\":\"Just another Africa News Agency Sites site\",\"potentialAction\":[{\"@type\":\"SearchAction\",\"target\":{\"@type\":\"EntryPoint\",\"urlTemplate\":\"https:\/\/www.africa-press.net\/senegal\/?s={search_term_string}\"},\"query-input\":{\"@type\":\"PropertyValueSpecification\",\"valueRequired\":true,\"valueName\":\"search_term_string\"}}],\"inLanguage\":\"fr-FR\"},{\"@type\":\"Person\",\"@id\":\"https:\/\/www.africa-press.net\/senegal\/#\/schema\/person\/2b1cf3cd81a31e3cd26889ca66d677f1\",\"name\":\"cfeditorfr\",\"url\":\"https:\/\/www.africa-press.net\/senegal\/author\/cfeditorfr\"}]}<\/script>\n<!-- \/ Yoast SEO Premium plugin. -->","yoast_head_json":{"title":"Suppos\u00e9e rencontre Macky-candidats retenus: Sidiki Kaba confirme, le FC25 d\u00e9ment formellement ! - Senegal","description":"Comme annonce\u0301 par Seneweb qui citait, un peu plus to\u0302t, le ministre Abdoulaye Saydou Sow, le pre\u0301sident sortant, Macky ...","robots":{"index":"index","follow":"follow","max-snippet":"max-snippet:-1","max-image-preview":"max-image-preview:large","max-video-preview":"max-video-preview:-1"},"canonical":"https:\/\/www.africa-press.net\/senegal\/politique\/supposee-rencontre-macky-candidats-retenus-sidiki-kaba-confirme-le-fc25-dement-formellement","og_locale":"fr_FR","og_type":"article","og_title":"Suppos\u00e9e rencontre Macky-candidats retenus: Sidiki Kaba confirme, le FC25 d\u00e9ment formellement !","og_description":"Comme annonce\u0301 par Seneweb qui citait, un peu plus to\u0302t, le ministre Abdoulaye Saydou Sow, le pre\u0301sident sortant, Macky ...","og_url":"https:\/\/www.africa-press.net\/senegal\/politique\/supposee-rencontre-macky-candidats-retenus-sidiki-kaba-confirme-le-fc25-dement-formellement","og_site_name":"Senegal","article_published_time":"2024-02-24T21:21:59+00:00","article_modified_time":"2024-02-24T22:51:59+00:00","og_image":[{"width":1306,"height":634,"url":"https:\/\/static.africa-press.net\/senegal\/sites\/13\/2024\/02\/sm_1708798840.311919.jpg","type":"image\/jpeg"}],"author":"cfeditorfr","twitter_card":"summary_large_image","twitter_misc":{"\u00c9crit par":"cfeditorfr","Dur\u00e9e de lecture estim\u00e9e":"2 minutes"},"schema":{"@context":"https:\/\/schema.org","@graph":[{"@type":"Article","@id":"https:\/\/www.africa-press.net\/senegal\/politique\/supposee-rencontre-macky-candidats-retenus-sidiki-kaba-confirme-le-fc25-dement-formellement#article","isPartOf":{"@id":"https:\/\/www.africa-press.net\/senegal\/politique\/supposee-rencontre-macky-candidats-retenus-sidiki-kaba-confirme-le-fc25-dement-formellement"},"author":{"name":"cfeditorfr","@id":"https:\/\/www.africa-press.net\/senegal\/#\/schema\/person\/2b1cf3cd81a31e3cd26889ca66d677f1"},"headline":"Suppos\u00e9e rencontre Macky-candidats retenus: Sidiki Kaba confirme, le FC25 d\u00e9ment formellement !","datePublished":"2024-02-24T21:21:59+00:00","dateModified":"2024-02-24T22:51:59+00:00","mainEntityOfPage":{"@id":"https:\/\/www.africa-press.net\/senegal\/politique\/supposee-rencontre-macky-candidats-retenus-sidiki-kaba-confirme-le-fc25-dement-formellement"},"wordCount":437,"commentCount":0,"image":{"@id":"https:\/\/www.africa-press.net\/senegal\/politique\/supposee-rencontre-macky-candidats-retenus-sidiki-kaba-confirme-le-fc25-dement-formellement#primaryimage"},"thumbnailUrl":"https:\/\/static.africa-press.net\/senegal\/sites\/13\/2024\/02\/sm_1708798840.311919.jpg","keywords":["Africa Press","Africa Press-Senegal","Senegal"],"articleSection":["Politique","Toutes les actualit\u00e9s"],"inLanguage":"fr-FR","potentialAction":[{"@type":"CommentAction","name":"Comment","target":["https:\/\/www.africa-press.net\/senegal\/politique\/supposee-rencontre-macky-candidats-retenus-sidiki-kaba-confirme-le-fc25-dement-formellement#respond"]}]},{"@type":"WebPage","@id":"https:\/\/www.africa-press.net\/senegal\/politique\/supposee-rencontre-macky-candidats-retenus-sidiki-kaba-confirme-le-fc25-dement-formellement","url":"https:\/\/www.africa-press.net\/senegal\/politique\/supposee-rencontre-macky-candidats-retenus-sidiki-kaba-confirme-le-fc25-dement-formellement","name":"Suppos\u00e9e rencontre Macky-candidats retenus: Sidiki Kaba confirme, le FC25 d\u00e9ment formellement ! - Senegal","isPartOf":{"@id":"https:\/\/www.africa-press.net\/senegal\/#website"},"primaryImageOfPage":{"@id":"https:\/\/www.africa-press.net\/senegal\/politique\/supposee-rencontre-macky-candidats-retenus-sidiki-kaba-confirme-le-fc25-dement-formellement#primaryimage"},"image":{"@id":"https:\/\/www.africa-press.net\/senegal\/politique\/supposee-rencontre-macky-candidats-retenus-sidiki-kaba-confirme-le-fc25-dement-formellement#primaryimage"},"thumbnailUrl":"https:\/\/static.africa-press.net\/senegal\/sites\/13\/2024\/02\/sm_1708798840.311919.jpg","datePublished":"2024-02-24T21:21:59+00:00","dateModified":"2024-02-24T22:51:59+00:00","author":{"@id":"https:\/\/www.africa-press.net\/senegal\/#\/schema\/person\/2b1cf3cd81a31e3cd26889ca66d677f1"},"description":"Comme annonce\u0301 par Seneweb qui citait, un peu plus to\u0302t, le ministre Abdoulaye Saydou Sow, le pre\u0301sident sortant, Macky ...","breadcrumb":{"@id":"https:\/\/www.africa-press.net\/senegal\/politique\/supposee-rencontre-macky-candidats-retenus-sidiki-kaba-confirme-le-fc25-dement-formellement#breadcrumb"},"inLanguage":"fr-FR","potentialAction":[{"@type":"ReadAction","target":["https:\/\/www.africa-press.net\/senegal\/politique\/supposee-rencontre-macky-candidats-retenus-sidiki-kaba-confirme-le-fc25-dement-formellement"]}]},{"@type":"ImageObject","inLanguage":"fr-FR","@id":"https:\/\/www.africa-press.net\/senegal\/politique\/supposee-rencontre-macky-candidats-retenus-sidiki-kaba-confirme-le-fc25-dement-formellement#primaryimage","url":"https:\/\/static.africa-press.net\/senegal\/sites\/13\/2024\/02\/sm_1708798840.311919.jpg","contentUrl":"https:\/\/static.africa-press.net\/senegal\/sites\/13\/2024\/02\/sm_1708798840.311919.jpg","width":1306,"height":634,"caption":"Suppos\u00e9e rencontre Macky-candidats retenus: Sidiki Kaba confirme, le FC25 d\u00e9ment formellement !"},{"@type":"BreadcrumbList","@id":"https:\/\/www.africa-press.net\/senegal\/politique\/supposee-rencontre-macky-candidats-retenus-sidiki-kaba-confirme-le-fc25-dement-formellement#breadcrumb","itemListElement":[{"@type":"ListItem","position":1,"name":"Accueil","item":"https:\/\/www.africa-press.net\/senegal\/"},{"@type":"ListItem","position":2,"name":"Suppos\u00e9e rencontre Macky-candidats retenus: Sidiki Kaba confirme, le FC25 d\u00e9ment formellement !"}]},{"@type":"WebSite","@id":"https:\/\/www.africa-press.net\/senegal\/#website","url":"https:\/\/www.africa-press.net\/senegal\/","name":"Africa Press | Senegal | Homepage","description":"Just another Africa News Agency Sites site","potentialAction":[{"@type":"SearchAction","target":{"@type":"EntryPoint","urlTemplate":"https:\/\/www.africa-press.net\/senegal\/?s={search_term_string}"},"query-input":{"@type":"PropertyValueSpecification","valueRequired":true,"valueName":"search_term_string"}}],"inLanguage":"fr-FR"},{"@type":"Person","@id":"https:\/\/www.africa-press.net\/senegal\/#\/schema\/person\/2b1cf3cd81a31e3cd26889ca66d677f1","name":"cfeditorfr","url":"https:\/\/www.africa-press.net\/senegal\/author\/cfeditorfr"}]}},"_links":{"self":[{"href":"https:\/\/www.africa-press.net\/senegal\/wp-json\/wp\/v2\/posts\/56049","targetHints":{"allow":["GET"]}}],"collection":[{"href":"https:\/\/www.africa-press.net\/senegal\/wp-json\/wp\/v2\/posts"}],"about":[{"href":"https:\/\/www.africa-press.net\/senegal\/wp-json\/wp\/v2\/types\/post"}],"author":[{"embeddable":true,"href":"https:\/\/www.africa-press.net\/senegal\/wp-json\/wp\/v2\/users\/82"}],"replies":[{"embeddable":true,"href":"https:\/\/www.africa-press.net\/senegal\/wp-json\/wp\/v2\/comments?post=56049"}],"version-history":[{"count":0,"href":"https:\/\/www.africa-press.net\/senegal\/wp-json\/wp\/v2\/posts\/56049\/revisions"}],"wp:featuredmedia":[{"embeddable":true,"href":"https:\/\/www.africa-press.net\/senegal\/wp-json\/wp\/v2\/media\/56048"}],"wp:attachment":[{"href":"https:\/\/www.africa-press.net\/senegal\/wp-json\/wp\/v2\/media?parent=56049"}],"wp:term":[{"taxonomy":"category","embeddable":true,"href":"https:\/\/www.africa-press.net\/senegal\/wp-json\/wp\/v2\/categories?post=56049"},{"taxonomy":"post_tag","embeddable":true,"href":"https:\/\/www.africa-press.net\/senegal\/wp-json\/wp\/v2\/tags?post=56049"}],"curies":[{"name":"wp","href":"https:\/\/api.w.org\/{rel}","templated":true}]}}