{"id":56053,"date":"2024-02-24T21:26:47","date_gmt":"2024-02-24T21:26:47","guid":{"rendered":"https:\/\/www.africa-press.net\/senegal\/politique\/abdoulaye-saydou-sow-macky-sall-est-pret-a-recevoir-les-19-candidats-retenus-lundi-matin"},"modified":"2024-02-24T22:52:48","modified_gmt":"2024-02-24T22:52:48","slug":"abdoulaye-saydou-sow-macky-sall-est-pret-a-recevoir-les-19-candidats-retenus-lundi-matin","status":"publish","type":"post","link":"https:\/\/www.africa-press.net\/senegal\/politique\/abdoulaye-saydou-sow-macky-sall-est-pret-a-recevoir-les-19-candidats-retenus-lundi-matin","title":{"rendered":"Abdoulaye Saydou Sow: \u00ab\u00a0Macky Sall est pr\u00eat \u00e0 recevoir les 19 candidats retenus lundi matin\u00a0\u00bb"},"content":{"rendered":"<p><span style=\"color: #ff6600\"><strong>Africa-Press &#8211; Senegal. <\/strong><\/span>Alors que les communique\u0301s fusent de partout annonc\u0327ant le boycott du dialogue national par bon nombre de personnalite\u0301s de l&rsquo;opposition et de la socie\u0301te\u0301 civile, le responsable de l&rsquo;Apr Abdoulaye Saydou Sow a indique\u0301 que le chef de l&rsquo;Etat sortant, Macky Sall, est dispose\u0301 a\u0300 rencontrer les 19 candidats retenus par le Conseil constitutionnel ce lundi 26 fe\u0301vrier, soit a\u0300 quelques heures de l&rsquo;ouverture de ces concertations.<\/p>\n<p>\u00ab\u00a0Je puis vous affirmer que le Pre\u0301sident a instruit le ministre de l\u2019Inte\u0301rieur pour dire qu\u2019il est pre\u0302t a\u0300 recevoir les candidats retenus lundi, a\u0300 11h, avant l\u2019ouverture du dialogue. Alors, pourquoi ils ne re\u0301pondraient pas ? Je vous donne une information et vous analysez apre\u0300s\u00bb, a re\u0301ve\u0301le\u0301 le ministre de l&rsquo;Urbanisme du Logement et de l&rsquo;Hygie\u0300ne publique dans l&rsquo;e\u0301mission \u00ab\u00a0Jakaarloo-bi\u00a0\u00bb sur la Tfm.<\/p>\n<p>Poursuivant, le maire de Kaffrine d&rsquo;ajouter: \u00abLe pre\u0301sident n\u2019a jamais exclu une rencontre avec ces candidats. Il ne peut quand me\u0302me pas utiliser le terme \u2018&rsquo;candidats spolie\u0301s\u2019&rsquo;. Et puis, quoi que l\u2019on puisse dire, l\u2019e\u0301lection pre\u0301sidentielle engage tous les citoyens de ce pays\u00a0\u00bb.<\/p>\n<p><strong>Pour plus d&rsquo;informations et d&rsquo;analyses sur la <a href=\"https:\/\/www.africa-press.net\/senegal\">Senegal<\/a>, suivez <a href=\"https:\/\/www.africa-press.net\/\">Africa-Press<\/a><\/strong><\/p>\n","protected":false},"excerpt":{"rendered":"<p>Africa-Press &#8211; Senegal. Alors que les communique\u0301s fusent de partout annonc\u0327ant le boycott du dialogue national par bon nombre de personnalite\u0301s de l&rsquo;opposition et de la socie\u0301te\u0301 civile, le responsable de l&rsquo;Apr Abdoulaye Saydou Sow a indique\u0301 que le chef de l&rsquo;Etat sortant, Macky Sall, est dispose\u0301 a\u0300 rencontrer les 19 candidats retenus par le [&hellip;]<\/p>\n","protected":false},"author":82,"featured_media":56052,"comment_status":"open","ping_status":"closed","sticky":false,"template":"","format":"standard","meta":{"footnotes":""},"categories":[2,10],"tags":[43,47,44],"class_list":["post-56053","post","type-post","status-publish","format-standard","has-post-thumbnail","hentry","category-politique","category-toutes-les-actualites","tag-africa-press-2","tag-africa-press-senegal","tag-senegal-2"],"yoast_head":"<!-- This site is optimized with the Yoast SEO Premium plugin v26.1 (Yoast SEO v27.0) - https:\/\/yoast.com\/product\/yoast-seo-premium-wordpress\/ -->\n<title>Abdoulaye Saydou Sow: &quot;Macky Sall est pr\u00eat \u00e0 recevoir les 19 candidats retenus lundi matin&quot; - Senegal<\/title>\n<meta name=\"description\" content=\"Alors que les communique\u0301s fusent de partout annonc\u0327ant le boycott du dialogue national par bon nombre de personnalite\u0301s ...\" \/>\n<meta name=\"robots\" content=\"index, follow, max-snippet:-1, max-image-preview:large, max-video-preview:-1\" \/>\n<link rel=\"canonical\" href=\"https:\/\/www.africa-press.net\/senegal\/politique\/abdoulaye-saydou-sow-macky-sall-est-pret-a-recevoir-les-19-candidats-retenus-lundi-matin\" \/>\n<meta property=\"og:locale\" content=\"fr_FR\" \/>\n<meta property=\"og:type\" content=\"article\" \/>\n<meta property=\"og:title\" content=\"Abdoulaye Saydou Sow: &quot;Macky Sall est pr\u00eat \u00e0 recevoir les 19 candidats retenus lundi matin&quot;\" \/>\n<meta property=\"og:description\" content=\"Alors que les communique\u0301s fusent de partout annonc\u0327ant le boycott du dialogue national par bon nombre de personnalite\u0301s ...\" \/>\n<meta property=\"og:url\" content=\"https:\/\/www.africa-press.net\/senegal\/politique\/abdoulaye-saydou-sow-macky-sall-est-pret-a-recevoir-les-19-candidats-retenus-lundi-matin\" \/>\n<meta property=\"og:site_name\" content=\"Senegal\" \/>\n<meta property=\"article:published_time\" content=\"2024-02-24T21:26:47+00:00\" \/>\n<meta property=\"article:modified_time\" content=\"2024-02-24T22:52:48+00:00\" \/>\n<meta property=\"og:image\" content=\"https:\/\/static.africa-press.net\/senegal\/sites\/13\/2024\/02\/sm_1708798890.205546.jpg\" \/>\n\t<meta property=\"og:image:width\" content=\"1191\" \/>\n\t<meta property=\"og:image:height\" content=\"632\" \/>\n\t<meta property=\"og:image:type\" content=\"image\/jpeg\" \/>\n<meta name=\"author\" content=\"cfeditorfr\" \/>\n<meta name=\"twitter:card\" content=\"summary_large_image\" \/>\n<meta name=\"twitter:label1\" content=\"\u00c9crit par\" \/>\n\t<meta name=\"twitter:data1\" content=\"cfeditorfr\" \/>\n\t<meta name=\"twitter:label2\" content=\"Dur\u00e9e de lecture estim\u00e9e\" \/>\n\t<meta name=\"twitter:data2\" content=\"1 minute\" \/>\n<script type=\"application\/ld+json\" class=\"yoast-schema-graph\">{\"@context\":\"https:\/\/schema.org\",\"@graph\":[{\"@type\":\"Article\",\"@id\":\"https:\/\/www.africa-press.net\/senegal\/politique\/abdoulaye-saydou-sow-macky-sall-est-pret-a-recevoir-les-19-candidats-retenus-lundi-matin#article\",\"isPartOf\":{\"@id\":\"https:\/\/www.africa-press.net\/senegal\/politique\/abdoulaye-saydou-sow-macky-sall-est-pret-a-recevoir-les-19-candidats-retenus-lundi-matin\"},\"author\":{\"name\":\"cfeditorfr\",\"@id\":\"https:\/\/www.africa-press.net\/senegal\/#\/schema\/person\/2b1cf3cd81a31e3cd26889ca66d677f1\"},\"headline\":\"Abdoulaye Saydou Sow: \u00ab\u00a0Macky Sall est pr\u00eat \u00e0 recevoir les 19 candidats retenus lundi matin\u00a0\u00bb\",\"datePublished\":\"2024-02-24T21:26:47+00:00\",\"dateModified\":\"2024-02-24T22:52:48+00:00\",\"mainEntityOfPage\":{\"@id\":\"https:\/\/www.africa-press.net\/senegal\/politique\/abdoulaye-saydou-sow-macky-sall-est-pret-a-recevoir-les-19-candidats-retenus-lundi-matin\"},\"wordCount\":233,\"commentCount\":0,\"image\":{\"@id\":\"https:\/\/www.africa-press.net\/senegal\/politique\/abdoulaye-saydou-sow-macky-sall-est-pret-a-recevoir-les-19-candidats-retenus-lundi-matin#primaryimage\"},\"thumbnailUrl\":\"https:\/\/static.africa-press.net\/senegal\/sites\/13\/2024\/02\/sm_1708798890.205546.jpg\",\"keywords\":[\"Africa Press\",\"Africa Press-Senegal\",\"Senegal\"],\"articleSection\":[\"Politique\",\"Toutes les actualit\u00e9s\"],\"inLanguage\":\"fr-FR\",\"potentialAction\":[{\"@type\":\"CommentAction\",\"name\":\"Comment\",\"target\":[\"https:\/\/www.africa-press.net\/senegal\/politique\/abdoulaye-saydou-sow-macky-sall-est-pret-a-recevoir-les-19-candidats-retenus-lundi-matin#respond\"]}]},{\"@type\":\"WebPage\",\"@id\":\"https:\/\/www.africa-press.net\/senegal\/politique\/abdoulaye-saydou-sow-macky-sall-est-pret-a-recevoir-les-19-candidats-retenus-lundi-matin\",\"url\":\"https:\/\/www.africa-press.net\/senegal\/politique\/abdoulaye-saydou-sow-macky-sall-est-pret-a-recevoir-les-19-candidats-retenus-lundi-matin\",\"name\":\"Abdoulaye Saydou Sow: \\\"Macky Sall est pr\u00eat \u00e0 recevoir les 19 candidats retenus lundi matin\\\" - Senegal\",\"isPartOf\":{\"@id\":\"https:\/\/www.africa-press.net\/senegal\/#website\"},\"primaryImageOfPage\":{\"@id\":\"https:\/\/www.africa-press.net\/senegal\/politique\/abdoulaye-saydou-sow-macky-sall-est-pret-a-recevoir-les-19-candidats-retenus-lundi-matin#primaryimage\"},\"image\":{\"@id\":\"https:\/\/www.africa-press.net\/senegal\/politique\/abdoulaye-saydou-sow-macky-sall-est-pret-a-recevoir-les-19-candidats-retenus-lundi-matin#primaryimage\"},\"thumbnailUrl\":\"https:\/\/static.africa-press.net\/senegal\/sites\/13\/2024\/02\/sm_1708798890.205546.jpg\",\"datePublished\":\"2024-02-24T21:26:47+00:00\",\"dateModified\":\"2024-02-24T22:52:48+00:00\",\"author\":{\"@id\":\"https:\/\/www.africa-press.net\/senegal\/#\/schema\/person\/2b1cf3cd81a31e3cd26889ca66d677f1\"},\"description\":\"Alors que les communique\u0301s fusent de partout annonc\u0327ant le boycott du dialogue national par bon nombre de personnalite\u0301s ...\",\"breadcrumb\":{\"@id\":\"https:\/\/www.africa-press.net\/senegal\/politique\/abdoulaye-saydou-sow-macky-sall-est-pret-a-recevoir-les-19-candidats-retenus-lundi-matin#breadcrumb\"},\"inLanguage\":\"fr-FR\",\"potentialAction\":[{\"@type\":\"ReadAction\",\"target\":[\"https:\/\/www.africa-press.net\/senegal\/politique\/abdoulaye-saydou-sow-macky-sall-est-pret-a-recevoir-les-19-candidats-retenus-lundi-matin\"]}]},{\"@type\":\"ImageObject\",\"inLanguage\":\"fr-FR\",\"@id\":\"https:\/\/www.africa-press.net\/senegal\/politique\/abdoulaye-saydou-sow-macky-sall-est-pret-a-recevoir-les-19-candidats-retenus-lundi-matin#primaryimage\",\"url\":\"https:\/\/static.africa-press.net\/senegal\/sites\/13\/2024\/02\/sm_1708798890.205546.jpg\",\"contentUrl\":\"https:\/\/static.africa-press.net\/senegal\/sites\/13\/2024\/02\/sm_1708798890.205546.jpg\",\"width\":1191,\"height\":632,\"caption\":\"Abdoulaye Saydou Sow: \\\"Macky Sall est pr\u00eat \u00e0 recevoir les 19 candidats retenus lundi matin\\\"\"},{\"@type\":\"BreadcrumbList\",\"@id\":\"https:\/\/www.africa-press.net\/senegal\/politique\/abdoulaye-saydou-sow-macky-sall-est-pret-a-recevoir-les-19-candidats-retenus-lundi-matin#breadcrumb\",\"itemListElement\":[{\"@type\":\"ListItem\",\"position\":1,\"name\":\"Accueil\",\"item\":\"https:\/\/www.africa-press.net\/senegal\/\"},{\"@type\":\"ListItem\",\"position\":2,\"name\":\"Abdoulaye Saydou Sow: &#8220;Macky Sall est pr\u00eat \u00e0 recevoir les 19 candidats retenus lundi matin&#8221;\"}]},{\"@type\":\"WebSite\",\"@id\":\"https:\/\/www.africa-press.net\/senegal\/#website\",\"url\":\"https:\/\/www.africa-press.net\/senegal\/\",\"name\":\"Africa Press | Senegal | Homepage\",\"description\":\"Just another Africa News Agency Sites site\",\"potentialAction\":[{\"@type\":\"SearchAction\",\"target\":{\"@type\":\"EntryPoint\",\"urlTemplate\":\"https:\/\/www.africa-press.net\/senegal\/?s={search_term_string}\"},\"query-input\":{\"@type\":\"PropertyValueSpecification\",\"valueRequired\":true,\"valueName\":\"search_term_string\"}}],\"inLanguage\":\"fr-FR\"},{\"@type\":\"Person\",\"@id\":\"https:\/\/www.africa-press.net\/senegal\/#\/schema\/person\/2b1cf3cd81a31e3cd26889ca66d677f1\",\"name\":\"cfeditorfr\",\"url\":\"https:\/\/www.africa-press.net\/senegal\/author\/cfeditorfr\"}]}<\/script>\n<!-- \/ Yoast SEO Premium plugin. -->","yoast_head_json":{"title":"Abdoulaye Saydou Sow: \"Macky Sall est pr\u00eat \u00e0 recevoir les 19 candidats retenus lundi matin\" - Senegal","description":"Alors que les communique\u0301s fusent de partout annonc\u0327ant le boycott du dialogue national par bon nombre de personnalite\u0301s ...","robots":{"index":"index","follow":"follow","max-snippet":"max-snippet:-1","max-image-preview":"max-image-preview:large","max-video-preview":"max-video-preview:-1"},"canonical":"https:\/\/www.africa-press.net\/senegal\/politique\/abdoulaye-saydou-sow-macky-sall-est-pret-a-recevoir-les-19-candidats-retenus-lundi-matin","og_locale":"fr_FR","og_type":"article","og_title":"Abdoulaye Saydou Sow: \"Macky Sall est pr\u00eat \u00e0 recevoir les 19 candidats retenus lundi matin\"","og_description":"Alors que les communique\u0301s fusent de partout annonc\u0327ant le boycott du dialogue national par bon nombre de personnalite\u0301s ...","og_url":"https:\/\/www.africa-press.net\/senegal\/politique\/abdoulaye-saydou-sow-macky-sall-est-pret-a-recevoir-les-19-candidats-retenus-lundi-matin","og_site_name":"Senegal","article_published_time":"2024-02-24T21:26:47+00:00","article_modified_time":"2024-02-24T22:52:48+00:00","og_image":[{"width":1191,"height":632,"url":"https:\/\/static.africa-press.net\/senegal\/sites\/13\/2024\/02\/sm_1708798890.205546.jpg","type":"image\/jpeg"}],"author":"cfeditorfr","twitter_card":"summary_large_image","twitter_misc":{"\u00c9crit par":"cfeditorfr","Dur\u00e9e de lecture estim\u00e9e":"1 minute"},"schema":{"@context":"https:\/\/schema.org","@graph":[{"@type":"Article","@id":"https:\/\/www.africa-press.net\/senegal\/politique\/abdoulaye-saydou-sow-macky-sall-est-pret-a-recevoir-les-19-candidats-retenus-lundi-matin#article","isPartOf":{"@id":"https:\/\/www.africa-press.net\/senegal\/politique\/abdoulaye-saydou-sow-macky-sall-est-pret-a-recevoir-les-19-candidats-retenus-lundi-matin"},"author":{"name":"cfeditorfr","@id":"https:\/\/www.africa-press.net\/senegal\/#\/schema\/person\/2b1cf3cd81a31e3cd26889ca66d677f1"},"headline":"Abdoulaye Saydou Sow: \u00ab\u00a0Macky Sall est pr\u00eat \u00e0 recevoir les 19 candidats retenus lundi matin\u00a0\u00bb","datePublished":"2024-02-24T21:26:47+00:00","dateModified":"2024-02-24T22:52:48+00:00","mainEntityOfPage":{"@id":"https:\/\/www.africa-press.net\/senegal\/politique\/abdoulaye-saydou-sow-macky-sall-est-pret-a-recevoir-les-19-candidats-retenus-lundi-matin"},"wordCount":233,"commentCount":0,"image":{"@id":"https:\/\/www.africa-press.net\/senegal\/politique\/abdoulaye-saydou-sow-macky-sall-est-pret-a-recevoir-les-19-candidats-retenus-lundi-matin#primaryimage"},"thumbnailUrl":"https:\/\/static.africa-press.net\/senegal\/sites\/13\/2024\/02\/sm_1708798890.205546.jpg","keywords":["Africa Press","Africa Press-Senegal","Senegal"],"articleSection":["Politique","Toutes les actualit\u00e9s"],"inLanguage":"fr-FR","potentialAction":[{"@type":"CommentAction","name":"Comment","target":["https:\/\/www.africa-press.net\/senegal\/politique\/abdoulaye-saydou-sow-macky-sall-est-pret-a-recevoir-les-19-candidats-retenus-lundi-matin#respond"]}]},{"@type":"WebPage","@id":"https:\/\/www.africa-press.net\/senegal\/politique\/abdoulaye-saydou-sow-macky-sall-est-pret-a-recevoir-les-19-candidats-retenus-lundi-matin","url":"https:\/\/www.africa-press.net\/senegal\/politique\/abdoulaye-saydou-sow-macky-sall-est-pret-a-recevoir-les-19-candidats-retenus-lundi-matin","name":"Abdoulaye Saydou Sow: \"Macky Sall est pr\u00eat \u00e0 recevoir les 19 candidats retenus lundi matin\" - Senegal","isPartOf":{"@id":"https:\/\/www.africa-press.net\/senegal\/#website"},"primaryImageOfPage":{"@id":"https:\/\/www.africa-press.net\/senegal\/politique\/abdoulaye-saydou-sow-macky-sall-est-pret-a-recevoir-les-19-candidats-retenus-lundi-matin#primaryimage"},"image":{"@id":"https:\/\/www.africa-press.net\/senegal\/politique\/abdoulaye-saydou-sow-macky-sall-est-pret-a-recevoir-les-19-candidats-retenus-lundi-matin#primaryimage"},"thumbnailUrl":"https:\/\/static.africa-press.net\/senegal\/sites\/13\/2024\/02\/sm_1708798890.205546.jpg","datePublished":"2024-02-24T21:26:47+00:00","dateModified":"2024-02-24T22:52:48+00:00","author":{"@id":"https:\/\/www.africa-press.net\/senegal\/#\/schema\/person\/2b1cf3cd81a31e3cd26889ca66d677f1"},"description":"Alors que les communique\u0301s fusent de partout annonc\u0327ant le boycott du dialogue national par bon nombre de personnalite\u0301s ...","breadcrumb":{"@id":"https:\/\/www.africa-press.net\/senegal\/politique\/abdoulaye-saydou-sow-macky-sall-est-pret-a-recevoir-les-19-candidats-retenus-lundi-matin#breadcrumb"},"inLanguage":"fr-FR","potentialAction":[{"@type":"ReadAction","target":["https:\/\/www.africa-press.net\/senegal\/politique\/abdoulaye-saydou-sow-macky-sall-est-pret-a-recevoir-les-19-candidats-retenus-lundi-matin"]}]},{"@type":"ImageObject","inLanguage":"fr-FR","@id":"https:\/\/www.africa-press.net\/senegal\/politique\/abdoulaye-saydou-sow-macky-sall-est-pret-a-recevoir-les-19-candidats-retenus-lundi-matin#primaryimage","url":"https:\/\/static.africa-press.net\/senegal\/sites\/13\/2024\/02\/sm_1708798890.205546.jpg","contentUrl":"https:\/\/static.africa-press.net\/senegal\/sites\/13\/2024\/02\/sm_1708798890.205546.jpg","width":1191,"height":632,"caption":"Abdoulaye Saydou Sow: \"Macky Sall est pr\u00eat \u00e0 recevoir les 19 candidats retenus lundi matin\""},{"@type":"BreadcrumbList","@id":"https:\/\/www.africa-press.net\/senegal\/politique\/abdoulaye-saydou-sow-macky-sall-est-pret-a-recevoir-les-19-candidats-retenus-lundi-matin#breadcrumb","itemListElement":[{"@type":"ListItem","position":1,"name":"Accueil","item":"https:\/\/www.africa-press.net\/senegal\/"},{"@type":"ListItem","position":2,"name":"Abdoulaye Saydou Sow: &#8220;Macky Sall est pr\u00eat \u00e0 recevoir les 19 candidats retenus lundi matin&#8221;"}]},{"@type":"WebSite","@id":"https:\/\/www.africa-press.net\/senegal\/#website","url":"https:\/\/www.africa-press.net\/senegal\/","name":"Africa Press | Senegal | Homepage","description":"Just another Africa News Agency Sites site","potentialAction":[{"@type":"SearchAction","target":{"@type":"EntryPoint","urlTemplate":"https:\/\/www.africa-press.net\/senegal\/?s={search_term_string}"},"query-input":{"@type":"PropertyValueSpecification","valueRequired":true,"valueName":"search_term_string"}}],"inLanguage":"fr-FR"},{"@type":"Person","@id":"https:\/\/www.africa-press.net\/senegal\/#\/schema\/person\/2b1cf3cd81a31e3cd26889ca66d677f1","name":"cfeditorfr","url":"https:\/\/www.africa-press.net\/senegal\/author\/cfeditorfr"}]}},"_links":{"self":[{"href":"https:\/\/www.africa-press.net\/senegal\/wp-json\/wp\/v2\/posts\/56053","targetHints":{"allow":["GET"]}}],"collection":[{"href":"https:\/\/www.africa-press.net\/senegal\/wp-json\/wp\/v2\/posts"}],"about":[{"href":"https:\/\/www.africa-press.net\/senegal\/wp-json\/wp\/v2\/types\/post"}],"author":[{"embeddable":true,"href":"https:\/\/www.africa-press.net\/senegal\/wp-json\/wp\/v2\/users\/82"}],"replies":[{"embeddable":true,"href":"https:\/\/www.africa-press.net\/senegal\/wp-json\/wp\/v2\/comments?post=56053"}],"version-history":[{"count":0,"href":"https:\/\/www.africa-press.net\/senegal\/wp-json\/wp\/v2\/posts\/56053\/revisions"}],"wp:featuredmedia":[{"embeddable":true,"href":"https:\/\/www.africa-press.net\/senegal\/wp-json\/wp\/v2\/media\/56052"}],"wp:attachment":[{"href":"https:\/\/www.africa-press.net\/senegal\/wp-json\/wp\/v2\/media?parent=56053"}],"wp:term":[{"taxonomy":"category","embeddable":true,"href":"https:\/\/www.africa-press.net\/senegal\/wp-json\/wp\/v2\/categories?post=56053"},{"taxonomy":"post_tag","embeddable":true,"href":"https:\/\/www.africa-press.net\/senegal\/wp-json\/wp\/v2\/tags?post=56053"}],"curies":[{"name":"wp","href":"https:\/\/api.w.org\/{rel}","templated":true}]}}