{"id":56056,"date":"2024-02-24T21:27:57","date_gmt":"2024-02-24T21:27:57","guid":{"rendered":"https:\/\/www.africa-press.net\/senegal\/politique\/dialogue-le-camp-de-diomaye-faye-oppose-une-fin-de-non-recevoir-a-macky-sall"},"modified":"2024-02-24T22:53:17","modified_gmt":"2024-02-24T22:53:17","slug":"dialogue-le-camp-de-diomaye-faye-oppose-une-fin-de-non-recevoir-a-macky-sall","status":"publish","type":"post","link":"https:\/\/www.africa-press.net\/senegal\/politique\/dialogue-le-camp-de-diomaye-faye-oppose-une-fin-de-non-recevoir-a-macky-sall","title":{"rendered":"Dialogue : le camp de Diomaye Faye oppose une fin de non-recevoir \u00e0 Macky Sall"},"content":{"rendered":"<p><span style=\"color: #ff6600\"><strong>Africa-Press &#8211; Senegal. <\/strong><\/span>Le camp du candidat emprisonne\u0301 Bassirou Diomaye Faye a\u0300 la pre\u0301sidentielle au Se\u0301ne\u0301gal a rejete\u0301 l&rsquo;ide\u0301e de discuter avec le chef de l&rsquo;Etat pour s&rsquo;entendre sur la date de l&rsquo;e\u0301lection, et exprime\u0301 ses re\u0301serves devant celle d&rsquo;une amnistie pour tenter de sortir d&rsquo;une crise profonde.<\/p>\n<p>Le Se\u0301ne\u0301gal traverse l&rsquo;une des pires crises politiques de son histoire post-inde\u0301pendance depuis la de\u0301cision de dernie\u0300re minute annonce\u0301e le 3 fe\u0301vrier par le pre\u0301sident Macky Sall de reporter la pre\u0301sidentielle.<\/p>\n<p>Les Se\u0301ne\u0301galais e\u0301taient cense\u0301s voter dimanche. La Cour constitutionnelle a de\u0301juge\u0301 le pre\u0301sident Sall et a demande\u0301 l&rsquo;organisation du scrutin \u00ab\u00a0dans les meilleurs de\u0301lais\u00a0\u00bb.<\/p>\n<p>Malgre\u0301 les pressions nationales et internationales, le pre\u0301sident Sall a suspendu jeudi la de\u0301termination d&rsquo;une date a\u0300 un dialogue qu&rsquo;il a dit vouloir mener lundi et mardi avec les acteurs politiques et sociaux. Il a invoque\u0301 les querelles auxquelles a donne\u0301 lieu le processus pre\u0301e\u0301lectoral et qui lui font craindre un vote conteste\u0301. Il a affirme\u0301 la ne\u0301cessite\u0301 d&rsquo;un \u00ab\u00a0apaisement\u00a0\u00bb et d&rsquo;un \u00ab\u00a0consensus\u00a0\u00bb, et e\u0301voque\u0301 la possibilite\u0301 de gra\u0302ces ou d&rsquo;une loi d&rsquo;amnistie qui reviendrait sur les troubles connus par le Se\u0301ne\u0301gal depuis 2021.<\/p>\n<p>Il a ouvertement envisage\u0301 la possibilite\u0301 de libe\u0301rations pour les opposants Ousmane Sonko et Bassirou Diomaye Faye. Le Conseil constitutionnel a disqualifie\u0301 M. Sonko de la pre\u0301sidentielle, mais il a valide\u0301 la candidature de M. Faye.<\/p>\n<p>La Coalition Diomaye Pre\u0301sident refuse de discuter de la date de la pre\u0301sidentielle, a-t-elle dit dans un communique\u0301. Elle invoque la demande faite aux autorite\u0301s par le Conseil constitutionnel, qui est, selon elle, une \u00ab\u00a0injonction\u00a0\u00bb a\u0300 organiser l&rsquo;e\u0301lection avant le 2 avril, expiration officielle du mandat du pre\u0301sident Sall. Cette exigence est \u00ab\u00a0non-ne\u0301gociable\u00a0\u00bb, dit la Coalition.<\/p>\n<p>Quant a\u0300 des mesures de cle\u0301mence, elle mentionne le grand nombre de personnes tue\u0301es et arre\u0302te\u0301es depuis 2021 et \u00ab\u00a0les blessures profondes dans la socie\u0301te\u0301 se\u0301ne\u0301galaise (qui) ne peuvent e\u0302tre rele\u0301gue\u0301es dans l&rsquo;abi\u0302me de l&rsquo;oubli\u00a0\u00bb. \u00ab\u00a0Une socie\u0301te\u0301 ne se reconstruit pas sur la le\u0301galisation de l&rsquo;impunite\u0301\u00a0\u00bb, dit-elle. Le parti dissous de MM. Sonko et Faye s&rsquo;oppose par principe a\u0300 l&rsquo;amnistie des crimes de sang et des de\u0301lits e\u0301conomiques. La Coalition re\u0301clame la libe\u0301ration de MM. Sonko et Faye et de toutes les personnes interpelle\u0301es en lien avec l&rsquo;agitation politique.<\/p>\n<p><strong>Pour plus d&rsquo;informations et d&rsquo;analyses sur la <a href=\"https:\/\/www.africa-press.net\/senegal\">Senegal<\/a>, suivez <a href=\"https:\/\/www.africa-press.net\/\">Africa-Press<\/a><\/strong><\/p>\n","protected":false},"excerpt":{"rendered":"<p>Africa-Press &#8211; Senegal. Le camp du candidat emprisonne\u0301 Bassirou Diomaye Faye a\u0300 la pre\u0301sidentielle au Se\u0301ne\u0301gal a rejete\u0301 l&rsquo;ide\u0301e de discuter avec le chef de l&rsquo;Etat pour s&rsquo;entendre sur la date de l&rsquo;e\u0301lection, et exprime\u0301 ses re\u0301serves devant celle d&rsquo;une amnistie pour tenter de sortir d&rsquo;une crise profonde. Le Se\u0301ne\u0301gal traverse l&rsquo;une des pires crises [&hellip;]<\/p>\n","protected":false},"author":82,"featured_media":56054,"comment_status":"open","ping_status":"closed","sticky":false,"template":"","format":"standard","meta":{"footnotes":""},"categories":[2,10],"tags":[43,47,44],"class_list":["post-56056","post","type-post","status-publish","format-standard","has-post-thumbnail","hentry","category-politique","category-toutes-les-actualites","tag-africa-press-2","tag-africa-press-senegal","tag-senegal-2"],"yoast_head":"<!-- This site is optimized with the Yoast SEO Premium plugin v26.1 (Yoast SEO v27.0) - https:\/\/yoast.com\/product\/yoast-seo-premium-wordpress\/ -->\n<title>Dialogue : le camp de Diomaye Faye oppose une fin de non-recevoir \u00e0 Macky Sall - Senegal<\/title>\n<meta name=\"description\" content=\"Le camp du candidat emprisonne\u0301 Bassirou Diomaye Faye a\u0300 la pre\u0301sidentielle au Se\u0301ne\u0301gal a rejete\u0301 l&#039;ide\u0301e de discuter a ...\" \/>\n<meta name=\"robots\" content=\"index, follow, max-snippet:-1, max-image-preview:large, max-video-preview:-1\" \/>\n<link rel=\"canonical\" href=\"https:\/\/www.africa-press.net\/senegal\/politique\/dialogue-le-camp-de-diomaye-faye-oppose-une-fin-de-non-recevoir-a-macky-sall\" \/>\n<meta property=\"og:locale\" content=\"fr_FR\" \/>\n<meta property=\"og:type\" content=\"article\" \/>\n<meta property=\"og:title\" content=\"Dialogue : le camp de Diomaye Faye oppose une fin de non-recevoir \u00e0 Macky Sall\" \/>\n<meta property=\"og:description\" content=\"Le camp du candidat emprisonne\u0301 Bassirou Diomaye Faye a\u0300 la pre\u0301sidentielle au Se\u0301ne\u0301gal a rejete\u0301 l&#039;ide\u0301e de discuter a ...\" \/>\n<meta property=\"og:url\" content=\"https:\/\/www.africa-press.net\/senegal\/politique\/dialogue-le-camp-de-diomaye-faye-oppose-une-fin-de-non-recevoir-a-macky-sall\" \/>\n<meta property=\"og:site_name\" content=\"Senegal\" \/>\n<meta property=\"article:published_time\" content=\"2024-02-24T21:27:57+00:00\" \/>\n<meta property=\"article:modified_time\" content=\"2024-02-24T22:53:17+00:00\" \/>\n<meta property=\"og:image\" content=\"https:\/\/static.africa-press.net\/senegal\/sites\/13\/2024\/02\/sm_1708798909.978474.jpg\" \/>\n\t<meta property=\"og:image:width\" content=\"1300\" \/>\n\t<meta property=\"og:image:height\" content=\"631\" \/>\n\t<meta property=\"og:image:type\" content=\"image\/jpeg\" \/>\n<meta name=\"author\" content=\"cfeditorfr\" \/>\n<meta name=\"twitter:card\" content=\"summary_large_image\" \/>\n<meta name=\"twitter:label1\" content=\"\u00c9crit par\" \/>\n\t<meta name=\"twitter:data1\" content=\"cfeditorfr\" \/>\n\t<meta name=\"twitter:label2\" content=\"Dur\u00e9e de lecture estim\u00e9e\" \/>\n\t<meta name=\"twitter:data2\" content=\"2 minutes\" \/>\n<script type=\"application\/ld+json\" class=\"yoast-schema-graph\">{\"@context\":\"https:\/\/schema.org\",\"@graph\":[{\"@type\":\"Article\",\"@id\":\"https:\/\/www.africa-press.net\/senegal\/politique\/dialogue-le-camp-de-diomaye-faye-oppose-une-fin-de-non-recevoir-a-macky-sall#article\",\"isPartOf\":{\"@id\":\"https:\/\/www.africa-press.net\/senegal\/politique\/dialogue-le-camp-de-diomaye-faye-oppose-une-fin-de-non-recevoir-a-macky-sall\"},\"author\":{\"name\":\"cfeditorfr\",\"@id\":\"https:\/\/www.africa-press.net\/senegal\/#\/schema\/person\/2b1cf3cd81a31e3cd26889ca66d677f1\"},\"headline\":\"Dialogue : le camp de Diomaye Faye oppose une fin de non-recevoir \u00e0 Macky Sall\",\"datePublished\":\"2024-02-24T21:27:57+00:00\",\"dateModified\":\"2024-02-24T22:53:17+00:00\",\"mainEntityOfPage\":{\"@id\":\"https:\/\/www.africa-press.net\/senegal\/politique\/dialogue-le-camp-de-diomaye-faye-oppose-une-fin-de-non-recevoir-a-macky-sall\"},\"wordCount\":467,\"commentCount\":0,\"image\":{\"@id\":\"https:\/\/www.africa-press.net\/senegal\/politique\/dialogue-le-camp-de-diomaye-faye-oppose-une-fin-de-non-recevoir-a-macky-sall#primaryimage\"},\"thumbnailUrl\":\"https:\/\/static.africa-press.net\/senegal\/sites\/13\/2024\/02\/sm_1708798909.978474.jpg\",\"keywords\":[\"Africa Press\",\"Africa Press-Senegal\",\"Senegal\"],\"articleSection\":[\"Politique\",\"Toutes les actualit\u00e9s\"],\"inLanguage\":\"fr-FR\",\"potentialAction\":[{\"@type\":\"CommentAction\",\"name\":\"Comment\",\"target\":[\"https:\/\/www.africa-press.net\/senegal\/politique\/dialogue-le-camp-de-diomaye-faye-oppose-une-fin-de-non-recevoir-a-macky-sall#respond\"]}]},{\"@type\":\"WebPage\",\"@id\":\"https:\/\/www.africa-press.net\/senegal\/politique\/dialogue-le-camp-de-diomaye-faye-oppose-une-fin-de-non-recevoir-a-macky-sall\",\"url\":\"https:\/\/www.africa-press.net\/senegal\/politique\/dialogue-le-camp-de-diomaye-faye-oppose-une-fin-de-non-recevoir-a-macky-sall\",\"name\":\"Dialogue : le camp de Diomaye Faye oppose une fin de non-recevoir \u00e0 Macky Sall - Senegal\",\"isPartOf\":{\"@id\":\"https:\/\/www.africa-press.net\/senegal\/#website\"},\"primaryImageOfPage\":{\"@id\":\"https:\/\/www.africa-press.net\/senegal\/politique\/dialogue-le-camp-de-diomaye-faye-oppose-une-fin-de-non-recevoir-a-macky-sall#primaryimage\"},\"image\":{\"@id\":\"https:\/\/www.africa-press.net\/senegal\/politique\/dialogue-le-camp-de-diomaye-faye-oppose-une-fin-de-non-recevoir-a-macky-sall#primaryimage\"},\"thumbnailUrl\":\"https:\/\/static.africa-press.net\/senegal\/sites\/13\/2024\/02\/sm_1708798909.978474.jpg\",\"datePublished\":\"2024-02-24T21:27:57+00:00\",\"dateModified\":\"2024-02-24T22:53:17+00:00\",\"author\":{\"@id\":\"https:\/\/www.africa-press.net\/senegal\/#\/schema\/person\/2b1cf3cd81a31e3cd26889ca66d677f1\"},\"description\":\"Le camp du candidat emprisonne\u0301 Bassirou Diomaye Faye a\u0300 la pre\u0301sidentielle au Se\u0301ne\u0301gal a rejete\u0301 l'ide\u0301e de discuter a ...\",\"breadcrumb\":{\"@id\":\"https:\/\/www.africa-press.net\/senegal\/politique\/dialogue-le-camp-de-diomaye-faye-oppose-une-fin-de-non-recevoir-a-macky-sall#breadcrumb\"},\"inLanguage\":\"fr-FR\",\"potentialAction\":[{\"@type\":\"ReadAction\",\"target\":[\"https:\/\/www.africa-press.net\/senegal\/politique\/dialogue-le-camp-de-diomaye-faye-oppose-une-fin-de-non-recevoir-a-macky-sall\"]}]},{\"@type\":\"ImageObject\",\"inLanguage\":\"fr-FR\",\"@id\":\"https:\/\/www.africa-press.net\/senegal\/politique\/dialogue-le-camp-de-diomaye-faye-oppose-une-fin-de-non-recevoir-a-macky-sall#primaryimage\",\"url\":\"https:\/\/static.africa-press.net\/senegal\/sites\/13\/2024\/02\/sm_1708798909.978474.jpg\",\"contentUrl\":\"https:\/\/static.africa-press.net\/senegal\/sites\/13\/2024\/02\/sm_1708798909.978474.jpg\",\"width\":1300,\"height\":631,\"caption\":\"Dialogue : le camp de Diomaye Faye oppose une fin de non-recevoir \u00e0 Macky Sall\"},{\"@type\":\"BreadcrumbList\",\"@id\":\"https:\/\/www.africa-press.net\/senegal\/politique\/dialogue-le-camp-de-diomaye-faye-oppose-une-fin-de-non-recevoir-a-macky-sall#breadcrumb\",\"itemListElement\":[{\"@type\":\"ListItem\",\"position\":1,\"name\":\"Accueil\",\"item\":\"https:\/\/www.africa-press.net\/senegal\/\"},{\"@type\":\"ListItem\",\"position\":2,\"name\":\"Dialogue : le camp de Diomaye Faye oppose une fin de non-recevoir \u00e0 Macky Sall\"}]},{\"@type\":\"WebSite\",\"@id\":\"https:\/\/www.africa-press.net\/senegal\/#website\",\"url\":\"https:\/\/www.africa-press.net\/senegal\/\",\"name\":\"Africa Press | Senegal | Homepage\",\"description\":\"Just another Africa News Agency Sites site\",\"potentialAction\":[{\"@type\":\"SearchAction\",\"target\":{\"@type\":\"EntryPoint\",\"urlTemplate\":\"https:\/\/www.africa-press.net\/senegal\/?s={search_term_string}\"},\"query-input\":{\"@type\":\"PropertyValueSpecification\",\"valueRequired\":true,\"valueName\":\"search_term_string\"}}],\"inLanguage\":\"fr-FR\"},{\"@type\":\"Person\",\"@id\":\"https:\/\/www.africa-press.net\/senegal\/#\/schema\/person\/2b1cf3cd81a31e3cd26889ca66d677f1\",\"name\":\"cfeditorfr\",\"url\":\"https:\/\/www.africa-press.net\/senegal\/author\/cfeditorfr\"}]}<\/script>\n<!-- \/ Yoast SEO Premium plugin. -->","yoast_head_json":{"title":"Dialogue : le camp de Diomaye Faye oppose une fin de non-recevoir \u00e0 Macky Sall - Senegal","description":"Le camp du candidat emprisonne\u0301 Bassirou Diomaye Faye a\u0300 la pre\u0301sidentielle au Se\u0301ne\u0301gal a rejete\u0301 l'ide\u0301e de discuter a ...","robots":{"index":"index","follow":"follow","max-snippet":"max-snippet:-1","max-image-preview":"max-image-preview:large","max-video-preview":"max-video-preview:-1"},"canonical":"https:\/\/www.africa-press.net\/senegal\/politique\/dialogue-le-camp-de-diomaye-faye-oppose-une-fin-de-non-recevoir-a-macky-sall","og_locale":"fr_FR","og_type":"article","og_title":"Dialogue : le camp de Diomaye Faye oppose une fin de non-recevoir \u00e0 Macky Sall","og_description":"Le camp du candidat emprisonne\u0301 Bassirou Diomaye Faye a\u0300 la pre\u0301sidentielle au Se\u0301ne\u0301gal a rejete\u0301 l'ide\u0301e de discuter a ...","og_url":"https:\/\/www.africa-press.net\/senegal\/politique\/dialogue-le-camp-de-diomaye-faye-oppose-une-fin-de-non-recevoir-a-macky-sall","og_site_name":"Senegal","article_published_time":"2024-02-24T21:27:57+00:00","article_modified_time":"2024-02-24T22:53:17+00:00","og_image":[{"width":1300,"height":631,"url":"https:\/\/static.africa-press.net\/senegal\/sites\/13\/2024\/02\/sm_1708798909.978474.jpg","type":"image\/jpeg"}],"author":"cfeditorfr","twitter_card":"summary_large_image","twitter_misc":{"\u00c9crit par":"cfeditorfr","Dur\u00e9e de lecture estim\u00e9e":"2 minutes"},"schema":{"@context":"https:\/\/schema.org","@graph":[{"@type":"Article","@id":"https:\/\/www.africa-press.net\/senegal\/politique\/dialogue-le-camp-de-diomaye-faye-oppose-une-fin-de-non-recevoir-a-macky-sall#article","isPartOf":{"@id":"https:\/\/www.africa-press.net\/senegal\/politique\/dialogue-le-camp-de-diomaye-faye-oppose-une-fin-de-non-recevoir-a-macky-sall"},"author":{"name":"cfeditorfr","@id":"https:\/\/www.africa-press.net\/senegal\/#\/schema\/person\/2b1cf3cd81a31e3cd26889ca66d677f1"},"headline":"Dialogue : le camp de Diomaye Faye oppose une fin de non-recevoir \u00e0 Macky Sall","datePublished":"2024-02-24T21:27:57+00:00","dateModified":"2024-02-24T22:53:17+00:00","mainEntityOfPage":{"@id":"https:\/\/www.africa-press.net\/senegal\/politique\/dialogue-le-camp-de-diomaye-faye-oppose-une-fin-de-non-recevoir-a-macky-sall"},"wordCount":467,"commentCount":0,"image":{"@id":"https:\/\/www.africa-press.net\/senegal\/politique\/dialogue-le-camp-de-diomaye-faye-oppose-une-fin-de-non-recevoir-a-macky-sall#primaryimage"},"thumbnailUrl":"https:\/\/static.africa-press.net\/senegal\/sites\/13\/2024\/02\/sm_1708798909.978474.jpg","keywords":["Africa Press","Africa Press-Senegal","Senegal"],"articleSection":["Politique","Toutes les actualit\u00e9s"],"inLanguage":"fr-FR","potentialAction":[{"@type":"CommentAction","name":"Comment","target":["https:\/\/www.africa-press.net\/senegal\/politique\/dialogue-le-camp-de-diomaye-faye-oppose-une-fin-de-non-recevoir-a-macky-sall#respond"]}]},{"@type":"WebPage","@id":"https:\/\/www.africa-press.net\/senegal\/politique\/dialogue-le-camp-de-diomaye-faye-oppose-une-fin-de-non-recevoir-a-macky-sall","url":"https:\/\/www.africa-press.net\/senegal\/politique\/dialogue-le-camp-de-diomaye-faye-oppose-une-fin-de-non-recevoir-a-macky-sall","name":"Dialogue : le camp de Diomaye Faye oppose une fin de non-recevoir \u00e0 Macky Sall - Senegal","isPartOf":{"@id":"https:\/\/www.africa-press.net\/senegal\/#website"},"primaryImageOfPage":{"@id":"https:\/\/www.africa-press.net\/senegal\/politique\/dialogue-le-camp-de-diomaye-faye-oppose-une-fin-de-non-recevoir-a-macky-sall#primaryimage"},"image":{"@id":"https:\/\/www.africa-press.net\/senegal\/politique\/dialogue-le-camp-de-diomaye-faye-oppose-une-fin-de-non-recevoir-a-macky-sall#primaryimage"},"thumbnailUrl":"https:\/\/static.africa-press.net\/senegal\/sites\/13\/2024\/02\/sm_1708798909.978474.jpg","datePublished":"2024-02-24T21:27:57+00:00","dateModified":"2024-02-24T22:53:17+00:00","author":{"@id":"https:\/\/www.africa-press.net\/senegal\/#\/schema\/person\/2b1cf3cd81a31e3cd26889ca66d677f1"},"description":"Le camp du candidat emprisonne\u0301 Bassirou Diomaye Faye a\u0300 la pre\u0301sidentielle au Se\u0301ne\u0301gal a rejete\u0301 l'ide\u0301e de discuter a ...","breadcrumb":{"@id":"https:\/\/www.africa-press.net\/senegal\/politique\/dialogue-le-camp-de-diomaye-faye-oppose-une-fin-de-non-recevoir-a-macky-sall#breadcrumb"},"inLanguage":"fr-FR","potentialAction":[{"@type":"ReadAction","target":["https:\/\/www.africa-press.net\/senegal\/politique\/dialogue-le-camp-de-diomaye-faye-oppose-une-fin-de-non-recevoir-a-macky-sall"]}]},{"@type":"ImageObject","inLanguage":"fr-FR","@id":"https:\/\/www.africa-press.net\/senegal\/politique\/dialogue-le-camp-de-diomaye-faye-oppose-une-fin-de-non-recevoir-a-macky-sall#primaryimage","url":"https:\/\/static.africa-press.net\/senegal\/sites\/13\/2024\/02\/sm_1708798909.978474.jpg","contentUrl":"https:\/\/static.africa-press.net\/senegal\/sites\/13\/2024\/02\/sm_1708798909.978474.jpg","width":1300,"height":631,"caption":"Dialogue : le camp de Diomaye Faye oppose une fin de non-recevoir \u00e0 Macky Sall"},{"@type":"BreadcrumbList","@id":"https:\/\/www.africa-press.net\/senegal\/politique\/dialogue-le-camp-de-diomaye-faye-oppose-une-fin-de-non-recevoir-a-macky-sall#breadcrumb","itemListElement":[{"@type":"ListItem","position":1,"name":"Accueil","item":"https:\/\/www.africa-press.net\/senegal\/"},{"@type":"ListItem","position":2,"name":"Dialogue : le camp de Diomaye Faye oppose une fin de non-recevoir \u00e0 Macky Sall"}]},{"@type":"WebSite","@id":"https:\/\/www.africa-press.net\/senegal\/#website","url":"https:\/\/www.africa-press.net\/senegal\/","name":"Africa Press | Senegal | Homepage","description":"Just another Africa News Agency Sites site","potentialAction":[{"@type":"SearchAction","target":{"@type":"EntryPoint","urlTemplate":"https:\/\/www.africa-press.net\/senegal\/?s={search_term_string}"},"query-input":{"@type":"PropertyValueSpecification","valueRequired":true,"valueName":"search_term_string"}}],"inLanguage":"fr-FR"},{"@type":"Person","@id":"https:\/\/www.africa-press.net\/senegal\/#\/schema\/person\/2b1cf3cd81a31e3cd26889ca66d677f1","name":"cfeditorfr","url":"https:\/\/www.africa-press.net\/senegal\/author\/cfeditorfr"}]}},"_links":{"self":[{"href":"https:\/\/www.africa-press.net\/senegal\/wp-json\/wp\/v2\/posts\/56056","targetHints":{"allow":["GET"]}}],"collection":[{"href":"https:\/\/www.africa-press.net\/senegal\/wp-json\/wp\/v2\/posts"}],"about":[{"href":"https:\/\/www.africa-press.net\/senegal\/wp-json\/wp\/v2\/types\/post"}],"author":[{"embeddable":true,"href":"https:\/\/www.africa-press.net\/senegal\/wp-json\/wp\/v2\/users\/82"}],"replies":[{"embeddable":true,"href":"https:\/\/www.africa-press.net\/senegal\/wp-json\/wp\/v2\/comments?post=56056"}],"version-history":[{"count":0,"href":"https:\/\/www.africa-press.net\/senegal\/wp-json\/wp\/v2\/posts\/56056\/revisions"}],"wp:featuredmedia":[{"embeddable":true,"href":"https:\/\/www.africa-press.net\/senegal\/wp-json\/wp\/v2\/media\/56054"}],"wp:attachment":[{"href":"https:\/\/www.africa-press.net\/senegal\/wp-json\/wp\/v2\/media?parent=56056"}],"wp:term":[{"taxonomy":"category","embeddable":true,"href":"https:\/\/www.africa-press.net\/senegal\/wp-json\/wp\/v2\/categories?post=56056"},{"taxonomy":"post_tag","embeddable":true,"href":"https:\/\/www.africa-press.net\/senegal\/wp-json\/wp\/v2\/tags?post=56056"}],"curies":[{"name":"wp","href":"https:\/\/api.w.org\/{rel}","templated":true}]}}