{"id":56058,"date":"2024-02-24T21:29:29","date_gmt":"2024-02-24T21:29:29","guid":{"rendered":"https:\/\/www.africa-press.net\/senegal\/politique\/article-36-les-eclairages-du-pr-babacar-gueye"},"modified":"2024-02-24T22:53:38","modified_gmt":"2024-02-24T22:53:38","slug":"article-36-les-eclairages-du-pr-babacar-gueye","status":"publish","type":"post","link":"https:\/\/www.africa-press.net\/senegal\/dossiers\/article-36-les-eclairages-du-pr-babacar-gueye","title":{"rendered":"Article 36 : les \u00e9clairages du Pr Babacar Gu\u00e8ye"},"content":{"rendered":"<p><b> Seneweb-News<\/b><\/p>\n<p><span style=\"color: #ff6600\"><strong>Africa-Press &#8211; Senegal. <\/strong><\/span>Commentant la dernie\u0300re sortie du Pre\u0301sident Macky Sall, le professeur de droit constitutionnel Babacar Gue\u0300ye dit e\u0302tre reste\u0301 sur sa faim. En effet, attendu pour fixer la date de la Pre\u0301sidentielle avant le 2 avril, le chef de l\u2019E\u0301tat se\u0301ne\u0301galais maintient le suspense.<\/p>\n<p>Il estime que le dialogue convoque\u0301 lundi et mardi prochains devra trancher et proposer la date du scrutin. Faute de quoi, la patate chaude sera refile\u0301e au Conseil constitutionnel. Mais, a\u0300 l\u2019en croire, l\u2019e\u0301lection devra se tenir avant l\u2019hivernage.<\/p>\n<p>Mais, a\u0300 la question de savoir s\u2019il va de\u0301missionner apre\u0300s le 2 avril, Macky Sall s\u2019est voulu tre\u0300s clair: \u00ab Il ne peut pas y avoir de de\u0301mission de\u0300s lors que je vais jusqu\u2019au terme de ma mission. Maintenant, a\u0300 la fin de cette mission, c\u2019est ce que dit la Constitution dans son article aline\u0301a 2 \u2018\u2019Le pre\u0301sident de la Re\u0301publique en exercice reste en place jusqu\u2019a\u0300 l\u2019installation de son successeur\u2019\u2019. Mais, tout le monde n\u2019est pas d\u2019accord. \u00bb<\/p>\n<p>Selon le spe\u0301cialiste, repris par Vox Populi, l\u2019article 36 est \u00ab impertinente \u00bb dans ce cas de figure. \u00ab Si l\u2019e\u0301lection n\u2019est pas termine\u0301e, on n\u2019est pas dans cette situation pre\u0301vue a\u0300 cet article 36 \u00bb, justifie le fondateur du Collectif des organisations de la socie\u0301te\u0301 civile pour les e\u0301lections (COSCE).<\/p>\n<p>Sur la question, renseigne le journal, le professeur e\u0301met sur la me\u0302me longueur d\u2019ondes que son colle\u0300gue Kader Boye. Qui indique a\u0300 nos confre\u0300res de Sud fm que \u00ab l\u2019article 36 vise un cas tre\u0300s simple, qui est la normalite\u0301. C\u2019est au cas ou\u0300 il y a une e\u0301lection pre\u0301sidentielle et qu\u2019il y a un candidat e\u0301lu. Donc, si on e\u0301lit et que l\u2019e\u0301lu pre\u0302te serment, il est pre\u0301sident de la Re\u0301publique. Avant qu\u2019il ne pre\u0302tre serment, le pre\u0301sident sortant reste en fonction avant de lui donner les pouvoirs. C\u2019est tout ! Mais quand il n\u2019y a pas d\u2019e\u0301lection, cet article ne peut pas e\u0302tre invoque\u0301. \u00bb<\/p>\n<p>Face a\u0300 cette situation, Pr Kader Boye pre\u0301dit le pire: \u00ab S\u2019il (Macky Sall) ne tient pas l\u2019e\u0301lection pre\u0301sidentielle avant le 2 avril, il va installer le chaos. Ou il de\u0301missionne, ou bien il va dissoudre le Conseil constitutionnel. Celui-ci pourrait lui re\u0301torquer que vous n\u2019e\u0302tes plus pre\u0301sident. Le cas e\u0301che\u0301ant, il y a un conflit ouvert \u00bb.<\/p>\n<p>Moins alarmiste, Pr Babacar Gue\u0300ye invoque l\u2019article 39 qui pre\u0301voit \u00ab la supple\u0301ance en cas de vacance du pouvoir, par le pre\u0301sident de l\u2019Assemble\u0301e nationale, qui a entre 1 et 3 mois pour organiser une e\u0301lection. \u00bb<\/p>\n<p>Selon le journal, il reconnai\u0302t toutefois que \u00ab ce n\u2019est pas une affaire simple. C\u2019est complique\u0301. \u00bb C\u2019est pourquoi, Pr Babacar Gue\u0300ye pense que \u00ab le Pre\u0301sident semble s\u2019en laver les mains parce qu\u2019il ne veut plus prendre le risque \u00bb notamment celui \u00ab d\u2019e\u0302tre de\u0301savoue\u0301 \u00bb apre\u0300s l\u2019annulation de son de\u0301cret abrogeant la convocation du corps e\u0301lectoral pour le 25 fe\u0301vrier 2024, date initialement retenue pour la tenue de la Pre\u0301sidentielle avant le report au 15 de\u0301cembre prochain acte\u0301 par le Parlement.<\/p>\n<p><strong>Pour plus d&rsquo;informations et d&rsquo;analyses sur la <a href=\"https:\/\/www.africa-press.net\/senegal\">Senegal<\/a>, suivez <a href=\"https:\/\/www.africa-press.net\/\">Africa-Press<\/a><\/strong><\/p>\n","protected":false},"excerpt":{"rendered":"<p>Seneweb-News Africa-Press &#8211; Senegal. Commentant la dernie\u0300re sortie du Pre\u0301sident Macky Sall, le professeur de droit constitutionnel Babacar Gue\u0300ye dit e\u0302tre reste\u0301 sur sa faim. En effet, attendu pour fixer la date de la Pre\u0301sidentielle avant le 2 avril, le chef de l\u2019E\u0301tat se\u0301ne\u0301galais maintient le suspense. Il estime que le dialogue convoque\u0301 lundi et [&hellip;]<\/p>\n","protected":false},"author":82,"featured_media":56057,"comment_status":"open","ping_status":"closed","sticky":false,"template":"","format":"standard","meta":{"footnotes":""},"categories":[7,10],"tags":[43,47,44],"class_list":["post-56058","post","type-post","status-publish","format-standard","has-post-thumbnail","hentry","category-dossiers","category-toutes-les-actualites","tag-africa-press-2","tag-africa-press-senegal","tag-senegal-2"],"yoast_head":"<!-- This site is optimized with the Yoast SEO Premium plugin v26.1 (Yoast SEO v27.0) - https:\/\/yoast.com\/product\/yoast-seo-premium-wordpress\/ -->\n<title>Article 36 : les \u00e9clairages du Pr Babacar Gu\u00e8ye - Senegal<\/title>\n<meta name=\"description\" content=\"Commentant la dernie\u0300re sortie du Pre\u0301sident Macky Sall, le professeur de droit constitutionnel Babacar Gue\u0300ye dit e\u0302tre ...\" \/>\n<meta name=\"robots\" content=\"index, follow, max-snippet:-1, max-image-preview:large, max-video-preview:-1\" \/>\n<link rel=\"canonical\" href=\"https:\/\/www.africa-press.net\/senegal\/dossiers\/article-36-les-eclairages-du-pr-babacar-gueye\" \/>\n<meta property=\"og:locale\" content=\"fr_FR\" \/>\n<meta property=\"og:type\" content=\"article\" \/>\n<meta property=\"og:title\" content=\"Article 36 : les \u00e9clairages du Pr Babacar Gu\u00e8ye\" \/>\n<meta property=\"og:description\" content=\"Commentant la dernie\u0300re sortie du Pre\u0301sident Macky Sall, le professeur de droit constitutionnel Babacar Gue\u0300ye dit e\u0302tre ...\" \/>\n<meta property=\"og:url\" content=\"https:\/\/www.africa-press.net\/senegal\/dossiers\/article-36-les-eclairages-du-pr-babacar-gueye\" \/>\n<meta property=\"og:site_name\" content=\"Senegal\" \/>\n<meta property=\"article:published_time\" content=\"2024-02-24T21:29:29+00:00\" \/>\n<meta property=\"article:modified_time\" content=\"2024-02-24T22:53:38+00:00\" \/>\n<meta property=\"og:image\" content=\"https:\/\/static.africa-press.net\/senegal\/sites\/13\/2024\/02\/sm_1708798932.16413.jpg\" \/>\n\t<meta property=\"og:image:width\" content=\"1290\" \/>\n\t<meta property=\"og:image:height\" content=\"635\" \/>\n\t<meta property=\"og:image:type\" content=\"image\/jpeg\" \/>\n<meta name=\"author\" content=\"cfeditorfr\" \/>\n<meta name=\"twitter:card\" content=\"summary_large_image\" \/>\n<meta name=\"twitter:label1\" content=\"\u00c9crit par\" \/>\n\t<meta name=\"twitter:data1\" content=\"cfeditorfr\" \/>\n\t<meta name=\"twitter:label2\" content=\"Dur\u00e9e de lecture estim\u00e9e\" \/>\n\t<meta name=\"twitter:data2\" content=\"3 minutes\" \/>\n<script type=\"application\/ld+json\" class=\"yoast-schema-graph\">{\"@context\":\"https:\/\/schema.org\",\"@graph\":[{\"@type\":\"Article\",\"@id\":\"https:\/\/www.africa-press.net\/senegal\/dossiers\/article-36-les-eclairages-du-pr-babacar-gueye#article\",\"isPartOf\":{\"@id\":\"https:\/\/www.africa-press.net\/senegal\/dossiers\/article-36-les-eclairages-du-pr-babacar-gueye\"},\"author\":{\"name\":\"cfeditorfr\",\"@id\":\"https:\/\/www.africa-press.net\/senegal\/#\/schema\/person\/2b1cf3cd81a31e3cd26889ca66d677f1\"},\"headline\":\"Article 36 : les \u00e9clairages du Pr Babacar Gu\u00e8ye\",\"datePublished\":\"2024-02-24T21:29:29+00:00\",\"dateModified\":\"2024-02-24T22:53:38+00:00\",\"mainEntityOfPage\":{\"@id\":\"https:\/\/www.africa-press.net\/senegal\/dossiers\/article-36-les-eclairages-du-pr-babacar-gueye\"},\"wordCount\":593,\"commentCount\":0,\"image\":{\"@id\":\"https:\/\/www.africa-press.net\/senegal\/dossiers\/article-36-les-eclairages-du-pr-babacar-gueye#primaryimage\"},\"thumbnailUrl\":\"https:\/\/static.africa-press.net\/senegal\/sites\/13\/2024\/02\/sm_1708798932.16413.jpg\",\"keywords\":[\"Africa Press\",\"Africa Press-Senegal\",\"Senegal\"],\"articleSection\":[\"Dossiers\",\"Toutes les actualit\u00e9s\"],\"inLanguage\":\"fr-FR\",\"potentialAction\":[{\"@type\":\"CommentAction\",\"name\":\"Comment\",\"target\":[\"https:\/\/www.africa-press.net\/senegal\/dossiers\/article-36-les-eclairages-du-pr-babacar-gueye#respond\"]}]},{\"@type\":\"WebPage\",\"@id\":\"https:\/\/www.africa-press.net\/senegal\/dossiers\/article-36-les-eclairages-du-pr-babacar-gueye\",\"url\":\"https:\/\/www.africa-press.net\/senegal\/dossiers\/article-36-les-eclairages-du-pr-babacar-gueye\",\"name\":\"Article 36 : les \u00e9clairages du Pr Babacar Gu\u00e8ye - Senegal\",\"isPartOf\":{\"@id\":\"https:\/\/www.africa-press.net\/senegal\/#website\"},\"primaryImageOfPage\":{\"@id\":\"https:\/\/www.africa-press.net\/senegal\/dossiers\/article-36-les-eclairages-du-pr-babacar-gueye#primaryimage\"},\"image\":{\"@id\":\"https:\/\/www.africa-press.net\/senegal\/dossiers\/article-36-les-eclairages-du-pr-babacar-gueye#primaryimage\"},\"thumbnailUrl\":\"https:\/\/static.africa-press.net\/senegal\/sites\/13\/2024\/02\/sm_1708798932.16413.jpg\",\"datePublished\":\"2024-02-24T21:29:29+00:00\",\"dateModified\":\"2024-02-24T22:53:38+00:00\",\"author\":{\"@id\":\"https:\/\/www.africa-press.net\/senegal\/#\/schema\/person\/2b1cf3cd81a31e3cd26889ca66d677f1\"},\"description\":\"Commentant la dernie\u0300re sortie du Pre\u0301sident Macky Sall, le professeur de droit constitutionnel Babacar Gue\u0300ye dit e\u0302tre ...\",\"breadcrumb\":{\"@id\":\"https:\/\/www.africa-press.net\/senegal\/dossiers\/article-36-les-eclairages-du-pr-babacar-gueye#breadcrumb\"},\"inLanguage\":\"fr-FR\",\"potentialAction\":[{\"@type\":\"ReadAction\",\"target\":[\"https:\/\/www.africa-press.net\/senegal\/dossiers\/article-36-les-eclairages-du-pr-babacar-gueye\"]}]},{\"@type\":\"ImageObject\",\"inLanguage\":\"fr-FR\",\"@id\":\"https:\/\/www.africa-press.net\/senegal\/dossiers\/article-36-les-eclairages-du-pr-babacar-gueye#primaryimage\",\"url\":\"https:\/\/static.africa-press.net\/senegal\/sites\/13\/2024\/02\/sm_1708798932.16413.jpg\",\"contentUrl\":\"https:\/\/static.africa-press.net\/senegal\/sites\/13\/2024\/02\/sm_1708798932.16413.jpg\",\"width\":1290,\"height\":635,\"caption\":\"Article 36 : les \u00e9clairages du Pr Babacar Gu\u00e8ye\"},{\"@type\":\"BreadcrumbList\",\"@id\":\"https:\/\/www.africa-press.net\/senegal\/dossiers\/article-36-les-eclairages-du-pr-babacar-gueye#breadcrumb\",\"itemListElement\":[{\"@type\":\"ListItem\",\"position\":1,\"name\":\"Accueil\",\"item\":\"https:\/\/www.africa-press.net\/senegal\/\"},{\"@type\":\"ListItem\",\"position\":2,\"name\":\"Article 36 : les \u00e9clairages du Pr Babacar Gu\u00e8ye\"}]},{\"@type\":\"WebSite\",\"@id\":\"https:\/\/www.africa-press.net\/senegal\/#website\",\"url\":\"https:\/\/www.africa-press.net\/senegal\/\",\"name\":\"Africa Press | Senegal | Homepage\",\"description\":\"Just another Africa News Agency Sites site\",\"potentialAction\":[{\"@type\":\"SearchAction\",\"target\":{\"@type\":\"EntryPoint\",\"urlTemplate\":\"https:\/\/www.africa-press.net\/senegal\/?s={search_term_string}\"},\"query-input\":{\"@type\":\"PropertyValueSpecification\",\"valueRequired\":true,\"valueName\":\"search_term_string\"}}],\"inLanguage\":\"fr-FR\"},{\"@type\":\"Person\",\"@id\":\"https:\/\/www.africa-press.net\/senegal\/#\/schema\/person\/2b1cf3cd81a31e3cd26889ca66d677f1\",\"name\":\"cfeditorfr\",\"url\":\"https:\/\/www.africa-press.net\/senegal\/author\/cfeditorfr\"}]}<\/script>\n<!-- \/ Yoast SEO Premium plugin. -->","yoast_head_json":{"title":"Article 36 : les \u00e9clairages du Pr Babacar Gu\u00e8ye - Senegal","description":"Commentant la dernie\u0300re sortie du Pre\u0301sident Macky Sall, le professeur de droit constitutionnel Babacar Gue\u0300ye dit e\u0302tre ...","robots":{"index":"index","follow":"follow","max-snippet":"max-snippet:-1","max-image-preview":"max-image-preview:large","max-video-preview":"max-video-preview:-1"},"canonical":"https:\/\/www.africa-press.net\/senegal\/dossiers\/article-36-les-eclairages-du-pr-babacar-gueye","og_locale":"fr_FR","og_type":"article","og_title":"Article 36 : les \u00e9clairages du Pr Babacar Gu\u00e8ye","og_description":"Commentant la dernie\u0300re sortie du Pre\u0301sident Macky Sall, le professeur de droit constitutionnel Babacar Gue\u0300ye dit e\u0302tre ...","og_url":"https:\/\/www.africa-press.net\/senegal\/dossiers\/article-36-les-eclairages-du-pr-babacar-gueye","og_site_name":"Senegal","article_published_time":"2024-02-24T21:29:29+00:00","article_modified_time":"2024-02-24T22:53:38+00:00","og_image":[{"width":1290,"height":635,"url":"https:\/\/static.africa-press.net\/senegal\/sites\/13\/2024\/02\/sm_1708798932.16413.jpg","type":"image\/jpeg"}],"author":"cfeditorfr","twitter_card":"summary_large_image","twitter_misc":{"\u00c9crit par":"cfeditorfr","Dur\u00e9e de lecture estim\u00e9e":"3 minutes"},"schema":{"@context":"https:\/\/schema.org","@graph":[{"@type":"Article","@id":"https:\/\/www.africa-press.net\/senegal\/dossiers\/article-36-les-eclairages-du-pr-babacar-gueye#article","isPartOf":{"@id":"https:\/\/www.africa-press.net\/senegal\/dossiers\/article-36-les-eclairages-du-pr-babacar-gueye"},"author":{"name":"cfeditorfr","@id":"https:\/\/www.africa-press.net\/senegal\/#\/schema\/person\/2b1cf3cd81a31e3cd26889ca66d677f1"},"headline":"Article 36 : les \u00e9clairages du Pr Babacar Gu\u00e8ye","datePublished":"2024-02-24T21:29:29+00:00","dateModified":"2024-02-24T22:53:38+00:00","mainEntityOfPage":{"@id":"https:\/\/www.africa-press.net\/senegal\/dossiers\/article-36-les-eclairages-du-pr-babacar-gueye"},"wordCount":593,"commentCount":0,"image":{"@id":"https:\/\/www.africa-press.net\/senegal\/dossiers\/article-36-les-eclairages-du-pr-babacar-gueye#primaryimage"},"thumbnailUrl":"https:\/\/static.africa-press.net\/senegal\/sites\/13\/2024\/02\/sm_1708798932.16413.jpg","keywords":["Africa Press","Africa Press-Senegal","Senegal"],"articleSection":["Dossiers","Toutes les actualit\u00e9s"],"inLanguage":"fr-FR","potentialAction":[{"@type":"CommentAction","name":"Comment","target":["https:\/\/www.africa-press.net\/senegal\/dossiers\/article-36-les-eclairages-du-pr-babacar-gueye#respond"]}]},{"@type":"WebPage","@id":"https:\/\/www.africa-press.net\/senegal\/dossiers\/article-36-les-eclairages-du-pr-babacar-gueye","url":"https:\/\/www.africa-press.net\/senegal\/dossiers\/article-36-les-eclairages-du-pr-babacar-gueye","name":"Article 36 : les \u00e9clairages du Pr Babacar Gu\u00e8ye - Senegal","isPartOf":{"@id":"https:\/\/www.africa-press.net\/senegal\/#website"},"primaryImageOfPage":{"@id":"https:\/\/www.africa-press.net\/senegal\/dossiers\/article-36-les-eclairages-du-pr-babacar-gueye#primaryimage"},"image":{"@id":"https:\/\/www.africa-press.net\/senegal\/dossiers\/article-36-les-eclairages-du-pr-babacar-gueye#primaryimage"},"thumbnailUrl":"https:\/\/static.africa-press.net\/senegal\/sites\/13\/2024\/02\/sm_1708798932.16413.jpg","datePublished":"2024-02-24T21:29:29+00:00","dateModified":"2024-02-24T22:53:38+00:00","author":{"@id":"https:\/\/www.africa-press.net\/senegal\/#\/schema\/person\/2b1cf3cd81a31e3cd26889ca66d677f1"},"description":"Commentant la dernie\u0300re sortie du Pre\u0301sident Macky Sall, le professeur de droit constitutionnel Babacar Gue\u0300ye dit e\u0302tre ...","breadcrumb":{"@id":"https:\/\/www.africa-press.net\/senegal\/dossiers\/article-36-les-eclairages-du-pr-babacar-gueye#breadcrumb"},"inLanguage":"fr-FR","potentialAction":[{"@type":"ReadAction","target":["https:\/\/www.africa-press.net\/senegal\/dossiers\/article-36-les-eclairages-du-pr-babacar-gueye"]}]},{"@type":"ImageObject","inLanguage":"fr-FR","@id":"https:\/\/www.africa-press.net\/senegal\/dossiers\/article-36-les-eclairages-du-pr-babacar-gueye#primaryimage","url":"https:\/\/static.africa-press.net\/senegal\/sites\/13\/2024\/02\/sm_1708798932.16413.jpg","contentUrl":"https:\/\/static.africa-press.net\/senegal\/sites\/13\/2024\/02\/sm_1708798932.16413.jpg","width":1290,"height":635,"caption":"Article 36 : les \u00e9clairages du Pr Babacar Gu\u00e8ye"},{"@type":"BreadcrumbList","@id":"https:\/\/www.africa-press.net\/senegal\/dossiers\/article-36-les-eclairages-du-pr-babacar-gueye#breadcrumb","itemListElement":[{"@type":"ListItem","position":1,"name":"Accueil","item":"https:\/\/www.africa-press.net\/senegal\/"},{"@type":"ListItem","position":2,"name":"Article 36 : les \u00e9clairages du Pr Babacar Gu\u00e8ye"}]},{"@type":"WebSite","@id":"https:\/\/www.africa-press.net\/senegal\/#website","url":"https:\/\/www.africa-press.net\/senegal\/","name":"Africa Press | Senegal | Homepage","description":"Just another Africa News Agency Sites site","potentialAction":[{"@type":"SearchAction","target":{"@type":"EntryPoint","urlTemplate":"https:\/\/www.africa-press.net\/senegal\/?s={search_term_string}"},"query-input":{"@type":"PropertyValueSpecification","valueRequired":true,"valueName":"search_term_string"}}],"inLanguage":"fr-FR"},{"@type":"Person","@id":"https:\/\/www.africa-press.net\/senegal\/#\/schema\/person\/2b1cf3cd81a31e3cd26889ca66d677f1","name":"cfeditorfr","url":"https:\/\/www.africa-press.net\/senegal\/author\/cfeditorfr"}]}},"_links":{"self":[{"href":"https:\/\/www.africa-press.net\/senegal\/wp-json\/wp\/v2\/posts\/56058","targetHints":{"allow":["GET"]}}],"collection":[{"href":"https:\/\/www.africa-press.net\/senegal\/wp-json\/wp\/v2\/posts"}],"about":[{"href":"https:\/\/www.africa-press.net\/senegal\/wp-json\/wp\/v2\/types\/post"}],"author":[{"embeddable":true,"href":"https:\/\/www.africa-press.net\/senegal\/wp-json\/wp\/v2\/users\/82"}],"replies":[{"embeddable":true,"href":"https:\/\/www.africa-press.net\/senegal\/wp-json\/wp\/v2\/comments?post=56058"}],"version-history":[{"count":0,"href":"https:\/\/www.africa-press.net\/senegal\/wp-json\/wp\/v2\/posts\/56058\/revisions"}],"wp:featuredmedia":[{"embeddable":true,"href":"https:\/\/www.africa-press.net\/senegal\/wp-json\/wp\/v2\/media\/56057"}],"wp:attachment":[{"href":"https:\/\/www.africa-press.net\/senegal\/wp-json\/wp\/v2\/media?parent=56058"}],"wp:term":[{"taxonomy":"category","embeddable":true,"href":"https:\/\/www.africa-press.net\/senegal\/wp-json\/wp\/v2\/categories?post=56058"},{"taxonomy":"post_tag","embeddable":true,"href":"https:\/\/www.africa-press.net\/senegal\/wp-json\/wp\/v2\/tags?post=56058"}],"curies":[{"name":"wp","href":"https:\/\/api.w.org\/{rel}","templated":true}]}}